{"id":7988,"date":"2023-01-17T11:57:20","date_gmt":"2023-01-17T14:57:20","guid":{"rendered":"https:\/\/portalmf.com.br\/?p=7988"},"modified":"2023-01-17T11:57:21","modified_gmt":"2023-01-17T14:57:21","slug":"nao-saio-da-politica-de-jeito-nenhum-diz-acm-neto-sobre-futuro","status":"publish","type":"post","link":"https:\/\/portalmf.com.br\/index.php\/2023\/01\/17\/nao-saio-da-politica-de-jeito-nenhum-diz-acm-neto-sobre-futuro\/","title":{"rendered":"&#8220;N\u00e3o saio da pol\u00edtica de jeito nenhum&#8221;, diz ACM Neto sobre futuro"},"content":{"rendered":"\n<p>O ex-prefeito de Salvador e secret\u00e1rio-geral do Uni\u00e3o Brasil Nacional, ACM Neto, garantiu que vai continuar atuando na pol\u00edtica brasileira, e contou que pretende assumir projetos focados no desenvolvimento de novas lideran\u00e7as junto ao \u00cdndigo &#8211; bra\u00e7o de forma\u00e7\u00e3o pol\u00edtica do partido. &#8220;A funda\u00e7\u00e3o ajuda a pensar o ide\u00e1rio do partido e pode ter interface com outras institui\u00e7\u00f5es n\u00e3o governamentais&#8221;, detalhou.<\/p>\n\n\n\n<p>ACM Neto esclareceu que, na funda\u00e7\u00e3o \u00cdndigo, poder\u00e1 contribuir com o trabalho executivo do \u00f3rg\u00e3o de forma\u00e7\u00e3o pol\u00edtica. &#8220;\u00c9 muito prov\u00e1vel que uma das minhas atividades seja essa. E eu vou trabalhar com uma coisa que eu gosto muito, que \u00e9 pensar no pa\u00eds. Pensar sobre a agenda presente e pensar sobre projetos futuros&#8221;, disse durante a entrevista.<\/p>\n\n\n\n<p>O secret\u00e1rio-geral afirmou que \u00e9 necess\u00e1rio buscar uma reflex\u00e3o profunda sobre a realidade do Brasil a fim de tra\u00e7ar novas solu\u00e7\u00f5es para os problemas vividos pela popula\u00e7\u00e3o. Neto explicou que o projeto prev\u00ea a promo\u00e7\u00e3o de eventos para discutir, por exemplo, fatores essenciais para fomentar a economia brasileira, a\u00e7\u00f5es capazes de garantir uma educa\u00e7\u00e3o de qualidade e estrat\u00e9gias para ampliar o acesso da popula\u00e7\u00e3o \u00e0 sa\u00fade p\u00fablica.<\/p>\n\n\n\n<p><em>&#8220;Muitas vezes, os partidos cuidam do dia a dia. Se preocupam em montar chapa, fazer candidato, mas nem sempre fazem uma reflex\u00e3o profunda sobre a realidade do Brasil&#8221;, ponderou. &#8220;Esse \u00e9 um diferencial que a gente pode e est\u00e1 disposto a contribuir&#8221;<\/em>, acrescentou Neto.<\/p>\n\n\n\n<p>Passado o processo eleitoral de 2022, Neto explicou que est\u00e1 analisando, inclusive, possibilidades de atua\u00e7\u00e3o no \u00e2mbito do setor privado. Mas garantiu que n\u00e3o sair\u00e1 da vida p\u00fablica. <em>&#8220;Comecei a analisar novos projetos e pensar em novas atividades para minha vida. Eu fiz uma op\u00e7\u00e3o, ainda muito novo, quando decidi entrar na pol\u00edtica e mergulhar de cabe\u00e7a. De l\u00e1, para c\u00e1, foram tr\u00eas mandatos de deputado federal, e dois mandatos de prefeito&#8221;,<\/em> avaliou.<\/p>\n\n\n\n<p><em>&#8220;E quando eu deixei a prefeitura, no dia seguinte eu j\u00e1 estava trabalhando no projeto para candidatura ao Governo do Estado. Ent\u00e3o, nesse momento, \u00e9 claro que minha vida passa por algumas mudan\u00e7as. Eu vou dedicar uma parte do meu tempo a alguns projetos privados, coisa que at\u00e9 ent\u00e3o n\u00e3o havia feito, mas a pol\u00edtica est\u00e1 dentro de mim. \u00c9 o que eu gosto de fazer e n\u00e3o pretendo sair dela de jeito nenhum&#8221;,<\/em> pontuou o ex-prefeito da capital baiana.<\/p>\n\n\n\n<p>Na conversa com os jornalistas Chico K\u00e9rtesz, Victor Pinto e Rodrigo Daniel Silva, o ex-prefeito ACM Neto tamb\u00e9m destacou a possibilidade de estruturar um projeto de comunica\u00e7\u00e3o para falar sobre assuntos diversos.<\/p>\n\n\n\n<p><em>&#8220;As pessoas j\u00e1 se acostumaram muito em me ouvir falar de pol\u00edtica. Mas, \u00e0s vezes, tem que saber falar de v\u00e1rias coisas na vida, como cultura, hist\u00f3ria, agenda Bahia, agenda Brasil&#8221;, adiantou. &#8220;Ainda n\u00e3o temos data de lan\u00e7amento, mas \u00e9 algo que est\u00e1 sendo discutido&#8221;<\/em>, finalizou.<\/p>\n","protected":false},"excerpt":{"rendered":"<p>O ex-prefeito de Salvador e secret\u00e1rio-geral do Uni\u00e3o Brasil Nacional, ACM Neto, garantiu que vai continuar atuando na pol\u00edtica brasileira, e contou que pretende assumir projetos focados no desenvolvimento de novas lideran\u00e7as junto ao \u00cdndigo &#8211; bra\u00e7o de forma\u00e7\u00e3o pol\u00edtica do partido. &#8220;A funda\u00e7\u00e3o ajuda a pensar o ide\u00e1rio do partido e pode ter interface [&hellip;]<\/p>\n","protected":false},"author":3,"featured_media":7989,"comment_status":"open","ping_status":"open","sticky":false,"template":"","format":"standard","meta":{"_monsterinsights_skip_tracking":false,"_monsterinsights_sitenote_active":false,"_monsterinsights_sitenote_note":"","_monsterinsights_sitenote_category":0,"footnotes":""},"categories":[34],"tags":[],"yoast_head":"<!-- This site is optimized with the Yoast SEO plugin v22.9 - https:\/\/yoast.com\/wordpress\/plugins\/seo\/ -->\n<title>&quot;N\u00e3o saio da pol\u00edtica de jeito nenhum&quot;, diz ACM Neto sobre futuro - Portal MF<\/title>\n<meta name=\"robots\" content=\"index, follow, max-snippet:-1, max-image-preview:large, max-video-preview:-1\" \/>\n<link rel=\"canonical\" href=\"https:\/\/portalmf.com.br\/index.php\/2023\/01\/17\/nao-saio-da-politica-de-jeito-nenhum-diz-acm-neto-sobre-futuro\/\" \/>\n<meta property=\"og:locale\" content=\"pt_BR\" \/>\n<meta property=\"og:type\" content=\"article\" \/>\n<meta property=\"og:title\" content=\"&quot;N\u00e3o saio da pol\u00edtica de jeito nenhum&quot;, diz ACM Neto sobre futuro - Portal MF\" \/>\n<meta property=\"og:description\" content=\"O ex-prefeito de Salvador e secret\u00e1rio-geral do Uni\u00e3o Brasil Nacional, ACM Neto, garantiu que vai continuar atuando na pol\u00edtica brasileira, e contou que pretende assumir projetos focados no desenvolvimento de novas lideran\u00e7as junto ao \u00cdndigo &#8211; bra\u00e7o de forma\u00e7\u00e3o pol\u00edtica do partido. &#8220;A funda\u00e7\u00e3o ajuda a pensar o ide\u00e1rio do partido e pode ter interface [&hellip;]\" \/>\n<meta property=\"og:url\" content=\"https:\/\/portalmf.com.br\/index.php\/2023\/01\/17\/nao-saio-da-politica-de-jeito-nenhum-diz-acm-neto-sobre-futuro\/\" \/>\n<meta property=\"og:site_name\" content=\"Portal MF\" \/>\n<meta property=\"article:author\" content=\"https:\/\/www.facebook.com\/portalmfoficial\" \/>\n<meta property=\"article:published_time\" content=\"2023-01-17T14:57:20+00:00\" \/>\n<meta property=\"article:modified_time\" content=\"2023-01-17T14:57:21+00:00\" \/>\n<meta property=\"og:image\" content=\"https:\/\/portalmf.com.br\/wp-content\/uploads\/2023\/01\/ACM-NETO-Metro-pod.jpeg\" \/>\n\t<meta property=\"og:image:width\" content=\"1529\" \/>\n\t<meta property=\"og:image:height\" content=\"1147\" \/>\n\t<meta property=\"og:image:type\" content=\"image\/jpeg\" \/>\n<meta name=\"author\" content=\"Reda\u00e7\u00e3o Portal MF\" \/>\n<meta name=\"twitter:card\" content=\"summary_large_image\" \/>\n<meta name=\"twitter:creator\" content=\"@https:\/\/x.com\/portalmfoficial\" \/>\n<meta name=\"twitter:label1\" content=\"Escrito por\" \/>\n\t<meta name=\"twitter:data1\" content=\"Reda\u00e7\u00e3o Portal MF\" \/>\n\t<meta name=\"twitter:label2\" content=\"Est. tempo de leitura\" \/>\n\t<meta name=\"twitter:data2\" content=\"3 minutos\" \/>\n<script type=\"application\/ld+json\" class=\"yoast-schema-graph\">{\"@context\":\"https:\/\/schema.org\",\"@graph\":[{\"@type\":\"WebPage\",\"@id\":\"https:\/\/portalmf.com.br\/index.php\/2023\/01\/17\/nao-saio-da-politica-de-jeito-nenhum-diz-acm-neto-sobre-futuro\/\",\"url\":\"https:\/\/portalmf.com.br\/index.php\/2023\/01\/17\/nao-saio-da-politica-de-jeito-nenhum-diz-acm-neto-sobre-futuro\/\",\"name\":\"\\\"N\u00e3o saio da pol\u00edtica de jeito nenhum\\\", diz ACM Neto sobre futuro - Portal MF\",\"isPartOf\":{\"@id\":\"https:\/\/portalmf.com.br\/#website\"},\"primaryImageOfPage\":{\"@id\":\"https:\/\/portalmf.com.br\/index.php\/2023\/01\/17\/nao-saio-da-politica-de-jeito-nenhum-diz-acm-neto-sobre-futuro\/#primaryimage\"},\"image\":{\"@id\":\"https:\/\/portalmf.com.br\/index.php\/2023\/01\/17\/nao-saio-da-politica-de-jeito-nenhum-diz-acm-neto-sobre-futuro\/#primaryimage\"},\"thumbnailUrl\":\"https:\/\/portalmf.com.br\/wp-content\/uploads\/2023\/01\/ACM-NETO-Metro-pod.jpeg\",\"datePublished\":\"2023-01-17T14:57:20+00:00\",\"dateModified\":\"2023-01-17T14:57:21+00:00\",\"author\":{\"@id\":\"https:\/\/portalmf.com.br\/#\/schema\/person\/9ec101baf56233e53520c26de5d6f6f0\"},\"breadcrumb\":{\"@id\":\"https:\/\/portalmf.com.br\/index.php\/2023\/01\/17\/nao-saio-da-politica-de-jeito-nenhum-diz-acm-neto-sobre-futuro\/#breadcrumb\"},\"inLanguage\":\"pt-BR\",\"potentialAction\":[{\"@type\":\"ReadAction\",\"target\":[\"https:\/\/portalmf.com.br\/index.php\/2023\/01\/17\/nao-saio-da-politica-de-jeito-nenhum-diz-acm-neto-sobre-futuro\/\"]}]},{\"@type\":\"ImageObject\",\"inLanguage\":\"pt-BR\",\"@id\":\"https:\/\/portalmf.com.br\/index.php\/2023\/01\/17\/nao-saio-da-politica-de-jeito-nenhum-diz-acm-neto-sobre-futuro\/#primaryimage\",\"url\":\"https:\/\/portalmf.com.br\/wp-content\/uploads\/2023\/01\/ACM-NETO-Metro-pod.jpeg\",\"contentUrl\":\"https:\/\/portalmf.com.br\/wp-content\/uploads\/2023\/01\/ACM-NETO-Metro-pod.jpeg\",\"width\":1529,\"height\":1147},{\"@type\":\"BreadcrumbList\",\"@id\":\"https:\/\/portalmf.com.br\/index.php\/2023\/01\/17\/nao-saio-da-politica-de-jeito-nenhum-diz-acm-neto-sobre-futuro\/#breadcrumb\",\"itemListElement\":[{\"@type\":\"ListItem\",\"position\":1,\"name\":\"In\u00edcio\",\"item\":\"https:\/\/portalmf.com.br\/\"},{\"@type\":\"ListItem\",\"position\":2,\"name\":\"&#8220;N\u00e3o saio da pol\u00edtica de jeito nenhum&#8221;, diz ACM Neto sobre futuro\"}]},{\"@type\":\"WebSite\",\"@id\":\"https:\/\/portalmf.com.br\/#website\",\"url\":\"https:\/\/portalmf.com.br\/\",\"name\":\"Portal MF\",\"description\":\"Voc\u00ea conectado com a informa\u00e7\u00e3o\",\"potentialAction\":[{\"@type\":\"SearchAction\",\"target\":{\"@type\":\"EntryPoint\",\"urlTemplate\":\"https:\/\/portalmf.com.br\/?s={search_term_string}\"},\"query-input\":\"required name=search_term_string\"}],\"inLanguage\":\"pt-BR\"},{\"@type\":\"Person\",\"@id\":\"https:\/\/portalmf.com.br\/#\/schema\/person\/9ec101baf56233e53520c26de5d6f6f0\",\"name\":\"Reda\u00e7\u00e3o Portal MF\",\"image\":{\"@type\":\"ImageObject\",\"inLanguage\":\"pt-BR\",\"@id\":\"https:\/\/portalmf.com.br\/#\/schema\/person\/image\/\",\"url\":\"https:\/\/secure.gravatar.com\/avatar\/41b9aaeb2100835f7c64362330f74c7f?s=96&d=mm&r=g\",\"contentUrl\":\"https:\/\/secure.gravatar.com\/avatar\/41b9aaeb2100835f7c64362330f74c7f?s=96&d=mm&r=g\",\"caption\":\"Reda\u00e7\u00e3o Portal MF\"},\"description\":\"Sejam bem-vindos o portal de informa\u00e7\u00f5es de entretenimento de Feira de Santana, desde 2006 realiza coberturas dos principais eventos com entrevistas exclusivas com as principais personalidades mundiais. Fique conectado tamb\u00e9m nas redes sociais.\",\"sameAs\":[\"http:\/\/www.portalmf.com.br\/\",\"https:\/\/www.facebook.com\/portalmfoficial\",\"https:\/\/www.instagram.com\/portalmf\/\",\"https:\/\/x.com\/https:\/\/x.com\/portalmfoficial\",\"https:\/\/www.youtube.com\/@portalmfoficial\"],\"url\":\"https:\/\/portalmf.com.br\/index.php\/author\/junior\/\"}]}<\/script>\n<!-- \/ Yoast SEO plugin. -->","yoast_head_json":{"title":"\"N\u00e3o saio da pol\u00edtica de jeito nenhum\", diz ACM Neto sobre futuro - Portal MF","robots":{"index":"index","follow":"follow","max-snippet":"max-snippet:-1","max-image-preview":"max-image-preview:large","max-video-preview":"max-video-preview:-1"},"canonical":"https:\/\/portalmf.com.br\/index.php\/2023\/01\/17\/nao-saio-da-politica-de-jeito-nenhum-diz-acm-neto-sobre-futuro\/","og_locale":"pt_BR","og_type":"article","og_title":"\"N\u00e3o saio da pol\u00edtica de jeito nenhum\", diz ACM Neto sobre futuro - Portal MF","og_description":"O ex-prefeito de Salvador e secret\u00e1rio-geral do Uni\u00e3o Brasil Nacional, ACM Neto, garantiu que vai continuar atuando na pol\u00edtica brasileira, e contou que pretende assumir projetos focados no desenvolvimento de novas lideran\u00e7as junto ao \u00cdndigo &#8211; bra\u00e7o de forma\u00e7\u00e3o pol\u00edtica do partido. &#8220;A funda\u00e7\u00e3o ajuda a pensar o ide\u00e1rio do partido e pode ter interface [&hellip;]","og_url":"https:\/\/portalmf.com.br\/index.php\/2023\/01\/17\/nao-saio-da-politica-de-jeito-nenhum-diz-acm-neto-sobre-futuro\/","og_site_name":"Portal MF","article_author":"https:\/\/www.facebook.com\/portalmfoficial","article_published_time":"2023-01-17T14:57:20+00:00","article_modified_time":"2023-01-17T14:57:21+00:00","og_image":[{"width":1529,"height":1147,"url":"https:\/\/portalmf.com.br\/wp-content\/uploads\/2023\/01\/ACM-NETO-Metro-pod.jpeg","type":"image\/jpeg"}],"author":"Reda\u00e7\u00e3o Portal MF","twitter_card":"summary_large_image","twitter_creator":"@https:\/\/x.com\/portalmfoficial","twitter_misc":{"Escrito por":"Reda\u00e7\u00e3o Portal MF","Est. tempo de leitura":"3 minutos"},"schema":{"@context":"https:\/\/schema.org","@graph":[{"@type":"WebPage","@id":"https:\/\/portalmf.com.br\/index.php\/2023\/01\/17\/nao-saio-da-politica-de-jeito-nenhum-diz-acm-neto-sobre-futuro\/","url":"https:\/\/portalmf.com.br\/index.php\/2023\/01\/17\/nao-saio-da-politica-de-jeito-nenhum-diz-acm-neto-sobre-futuro\/","name":"\"N\u00e3o saio da pol\u00edtica de jeito nenhum\", diz ACM Neto sobre futuro - Portal MF","isPartOf":{"@id":"https:\/\/portalmf.com.br\/#website"},"primaryImageOfPage":{"@id":"https:\/\/portalmf.com.br\/index.php\/2023\/01\/17\/nao-saio-da-politica-de-jeito-nenhum-diz-acm-neto-sobre-futuro\/#primaryimage"},"image":{"@id":"https:\/\/portalmf.com.br\/index.php\/2023\/01\/17\/nao-saio-da-politica-de-jeito-nenhum-diz-acm-neto-sobre-futuro\/#primaryimage"},"thumbnailUrl":"https:\/\/portalmf.com.br\/wp-content\/uploads\/2023\/01\/ACM-NETO-Metro-pod.jpeg","datePublished":"2023-01-17T14:57:20+00:00","dateModified":"2023-01-17T14:57:21+00:00","author":{"@id":"https:\/\/portalmf.com.br\/#\/schema\/person\/9ec101baf56233e53520c26de5d6f6f0"},"breadcrumb":{"@id":"https:\/\/portalmf.com.br\/index.php\/2023\/01\/17\/nao-saio-da-politica-de-jeito-nenhum-diz-acm-neto-sobre-futuro\/#breadcrumb"},"inLanguage":"pt-BR","potentialAction":[{"@type":"ReadAction","target":["https:\/\/portalmf.com.br\/index.php\/2023\/01\/17\/nao-saio-da-politica-de-jeito-nenhum-diz-acm-neto-sobre-futuro\/"]}]},{"@type":"ImageObject","inLanguage":"pt-BR","@id":"https:\/\/portalmf.com.br\/index.php\/2023\/01\/17\/nao-saio-da-politica-de-jeito-nenhum-diz-acm-neto-sobre-futuro\/#primaryimage","url":"https:\/\/portalmf.com.br\/wp-content\/uploads\/2023\/01\/ACM-NETO-Metro-pod.jpeg","contentUrl":"https:\/\/portalmf.com.br\/wp-content\/uploads\/2023\/01\/ACM-NETO-Metro-pod.jpeg","width":1529,"height":1147},{"@type":"BreadcrumbList","@id":"https:\/\/portalmf.com.br\/index.php\/2023\/01\/17\/nao-saio-da-politica-de-jeito-nenhum-diz-acm-neto-sobre-futuro\/#breadcrumb","itemListElement":[{"@type":"ListItem","position":1,"name":"In\u00edcio","item":"https:\/\/portalmf.com.br\/"},{"@type":"ListItem","position":2,"name":"&#8220;N\u00e3o saio da pol\u00edtica de jeito nenhum&#8221;, diz ACM Neto sobre futuro"}]},{"@type":"WebSite","@id":"https:\/\/portalmf.com.br\/#website","url":"https:\/\/portalmf.com.br\/","name":"Portal MF","description":"Voc\u00ea conectado com a informa\u00e7\u00e3o","potentialAction":[{"@type":"SearchAction","target":{"@type":"EntryPoint","urlTemplate":"https:\/\/portalmf.com.br\/?s={search_term_string}"},"query-input":"required name=search_term_string"}],"inLanguage":"pt-BR"},{"@type":"Person","@id":"https:\/\/portalmf.com.br\/#\/schema\/person\/9ec101baf56233e53520c26de5d6f6f0","name":"Reda\u00e7\u00e3o Portal MF","image":{"@type":"ImageObject","inLanguage":"pt-BR","@id":"https:\/\/portalmf.com.br\/#\/schema\/person\/image\/","url":"https:\/\/secure.gravatar.com\/avatar\/41b9aaeb2100835f7c64362330f74c7f?s=96&d=mm&r=g","contentUrl":"https:\/\/secure.gravatar.com\/avatar\/41b9aaeb2100835f7c64362330f74c7f?s=96&d=mm&r=g","caption":"Reda\u00e7\u00e3o Portal MF"},"description":"Sejam bem-vindos o portal de informa\u00e7\u00f5es de entretenimento de Feira de Santana, desde 2006 realiza coberturas dos principais eventos com entrevistas exclusivas com as principais personalidades mundiais. Fique conectado tamb\u00e9m nas redes sociais.","sameAs":["http:\/\/www.portalmf.com.br\/","https:\/\/www.facebook.com\/portalmfoficial","https:\/\/www.instagram.com\/portalmf\/","https:\/\/x.com\/https:\/\/x.com\/portalmfoficial","https:\/\/www.youtube.com\/@portalmfoficial"],"url":"https:\/\/portalmf.com.br\/index.php\/author\/junior\/"}]}},"_links":{"self":[{"href":"https:\/\/portalmf.com.br\/index.php\/wp-json\/wp\/v2\/posts\/7988"}],"collection":[{"href":"https:\/\/portalmf.com.br\/index.php\/wp-json\/wp\/v2\/posts"}],"about":[{"href":"https:\/\/portalmf.com.br\/index.php\/wp-json\/wp\/v2\/types\/post"}],"author":[{"embeddable":true,"href":"https:\/\/portalmf.com.br\/index.php\/wp-json\/wp\/v2\/users\/3"}],"replies":[{"embeddable":true,"href":"https:\/\/portalmf.com.br\/index.php\/wp-json\/wp\/v2\/comments?post=7988"}],"version-history":[{"count":1,"href":"https:\/\/portalmf.com.br\/index.php\/wp-json\/wp\/v2\/posts\/7988\/revisions"}],"predecessor-version":[{"id":7990,"href":"https:\/\/portalmf.com.br\/index.php\/wp-json\/wp\/v2\/posts\/7988\/revisions\/7990"}],"wp:featuredmedia":[{"embeddable":true,"href":"https:\/\/portalmf.com.br\/index.php\/wp-json\/wp\/v2\/media\/7989"}],"wp:attachment":[{"href":"https:\/\/portalmf.com.br\/index.php\/wp-json\/wp\/v2\/media?parent=7988"}],"wp:term":[{"taxonomy":"category","embeddable":true,"href":"https:\/\/portalmf.com.br\/index.php\/wp-json\/wp\/v2\/categories?post=7988"},{"taxonomy":"post_tag","embeddable":true,"href":"https:\/\/portalmf.com.br\/index.php\/wp-json\/wp\/v2\/tags?post=7988"}],"curies":[{"name":"wp","href":"https:\/\/api.w.org\/{rel}","templated":true}]}}