{"id":7963,"date":"2023-01-16T14:26:00","date_gmt":"2023-01-16T17:26:00","guid":{"rendered":"https:\/\/portalmf.com.br\/?p=7963"},"modified":"2023-01-17T16:33:19","modified_gmt":"2023-01-17T19:33:19","slug":"carlinhos-brown-comandou-ensaio-de-verao-do-bloco-timbalada","status":"publish","type":"post","link":"https:\/\/portalmf.com.br\/index.php\/2023\/01\/16\/carlinhos-brown-comandou-ensaio-de-verao-do-bloco-timbalada\/","title":{"rendered":"Carlinhos Brown comandou ensaio de ver\u00e3o do Bloco Timbalada"},"content":{"rendered":"\n<p>Sob o comando de Carlinhos Brown, o p\u00fablico lotou o espa\u00e7o &#8211; que contou com todos os ingressos esgotados &#8211; e fez valer a experi\u00eancia de curtir um dos maiores ensaios de ver\u00e3o da capital baiana.<\/p>\n\n\n\n<p>O cacique recebeu no palco grandes artistas da m\u00fasica baiana &#8211; ex integrantes da banda TIMBALADA &#8211; como Patr\u00edcia Gomes, Xex\u00e9u, Amanda Santiago, Paula Sanfer, Ninha, Alexandre Guedes, Augusto Concei\u00e7\u00e3o e Rafa Chagas.<\/p>\n\n\n\n<p>Em tempo, o Cacique Brown apresentou a nova integrante da Timbaladies, a jovem cantora e revela\u00e7\u00e3o do The Voice Brasil, Milly Vit\u00f3ria.<\/p>\n\n\n\n<p>O evento marca o retorno do bloco Timbalada para o carnaval de Salvador em 2023, desfilando s\u00e1bado e domingo no circuito Barra-Ondina.<\/p>\n\n\n\n<p>S\u00e1bado ao comando da banda anfitri\u00e3, com Denny e Buja, e domingo com Brown, Timbaladies, Ninha e Xex\u00e9u \u00e0 frente do desfile.<\/p>\n\n\n\n<figure class=\"wp-block-gallery has-nested-images columns-default is-cropped wp-block-gallery-1 is-layout-flex wp-block-gallery-is-layout-flex\">\n<figure class=\"wp-block-image size-large\"><img fetchpriority=\"high\" decoding=\"async\" width=\"1024\" height=\"682\" data-id=\"7966\" src=\"https:\/\/portalmf.com.br\/wp-content\/uploads\/2023\/01\/Carlinhos-Brown-comandou-ensaio-de-verao-do-Bloco-Timbalada-1-1024x682.jpeg\" alt=\"\" class=\"wp-image-7966\" srcset=\"https:\/\/portalmf.com.br\/wp-content\/uploads\/2023\/01\/Carlinhos-Brown-comandou-ensaio-de-verao-do-Bloco-Timbalada-1-1024x682.jpeg 1024w, https:\/\/portalmf.com.br\/wp-content\/uploads\/2023\/01\/Carlinhos-Brown-comandou-ensaio-de-verao-do-Bloco-Timbalada-1-300x200.jpeg 300w, https:\/\/portalmf.com.br\/wp-content\/uploads\/2023\/01\/Carlinhos-Brown-comandou-ensaio-de-verao-do-Bloco-Timbalada-1-768x512.jpeg 768w, https:\/\/portalmf.com.br\/wp-content\/uploads\/2023\/01\/Carlinhos-Brown-comandou-ensaio-de-verao-do-Bloco-Timbalada-1-1536x1023.jpeg 1536w, https:\/\/portalmf.com.br\/wp-content\/uploads\/2023\/01\/Carlinhos-Brown-comandou-ensaio-de-verao-do-Bloco-Timbalada-1-1170x780.jpeg 1170w, https:\/\/portalmf.com.br\/wp-content\/uploads\/2023\/01\/Carlinhos-Brown-comandou-ensaio-de-verao-do-Bloco-Timbalada-1-585x390.jpeg 585w, https:\/\/portalmf.com.br\/wp-content\/uploads\/2023\/01\/Carlinhos-Brown-comandou-ensaio-de-verao-do-Bloco-Timbalada-1-263x175.jpeg 263w, https:\/\/portalmf.com.br\/wp-content\/uploads\/2023\/01\/Carlinhos-Brown-comandou-ensaio-de-verao-do-Bloco-Timbalada-1.jpeg 1600w\" sizes=\"(max-width: 1024px) 100vw, 1024px\" \/><figcaption class=\"wp-element-caption\">Foto: Mateus Ross e Lucas Leawry<\/figcaption><\/figure>\n\n\n\n<figure class=\"wp-block-image size-large\"><img decoding=\"async\" width=\"1024\" height=\"682\" data-id=\"7964\" src=\"https:\/\/portalmf.com.br\/wp-content\/uploads\/2023\/01\/Carlinhos-Brown-comandou-ensaio-de-verao-do-Bloco-Timbalada-2-1024x682.jpeg\" alt=\"\" class=\"wp-image-7964\" srcset=\"https:\/\/portalmf.com.br\/wp-content\/uploads\/2023\/01\/Carlinhos-Brown-comandou-ensaio-de-verao-do-Bloco-Timbalada-2-1024x682.jpeg 1024w, https:\/\/portalmf.com.br\/wp-content\/uploads\/2023\/01\/Carlinhos-Brown-comandou-ensaio-de-verao-do-Bloco-Timbalada-2-300x200.jpeg 300w, https:\/\/portalmf.com.br\/wp-content\/uploads\/2023\/01\/Carlinhos-Brown-comandou-ensaio-de-verao-do-Bloco-Timbalada-2-768x512.jpeg 768w, https:\/\/portalmf.com.br\/wp-content\/uploads\/2023\/01\/Carlinhos-Brown-comandou-ensaio-de-verao-do-Bloco-Timbalada-2-1536x1023.jpeg 1536w, https:\/\/portalmf.com.br\/wp-content\/uploads\/2023\/01\/Carlinhos-Brown-comandou-ensaio-de-verao-do-Bloco-Timbalada-2-1170x780.jpeg 1170w, https:\/\/portalmf.com.br\/wp-content\/uploads\/2023\/01\/Carlinhos-Brown-comandou-ensaio-de-verao-do-Bloco-Timbalada-2-585x390.jpeg 585w, https:\/\/portalmf.com.br\/wp-content\/uploads\/2023\/01\/Carlinhos-Brown-comandou-ensaio-de-verao-do-Bloco-Timbalada-2-263x175.jpeg 263w, https:\/\/portalmf.com.br\/wp-content\/uploads\/2023\/01\/Carlinhos-Brown-comandou-ensaio-de-verao-do-Bloco-Timbalada-2.jpeg 1600w\" sizes=\"(max-width: 1024px) 100vw, 1024px\" \/><figcaption class=\"wp-element-caption\">Foto: Mateus Ross e Lucas Leawry<\/figcaption><\/figure>\n\n\n\n<figure class=\"wp-block-image size-large\"><img decoding=\"async\" width=\"1024\" height=\"682\" data-id=\"7967\" src=\"https:\/\/portalmf.com.br\/wp-content\/uploads\/2023\/01\/Carlinhos-Brown-comandou-ensaio-de-verao-do-Bloco-Timbalada-3-1024x682.jpeg\" alt=\"\" class=\"wp-image-7967\" srcset=\"https:\/\/portalmf.com.br\/wp-content\/uploads\/2023\/01\/Carlinhos-Brown-comandou-ensaio-de-verao-do-Bloco-Timbalada-3-1024x682.jpeg 1024w, https:\/\/portalmf.com.br\/wp-content\/uploads\/2023\/01\/Carlinhos-Brown-comandou-ensaio-de-verao-do-Bloco-Timbalada-3-300x200.jpeg 300w, https:\/\/portalmf.com.br\/wp-content\/uploads\/2023\/01\/Carlinhos-Brown-comandou-ensaio-de-verao-do-Bloco-Timbalada-3-768x512.jpeg 768w, https:\/\/portalmf.com.br\/wp-content\/uploads\/2023\/01\/Carlinhos-Brown-comandou-ensaio-de-verao-do-Bloco-Timbalada-3-1536x1023.jpeg 1536w, https:\/\/portalmf.com.br\/wp-content\/uploads\/2023\/01\/Carlinhos-Brown-comandou-ensaio-de-verao-do-Bloco-Timbalada-3-1170x780.jpeg 1170w, https:\/\/portalmf.com.br\/wp-content\/uploads\/2023\/01\/Carlinhos-Brown-comandou-ensaio-de-verao-do-Bloco-Timbalada-3-585x390.jpeg 585w, https:\/\/portalmf.com.br\/wp-content\/uploads\/2023\/01\/Carlinhos-Brown-comandou-ensaio-de-verao-do-Bloco-Timbalada-3-263x175.jpeg 263w, https:\/\/portalmf.com.br\/wp-content\/uploads\/2023\/01\/Carlinhos-Brown-comandou-ensaio-de-verao-do-Bloco-Timbalada-3.jpeg 1600w\" sizes=\"(max-width: 1024px) 100vw, 1024px\" \/><figcaption class=\"wp-element-caption\">Foto: Mateus Ross e Lucas Leawry<\/figcaption><\/figure>\n\n\n\n<figure class=\"wp-block-image size-large\"><img loading=\"lazy\" decoding=\"async\" width=\"1024\" height=\"682\" data-id=\"7965\" src=\"https:\/\/portalmf.com.br\/wp-content\/uploads\/2023\/01\/Carlinhos-Brown-comandou-ensaio-de-verao-do-Bloco-Timbalada-4-1024x682.jpeg\" alt=\"\" class=\"wp-image-7965\" srcset=\"https:\/\/portalmf.com.br\/wp-content\/uploads\/2023\/01\/Carlinhos-Brown-comandou-ensaio-de-verao-do-Bloco-Timbalada-4-1024x682.jpeg 1024w, https:\/\/portalmf.com.br\/wp-content\/uploads\/2023\/01\/Carlinhos-Brown-comandou-ensaio-de-verao-do-Bloco-Timbalada-4-300x200.jpeg 300w, https:\/\/portalmf.com.br\/wp-content\/uploads\/2023\/01\/Carlinhos-Brown-comandou-ensaio-de-verao-do-Bloco-Timbalada-4-768x512.jpeg 768w, https:\/\/portalmf.com.br\/wp-content\/uploads\/2023\/01\/Carlinhos-Brown-comandou-ensaio-de-verao-do-Bloco-Timbalada-4-1536x1023.jpeg 1536w, https:\/\/portalmf.com.br\/wp-content\/uploads\/2023\/01\/Carlinhos-Brown-comandou-ensaio-de-verao-do-Bloco-Timbalada-4-1170x780.jpeg 1170w, https:\/\/portalmf.com.br\/wp-content\/uploads\/2023\/01\/Carlinhos-Brown-comandou-ensaio-de-verao-do-Bloco-Timbalada-4-585x390.jpeg 585w, https:\/\/portalmf.com.br\/wp-content\/uploads\/2023\/01\/Carlinhos-Brown-comandou-ensaio-de-verao-do-Bloco-Timbalada-4-263x175.jpeg 263w, https:\/\/portalmf.com.br\/wp-content\/uploads\/2023\/01\/Carlinhos-Brown-comandou-ensaio-de-verao-do-Bloco-Timbalada-4.jpeg 1600w\" sizes=\"(max-width: 1024px) 100vw, 1024px\" \/><figcaption class=\"wp-element-caption\">Foto: Mateus Ross e Lucas Leawry<\/figcaption><\/figure>\n\n\n\n<figure class=\"wp-block-image size-large\"><img loading=\"lazy\" decoding=\"async\" width=\"1024\" height=\"682\" data-id=\"7968\" src=\"https:\/\/portalmf.com.br\/wp-content\/uploads\/2023\/01\/Carlinhos-Brown-comandou-ensaio-de-verao-do-Bloco-Timbalada-5-1024x682.jpeg\" alt=\"\" class=\"wp-image-7968\" srcset=\"https:\/\/portalmf.com.br\/wp-content\/uploads\/2023\/01\/Carlinhos-Brown-comandou-ensaio-de-verao-do-Bloco-Timbalada-5-1024x682.jpeg 1024w, https:\/\/portalmf.com.br\/wp-content\/uploads\/2023\/01\/Carlinhos-Brown-comandou-ensaio-de-verao-do-Bloco-Timbalada-5-300x200.jpeg 300w, https:\/\/portalmf.com.br\/wp-content\/uploads\/2023\/01\/Carlinhos-Brown-comandou-ensaio-de-verao-do-Bloco-Timbalada-5-768x512.jpeg 768w, https:\/\/portalmf.com.br\/wp-content\/uploads\/2023\/01\/Carlinhos-Brown-comandou-ensaio-de-verao-do-Bloco-Timbalada-5-1536x1023.jpeg 1536w, https:\/\/portalmf.com.br\/wp-content\/uploads\/2023\/01\/Carlinhos-Brown-comandou-ensaio-de-verao-do-Bloco-Timbalada-5-1170x780.jpeg 1170w, https:\/\/portalmf.com.br\/wp-content\/uploads\/2023\/01\/Carlinhos-Brown-comandou-ensaio-de-verao-do-Bloco-Timbalada-5-585x390.jpeg 585w, https:\/\/portalmf.com.br\/wp-content\/uploads\/2023\/01\/Carlinhos-Brown-comandou-ensaio-de-verao-do-Bloco-Timbalada-5-263x175.jpeg 263w, https:\/\/portalmf.com.br\/wp-content\/uploads\/2023\/01\/Carlinhos-Brown-comandou-ensaio-de-verao-do-Bloco-Timbalada-5.jpeg 1600w\" sizes=\"(max-width: 1024px) 100vw, 1024px\" \/><figcaption class=\"wp-element-caption\">Foto: Mateus Ross e Lucas Leawry<\/figcaption><\/figure>\n\n\n\n<figure class=\"wp-block-image size-large\"><img loading=\"lazy\" decoding=\"async\" width=\"1024\" height=\"682\" data-id=\"7969\" src=\"https:\/\/portalmf.com.br\/wp-content\/uploads\/2023\/01\/Carlinhos-Brown-comandou-ensaio-de-verao-do-Bloco-Timbalada-6-1024x682.jpeg\" alt=\"\" class=\"wp-image-7969\" srcset=\"https:\/\/portalmf.com.br\/wp-content\/uploads\/2023\/01\/Carlinhos-Brown-comandou-ensaio-de-verao-do-Bloco-Timbalada-6-1024x682.jpeg 1024w, https:\/\/portalmf.com.br\/wp-content\/uploads\/2023\/01\/Carlinhos-Brown-comandou-ensaio-de-verao-do-Bloco-Timbalada-6-300x200.jpeg 300w, https:\/\/portalmf.com.br\/wp-content\/uploads\/2023\/01\/Carlinhos-Brown-comandou-ensaio-de-verao-do-Bloco-Timbalada-6-768x512.jpeg 768w, https:\/\/portalmf.com.br\/wp-content\/uploads\/2023\/01\/Carlinhos-Brown-comandou-ensaio-de-verao-do-Bloco-Timbalada-6-1536x1023.jpeg 1536w, https:\/\/portalmf.com.br\/wp-content\/uploads\/2023\/01\/Carlinhos-Brown-comandou-ensaio-de-verao-do-Bloco-Timbalada-6-1170x780.jpeg 1170w, https:\/\/portalmf.com.br\/wp-content\/uploads\/2023\/01\/Carlinhos-Brown-comandou-ensaio-de-verao-do-Bloco-Timbalada-6-585x390.jpeg 585w, https:\/\/portalmf.com.br\/wp-content\/uploads\/2023\/01\/Carlinhos-Brown-comandou-ensaio-de-verao-do-Bloco-Timbalada-6-263x175.jpeg 263w, https:\/\/portalmf.com.br\/wp-content\/uploads\/2023\/01\/Carlinhos-Brown-comandou-ensaio-de-verao-do-Bloco-Timbalada-6.jpeg 1600w\" sizes=\"(max-width: 1024px) 100vw, 1024px\" \/><figcaption class=\"wp-element-caption\">Foto: Mateus Ross e Lucas Leawry<\/figcaption><\/figure>\n\n\n\n<figure class=\"wp-block-image size-large\"><img loading=\"lazy\" decoding=\"async\" width=\"1024\" height=\"682\" data-id=\"7970\" src=\"https:\/\/portalmf.com.br\/wp-content\/uploads\/2023\/01\/Carlinhos-Brown-comandou-ensaio-de-verao-do-Bloco-Timbalada-7-1024x682.jpeg\" alt=\"\" class=\"wp-image-7970\" srcset=\"https:\/\/portalmf.com.br\/wp-content\/uploads\/2023\/01\/Carlinhos-Brown-comandou-ensaio-de-verao-do-Bloco-Timbalada-7-1024x682.jpeg 1024w, https:\/\/portalmf.com.br\/wp-content\/uploads\/2023\/01\/Carlinhos-Brown-comandou-ensaio-de-verao-do-Bloco-Timbalada-7-300x200.jpeg 300w, https:\/\/portalmf.com.br\/wp-content\/uploads\/2023\/01\/Carlinhos-Brown-comandou-ensaio-de-verao-do-Bloco-Timbalada-7-768x512.jpeg 768w, https:\/\/portalmf.com.br\/wp-content\/uploads\/2023\/01\/Carlinhos-Brown-comandou-ensaio-de-verao-do-Bloco-Timbalada-7-1536x1023.jpeg 1536w, https:\/\/portalmf.com.br\/wp-content\/uploads\/2023\/01\/Carlinhos-Brown-comandou-ensaio-de-verao-do-Bloco-Timbalada-7-1170x780.jpeg 1170w, https:\/\/portalmf.com.br\/wp-content\/uploads\/2023\/01\/Carlinhos-Brown-comandou-ensaio-de-verao-do-Bloco-Timbalada-7-585x390.jpeg 585w, https:\/\/portalmf.com.br\/wp-content\/uploads\/2023\/01\/Carlinhos-Brown-comandou-ensaio-de-verao-do-Bloco-Timbalada-7-263x175.jpeg 263w, https:\/\/portalmf.com.br\/wp-content\/uploads\/2023\/01\/Carlinhos-Brown-comandou-ensaio-de-verao-do-Bloco-Timbalada-7.jpeg 1600w\" sizes=\"(max-width: 1024px) 100vw, 1024px\" \/><figcaption class=\"wp-element-caption\">Foto: Mateus Ross e Lucas Leawry<\/figcaption><\/figure>\n\n\n\n<figure class=\"wp-block-image size-large\"><img loading=\"lazy\" decoding=\"async\" width=\"1024\" height=\"682\" data-id=\"7971\" src=\"https:\/\/portalmf.com.br\/wp-content\/uploads\/2023\/01\/Carlinhos-Brown-comandou-ensaio-de-verao-do-Bloco-Timbalada-8-1024x682.jpeg\" alt=\"\" class=\"wp-image-7971\" srcset=\"https:\/\/portalmf.com.br\/wp-content\/uploads\/2023\/01\/Carlinhos-Brown-comandou-ensaio-de-verao-do-Bloco-Timbalada-8-1024x682.jpeg 1024w, https:\/\/portalmf.com.br\/wp-content\/uploads\/2023\/01\/Carlinhos-Brown-comandou-ensaio-de-verao-do-Bloco-Timbalada-8-300x200.jpeg 300w, https:\/\/portalmf.com.br\/wp-content\/uploads\/2023\/01\/Carlinhos-Brown-comandou-ensaio-de-verao-do-Bloco-Timbalada-8-768x512.jpeg 768w, https:\/\/portalmf.com.br\/wp-content\/uploads\/2023\/01\/Carlinhos-Brown-comandou-ensaio-de-verao-do-Bloco-Timbalada-8-1536x1023.jpeg 1536w, https:\/\/portalmf.com.br\/wp-content\/uploads\/2023\/01\/Carlinhos-Brown-comandou-ensaio-de-verao-do-Bloco-Timbalada-8-1170x780.jpeg 1170w, https:\/\/portalmf.com.br\/wp-content\/uploads\/2023\/01\/Carlinhos-Brown-comandou-ensaio-de-verao-do-Bloco-Timbalada-8-585x390.jpeg 585w, https:\/\/portalmf.com.br\/wp-content\/uploads\/2023\/01\/Carlinhos-Brown-comandou-ensaio-de-verao-do-Bloco-Timbalada-8-263x175.jpeg 263w, https:\/\/portalmf.com.br\/wp-content\/uploads\/2023\/01\/Carlinhos-Brown-comandou-ensaio-de-verao-do-Bloco-Timbalada-8.jpeg 1600w\" sizes=\"(max-width: 1024px) 100vw, 1024px\" \/><figcaption class=\"wp-element-caption\">Foto: Mateus Ross e Lucas Leawry<\/figcaption><\/figure>\n\n\n\n<figure class=\"wp-block-image size-large\"><img loading=\"lazy\" decoding=\"async\" width=\"1024\" height=\"682\" data-id=\"7975\" src=\"https:\/\/portalmf.com.br\/wp-content\/uploads\/2023\/01\/Carlinhos-Brown-comandou-ensaio-de-verao-do-Bloco-Timbalada-9-1024x682.jpeg\" alt=\"\" class=\"wp-image-7975\" srcset=\"https:\/\/portalmf.com.br\/wp-content\/uploads\/2023\/01\/Carlinhos-Brown-comandou-ensaio-de-verao-do-Bloco-Timbalada-9-1024x682.jpeg 1024w, https:\/\/portalmf.com.br\/wp-content\/uploads\/2023\/01\/Carlinhos-Brown-comandou-ensaio-de-verao-do-Bloco-Timbalada-9-300x200.jpeg 300w, https:\/\/portalmf.com.br\/wp-content\/uploads\/2023\/01\/Carlinhos-Brown-comandou-ensaio-de-verao-do-Bloco-Timbalada-9-768x512.jpeg 768w, https:\/\/portalmf.com.br\/wp-content\/uploads\/2023\/01\/Carlinhos-Brown-comandou-ensaio-de-verao-do-Bloco-Timbalada-9-1536x1023.jpeg 1536w, https:\/\/portalmf.com.br\/wp-content\/uploads\/2023\/01\/Carlinhos-Brown-comandou-ensaio-de-verao-do-Bloco-Timbalada-9-1170x780.jpeg 1170w, https:\/\/portalmf.com.br\/wp-content\/uploads\/2023\/01\/Carlinhos-Brown-comandou-ensaio-de-verao-do-Bloco-Timbalada-9-585x390.jpeg 585w, https:\/\/portalmf.com.br\/wp-content\/uploads\/2023\/01\/Carlinhos-Brown-comandou-ensaio-de-verao-do-Bloco-Timbalada-9-263x175.jpeg 263w, https:\/\/portalmf.com.br\/wp-content\/uploads\/2023\/01\/Carlinhos-Brown-comandou-ensaio-de-verao-do-Bloco-Timbalada-9.jpeg 1600w\" sizes=\"(max-width: 1024px) 100vw, 1024px\" \/><figcaption class=\"wp-element-caption\">Foto: Mateus Ross e Lucas Leawry<\/figcaption><\/figure>\n\n\n\n<figure class=\"wp-block-image size-large\"><img loading=\"lazy\" decoding=\"async\" width=\"1024\" height=\"682\" data-id=\"7973\" src=\"https:\/\/portalmf.com.br\/wp-content\/uploads\/2023\/01\/Carlinhos-Brown-comandou-ensaio-de-verao-do-Bloco-Timbalada-11-1024x682.jpeg\" alt=\"\" class=\"wp-image-7973\" srcset=\"https:\/\/portalmf.com.br\/wp-content\/uploads\/2023\/01\/Carlinhos-Brown-comandou-ensaio-de-verao-do-Bloco-Timbalada-11-1024x682.jpeg 1024w, https:\/\/portalmf.com.br\/wp-content\/uploads\/2023\/01\/Carlinhos-Brown-comandou-ensaio-de-verao-do-Bloco-Timbalada-11-300x200.jpeg 300w, https:\/\/portalmf.com.br\/wp-content\/uploads\/2023\/01\/Carlinhos-Brown-comandou-ensaio-de-verao-do-Bloco-Timbalada-11-768x512.jpeg 768w, https:\/\/portalmf.com.br\/wp-content\/uploads\/2023\/01\/Carlinhos-Brown-comandou-ensaio-de-verao-do-Bloco-Timbalada-11-1536x1023.jpeg 1536w, https:\/\/portalmf.com.br\/wp-content\/uploads\/2023\/01\/Carlinhos-Brown-comandou-ensaio-de-verao-do-Bloco-Timbalada-11-1170x780.jpeg 1170w, https:\/\/portalmf.com.br\/wp-content\/uploads\/2023\/01\/Carlinhos-Brown-comandou-ensaio-de-verao-do-Bloco-Timbalada-11-585x390.jpeg 585w, https:\/\/portalmf.com.br\/wp-content\/uploads\/2023\/01\/Carlinhos-Brown-comandou-ensaio-de-verao-do-Bloco-Timbalada-11-263x175.jpeg 263w, https:\/\/portalmf.com.br\/wp-content\/uploads\/2023\/01\/Carlinhos-Brown-comandou-ensaio-de-verao-do-Bloco-Timbalada-11.jpeg 1600w\" sizes=\"(max-width: 1024px) 100vw, 1024px\" \/><figcaption class=\"wp-element-caption\">Foto: Mateus Ross e Lucas Leawryr<\/figcaption><\/figure>\n\n\n\n<figure class=\"wp-block-image size-large\"><img loading=\"lazy\" decoding=\"async\" width=\"1024\" height=\"682\" data-id=\"7972\" src=\"https:\/\/portalmf.com.br\/wp-content\/uploads\/2023\/01\/Carlinhos-Brown-comandou-ensaio-de-verao-do-Bloco-Timbalada-12-1024x682.jpeg\" alt=\"\" class=\"wp-image-7972\" srcset=\"https:\/\/portalmf.com.br\/wp-content\/uploads\/2023\/01\/Carlinhos-Brown-comandou-ensaio-de-verao-do-Bloco-Timbalada-12-1024x682.jpeg 1024w, https:\/\/portalmf.com.br\/wp-content\/uploads\/2023\/01\/Carlinhos-Brown-comandou-ensaio-de-verao-do-Bloco-Timbalada-12-300x200.jpeg 300w, https:\/\/portalmf.com.br\/wp-content\/uploads\/2023\/01\/Carlinhos-Brown-comandou-ensaio-de-verao-do-Bloco-Timbalada-12-768x512.jpeg 768w, https:\/\/portalmf.com.br\/wp-content\/uploads\/2023\/01\/Carlinhos-Brown-comandou-ensaio-de-verao-do-Bloco-Timbalada-12-1536x1023.jpeg 1536w, https:\/\/portalmf.com.br\/wp-content\/uploads\/2023\/01\/Carlinhos-Brown-comandou-ensaio-de-verao-do-Bloco-Timbalada-12-1170x780.jpeg 1170w, https:\/\/portalmf.com.br\/wp-content\/uploads\/2023\/01\/Carlinhos-Brown-comandou-ensaio-de-verao-do-Bloco-Timbalada-12-585x390.jpeg 585w, https:\/\/portalmf.com.br\/wp-content\/uploads\/2023\/01\/Carlinhos-Brown-comandou-ensaio-de-verao-do-Bloco-Timbalada-12-263x175.jpeg 263w, https:\/\/portalmf.com.br\/wp-content\/uploads\/2023\/01\/Carlinhos-Brown-comandou-ensaio-de-verao-do-Bloco-Timbalada-12.jpeg 1600w\" sizes=\"(max-width: 1024px) 100vw, 1024px\" \/><figcaption class=\"wp-element-caption\">Foto: Mateus Ross e Lucas Leawry<\/figcaption><\/figure>\n\n\n\n<figure class=\"wp-block-image size-large\"><img loading=\"lazy\" decoding=\"async\" width=\"1024\" height=\"682\" data-id=\"7974\" src=\"https:\/\/portalmf.com.br\/wp-content\/uploads\/2023\/01\/Carlinhos-Brown-comandou-ensaio-de-verao-do-Bloco-Timbalada-10-1024x682.jpeg\" alt=\"\" class=\"wp-image-7974\" srcset=\"https:\/\/portalmf.com.br\/wp-content\/uploads\/2023\/01\/Carlinhos-Brown-comandou-ensaio-de-verao-do-Bloco-Timbalada-10-1024x682.jpeg 1024w, https:\/\/portalmf.com.br\/wp-content\/uploads\/2023\/01\/Carlinhos-Brown-comandou-ensaio-de-verao-do-Bloco-Timbalada-10-300x200.jpeg 300w, https:\/\/portalmf.com.br\/wp-content\/uploads\/2023\/01\/Carlinhos-Brown-comandou-ensaio-de-verao-do-Bloco-Timbalada-10-768x512.jpeg 768w, https:\/\/portalmf.com.br\/wp-content\/uploads\/2023\/01\/Carlinhos-Brown-comandou-ensaio-de-verao-do-Bloco-Timbalada-10-1536x1023.jpeg 1536w, https:\/\/portalmf.com.br\/wp-content\/uploads\/2023\/01\/Carlinhos-Brown-comandou-ensaio-de-verao-do-Bloco-Timbalada-10-1170x780.jpeg 1170w, https:\/\/portalmf.com.br\/wp-content\/uploads\/2023\/01\/Carlinhos-Brown-comandou-ensaio-de-verao-do-Bloco-Timbalada-10-585x390.jpeg 585w, https:\/\/portalmf.com.br\/wp-content\/uploads\/2023\/01\/Carlinhos-Brown-comandou-ensaio-de-verao-do-Bloco-Timbalada-10-263x175.jpeg 263w, https:\/\/portalmf.com.br\/wp-content\/uploads\/2023\/01\/Carlinhos-Brown-comandou-ensaio-de-verao-do-Bloco-Timbalada-10.jpeg 1600w\" sizes=\"(max-width: 1024px) 100vw, 1024px\" \/><figcaption class=\"wp-element-caption\">Foto: Mateus Ross e Lucas Leawry<\/figcaption><\/figure>\n<\/figure>\n\n\n\n<p>Lembrando que no pr\u00f3ximo domingo, dia 22, acontece a \u00faltima edi\u00e7\u00e3o do m\u00eas de janeiro dos ensaios da Timbalada, com Denny Denan e Buja Ferreira, no Guetho.<\/p>\n\n\n\n<p>Os ingressos j\u00e1 est\u00e3o \u00e0 venda e podem ser adquiridos na loja Bora Tickets no 2\u00ba piso do Shopping da Bahia, ou atrav\u00e9s do site www.boratickets.com.br. Adquira j\u00e1 o seu e venha viver essa emo\u00e7\u00e3o!<\/p>\n","protected":false},"excerpt":{"rendered":"<p>Sob o comando de Carlinhos Brown, o p\u00fablico lotou o espa\u00e7o &#8211; que contou com todos os ingressos esgotados &#8211; e fez valer a experi\u00eancia de curtir um dos maiores ensaios de ver\u00e3o da capital baiana. O cacique recebeu no palco grandes artistas da m\u00fasica baiana &#8211; ex integrantes da banda TIMBALADA &#8211; como Patr\u00edcia [&hellip;]<\/p>\n","protected":false},"author":3,"featured_media":7974,"comment_status":"open","ping_status":"open","sticky":false,"template":"","format":"standard","meta":{"_monsterinsights_skip_tracking":false,"_monsterinsights_sitenote_active":false,"_monsterinsights_sitenote_note":"","_monsterinsights_sitenote_category":0,"footnotes":""},"categories":[44,47,45],"tags":[],"yoast_head":"<!-- This site is optimized with the Yoast SEO plugin v22.9 - https:\/\/yoast.com\/wordpress\/plugins\/seo\/ -->\n<title>Carlinhos Brown comandou ensaio de ver\u00e3o do Bloco Timbalada - Portal MF<\/title>\n<meta name=\"robots\" content=\"index, follow, max-snippet:-1, max-image-preview:large, max-video-preview:-1\" \/>\n<link rel=\"canonical\" href=\"https:\/\/portalmf.com.br\/index.php\/2023\/01\/16\/carlinhos-brown-comandou-ensaio-de-verao-do-bloco-timbalada\/\" \/>\n<meta property=\"og:locale\" content=\"pt_BR\" \/>\n<meta property=\"og:type\" content=\"article\" \/>\n<meta property=\"og:title\" content=\"Carlinhos Brown comandou ensaio de ver\u00e3o do Bloco Timbalada - Portal MF\" \/>\n<meta property=\"og:description\" content=\"Sob o comando de Carlinhos Brown, o p\u00fablico lotou o espa\u00e7o &#8211; que contou com todos os ingressos esgotados &#8211; e fez valer a experi\u00eancia de curtir um dos maiores ensaios de ver\u00e3o da capital baiana. O cacique recebeu no palco grandes artistas da m\u00fasica baiana &#8211; ex integrantes da banda TIMBALADA &#8211; como Patr\u00edcia [&hellip;]\" \/>\n<meta property=\"og:url\" content=\"https:\/\/portalmf.com.br\/index.php\/2023\/01\/16\/carlinhos-brown-comandou-ensaio-de-verao-do-bloco-timbalada\/\" \/>\n<meta property=\"og:site_name\" content=\"Portal MF\" \/>\n<meta property=\"article:author\" content=\"https:\/\/www.facebook.com\/portalmfoficial\" \/>\n<meta property=\"article:published_time\" content=\"2023-01-16T17:26:00+00:00\" \/>\n<meta property=\"article:modified_time\" content=\"2023-01-17T19:33:19+00:00\" \/>\n<meta property=\"og:image\" content=\"https:\/\/portalmf.com.br\/wp-content\/uploads\/2023\/01\/Carlinhos-Brown-comandou-ensaio-de-verao-do-Bloco-Timbalada-10.jpeg\" \/>\n\t<meta property=\"og:image:width\" content=\"1600\" \/>\n\t<meta property=\"og:image:height\" content=\"1066\" \/>\n\t<meta property=\"og:image:type\" content=\"image\/jpeg\" \/>\n<meta name=\"author\" content=\"Reda\u00e7\u00e3o Portal MF\" \/>\n<meta name=\"twitter:card\" content=\"summary_large_image\" \/>\n<meta name=\"twitter:creator\" content=\"@https:\/\/x.com\/portalmfoficial\" \/>\n<meta name=\"twitter:label1\" content=\"Escrito por\" \/>\n\t<meta name=\"twitter:data1\" content=\"Reda\u00e7\u00e3o Portal MF\" \/>\n\t<meta name=\"twitter:label2\" content=\"Est. tempo de leitura\" \/>\n\t<meta name=\"twitter:data2\" content=\"4 minutos\" \/>\n<script type=\"application\/ld+json\" class=\"yoast-schema-graph\">{\"@context\":\"https:\/\/schema.org\",\"@graph\":[{\"@type\":\"WebPage\",\"@id\":\"https:\/\/portalmf.com.br\/index.php\/2023\/01\/16\/carlinhos-brown-comandou-ensaio-de-verao-do-bloco-timbalada\/\",\"url\":\"https:\/\/portalmf.com.br\/index.php\/2023\/01\/16\/carlinhos-brown-comandou-ensaio-de-verao-do-bloco-timbalada\/\",\"name\":\"Carlinhos Brown comandou ensaio de ver\u00e3o do Bloco Timbalada - Portal MF\",\"isPartOf\":{\"@id\":\"https:\/\/portalmf.com.br\/#website\"},\"primaryImageOfPage\":{\"@id\":\"https:\/\/portalmf.com.br\/index.php\/2023\/01\/16\/carlinhos-brown-comandou-ensaio-de-verao-do-bloco-timbalada\/#primaryimage\"},\"image\":{\"@id\":\"https:\/\/portalmf.com.br\/index.php\/2023\/01\/16\/carlinhos-brown-comandou-ensaio-de-verao-do-bloco-timbalada\/#primaryimage\"},\"thumbnailUrl\":\"https:\/\/portalmf.com.br\/wp-content\/uploads\/2023\/01\/Carlinhos-Brown-comandou-ensaio-de-verao-do-Bloco-Timbalada-10.jpeg\",\"datePublished\":\"2023-01-16T17:26:00+00:00\",\"dateModified\":\"2023-01-17T19:33:19+00:00\",\"author\":{\"@id\":\"https:\/\/portalmf.com.br\/#\/schema\/person\/9ec101baf56233e53520c26de5d6f6f0\"},\"breadcrumb\":{\"@id\":\"https:\/\/portalmf.com.br\/index.php\/2023\/01\/16\/carlinhos-brown-comandou-ensaio-de-verao-do-bloco-timbalada\/#breadcrumb\"},\"inLanguage\":\"pt-BR\",\"potentialAction\":[{\"@type\":\"ReadAction\",\"target\":[\"https:\/\/portalmf.com.br\/index.php\/2023\/01\/16\/carlinhos-brown-comandou-ensaio-de-verao-do-bloco-timbalada\/\"]}]},{\"@type\":\"ImageObject\",\"inLanguage\":\"pt-BR\",\"@id\":\"https:\/\/portalmf.com.br\/index.php\/2023\/01\/16\/carlinhos-brown-comandou-ensaio-de-verao-do-bloco-timbalada\/#primaryimage\",\"url\":\"https:\/\/portalmf.com.br\/wp-content\/uploads\/2023\/01\/Carlinhos-Brown-comandou-ensaio-de-verao-do-Bloco-Timbalada-10.jpeg\",\"contentUrl\":\"https:\/\/portalmf.com.br\/wp-content\/uploads\/2023\/01\/Carlinhos-Brown-comandou-ensaio-de-verao-do-Bloco-Timbalada-10.jpeg\",\"width\":1600,\"height\":1066,\"caption\":\"Foto: Mateus Ross e Lucas Leawr\"},{\"@type\":\"BreadcrumbList\",\"@id\":\"https:\/\/portalmf.com.br\/index.php\/2023\/01\/16\/carlinhos-brown-comandou-ensaio-de-verao-do-bloco-timbalada\/#breadcrumb\",\"itemListElement\":[{\"@type\":\"ListItem\",\"position\":1,\"name\":\"In\u00edcio\",\"item\":\"https:\/\/portalmf.com.br\/\"},{\"@type\":\"ListItem\",\"position\":2,\"name\":\"Carlinhos Brown comandou ensaio de ver\u00e3o do Bloco Timbalada\"}]},{\"@type\":\"WebSite\",\"@id\":\"https:\/\/portalmf.com.br\/#website\",\"url\":\"https:\/\/portalmf.com.br\/\",\"name\":\"Portal MF\",\"description\":\"Voc\u00ea conectado com a informa\u00e7\u00e3o\",\"potentialAction\":[{\"@type\":\"SearchAction\",\"target\":{\"@type\":\"EntryPoint\",\"urlTemplate\":\"https:\/\/portalmf.com.br\/?s={search_term_string}\"},\"query-input\":\"required name=search_term_string\"}],\"inLanguage\":\"pt-BR\"},{\"@type\":\"Person\",\"@id\":\"https:\/\/portalmf.com.br\/#\/schema\/person\/9ec101baf56233e53520c26de5d6f6f0\",\"name\":\"Reda\u00e7\u00e3o Portal MF\",\"image\":{\"@type\":\"ImageObject\",\"inLanguage\":\"pt-BR\",\"@id\":\"https:\/\/portalmf.com.br\/#\/schema\/person\/image\/\",\"url\":\"https:\/\/secure.gravatar.com\/avatar\/41b9aaeb2100835f7c64362330f74c7f?s=96&d=mm&r=g\",\"contentUrl\":\"https:\/\/secure.gravatar.com\/avatar\/41b9aaeb2100835f7c64362330f74c7f?s=96&d=mm&r=g\",\"caption\":\"Reda\u00e7\u00e3o Portal MF\"},\"description\":\"Sejam bem-vindos o portal de informa\u00e7\u00f5es de entretenimento de Feira de Santana, desde 2006 realiza coberturas dos principais eventos com entrevistas exclusivas com as principais personalidades mundiais. Fique conectado tamb\u00e9m nas redes sociais.\",\"sameAs\":[\"http:\/\/www.portalmf.com.br\/\",\"https:\/\/www.facebook.com\/portalmfoficial\",\"https:\/\/www.instagram.com\/portalmf\/\",\"https:\/\/x.com\/https:\/\/x.com\/portalmfoficial\",\"https:\/\/www.youtube.com\/@portalmfoficial\"],\"url\":\"https:\/\/portalmf.com.br\/index.php\/author\/junior\/\"}]}<\/script>\n<!-- \/ Yoast SEO plugin. -->","yoast_head_json":{"title":"Carlinhos Brown comandou ensaio de ver\u00e3o do Bloco Timbalada - Portal MF","robots":{"index":"index","follow":"follow","max-snippet":"max-snippet:-1","max-image-preview":"max-image-preview:large","max-video-preview":"max-video-preview:-1"},"canonical":"https:\/\/portalmf.com.br\/index.php\/2023\/01\/16\/carlinhos-brown-comandou-ensaio-de-verao-do-bloco-timbalada\/","og_locale":"pt_BR","og_type":"article","og_title":"Carlinhos Brown comandou ensaio de ver\u00e3o do Bloco Timbalada - Portal MF","og_description":"Sob o comando de Carlinhos Brown, o p\u00fablico lotou o espa\u00e7o &#8211; que contou com todos os ingressos esgotados &#8211; e fez valer a experi\u00eancia de curtir um dos maiores ensaios de ver\u00e3o da capital baiana. O cacique recebeu no palco grandes artistas da m\u00fasica baiana &#8211; ex integrantes da banda TIMBALADA &#8211; como Patr\u00edcia [&hellip;]","og_url":"https:\/\/portalmf.com.br\/index.php\/2023\/01\/16\/carlinhos-brown-comandou-ensaio-de-verao-do-bloco-timbalada\/","og_site_name":"Portal MF","article_author":"https:\/\/www.facebook.com\/portalmfoficial","article_published_time":"2023-01-16T17:26:00+00:00","article_modified_time":"2023-01-17T19:33:19+00:00","og_image":[{"width":1600,"height":1066,"url":"https:\/\/portalmf.com.br\/wp-content\/uploads\/2023\/01\/Carlinhos-Brown-comandou-ensaio-de-verao-do-Bloco-Timbalada-10.jpeg","type":"image\/jpeg"}],"author":"Reda\u00e7\u00e3o Portal MF","twitter_card":"summary_large_image","twitter_creator":"@https:\/\/x.com\/portalmfoficial","twitter_misc":{"Escrito por":"Reda\u00e7\u00e3o Portal MF","Est. tempo de leitura":"4 minutos"},"schema":{"@context":"https:\/\/schema.org","@graph":[{"@type":"WebPage","@id":"https:\/\/portalmf.com.br\/index.php\/2023\/01\/16\/carlinhos-brown-comandou-ensaio-de-verao-do-bloco-timbalada\/","url":"https:\/\/portalmf.com.br\/index.php\/2023\/01\/16\/carlinhos-brown-comandou-ensaio-de-verao-do-bloco-timbalada\/","name":"Carlinhos Brown comandou ensaio de ver\u00e3o do Bloco Timbalada - Portal MF","isPartOf":{"@id":"https:\/\/portalmf.com.br\/#website"},"primaryImageOfPage":{"@id":"https:\/\/portalmf.com.br\/index.php\/2023\/01\/16\/carlinhos-brown-comandou-ensaio-de-verao-do-bloco-timbalada\/#primaryimage"},"image":{"@id":"https:\/\/portalmf.com.br\/index.php\/2023\/01\/16\/carlinhos-brown-comandou-ensaio-de-verao-do-bloco-timbalada\/#primaryimage"},"thumbnailUrl":"https:\/\/portalmf.com.br\/wp-content\/uploads\/2023\/01\/Carlinhos-Brown-comandou-ensaio-de-verao-do-Bloco-Timbalada-10.jpeg","datePublished":"2023-01-16T17:26:00+00:00","dateModified":"2023-01-17T19:33:19+00:00","author":{"@id":"https:\/\/portalmf.com.br\/#\/schema\/person\/9ec101baf56233e53520c26de5d6f6f0"},"breadcrumb":{"@id":"https:\/\/portalmf.com.br\/index.php\/2023\/01\/16\/carlinhos-brown-comandou-ensaio-de-verao-do-bloco-timbalada\/#breadcrumb"},"inLanguage":"pt-BR","potentialAction":[{"@type":"ReadAction","target":["https:\/\/portalmf.com.br\/index.php\/2023\/01\/16\/carlinhos-brown-comandou-ensaio-de-verao-do-bloco-timbalada\/"]}]},{"@type":"ImageObject","inLanguage":"pt-BR","@id":"https:\/\/portalmf.com.br\/index.php\/2023\/01\/16\/carlinhos-brown-comandou-ensaio-de-verao-do-bloco-timbalada\/#primaryimage","url":"https:\/\/portalmf.com.br\/wp-content\/uploads\/2023\/01\/Carlinhos-Brown-comandou-ensaio-de-verao-do-Bloco-Timbalada-10.jpeg","contentUrl":"https:\/\/portalmf.com.br\/wp-content\/uploads\/2023\/01\/Carlinhos-Brown-comandou-ensaio-de-verao-do-Bloco-Timbalada-10.jpeg","width":1600,"height":1066,"caption":"Foto: Mateus Ross e Lucas Leawr"},{"@type":"BreadcrumbList","@id":"https:\/\/portalmf.com.br\/index.php\/2023\/01\/16\/carlinhos-brown-comandou-ensaio-de-verao-do-bloco-timbalada\/#breadcrumb","itemListElement":[{"@type":"ListItem","position":1,"name":"In\u00edcio","item":"https:\/\/portalmf.com.br\/"},{"@type":"ListItem","position":2,"name":"Carlinhos Brown comandou ensaio de ver\u00e3o do Bloco Timbalada"}]},{"@type":"WebSite","@id":"https:\/\/portalmf.com.br\/#website","url":"https:\/\/portalmf.com.br\/","name":"Portal MF","description":"Voc\u00ea conectado com a informa\u00e7\u00e3o","potentialAction":[{"@type":"SearchAction","target":{"@type":"EntryPoint","urlTemplate":"https:\/\/portalmf.com.br\/?s={search_term_string}"},"query-input":"required name=search_term_string"}],"inLanguage":"pt-BR"},{"@type":"Person","@id":"https:\/\/portalmf.com.br\/#\/schema\/person\/9ec101baf56233e53520c26de5d6f6f0","name":"Reda\u00e7\u00e3o Portal MF","image":{"@type":"ImageObject","inLanguage":"pt-BR","@id":"https:\/\/portalmf.com.br\/#\/schema\/person\/image\/","url":"https:\/\/secure.gravatar.com\/avatar\/41b9aaeb2100835f7c64362330f74c7f?s=96&d=mm&r=g","contentUrl":"https:\/\/secure.gravatar.com\/avatar\/41b9aaeb2100835f7c64362330f74c7f?s=96&d=mm&r=g","caption":"Reda\u00e7\u00e3o Portal MF"},"description":"Sejam bem-vindos o portal de informa\u00e7\u00f5es de entretenimento de Feira de Santana, desde 2006 realiza coberturas dos principais eventos com entrevistas exclusivas com as principais personalidades mundiais. Fique conectado tamb\u00e9m nas redes sociais.","sameAs":["http:\/\/www.portalmf.com.br\/","https:\/\/www.facebook.com\/portalmfoficial","https:\/\/www.instagram.com\/portalmf\/","https:\/\/x.com\/https:\/\/x.com\/portalmfoficial","https:\/\/www.youtube.com\/@portalmfoficial"],"url":"https:\/\/portalmf.com.br\/index.php\/author\/junior\/"}]}},"_links":{"self":[{"href":"https:\/\/portalmf.com.br\/index.php\/wp-json\/wp\/v2\/posts\/7963"}],"collection":[{"href":"https:\/\/portalmf.com.br\/index.php\/wp-json\/wp\/v2\/posts"}],"about":[{"href":"https:\/\/portalmf.com.br\/index.php\/wp-json\/wp\/v2\/types\/post"}],"author":[{"embeddable":true,"href":"https:\/\/portalmf.com.br\/index.php\/wp-json\/wp\/v2\/users\/3"}],"replies":[{"embeddable":true,"href":"https:\/\/portalmf.com.br\/index.php\/wp-json\/wp\/v2\/comments?post=7963"}],"version-history":[{"count":2,"href":"https:\/\/portalmf.com.br\/index.php\/wp-json\/wp\/v2\/posts\/7963\/revisions"}],"predecessor-version":[{"id":7978,"href":"https:\/\/portalmf.com.br\/index.php\/wp-json\/wp\/v2\/posts\/7963\/revisions\/7978"}],"wp:featuredmedia":[{"embeddable":true,"href":"https:\/\/portalmf.com.br\/index.php\/wp-json\/wp\/v2\/media\/7974"}],"wp:attachment":[{"href":"https:\/\/portalmf.com.br\/index.php\/wp-json\/wp\/v2\/media?parent=7963"}],"wp:term":[{"taxonomy":"category","embeddable":true,"href":"https:\/\/portalmf.com.br\/index.php\/wp-json\/wp\/v2\/categories?post=7963"},{"taxonomy":"post_tag","embeddable":true,"href":"https:\/\/portalmf.com.br\/index.php\/wp-json\/wp\/v2\/tags?post=7963"}],"curies":[{"name":"wp","href":"https:\/\/api.w.org\/{rel}","templated":true}]}}