{"id":7954,"date":"2023-01-16T16:15:02","date_gmt":"2023-01-16T19:15:02","guid":{"rendered":"https:\/\/portalmf.com.br\/?p=7954"},"modified":"2023-01-20T16:59:33","modified_gmt":"2023-01-20T19:59:33","slug":"mais-quatro-mascarados-sao-confirmados-no-the-masked-singer-brasil","status":"publish","type":"post","link":"https:\/\/portalmf.com.br\/index.php\/2023\/01\/16\/mais-quatro-mascarados-sao-confirmados-no-the-masked-singer-brasil\/","title":{"rendered":"Mais quatro mascarados s\u00e3o confirmados no &#8216;The Masked Singer Brasil&#8217;"},"content":{"rendered":"\n<p>Tem mais gente chegando \u00e0 terceira temporada do &#8216;The Masked Singer Brasil&#8217;, que estreia no dia 22 de janeiro nas tardes de domingo da TV Globo. Abelha-Rainha, Coelho, a dupla Romeu e Julieta e, pela primeira vez, o trio Os Suculentos v\u00e3o encantar e despistar suas verdadeiras identidades do p\u00fablico e dos jurados Sabrina Sato, Ta\u00eds Araujo, Mateus Solano e Eduardo Sterblitch.<\/p>\n\n\n\n<p>Os figurinistas Gabriel Haddad e Leonardo Bora, carnavalescos da escola de samba Acad\u00eamicos do Grande Rio, atual campe\u00e3 do Carnaval carioca, s\u00e3o os respons\u00e1veis pela concep\u00e7\u00e3o e produ\u00e7\u00e3o das fantasias.<\/p>\n\n\n\n<p><em>&#8220;O trabalho com o Carnaval nos oferece o dom\u00ednio t\u00e9cnico de uma s\u00e9rie de pontos importantes para a execu\u00e7\u00e3o das fantasias de um programa como o &#8216;The Masked Singer Brasil&#8217;. H\u00e1 diferen\u00e7as de linguagens, claro, dadas \u00e0s naturezas distintas dos eventos, mas tamb\u00e9m pontos de contato \u2013 e estes foram os aspectos que mais enfatizamos quando executamos as fantasias. Estruturas, materiais, t\u00e9cnicas de acabamento, esculturas, tudo foi levado em conta&#8221;,<\/em> conta Leonardo.<\/p>\n\n\n\n<p><strong>Conhe\u00e7a os novos mascarados<\/strong><\/p>\n\n\n\n<p>Ela voa de flor em flor e agora vai pousar no palco do \u2018The Masked Singer Brasil\u2019. Nossa&nbsp;<strong>Abelha-Rainha&nbsp;<\/strong>\u00e9 uma l\u00edder nata e tem temperamento forte. Sua fantasia \u00e9 de tecido cirr\u00e9 e lurex com tons de amarelo e preto.<\/p>\n\n\n\n<figure class=\"wp-block-image size-large\"><img fetchpriority=\"high\" decoding=\"async\" width=\"1024\" height=\"1024\" src=\"https:\/\/portalmf.com.br\/wp-content\/uploads\/2023\/01\/assets_fotos_985_mais-quatro-mascarados-sao-confirmados-no-the-masked-singer-brasil-adce1c5db7f9-1024x1024.jpg\" alt=\"\" class=\"wp-image-7955\" srcset=\"https:\/\/portalmf.com.br\/wp-content\/uploads\/2023\/01\/assets_fotos_985_mais-quatro-mascarados-sao-confirmados-no-the-masked-singer-brasil-adce1c5db7f9-1024x1024.jpg 1024w, https:\/\/portalmf.com.br\/wp-content\/uploads\/2023\/01\/assets_fotos_985_mais-quatro-mascarados-sao-confirmados-no-the-masked-singer-brasil-adce1c5db7f9-300x300.jpg 300w, https:\/\/portalmf.com.br\/wp-content\/uploads\/2023\/01\/assets_fotos_985_mais-quatro-mascarados-sao-confirmados-no-the-masked-singer-brasil-adce1c5db7f9-150x150.jpg 150w, https:\/\/portalmf.com.br\/wp-content\/uploads\/2023\/01\/assets_fotos_985_mais-quatro-mascarados-sao-confirmados-no-the-masked-singer-brasil-adce1c5db7f9-768x768.jpg 768w, https:\/\/portalmf.com.br\/wp-content\/uploads\/2023\/01\/assets_fotos_985_mais-quatro-mascarados-sao-confirmados-no-the-masked-singer-brasil-adce1c5db7f9-1536x1536.jpg 1536w, https:\/\/portalmf.com.br\/wp-content\/uploads\/2023\/01\/assets_fotos_985_mais-quatro-mascarados-sao-confirmados-no-the-masked-singer-brasil-adce1c5db7f9-2048x2048.jpg 2048w, https:\/\/portalmf.com.br\/wp-content\/uploads\/2023\/01\/assets_fotos_985_mais-quatro-mascarados-sao-confirmados-no-the-masked-singer-brasil-adce1c5db7f9-1920x1920.jpg 1920w, https:\/\/portalmf.com.br\/wp-content\/uploads\/2023\/01\/assets_fotos_985_mais-quatro-mascarados-sao-confirmados-no-the-masked-singer-brasil-adce1c5db7f9-1170x1170.jpg 1170w, https:\/\/portalmf.com.br\/wp-content\/uploads\/2023\/01\/assets_fotos_985_mais-quatro-mascarados-sao-confirmados-no-the-masked-singer-brasil-adce1c5db7f9-585x585.jpg 585w\" sizes=\"(max-width: 1024px) 100vw, 1024px\" \/><figcaption class=\"wp-element-caption\">Abelha-Rainha<\/figcaption><\/figure>\n\n\n\n<p>O&nbsp;<strong>Coelho<\/strong>&nbsp;\u00e9 capaz de surpreender a todos com o seu infinito repert\u00f3rio de truques de m\u00e1gica. Sua fantasia tem um trabalho minucioso com brilhos, pedras, pel\u00facia e tecidos furta-cor, al\u00e9m de elementos associados \u00e0 tradi\u00e7\u00e3o dos maiores shows de m\u00e1gica, como cartas, bolas de cristal, estrelas e luzes.&nbsp;<\/p>\n\n\n\n<figure class=\"wp-block-image size-large\"><img decoding=\"async\" width=\"1024\" height=\"1024\" src=\"https:\/\/portalmf.com.br\/wp-content\/uploads\/2023\/01\/assets_fotos_985_mais-quatro-mascarados-sao-confirmados-no-the-masked-singer-brasil-698657b5533f-1024x1024.jpg\" alt=\"\" class=\"wp-image-7959\" srcset=\"https:\/\/portalmf.com.br\/wp-content\/uploads\/2023\/01\/assets_fotos_985_mais-quatro-mascarados-sao-confirmados-no-the-masked-singer-brasil-698657b5533f-1024x1024.jpg 1024w, https:\/\/portalmf.com.br\/wp-content\/uploads\/2023\/01\/assets_fotos_985_mais-quatro-mascarados-sao-confirmados-no-the-masked-singer-brasil-698657b5533f-300x300.jpg 300w, https:\/\/portalmf.com.br\/wp-content\/uploads\/2023\/01\/assets_fotos_985_mais-quatro-mascarados-sao-confirmados-no-the-masked-singer-brasil-698657b5533f-150x150.jpg 150w, https:\/\/portalmf.com.br\/wp-content\/uploads\/2023\/01\/assets_fotos_985_mais-quatro-mascarados-sao-confirmados-no-the-masked-singer-brasil-698657b5533f-768x768.jpg 768w, https:\/\/portalmf.com.br\/wp-content\/uploads\/2023\/01\/assets_fotos_985_mais-quatro-mascarados-sao-confirmados-no-the-masked-singer-brasil-698657b5533f-1536x1536.jpg 1536w, https:\/\/portalmf.com.br\/wp-content\/uploads\/2023\/01\/assets_fotos_985_mais-quatro-mascarados-sao-confirmados-no-the-masked-singer-brasil-698657b5533f-2048x2048.jpg 2048w, https:\/\/portalmf.com.br\/wp-content\/uploads\/2023\/01\/assets_fotos_985_mais-quatro-mascarados-sao-confirmados-no-the-masked-singer-brasil-698657b5533f-1920x1920.jpg 1920w, https:\/\/portalmf.com.br\/wp-content\/uploads\/2023\/01\/assets_fotos_985_mais-quatro-mascarados-sao-confirmados-no-the-masked-singer-brasil-698657b5533f-1170x1170.jpg 1170w, https:\/\/portalmf.com.br\/wp-content\/uploads\/2023\/01\/assets_fotos_985_mais-quatro-mascarados-sao-confirmados-no-the-masked-singer-brasil-698657b5533f-585x585.jpg 585w\" sizes=\"(max-width: 1024px) 100vw, 1024px\" \/><figcaption class=\"wp-element-caption\">Coelho<\/figcaption><\/figure>\n\n\n\n<p>Uma combina\u00e7\u00e3o bem rom\u00e2ntica e brasileira: o imperd\u00edvel queijo com goiabada!<strong>&nbsp;Romeu e Julieta&nbsp;<\/strong>v\u00e3o inspirar os cora\u00e7\u00f5es apaixonados. A dupla chega ao &#8216;The Masked Singer Brasil&#8217; com suas golas rufo, renda e estampas.<\/p>\n\n\n\n<figure class=\"wp-block-image size-large\"><img decoding=\"async\" width=\"1024\" height=\"1024\" src=\"https:\/\/portalmf.com.br\/wp-content\/uploads\/2023\/01\/assets_fotos_985_mais-quatro-mascarados-sao-confirmados-no-the-masked-singer-brasil-6501c82cca59-1024x1024.jpg\" alt=\"\" class=\"wp-image-7957\" srcset=\"https:\/\/portalmf.com.br\/wp-content\/uploads\/2023\/01\/assets_fotos_985_mais-quatro-mascarados-sao-confirmados-no-the-masked-singer-brasil-6501c82cca59-1024x1024.jpg 1024w, https:\/\/portalmf.com.br\/wp-content\/uploads\/2023\/01\/assets_fotos_985_mais-quatro-mascarados-sao-confirmados-no-the-masked-singer-brasil-6501c82cca59-300x300.jpg 300w, https:\/\/portalmf.com.br\/wp-content\/uploads\/2023\/01\/assets_fotos_985_mais-quatro-mascarados-sao-confirmados-no-the-masked-singer-brasil-6501c82cca59-150x150.jpg 150w, https:\/\/portalmf.com.br\/wp-content\/uploads\/2023\/01\/assets_fotos_985_mais-quatro-mascarados-sao-confirmados-no-the-masked-singer-brasil-6501c82cca59-768x768.jpg 768w, https:\/\/portalmf.com.br\/wp-content\/uploads\/2023\/01\/assets_fotos_985_mais-quatro-mascarados-sao-confirmados-no-the-masked-singer-brasil-6501c82cca59-1536x1536.jpg 1536w, https:\/\/portalmf.com.br\/wp-content\/uploads\/2023\/01\/assets_fotos_985_mais-quatro-mascarados-sao-confirmados-no-the-masked-singer-brasil-6501c82cca59-2048x2048.jpg 2048w, https:\/\/portalmf.com.br\/wp-content\/uploads\/2023\/01\/assets_fotos_985_mais-quatro-mascarados-sao-confirmados-no-the-masked-singer-brasil-6501c82cca59-1920x1920.jpg 1920w, https:\/\/portalmf.com.br\/wp-content\/uploads\/2023\/01\/assets_fotos_985_mais-quatro-mascarados-sao-confirmados-no-the-masked-singer-brasil-6501c82cca59-1170x1170.jpg 1170w, https:\/\/portalmf.com.br\/wp-content\/uploads\/2023\/01\/assets_fotos_985_mais-quatro-mascarados-sao-confirmados-no-the-masked-singer-brasil-6501c82cca59-585x585.jpg 585w\" sizes=\"(max-width: 1024px) 100vw, 1024px\" \/><figcaption class=\"wp-element-caption\">Romeu e Julieta<\/figcaption><\/figure>\n\n\n\n<p>Diretamente de uma horta org\u00e2nica para o palco do &#8216;The Masked Singer Brasil&#8217;,&nbsp;<strong>Os Suculentos&nbsp;<\/strong>s\u00e3o antenados e engajados em diversas causas como arremesso de buqu\u00eas indefesos e abandono de mudas de planta em apartamento.<\/p>\n\n\n\n<figure class=\"wp-block-image size-large\"><img loading=\"lazy\" decoding=\"async\" width=\"1024\" height=\"1024\" src=\"https:\/\/portalmf.com.br\/wp-content\/uploads\/2023\/01\/assets_fotos_985_mais-quatro-mascarados-sao-confirmados-no-the-masked-singer-brasil-24655b74c4e2-1024x1024.jpg\" alt=\"\" class=\"wp-image-7958\" srcset=\"https:\/\/portalmf.com.br\/wp-content\/uploads\/2023\/01\/assets_fotos_985_mais-quatro-mascarados-sao-confirmados-no-the-masked-singer-brasil-24655b74c4e2-1024x1024.jpg 1024w, https:\/\/portalmf.com.br\/wp-content\/uploads\/2023\/01\/assets_fotos_985_mais-quatro-mascarados-sao-confirmados-no-the-masked-singer-brasil-24655b74c4e2-300x300.jpg 300w, https:\/\/portalmf.com.br\/wp-content\/uploads\/2023\/01\/assets_fotos_985_mais-quatro-mascarados-sao-confirmados-no-the-masked-singer-brasil-24655b74c4e2-150x150.jpg 150w, https:\/\/portalmf.com.br\/wp-content\/uploads\/2023\/01\/assets_fotos_985_mais-quatro-mascarados-sao-confirmados-no-the-masked-singer-brasil-24655b74c4e2-768x768.jpg 768w, https:\/\/portalmf.com.br\/wp-content\/uploads\/2023\/01\/assets_fotos_985_mais-quatro-mascarados-sao-confirmados-no-the-masked-singer-brasil-24655b74c4e2-1536x1536.jpg 1536w, https:\/\/portalmf.com.br\/wp-content\/uploads\/2023\/01\/assets_fotos_985_mais-quatro-mascarados-sao-confirmados-no-the-masked-singer-brasil-24655b74c4e2-2048x2048.jpg 2048w, https:\/\/portalmf.com.br\/wp-content\/uploads\/2023\/01\/assets_fotos_985_mais-quatro-mascarados-sao-confirmados-no-the-masked-singer-brasil-24655b74c4e2-1920x1920.jpg 1920w, https:\/\/portalmf.com.br\/wp-content\/uploads\/2023\/01\/assets_fotos_985_mais-quatro-mascarados-sao-confirmados-no-the-masked-singer-brasil-24655b74c4e2-1170x1170.jpg 1170w, https:\/\/portalmf.com.br\/wp-content\/uploads\/2023\/01\/assets_fotos_985_mais-quatro-mascarados-sao-confirmados-no-the-masked-singer-brasil-24655b74c4e2-585x585.jpg 585w\" sizes=\"(max-width: 1024px) 100vw, 1024px\" \/><figcaption class=\"wp-element-caption\">Os Suculentos<\/figcaption><\/figure>\n\n\n\n<p>O &#8216;The Masked Singer Brasil\u2019 \u00e9 uma coprodu\u00e7\u00e3o TV Globo e Endemol Shine Brasil, baseado no formato sul-coreano criado pela Mun Hwa Broadcasting Corp, tem dire\u00e7\u00e3o art\u00edstica de Adriano Ricco (TV Globo) e dire\u00e7\u00e3o de Marcelo Amiky (Endemol Shine Brasil). O reality tem previs\u00e3o de estreia dia 22 de janeiro.<\/p>\n","protected":false},"excerpt":{"rendered":"<p>Tem mais gente chegando \u00e0 terceira temporada do &#8216;The Masked Singer Brasil&#8217;, que estreia no dia 22 de janeiro nas tardes de domingo da TV Globo. Abelha-Rainha, Coelho, a dupla Romeu e Julieta e, pela primeira vez, o trio Os Suculentos v\u00e3o encantar e despistar suas verdadeiras identidades do p\u00fablico e dos jurados Sabrina Sato, [&hellip;]<\/p>\n","protected":false},"author":3,"featured_media":7960,"comment_status":"open","ping_status":"open","sticky":false,"template":"","format":"standard","meta":{"_monsterinsights_skip_tracking":false,"_monsterinsights_sitenote_active":false,"_monsterinsights_sitenote_note":"","_monsterinsights_sitenote_category":0,"footnotes":""},"categories":[43],"tags":[],"yoast_head":"<!-- This site is optimized with the Yoast SEO plugin v22.9 - https:\/\/yoast.com\/wordpress\/plugins\/seo\/ -->\n<title>Mais quatro mascarados s\u00e3o confirmados no &#039;The Masked Singer Brasil&#039; - Portal MF<\/title>\n<meta name=\"robots\" content=\"index, follow, max-snippet:-1, max-image-preview:large, max-video-preview:-1\" \/>\n<link rel=\"canonical\" href=\"https:\/\/portalmf.com.br\/index.php\/2023\/01\/16\/mais-quatro-mascarados-sao-confirmados-no-the-masked-singer-brasil\/\" \/>\n<meta property=\"og:locale\" content=\"pt_BR\" \/>\n<meta property=\"og:type\" content=\"article\" \/>\n<meta property=\"og:title\" content=\"Mais quatro mascarados s\u00e3o confirmados no &#039;The Masked Singer Brasil&#039; - Portal MF\" \/>\n<meta property=\"og:description\" content=\"Tem mais gente chegando \u00e0 terceira temporada do &#8216;The Masked Singer Brasil&#8217;, que estreia no dia 22 de janeiro nas tardes de domingo da TV Globo. Abelha-Rainha, Coelho, a dupla Romeu e Julieta e, pela primeira vez, o trio Os Suculentos v\u00e3o encantar e despistar suas verdadeiras identidades do p\u00fablico e dos jurados Sabrina Sato, [&hellip;]\" \/>\n<meta property=\"og:url\" content=\"https:\/\/portalmf.com.br\/index.php\/2023\/01\/16\/mais-quatro-mascarados-sao-confirmados-no-the-masked-singer-brasil\/\" \/>\n<meta property=\"og:site_name\" content=\"Portal MF\" \/>\n<meta property=\"article:author\" content=\"https:\/\/www.facebook.com\/portalmfoficial\" \/>\n<meta property=\"article:published_time\" content=\"2023-01-16T19:15:02+00:00\" \/>\n<meta property=\"article:modified_time\" content=\"2023-01-20T19:59:33+00:00\" \/>\n<meta property=\"og:image\" content=\"https:\/\/portalmf.com.br\/wp-content\/uploads\/2023\/01\/assets_fotos_936_domingo-e-dia-de-final-no-the-masked-singer-brasil-49f88aef9807-scaled.jpg\" \/>\n\t<meta property=\"og:image:width\" content=\"2560\" \/>\n\t<meta property=\"og:image:height\" content=\"1707\" \/>\n\t<meta property=\"og:image:type\" content=\"image\/jpeg\" \/>\n<meta name=\"author\" content=\"Reda\u00e7\u00e3o Portal MF\" \/>\n<meta name=\"twitter:card\" content=\"summary_large_image\" \/>\n<meta name=\"twitter:creator\" content=\"@https:\/\/x.com\/portalmfoficial\" \/>\n<meta name=\"twitter:label1\" content=\"Escrito por\" \/>\n\t<meta name=\"twitter:data1\" content=\"Reda\u00e7\u00e3o Portal MF\" \/>\n\t<meta name=\"twitter:label2\" content=\"Est. tempo de leitura\" \/>\n\t<meta name=\"twitter:data2\" content=\"3 minutos\" \/>\n<script type=\"application\/ld+json\" class=\"yoast-schema-graph\">{\"@context\":\"https:\/\/schema.org\",\"@graph\":[{\"@type\":\"WebPage\",\"@id\":\"https:\/\/portalmf.com.br\/index.php\/2023\/01\/16\/mais-quatro-mascarados-sao-confirmados-no-the-masked-singer-brasil\/\",\"url\":\"https:\/\/portalmf.com.br\/index.php\/2023\/01\/16\/mais-quatro-mascarados-sao-confirmados-no-the-masked-singer-brasil\/\",\"name\":\"Mais quatro mascarados s\u00e3o confirmados no 'The Masked Singer Brasil' - Portal MF\",\"isPartOf\":{\"@id\":\"https:\/\/portalmf.com.br\/#website\"},\"primaryImageOfPage\":{\"@id\":\"https:\/\/portalmf.com.br\/index.php\/2023\/01\/16\/mais-quatro-mascarados-sao-confirmados-no-the-masked-singer-brasil\/#primaryimage\"},\"image\":{\"@id\":\"https:\/\/portalmf.com.br\/index.php\/2023\/01\/16\/mais-quatro-mascarados-sao-confirmados-no-the-masked-singer-brasil\/#primaryimage\"},\"thumbnailUrl\":\"https:\/\/portalmf.com.br\/wp-content\/uploads\/2023\/01\/assets_fotos_936_domingo-e-dia-de-final-no-the-masked-singer-brasil-49f88aef9807-scaled.jpg\",\"datePublished\":\"2023-01-16T19:15:02+00:00\",\"dateModified\":\"2023-01-20T19:59:33+00:00\",\"author\":{\"@id\":\"https:\/\/portalmf.com.br\/#\/schema\/person\/9ec101baf56233e53520c26de5d6f6f0\"},\"breadcrumb\":{\"@id\":\"https:\/\/portalmf.com.br\/index.php\/2023\/01\/16\/mais-quatro-mascarados-sao-confirmados-no-the-masked-singer-brasil\/#breadcrumb\"},\"inLanguage\":\"pt-BR\",\"potentialAction\":[{\"@type\":\"ReadAction\",\"target\":[\"https:\/\/portalmf.com.br\/index.php\/2023\/01\/16\/mais-quatro-mascarados-sao-confirmados-no-the-masked-singer-brasil\/\"]}]},{\"@type\":\"ImageObject\",\"inLanguage\":\"pt-BR\",\"@id\":\"https:\/\/portalmf.com.br\/index.php\/2023\/01\/16\/mais-quatro-mascarados-sao-confirmados-no-the-masked-singer-brasil\/#primaryimage\",\"url\":\"https:\/\/portalmf.com.br\/wp-content\/uploads\/2023\/01\/assets_fotos_936_domingo-e-dia-de-final-no-the-masked-singer-brasil-49f88aef9807-scaled.jpg\",\"contentUrl\":\"https:\/\/portalmf.com.br\/wp-content\/uploads\/2023\/01\/assets_fotos_936_domingo-e-dia-de-final-no-the-masked-singer-brasil-49f88aef9807-scaled.jpg\",\"width\":2560,\"height\":1707,\"caption\":\"Foto: Globo\/Mauricio Fidalgo\"},{\"@type\":\"BreadcrumbList\",\"@id\":\"https:\/\/portalmf.com.br\/index.php\/2023\/01\/16\/mais-quatro-mascarados-sao-confirmados-no-the-masked-singer-brasil\/#breadcrumb\",\"itemListElement\":[{\"@type\":\"ListItem\",\"position\":1,\"name\":\"In\u00edcio\",\"item\":\"https:\/\/portalmf.com.br\/\"},{\"@type\":\"ListItem\",\"position\":2,\"name\":\"Mais quatro mascarados s\u00e3o confirmados no &#8216;The Masked Singer Brasil&#8217;\"}]},{\"@type\":\"WebSite\",\"@id\":\"https:\/\/portalmf.com.br\/#website\",\"url\":\"https:\/\/portalmf.com.br\/\",\"name\":\"Portal MF\",\"description\":\"Voc\u00ea conectado com a informa\u00e7\u00e3o\",\"potentialAction\":[{\"@type\":\"SearchAction\",\"target\":{\"@type\":\"EntryPoint\",\"urlTemplate\":\"https:\/\/portalmf.com.br\/?s={search_term_string}\"},\"query-input\":\"required name=search_term_string\"}],\"inLanguage\":\"pt-BR\"},{\"@type\":\"Person\",\"@id\":\"https:\/\/portalmf.com.br\/#\/schema\/person\/9ec101baf56233e53520c26de5d6f6f0\",\"name\":\"Reda\u00e7\u00e3o Portal MF\",\"image\":{\"@type\":\"ImageObject\",\"inLanguage\":\"pt-BR\",\"@id\":\"https:\/\/portalmf.com.br\/#\/schema\/person\/image\/\",\"url\":\"https:\/\/secure.gravatar.com\/avatar\/41b9aaeb2100835f7c64362330f74c7f?s=96&d=mm&r=g\",\"contentUrl\":\"https:\/\/secure.gravatar.com\/avatar\/41b9aaeb2100835f7c64362330f74c7f?s=96&d=mm&r=g\",\"caption\":\"Reda\u00e7\u00e3o Portal MF\"},\"description\":\"Sejam bem-vindos o portal de informa\u00e7\u00f5es de entretenimento de Feira de Santana, desde 2006 realiza coberturas dos principais eventos com entrevistas exclusivas com as principais personalidades mundiais. Fique conectado tamb\u00e9m nas redes sociais.\",\"sameAs\":[\"http:\/\/www.portalmf.com.br\/\",\"https:\/\/www.facebook.com\/portalmfoficial\",\"https:\/\/www.instagram.com\/portalmf\/\",\"https:\/\/x.com\/https:\/\/x.com\/portalmfoficial\",\"https:\/\/www.youtube.com\/@portalmfoficial\"],\"url\":\"https:\/\/portalmf.com.br\/index.php\/author\/junior\/\"}]}<\/script>\n<!-- \/ Yoast SEO plugin. -->","yoast_head_json":{"title":"Mais quatro mascarados s\u00e3o confirmados no 'The Masked Singer Brasil' - Portal MF","robots":{"index":"index","follow":"follow","max-snippet":"max-snippet:-1","max-image-preview":"max-image-preview:large","max-video-preview":"max-video-preview:-1"},"canonical":"https:\/\/portalmf.com.br\/index.php\/2023\/01\/16\/mais-quatro-mascarados-sao-confirmados-no-the-masked-singer-brasil\/","og_locale":"pt_BR","og_type":"article","og_title":"Mais quatro mascarados s\u00e3o confirmados no 'The Masked Singer Brasil' - Portal MF","og_description":"Tem mais gente chegando \u00e0 terceira temporada do &#8216;The Masked Singer Brasil&#8217;, que estreia no dia 22 de janeiro nas tardes de domingo da TV Globo. Abelha-Rainha, Coelho, a dupla Romeu e Julieta e, pela primeira vez, o trio Os Suculentos v\u00e3o encantar e despistar suas verdadeiras identidades do p\u00fablico e dos jurados Sabrina Sato, [&hellip;]","og_url":"https:\/\/portalmf.com.br\/index.php\/2023\/01\/16\/mais-quatro-mascarados-sao-confirmados-no-the-masked-singer-brasil\/","og_site_name":"Portal MF","article_author":"https:\/\/www.facebook.com\/portalmfoficial","article_published_time":"2023-01-16T19:15:02+00:00","article_modified_time":"2023-01-20T19:59:33+00:00","og_image":[{"width":2560,"height":1707,"url":"https:\/\/portalmf.com.br\/wp-content\/uploads\/2023\/01\/assets_fotos_936_domingo-e-dia-de-final-no-the-masked-singer-brasil-49f88aef9807-scaled.jpg","type":"image\/jpeg"}],"author":"Reda\u00e7\u00e3o Portal MF","twitter_card":"summary_large_image","twitter_creator":"@https:\/\/x.com\/portalmfoficial","twitter_misc":{"Escrito por":"Reda\u00e7\u00e3o Portal MF","Est. tempo de leitura":"3 minutos"},"schema":{"@context":"https:\/\/schema.org","@graph":[{"@type":"WebPage","@id":"https:\/\/portalmf.com.br\/index.php\/2023\/01\/16\/mais-quatro-mascarados-sao-confirmados-no-the-masked-singer-brasil\/","url":"https:\/\/portalmf.com.br\/index.php\/2023\/01\/16\/mais-quatro-mascarados-sao-confirmados-no-the-masked-singer-brasil\/","name":"Mais quatro mascarados s\u00e3o confirmados no 'The Masked Singer Brasil' - Portal MF","isPartOf":{"@id":"https:\/\/portalmf.com.br\/#website"},"primaryImageOfPage":{"@id":"https:\/\/portalmf.com.br\/index.php\/2023\/01\/16\/mais-quatro-mascarados-sao-confirmados-no-the-masked-singer-brasil\/#primaryimage"},"image":{"@id":"https:\/\/portalmf.com.br\/index.php\/2023\/01\/16\/mais-quatro-mascarados-sao-confirmados-no-the-masked-singer-brasil\/#primaryimage"},"thumbnailUrl":"https:\/\/portalmf.com.br\/wp-content\/uploads\/2023\/01\/assets_fotos_936_domingo-e-dia-de-final-no-the-masked-singer-brasil-49f88aef9807-scaled.jpg","datePublished":"2023-01-16T19:15:02+00:00","dateModified":"2023-01-20T19:59:33+00:00","author":{"@id":"https:\/\/portalmf.com.br\/#\/schema\/person\/9ec101baf56233e53520c26de5d6f6f0"},"breadcrumb":{"@id":"https:\/\/portalmf.com.br\/index.php\/2023\/01\/16\/mais-quatro-mascarados-sao-confirmados-no-the-masked-singer-brasil\/#breadcrumb"},"inLanguage":"pt-BR","potentialAction":[{"@type":"ReadAction","target":["https:\/\/portalmf.com.br\/index.php\/2023\/01\/16\/mais-quatro-mascarados-sao-confirmados-no-the-masked-singer-brasil\/"]}]},{"@type":"ImageObject","inLanguage":"pt-BR","@id":"https:\/\/portalmf.com.br\/index.php\/2023\/01\/16\/mais-quatro-mascarados-sao-confirmados-no-the-masked-singer-brasil\/#primaryimage","url":"https:\/\/portalmf.com.br\/wp-content\/uploads\/2023\/01\/assets_fotos_936_domingo-e-dia-de-final-no-the-masked-singer-brasil-49f88aef9807-scaled.jpg","contentUrl":"https:\/\/portalmf.com.br\/wp-content\/uploads\/2023\/01\/assets_fotos_936_domingo-e-dia-de-final-no-the-masked-singer-brasil-49f88aef9807-scaled.jpg","width":2560,"height":1707,"caption":"Foto: Globo\/Mauricio Fidalgo"},{"@type":"BreadcrumbList","@id":"https:\/\/portalmf.com.br\/index.php\/2023\/01\/16\/mais-quatro-mascarados-sao-confirmados-no-the-masked-singer-brasil\/#breadcrumb","itemListElement":[{"@type":"ListItem","position":1,"name":"In\u00edcio","item":"https:\/\/portalmf.com.br\/"},{"@type":"ListItem","position":2,"name":"Mais quatro mascarados s\u00e3o confirmados no &#8216;The Masked Singer Brasil&#8217;"}]},{"@type":"WebSite","@id":"https:\/\/portalmf.com.br\/#website","url":"https:\/\/portalmf.com.br\/","name":"Portal MF","description":"Voc\u00ea conectado com a informa\u00e7\u00e3o","potentialAction":[{"@type":"SearchAction","target":{"@type":"EntryPoint","urlTemplate":"https:\/\/portalmf.com.br\/?s={search_term_string}"},"query-input":"required name=search_term_string"}],"inLanguage":"pt-BR"},{"@type":"Person","@id":"https:\/\/portalmf.com.br\/#\/schema\/person\/9ec101baf56233e53520c26de5d6f6f0","name":"Reda\u00e7\u00e3o Portal MF","image":{"@type":"ImageObject","inLanguage":"pt-BR","@id":"https:\/\/portalmf.com.br\/#\/schema\/person\/image\/","url":"https:\/\/secure.gravatar.com\/avatar\/41b9aaeb2100835f7c64362330f74c7f?s=96&d=mm&r=g","contentUrl":"https:\/\/secure.gravatar.com\/avatar\/41b9aaeb2100835f7c64362330f74c7f?s=96&d=mm&r=g","caption":"Reda\u00e7\u00e3o Portal MF"},"description":"Sejam bem-vindos o portal de informa\u00e7\u00f5es de entretenimento de Feira de Santana, desde 2006 realiza coberturas dos principais eventos com entrevistas exclusivas com as principais personalidades mundiais. Fique conectado tamb\u00e9m nas redes sociais.","sameAs":["http:\/\/www.portalmf.com.br\/","https:\/\/www.facebook.com\/portalmfoficial","https:\/\/www.instagram.com\/portalmf\/","https:\/\/x.com\/https:\/\/x.com\/portalmfoficial","https:\/\/www.youtube.com\/@portalmfoficial"],"url":"https:\/\/portalmf.com.br\/index.php\/author\/junior\/"}]}},"_links":{"self":[{"href":"https:\/\/portalmf.com.br\/index.php\/wp-json\/wp\/v2\/posts\/7954"}],"collection":[{"href":"https:\/\/portalmf.com.br\/index.php\/wp-json\/wp\/v2\/posts"}],"about":[{"href":"https:\/\/portalmf.com.br\/index.php\/wp-json\/wp\/v2\/types\/post"}],"author":[{"embeddable":true,"href":"https:\/\/portalmf.com.br\/index.php\/wp-json\/wp\/v2\/users\/3"}],"replies":[{"embeddable":true,"href":"https:\/\/portalmf.com.br\/index.php\/wp-json\/wp\/v2\/comments?post=7954"}],"version-history":[{"count":1,"href":"https:\/\/portalmf.com.br\/index.php\/wp-json\/wp\/v2\/posts\/7954\/revisions"}],"predecessor-version":[{"id":7961,"href":"https:\/\/portalmf.com.br\/index.php\/wp-json\/wp\/v2\/posts\/7954\/revisions\/7961"}],"wp:featuredmedia":[{"embeddable":true,"href":"https:\/\/portalmf.com.br\/index.php\/wp-json\/wp\/v2\/media\/7960"}],"wp:attachment":[{"href":"https:\/\/portalmf.com.br\/index.php\/wp-json\/wp\/v2\/media?parent=7954"}],"wp:term":[{"taxonomy":"category","embeddable":true,"href":"https:\/\/portalmf.com.br\/index.php\/wp-json\/wp\/v2\/categories?post=7954"},{"taxonomy":"post_tag","embeddable":true,"href":"https:\/\/portalmf.com.br\/index.php\/wp-json\/wp\/v2\/tags?post=7954"}],"curies":[{"name":"wp","href":"https:\/\/api.w.org\/{rel}","templated":true}]}}