{"id":7948,"date":"2023-01-16T15:40:28","date_gmt":"2023-01-16T18:40:28","guid":{"rendered":"https:\/\/portalmf.com.br\/?p=7948"},"modified":"2023-01-16T15:40:29","modified_gmt":"2023-01-16T18:40:29","slug":"rede-globo-fecha-acordo-para-transmissao-do-mundial-de-clubes","status":"publish","type":"post","link":"https:\/\/portalmf.com.br\/index.php\/2023\/01\/16\/rede-globo-fecha-acordo-para-transmissao-do-mundial-de-clubes\/","title":{"rendered":"Rede Globo fecha acordo para transmiss\u00e3o do Mundial de Clubes"},"content":{"rendered":"\n<p>A Globo fechou acordo para transmiss\u00e3o da edi\u00e7\u00e3o de 2022 do Mundial de Clubes, que ser\u00e1 disputada entre 1 e 11 de fevereiro deste ano, no Marrocos. Al\u00e9m da transmiss\u00e3o dos jogos, TV Globo, sportv, ge e globoplay far\u00e3o a cobertura completa da competi\u00e7\u00e3o, que contar\u00e1 com a participa\u00e7\u00e3o de sete clubes, incluindo Flamengo e Real Madrid.<\/p>\n\n\n\n<p>Pelo acordo firmado, o sportv transmitir\u00e1 todos os jogos. J\u00e1 a TV Globo acompanha os passos do Flamengo e mostra a decis\u00e3o, mesmo que o time brasileiro n\u00e3o esteja nela. O ge transmite ao vivo e de gra\u00e7a as partidas do Flamengo e a final.<\/p>\n\n\n\n<p>A Fifa fez na sexta-feira o sorteio das chaves da competi\u00e7\u00e3o, que come\u00e7ar\u00e1 no dia 1 de fevereiro com o confronto entre Al Ahly, do Egito, e Auckland City, da Nova Zel\u00e2ndia. O vencedor vai enfrentar o Seattle Sounders, dos EUA, na fase seguinte. O outro duelo das quartas de final ser\u00e1 entre Wydad Casablanca, do Marrocos, e Al Hilal, da Ar\u00e1bia Saudita.<\/p>\n\n\n\n<p>O Flamengo entra direto nas semifinais e enfrentar\u00e1 o vencedor de Wydad Casablanca x Al Hilal. O Real Madrid tamb\u00e9m j\u00e1 come\u00e7a a disputa na semifinal e ter\u00e1 pela frente quem se classificar da outra chave, que conta com Al Ahly, Auckland City e Seattle Sounders.<\/p>\n\n\n\n<p>Se Fifa mantiver as premia\u00e7\u00f5es da \u00faltima edi\u00e7\u00e3o, o campe\u00e3o receber\u00e1 US$ 5 milh\u00f5es (R$ 25,5 milh\u00f5es), o vice, US$ 4 milh\u00f5es (R$ 20,4 milh\u00f5es), o terceiro colocado, US$ 2,5 milh\u00f5es (R$ 12,75 milh\u00f5es) e o quarto, US$ 2 milh\u00f5es (R$ 10,2 milh\u00f5es).<\/p>\n\n\n\n<p>Com informa\u00e7\u00f5es do Globo Esporte<\/p>\n","protected":false},"excerpt":{"rendered":"<p>A Globo fechou acordo para transmiss\u00e3o da edi\u00e7\u00e3o de 2022 do Mundial de Clubes, que ser\u00e1 disputada entre 1 e 11 de fevereiro deste ano, no Marrocos. Al\u00e9m da transmiss\u00e3o dos jogos, TV Globo, sportv, ge e globoplay far\u00e3o a cobertura completa da competi\u00e7\u00e3o, que contar\u00e1 com a participa\u00e7\u00e3o de sete clubes, incluindo Flamengo e [&hellip;]<\/p>\n","protected":false},"author":3,"featured_media":7949,"comment_status":"open","ping_status":"open","sticky":false,"template":"","format":"standard","meta":{"_monsterinsights_skip_tracking":false,"_monsterinsights_sitenote_active":false,"_monsterinsights_sitenote_note":"","_monsterinsights_sitenote_category":0,"footnotes":""},"categories":[48,43],"tags":[],"yoast_head":"<!-- This site is optimized with the Yoast SEO plugin v22.9 - https:\/\/yoast.com\/wordpress\/plugins\/seo\/ -->\n<title>Rede Globo fecha acordo para transmiss\u00e3o do Mundial de Clubes - Portal MF<\/title>\n<meta name=\"robots\" content=\"index, follow, max-snippet:-1, max-image-preview:large, max-video-preview:-1\" \/>\n<link rel=\"canonical\" href=\"https:\/\/portalmf.com.br\/index.php\/2023\/01\/16\/rede-globo-fecha-acordo-para-transmissao-do-mundial-de-clubes\/\" \/>\n<meta property=\"og:locale\" content=\"pt_BR\" \/>\n<meta property=\"og:type\" content=\"article\" \/>\n<meta property=\"og:title\" content=\"Rede Globo fecha acordo para transmiss\u00e3o do Mundial de Clubes - Portal MF\" \/>\n<meta property=\"og:description\" content=\"A Globo fechou acordo para transmiss\u00e3o da edi\u00e7\u00e3o de 2022 do Mundial de Clubes, que ser\u00e1 disputada entre 1 e 11 de fevereiro deste ano, no Marrocos. Al\u00e9m da transmiss\u00e3o dos jogos, TV Globo, sportv, ge e globoplay far\u00e3o a cobertura completa da competi\u00e7\u00e3o, que contar\u00e1 com a participa\u00e7\u00e3o de sete clubes, incluindo Flamengo e [&hellip;]\" \/>\n<meta property=\"og:url\" content=\"https:\/\/portalmf.com.br\/index.php\/2023\/01\/16\/rede-globo-fecha-acordo-para-transmissao-do-mundial-de-clubes\/\" \/>\n<meta property=\"og:site_name\" content=\"Portal MF\" \/>\n<meta property=\"article:author\" content=\"https:\/\/www.facebook.com\/portalmfoficial\" \/>\n<meta property=\"article:published_time\" content=\"2023-01-16T18:40:28+00:00\" \/>\n<meta property=\"article:modified_time\" content=\"2023-01-16T18:40:29+00:00\" \/>\n<meta property=\"og:image\" content=\"https:\/\/portalmf.com.br\/wp-content\/uploads\/2023\/01\/trofeu-do-mundial-de-clubes-da-fifa-1540248298520-v2-900x506-1.jpg\" \/>\n\t<meta property=\"og:image:width\" content=\"984\" \/>\n\t<meta property=\"og:image:height\" content=\"553\" \/>\n\t<meta property=\"og:image:type\" content=\"image\/jpeg\" \/>\n<meta name=\"author\" content=\"Reda\u00e7\u00e3o Portal MF\" \/>\n<meta name=\"twitter:card\" content=\"summary_large_image\" \/>\n<meta name=\"twitter:creator\" content=\"@https:\/\/x.com\/portalmfoficial\" \/>\n<meta name=\"twitter:label1\" content=\"Escrito por\" \/>\n\t<meta name=\"twitter:data1\" content=\"Reda\u00e7\u00e3o Portal MF\" \/>\n\t<meta name=\"twitter:label2\" content=\"Est. tempo de leitura\" \/>\n\t<meta name=\"twitter:data2\" content=\"2 minutos\" \/>\n<script type=\"application\/ld+json\" class=\"yoast-schema-graph\">{\"@context\":\"https:\/\/schema.org\",\"@graph\":[{\"@type\":\"WebPage\",\"@id\":\"https:\/\/portalmf.com.br\/index.php\/2023\/01\/16\/rede-globo-fecha-acordo-para-transmissao-do-mundial-de-clubes\/\",\"url\":\"https:\/\/portalmf.com.br\/index.php\/2023\/01\/16\/rede-globo-fecha-acordo-para-transmissao-do-mundial-de-clubes\/\",\"name\":\"Rede Globo fecha acordo para transmiss\u00e3o do Mundial de Clubes - Portal MF\",\"isPartOf\":{\"@id\":\"https:\/\/portalmf.com.br\/#website\"},\"primaryImageOfPage\":{\"@id\":\"https:\/\/portalmf.com.br\/index.php\/2023\/01\/16\/rede-globo-fecha-acordo-para-transmissao-do-mundial-de-clubes\/#primaryimage\"},\"image\":{\"@id\":\"https:\/\/portalmf.com.br\/index.php\/2023\/01\/16\/rede-globo-fecha-acordo-para-transmissao-do-mundial-de-clubes\/#primaryimage\"},\"thumbnailUrl\":\"https:\/\/portalmf.com.br\/wp-content\/uploads\/2023\/01\/trofeu-do-mundial-de-clubes-da-fifa-1540248298520-v2-900x506-1.jpg\",\"datePublished\":\"2023-01-16T18:40:28+00:00\",\"dateModified\":\"2023-01-16T18:40:29+00:00\",\"author\":{\"@id\":\"https:\/\/portalmf.com.br\/#\/schema\/person\/9ec101baf56233e53520c26de5d6f6f0\"},\"breadcrumb\":{\"@id\":\"https:\/\/portalmf.com.br\/index.php\/2023\/01\/16\/rede-globo-fecha-acordo-para-transmissao-do-mundial-de-clubes\/#breadcrumb\"},\"inLanguage\":\"pt-BR\",\"potentialAction\":[{\"@type\":\"ReadAction\",\"target\":[\"https:\/\/portalmf.com.br\/index.php\/2023\/01\/16\/rede-globo-fecha-acordo-para-transmissao-do-mundial-de-clubes\/\"]}]},{\"@type\":\"ImageObject\",\"inLanguage\":\"pt-BR\",\"@id\":\"https:\/\/portalmf.com.br\/index.php\/2023\/01\/16\/rede-globo-fecha-acordo-para-transmissao-do-mundial-de-clubes\/#primaryimage\",\"url\":\"https:\/\/portalmf.com.br\/wp-content\/uploads\/2023\/01\/trofeu-do-mundial-de-clubes-da-fifa-1540248298520-v2-900x506-1.jpg\",\"contentUrl\":\"https:\/\/portalmf.com.br\/wp-content\/uploads\/2023\/01\/trofeu-do-mundial-de-clubes-da-fifa-1540248298520-v2-900x506-1.jpg\",\"width\":984,\"height\":553,\"caption\":\"Foto: Reprodu\u00e7\u00e3o\"},{\"@type\":\"BreadcrumbList\",\"@id\":\"https:\/\/portalmf.com.br\/index.php\/2023\/01\/16\/rede-globo-fecha-acordo-para-transmissao-do-mundial-de-clubes\/#breadcrumb\",\"itemListElement\":[{\"@type\":\"ListItem\",\"position\":1,\"name\":\"In\u00edcio\",\"item\":\"https:\/\/portalmf.com.br\/\"},{\"@type\":\"ListItem\",\"position\":2,\"name\":\"Rede Globo fecha acordo para transmiss\u00e3o do Mundial de Clubes\"}]},{\"@type\":\"WebSite\",\"@id\":\"https:\/\/portalmf.com.br\/#website\",\"url\":\"https:\/\/portalmf.com.br\/\",\"name\":\"Portal MF\",\"description\":\"Voc\u00ea conectado com a informa\u00e7\u00e3o\",\"potentialAction\":[{\"@type\":\"SearchAction\",\"target\":{\"@type\":\"EntryPoint\",\"urlTemplate\":\"https:\/\/portalmf.com.br\/?s={search_term_string}\"},\"query-input\":\"required name=search_term_string\"}],\"inLanguage\":\"pt-BR\"},{\"@type\":\"Person\",\"@id\":\"https:\/\/portalmf.com.br\/#\/schema\/person\/9ec101baf56233e53520c26de5d6f6f0\",\"name\":\"Reda\u00e7\u00e3o Portal MF\",\"image\":{\"@type\":\"ImageObject\",\"inLanguage\":\"pt-BR\",\"@id\":\"https:\/\/portalmf.com.br\/#\/schema\/person\/image\/\",\"url\":\"https:\/\/secure.gravatar.com\/avatar\/41b9aaeb2100835f7c64362330f74c7f?s=96&d=mm&r=g\",\"contentUrl\":\"https:\/\/secure.gravatar.com\/avatar\/41b9aaeb2100835f7c64362330f74c7f?s=96&d=mm&r=g\",\"caption\":\"Reda\u00e7\u00e3o Portal MF\"},\"description\":\"Sejam bem-vindos o portal de informa\u00e7\u00f5es de entretenimento de Feira de Santana, desde 2006 realiza coberturas dos principais eventos com entrevistas exclusivas com as principais personalidades mundiais. Fique conectado tamb\u00e9m nas redes sociais.\",\"sameAs\":[\"http:\/\/www.portalmf.com.br\/\",\"https:\/\/www.facebook.com\/portalmfoficial\",\"https:\/\/www.instagram.com\/portalmf\/\",\"https:\/\/x.com\/https:\/\/x.com\/portalmfoficial\",\"https:\/\/www.youtube.com\/@portalmfoficial\"],\"url\":\"https:\/\/portalmf.com.br\/index.php\/author\/junior\/\"}]}<\/script>\n<!-- \/ Yoast SEO plugin. -->","yoast_head_json":{"title":"Rede Globo fecha acordo para transmiss\u00e3o do Mundial de Clubes - Portal MF","robots":{"index":"index","follow":"follow","max-snippet":"max-snippet:-1","max-image-preview":"max-image-preview:large","max-video-preview":"max-video-preview:-1"},"canonical":"https:\/\/portalmf.com.br\/index.php\/2023\/01\/16\/rede-globo-fecha-acordo-para-transmissao-do-mundial-de-clubes\/","og_locale":"pt_BR","og_type":"article","og_title":"Rede Globo fecha acordo para transmiss\u00e3o do Mundial de Clubes - Portal MF","og_description":"A Globo fechou acordo para transmiss\u00e3o da edi\u00e7\u00e3o de 2022 do Mundial de Clubes, que ser\u00e1 disputada entre 1 e 11 de fevereiro deste ano, no Marrocos. Al\u00e9m da transmiss\u00e3o dos jogos, TV Globo, sportv, ge e globoplay far\u00e3o a cobertura completa da competi\u00e7\u00e3o, que contar\u00e1 com a participa\u00e7\u00e3o de sete clubes, incluindo Flamengo e [&hellip;]","og_url":"https:\/\/portalmf.com.br\/index.php\/2023\/01\/16\/rede-globo-fecha-acordo-para-transmissao-do-mundial-de-clubes\/","og_site_name":"Portal MF","article_author":"https:\/\/www.facebook.com\/portalmfoficial","article_published_time":"2023-01-16T18:40:28+00:00","article_modified_time":"2023-01-16T18:40:29+00:00","og_image":[{"width":984,"height":553,"url":"https:\/\/portalmf.com.br\/wp-content\/uploads\/2023\/01\/trofeu-do-mundial-de-clubes-da-fifa-1540248298520-v2-900x506-1.jpg","type":"image\/jpeg"}],"author":"Reda\u00e7\u00e3o Portal MF","twitter_card":"summary_large_image","twitter_creator":"@https:\/\/x.com\/portalmfoficial","twitter_misc":{"Escrito por":"Reda\u00e7\u00e3o Portal MF","Est. tempo de leitura":"2 minutos"},"schema":{"@context":"https:\/\/schema.org","@graph":[{"@type":"WebPage","@id":"https:\/\/portalmf.com.br\/index.php\/2023\/01\/16\/rede-globo-fecha-acordo-para-transmissao-do-mundial-de-clubes\/","url":"https:\/\/portalmf.com.br\/index.php\/2023\/01\/16\/rede-globo-fecha-acordo-para-transmissao-do-mundial-de-clubes\/","name":"Rede Globo fecha acordo para transmiss\u00e3o do Mundial de Clubes - Portal MF","isPartOf":{"@id":"https:\/\/portalmf.com.br\/#website"},"primaryImageOfPage":{"@id":"https:\/\/portalmf.com.br\/index.php\/2023\/01\/16\/rede-globo-fecha-acordo-para-transmissao-do-mundial-de-clubes\/#primaryimage"},"image":{"@id":"https:\/\/portalmf.com.br\/index.php\/2023\/01\/16\/rede-globo-fecha-acordo-para-transmissao-do-mundial-de-clubes\/#primaryimage"},"thumbnailUrl":"https:\/\/portalmf.com.br\/wp-content\/uploads\/2023\/01\/trofeu-do-mundial-de-clubes-da-fifa-1540248298520-v2-900x506-1.jpg","datePublished":"2023-01-16T18:40:28+00:00","dateModified":"2023-01-16T18:40:29+00:00","author":{"@id":"https:\/\/portalmf.com.br\/#\/schema\/person\/9ec101baf56233e53520c26de5d6f6f0"},"breadcrumb":{"@id":"https:\/\/portalmf.com.br\/index.php\/2023\/01\/16\/rede-globo-fecha-acordo-para-transmissao-do-mundial-de-clubes\/#breadcrumb"},"inLanguage":"pt-BR","potentialAction":[{"@type":"ReadAction","target":["https:\/\/portalmf.com.br\/index.php\/2023\/01\/16\/rede-globo-fecha-acordo-para-transmissao-do-mundial-de-clubes\/"]}]},{"@type":"ImageObject","inLanguage":"pt-BR","@id":"https:\/\/portalmf.com.br\/index.php\/2023\/01\/16\/rede-globo-fecha-acordo-para-transmissao-do-mundial-de-clubes\/#primaryimage","url":"https:\/\/portalmf.com.br\/wp-content\/uploads\/2023\/01\/trofeu-do-mundial-de-clubes-da-fifa-1540248298520-v2-900x506-1.jpg","contentUrl":"https:\/\/portalmf.com.br\/wp-content\/uploads\/2023\/01\/trofeu-do-mundial-de-clubes-da-fifa-1540248298520-v2-900x506-1.jpg","width":984,"height":553,"caption":"Foto: Reprodu\u00e7\u00e3o"},{"@type":"BreadcrumbList","@id":"https:\/\/portalmf.com.br\/index.php\/2023\/01\/16\/rede-globo-fecha-acordo-para-transmissao-do-mundial-de-clubes\/#breadcrumb","itemListElement":[{"@type":"ListItem","position":1,"name":"In\u00edcio","item":"https:\/\/portalmf.com.br\/"},{"@type":"ListItem","position":2,"name":"Rede Globo fecha acordo para transmiss\u00e3o do Mundial de Clubes"}]},{"@type":"WebSite","@id":"https:\/\/portalmf.com.br\/#website","url":"https:\/\/portalmf.com.br\/","name":"Portal MF","description":"Voc\u00ea conectado com a informa\u00e7\u00e3o","potentialAction":[{"@type":"SearchAction","target":{"@type":"EntryPoint","urlTemplate":"https:\/\/portalmf.com.br\/?s={search_term_string}"},"query-input":"required name=search_term_string"}],"inLanguage":"pt-BR"},{"@type":"Person","@id":"https:\/\/portalmf.com.br\/#\/schema\/person\/9ec101baf56233e53520c26de5d6f6f0","name":"Reda\u00e7\u00e3o Portal MF","image":{"@type":"ImageObject","inLanguage":"pt-BR","@id":"https:\/\/portalmf.com.br\/#\/schema\/person\/image\/","url":"https:\/\/secure.gravatar.com\/avatar\/41b9aaeb2100835f7c64362330f74c7f?s=96&d=mm&r=g","contentUrl":"https:\/\/secure.gravatar.com\/avatar\/41b9aaeb2100835f7c64362330f74c7f?s=96&d=mm&r=g","caption":"Reda\u00e7\u00e3o Portal MF"},"description":"Sejam bem-vindos o portal de informa\u00e7\u00f5es de entretenimento de Feira de Santana, desde 2006 realiza coberturas dos principais eventos com entrevistas exclusivas com as principais personalidades mundiais. Fique conectado tamb\u00e9m nas redes sociais.","sameAs":["http:\/\/www.portalmf.com.br\/","https:\/\/www.facebook.com\/portalmfoficial","https:\/\/www.instagram.com\/portalmf\/","https:\/\/x.com\/https:\/\/x.com\/portalmfoficial","https:\/\/www.youtube.com\/@portalmfoficial"],"url":"https:\/\/portalmf.com.br\/index.php\/author\/junior\/"}]}},"_links":{"self":[{"href":"https:\/\/portalmf.com.br\/index.php\/wp-json\/wp\/v2\/posts\/7948"}],"collection":[{"href":"https:\/\/portalmf.com.br\/index.php\/wp-json\/wp\/v2\/posts"}],"about":[{"href":"https:\/\/portalmf.com.br\/index.php\/wp-json\/wp\/v2\/types\/post"}],"author":[{"embeddable":true,"href":"https:\/\/portalmf.com.br\/index.php\/wp-json\/wp\/v2\/users\/3"}],"replies":[{"embeddable":true,"href":"https:\/\/portalmf.com.br\/index.php\/wp-json\/wp\/v2\/comments?post=7948"}],"version-history":[{"count":1,"href":"https:\/\/portalmf.com.br\/index.php\/wp-json\/wp\/v2\/posts\/7948\/revisions"}],"predecessor-version":[{"id":7950,"href":"https:\/\/portalmf.com.br\/index.php\/wp-json\/wp\/v2\/posts\/7948\/revisions\/7950"}],"wp:featuredmedia":[{"embeddable":true,"href":"https:\/\/portalmf.com.br\/index.php\/wp-json\/wp\/v2\/media\/7949"}],"wp:attachment":[{"href":"https:\/\/portalmf.com.br\/index.php\/wp-json\/wp\/v2\/media?parent=7948"}],"wp:term":[{"taxonomy":"category","embeddable":true,"href":"https:\/\/portalmf.com.br\/index.php\/wp-json\/wp\/v2\/categories?post=7948"},{"taxonomy":"post_tag","embeddable":true,"href":"https:\/\/portalmf.com.br\/index.php\/wp-json\/wp\/v2\/tags?post=7948"}],"curies":[{"name":"wp","href":"https:\/\/api.w.org\/{rel}","templated":true}]}}