{"id":7941,"date":"2023-01-14T20:45:09","date_gmt":"2023-01-14T23:45:09","guid":{"rendered":"https:\/\/portalmf.com.br\/?p=7941"},"modified":"2023-01-14T20:45:11","modified_gmt":"2023-01-14T23:45:11","slug":"globo-bate-o-martelo-e-nao-renova-contrato-de-jade-picon-apos-travessia","status":"publish","type":"post","link":"https:\/\/portalmf.com.br\/index.php\/2023\/01\/14\/globo-bate-o-martelo-e-nao-renova-contrato-de-jade-picon-apos-travessia\/","title":{"rendered":"Globo bate o martelo e n\u00e3o renova contrato de Jade Picon ap\u00f3s &#8216;Travessia&#8217;"},"content":{"rendered":"\n<p>Parece que a Globo ouviu a chuva de cr\u00edticas que Jade Picon vem recebendo por sua participa\u00e7\u00e3o como Chiara em Travessia.<\/p>\n\n\n\n<p>\u00c9 que, segundo o site Observat\u00f3rio da TV, a emissora carioca decidiu n\u00e3o renovar o contrato da ex-BBB quando a novela das nove terminar.<\/p>\n\n\n\n<p>De acordo com Andr\u00e9 Romano, a influenciadora deixar\u00e1 a Venus Prateada no segundo semestre do ano, quando a trama acabar. Recentemente, Jade Picon fez um novo desabafo nas redes sociais para falar das incont\u00e1veis cr\u00edticas que carrega por sua atua\u00e7\u00e3o na novela de Gl\u00f3ria Perez.<\/p>\n\n\n\n<p>&#8220;<em>Acho que \u00e9 muito mais f\u00e1cil voc\u00ea lidar com algo desagrad\u00e1vel quando voc\u00ea v\u00ea que \u00e9 algo desnecess\u00e1rio. E os haters j\u00e1 est\u00e3o presentes na minha vida h\u00e1 muito tempo, e v\u00e3o estar e quanto mais sucesso voc\u00ea tem, mais v\u00e3o ter\u201d, come\u00e7ou ela. <\/em><\/p>\n\n\n\n<p>Rea\u00e7\u00e3o de Jade Picon \u00e0 demiss\u00e3o impressiona<\/p>\n\n\n\n<p>Se algu\u00e9m esperava ver Jade cabisbaixa ap\u00f3s a not\u00edcia, se enganou. E a tranquilidade da artista levou os f\u00e3s \u00e0 loucura! <em>&#8220;Povo falando que ela t\u00e1 desempregada&#8230; A deusa t\u00e1 curtindo seus milh\u00f5es, deitada numa vibe positiva&#8221;, <\/em>observou uma internauta. &#8220;<em>Preocupad\u00edssima com o contrato na Globo&#8221;,<\/em> ironizou outra. &#8220;Abalada&#8221;, disse outra, completando com emojis de gargalhadas.<\/p>\n\n\n\n<p>&#8220;A preocupa\u00e7\u00e3o de quem precisa da admiss\u00e3o da Globo&#8221;, divertiu-se mais uma. &#8220;O deboche da gata&#8221;, opinou uma f\u00e3.<\/p>\n\n\n\n<p><em> &#8220;Jade bem preocupada que a Globo vai demitir ela. Amo gente rica que n\u00e3o precisa de pouco&#8221;, <\/em>constatou uma usu\u00e1ria do Instagram.Alguns, no entanto, parecem ter ficado mais preocupados que Jade com a informa\u00e7\u00e3o.<\/p>\n\n\n\n<p>&#8220;<em>Meus p\u00easames, amiga. Eu sei que n\u00e3o \u00e9 f\u00e1cil perder emprego. Ainda mais por injusta causa&#8221;,<\/em> escreveu uma f\u00e3 da artista. &#8220;<em>Era o sonho dela, po [estar na Globo]&#8221;,<\/em> lamentou outra internauta.<\/p>\n\n\n\n<p>Com informa\u00e7\u00f5es do Contigo e PurePeople<\/p>\n","protected":false},"excerpt":{"rendered":"<p>Parece que a Globo ouviu a chuva de cr\u00edticas que Jade Picon vem recebendo por sua participa\u00e7\u00e3o como Chiara em Travessia. \u00c9 que, segundo o site Observat\u00f3rio da TV, a emissora carioca decidiu n\u00e3o renovar o contrato da ex-BBB quando a novela das nove terminar. De acordo com Andr\u00e9 Romano, a influenciadora deixar\u00e1 a Venus [&hellip;]<\/p>\n","protected":false},"author":3,"featured_media":7942,"comment_status":"open","ping_status":"open","sticky":false,"template":"","format":"standard","meta":{"_monsterinsights_skip_tracking":false,"_monsterinsights_sitenote_active":false,"_monsterinsights_sitenote_note":"","_monsterinsights_sitenote_category":0,"footnotes":""},"categories":[47,35,43],"tags":[],"yoast_head":"<!-- This site is optimized with the Yoast SEO plugin v22.9 - https:\/\/yoast.com\/wordpress\/plugins\/seo\/ -->\n<title>Globo bate o martelo e n\u00e3o renova contrato de Jade Picon ap\u00f3s &#039;Travessia&#039; - Portal MF<\/title>\n<meta name=\"robots\" content=\"index, follow, max-snippet:-1, max-image-preview:large, max-video-preview:-1\" \/>\n<link rel=\"canonical\" href=\"https:\/\/portalmf.com.br\/index.php\/2023\/01\/14\/globo-bate-o-martelo-e-nao-renova-contrato-de-jade-picon-apos-travessia\/\" \/>\n<meta property=\"og:locale\" content=\"pt_BR\" \/>\n<meta property=\"og:type\" content=\"article\" \/>\n<meta property=\"og:title\" content=\"Globo bate o martelo e n\u00e3o renova contrato de Jade Picon ap\u00f3s &#039;Travessia&#039; - Portal MF\" \/>\n<meta property=\"og:description\" content=\"Parece que a Globo ouviu a chuva de cr\u00edticas que Jade Picon vem recebendo por sua participa\u00e7\u00e3o como Chiara em Travessia. \u00c9 que, segundo o site Observat\u00f3rio da TV, a emissora carioca decidiu n\u00e3o renovar o contrato da ex-BBB quando a novela das nove terminar. De acordo com Andr\u00e9 Romano, a influenciadora deixar\u00e1 a Venus [&hellip;]\" \/>\n<meta property=\"og:url\" content=\"https:\/\/portalmf.com.br\/index.php\/2023\/01\/14\/globo-bate-o-martelo-e-nao-renova-contrato-de-jade-picon-apos-travessia\/\" \/>\n<meta property=\"og:site_name\" content=\"Portal MF\" \/>\n<meta property=\"article:author\" content=\"https:\/\/www.facebook.com\/portalmfoficial\" \/>\n<meta property=\"article:published_time\" content=\"2023-01-14T23:45:09+00:00\" \/>\n<meta property=\"article:modified_time\" content=\"2023-01-14T23:45:11+00:00\" \/>\n<meta property=\"og:image\" content=\"https:\/\/portalmf.com.br\/wp-content\/uploads\/2023\/01\/assets_fotos_145_leonor-conta-para-guida-sobre-beijo-em-moretti-9b421bee19a9.jpg\" \/>\n\t<meta property=\"og:image:width\" content=\"2362\" \/>\n\t<meta property=\"og:image:height\" content=\"1477\" \/>\n\t<meta property=\"og:image:type\" content=\"image\/jpeg\" \/>\n<meta name=\"author\" content=\"Reda\u00e7\u00e3o Portal MF\" \/>\n<meta name=\"twitter:card\" content=\"summary_large_image\" \/>\n<meta name=\"twitter:creator\" content=\"@https:\/\/x.com\/portalmfoficial\" \/>\n<meta name=\"twitter:label1\" content=\"Escrito por\" \/>\n\t<meta name=\"twitter:data1\" content=\"Reda\u00e7\u00e3o Portal MF\" \/>\n\t<meta name=\"twitter:label2\" content=\"Est. tempo de leitura\" \/>\n\t<meta name=\"twitter:data2\" content=\"2 minutos\" \/>\n<script type=\"application\/ld+json\" class=\"yoast-schema-graph\">{\"@context\":\"https:\/\/schema.org\",\"@graph\":[{\"@type\":\"WebPage\",\"@id\":\"https:\/\/portalmf.com.br\/index.php\/2023\/01\/14\/globo-bate-o-martelo-e-nao-renova-contrato-de-jade-picon-apos-travessia\/\",\"url\":\"https:\/\/portalmf.com.br\/index.php\/2023\/01\/14\/globo-bate-o-martelo-e-nao-renova-contrato-de-jade-picon-apos-travessia\/\",\"name\":\"Globo bate o martelo e n\u00e3o renova contrato de Jade Picon ap\u00f3s 'Travessia' - Portal MF\",\"isPartOf\":{\"@id\":\"https:\/\/portalmf.com.br\/#website\"},\"primaryImageOfPage\":{\"@id\":\"https:\/\/portalmf.com.br\/index.php\/2023\/01\/14\/globo-bate-o-martelo-e-nao-renova-contrato-de-jade-picon-apos-travessia\/#primaryimage\"},\"image\":{\"@id\":\"https:\/\/portalmf.com.br\/index.php\/2023\/01\/14\/globo-bate-o-martelo-e-nao-renova-contrato-de-jade-picon-apos-travessia\/#primaryimage\"},\"thumbnailUrl\":\"https:\/\/portalmf.com.br\/wp-content\/uploads\/2023\/01\/assets_fotos_145_leonor-conta-para-guida-sobre-beijo-em-moretti-9b421bee19a9.jpg\",\"datePublished\":\"2023-01-14T23:45:09+00:00\",\"dateModified\":\"2023-01-14T23:45:11+00:00\",\"author\":{\"@id\":\"https:\/\/portalmf.com.br\/#\/schema\/person\/9ec101baf56233e53520c26de5d6f6f0\"},\"breadcrumb\":{\"@id\":\"https:\/\/portalmf.com.br\/index.php\/2023\/01\/14\/globo-bate-o-martelo-e-nao-renova-contrato-de-jade-picon-apos-travessia\/#breadcrumb\"},\"inLanguage\":\"pt-BR\",\"potentialAction\":[{\"@type\":\"ReadAction\",\"target\":[\"https:\/\/portalmf.com.br\/index.php\/2023\/01\/14\/globo-bate-o-martelo-e-nao-renova-contrato-de-jade-picon-apos-travessia\/\"]}]},{\"@type\":\"ImageObject\",\"inLanguage\":\"pt-BR\",\"@id\":\"https:\/\/portalmf.com.br\/index.php\/2023\/01\/14\/globo-bate-o-martelo-e-nao-renova-contrato-de-jade-picon-apos-travessia\/#primaryimage\",\"url\":\"https:\/\/portalmf.com.br\/wp-content\/uploads\/2023\/01\/assets_fotos_145_leonor-conta-para-guida-sobre-beijo-em-moretti-9b421bee19a9.jpg\",\"contentUrl\":\"https:\/\/portalmf.com.br\/wp-content\/uploads\/2023\/01\/assets_fotos_145_leonor-conta-para-guida-sobre-beijo-em-moretti-9b421bee19a9.jpg\",\"width\":2362,\"height\":1477,\"caption\":\"Chiara (Jade Picon)\"},{\"@type\":\"BreadcrumbList\",\"@id\":\"https:\/\/portalmf.com.br\/index.php\/2023\/01\/14\/globo-bate-o-martelo-e-nao-renova-contrato-de-jade-picon-apos-travessia\/#breadcrumb\",\"itemListElement\":[{\"@type\":\"ListItem\",\"position\":1,\"name\":\"In\u00edcio\",\"item\":\"https:\/\/portalmf.com.br\/\"},{\"@type\":\"ListItem\",\"position\":2,\"name\":\"Globo bate o martelo e n\u00e3o renova contrato de Jade Picon ap\u00f3s &#8216;Travessia&#8217;\"}]},{\"@type\":\"WebSite\",\"@id\":\"https:\/\/portalmf.com.br\/#website\",\"url\":\"https:\/\/portalmf.com.br\/\",\"name\":\"Portal MF\",\"description\":\"Voc\u00ea conectado com a informa\u00e7\u00e3o\",\"potentialAction\":[{\"@type\":\"SearchAction\",\"target\":{\"@type\":\"EntryPoint\",\"urlTemplate\":\"https:\/\/portalmf.com.br\/?s={search_term_string}\"},\"query-input\":\"required name=search_term_string\"}],\"inLanguage\":\"pt-BR\"},{\"@type\":\"Person\",\"@id\":\"https:\/\/portalmf.com.br\/#\/schema\/person\/9ec101baf56233e53520c26de5d6f6f0\",\"name\":\"Reda\u00e7\u00e3o Portal MF\",\"image\":{\"@type\":\"ImageObject\",\"inLanguage\":\"pt-BR\",\"@id\":\"https:\/\/portalmf.com.br\/#\/schema\/person\/image\/\",\"url\":\"https:\/\/secure.gravatar.com\/avatar\/41b9aaeb2100835f7c64362330f74c7f?s=96&d=mm&r=g\",\"contentUrl\":\"https:\/\/secure.gravatar.com\/avatar\/41b9aaeb2100835f7c64362330f74c7f?s=96&d=mm&r=g\",\"caption\":\"Reda\u00e7\u00e3o Portal MF\"},\"description\":\"Sejam bem-vindos o portal de informa\u00e7\u00f5es de entretenimento de Feira de Santana, desde 2006 realiza coberturas dos principais eventos com entrevistas exclusivas com as principais personalidades mundiais. Fique conectado tamb\u00e9m nas redes sociais.\",\"sameAs\":[\"http:\/\/www.portalmf.com.br\/\",\"https:\/\/www.facebook.com\/portalmfoficial\",\"https:\/\/www.instagram.com\/portalmf\/\",\"https:\/\/x.com\/https:\/\/x.com\/portalmfoficial\",\"https:\/\/www.youtube.com\/@portalmfoficial\"],\"url\":\"https:\/\/portalmf.com.br\/index.php\/author\/junior\/\"}]}<\/script>\n<!-- \/ Yoast SEO plugin. -->","yoast_head_json":{"title":"Globo bate o martelo e n\u00e3o renova contrato de Jade Picon ap\u00f3s 'Travessia' - Portal MF","robots":{"index":"index","follow":"follow","max-snippet":"max-snippet:-1","max-image-preview":"max-image-preview:large","max-video-preview":"max-video-preview:-1"},"canonical":"https:\/\/portalmf.com.br\/index.php\/2023\/01\/14\/globo-bate-o-martelo-e-nao-renova-contrato-de-jade-picon-apos-travessia\/","og_locale":"pt_BR","og_type":"article","og_title":"Globo bate o martelo e n\u00e3o renova contrato de Jade Picon ap\u00f3s 'Travessia' - Portal MF","og_description":"Parece que a Globo ouviu a chuva de cr\u00edticas que Jade Picon vem recebendo por sua participa\u00e7\u00e3o como Chiara em Travessia. \u00c9 que, segundo o site Observat\u00f3rio da TV, a emissora carioca decidiu n\u00e3o renovar o contrato da ex-BBB quando a novela das nove terminar. De acordo com Andr\u00e9 Romano, a influenciadora deixar\u00e1 a Venus [&hellip;]","og_url":"https:\/\/portalmf.com.br\/index.php\/2023\/01\/14\/globo-bate-o-martelo-e-nao-renova-contrato-de-jade-picon-apos-travessia\/","og_site_name":"Portal MF","article_author":"https:\/\/www.facebook.com\/portalmfoficial","article_published_time":"2023-01-14T23:45:09+00:00","article_modified_time":"2023-01-14T23:45:11+00:00","og_image":[{"width":2362,"height":1477,"url":"https:\/\/portalmf.com.br\/wp-content\/uploads\/2023\/01\/assets_fotos_145_leonor-conta-para-guida-sobre-beijo-em-moretti-9b421bee19a9.jpg","type":"image\/jpeg"}],"author":"Reda\u00e7\u00e3o Portal MF","twitter_card":"summary_large_image","twitter_creator":"@https:\/\/x.com\/portalmfoficial","twitter_misc":{"Escrito por":"Reda\u00e7\u00e3o Portal MF","Est. tempo de leitura":"2 minutos"},"schema":{"@context":"https:\/\/schema.org","@graph":[{"@type":"WebPage","@id":"https:\/\/portalmf.com.br\/index.php\/2023\/01\/14\/globo-bate-o-martelo-e-nao-renova-contrato-de-jade-picon-apos-travessia\/","url":"https:\/\/portalmf.com.br\/index.php\/2023\/01\/14\/globo-bate-o-martelo-e-nao-renova-contrato-de-jade-picon-apos-travessia\/","name":"Globo bate o martelo e n\u00e3o renova contrato de Jade Picon ap\u00f3s 'Travessia' - Portal MF","isPartOf":{"@id":"https:\/\/portalmf.com.br\/#website"},"primaryImageOfPage":{"@id":"https:\/\/portalmf.com.br\/index.php\/2023\/01\/14\/globo-bate-o-martelo-e-nao-renova-contrato-de-jade-picon-apos-travessia\/#primaryimage"},"image":{"@id":"https:\/\/portalmf.com.br\/index.php\/2023\/01\/14\/globo-bate-o-martelo-e-nao-renova-contrato-de-jade-picon-apos-travessia\/#primaryimage"},"thumbnailUrl":"https:\/\/portalmf.com.br\/wp-content\/uploads\/2023\/01\/assets_fotos_145_leonor-conta-para-guida-sobre-beijo-em-moretti-9b421bee19a9.jpg","datePublished":"2023-01-14T23:45:09+00:00","dateModified":"2023-01-14T23:45:11+00:00","author":{"@id":"https:\/\/portalmf.com.br\/#\/schema\/person\/9ec101baf56233e53520c26de5d6f6f0"},"breadcrumb":{"@id":"https:\/\/portalmf.com.br\/index.php\/2023\/01\/14\/globo-bate-o-martelo-e-nao-renova-contrato-de-jade-picon-apos-travessia\/#breadcrumb"},"inLanguage":"pt-BR","potentialAction":[{"@type":"ReadAction","target":["https:\/\/portalmf.com.br\/index.php\/2023\/01\/14\/globo-bate-o-martelo-e-nao-renova-contrato-de-jade-picon-apos-travessia\/"]}]},{"@type":"ImageObject","inLanguage":"pt-BR","@id":"https:\/\/portalmf.com.br\/index.php\/2023\/01\/14\/globo-bate-o-martelo-e-nao-renova-contrato-de-jade-picon-apos-travessia\/#primaryimage","url":"https:\/\/portalmf.com.br\/wp-content\/uploads\/2023\/01\/assets_fotos_145_leonor-conta-para-guida-sobre-beijo-em-moretti-9b421bee19a9.jpg","contentUrl":"https:\/\/portalmf.com.br\/wp-content\/uploads\/2023\/01\/assets_fotos_145_leonor-conta-para-guida-sobre-beijo-em-moretti-9b421bee19a9.jpg","width":2362,"height":1477,"caption":"Chiara (Jade Picon)"},{"@type":"BreadcrumbList","@id":"https:\/\/portalmf.com.br\/index.php\/2023\/01\/14\/globo-bate-o-martelo-e-nao-renova-contrato-de-jade-picon-apos-travessia\/#breadcrumb","itemListElement":[{"@type":"ListItem","position":1,"name":"In\u00edcio","item":"https:\/\/portalmf.com.br\/"},{"@type":"ListItem","position":2,"name":"Globo bate o martelo e n\u00e3o renova contrato de Jade Picon ap\u00f3s &#8216;Travessia&#8217;"}]},{"@type":"WebSite","@id":"https:\/\/portalmf.com.br\/#website","url":"https:\/\/portalmf.com.br\/","name":"Portal MF","description":"Voc\u00ea conectado com a informa\u00e7\u00e3o","potentialAction":[{"@type":"SearchAction","target":{"@type":"EntryPoint","urlTemplate":"https:\/\/portalmf.com.br\/?s={search_term_string}"},"query-input":"required name=search_term_string"}],"inLanguage":"pt-BR"},{"@type":"Person","@id":"https:\/\/portalmf.com.br\/#\/schema\/person\/9ec101baf56233e53520c26de5d6f6f0","name":"Reda\u00e7\u00e3o Portal MF","image":{"@type":"ImageObject","inLanguage":"pt-BR","@id":"https:\/\/portalmf.com.br\/#\/schema\/person\/image\/","url":"https:\/\/secure.gravatar.com\/avatar\/41b9aaeb2100835f7c64362330f74c7f?s=96&d=mm&r=g","contentUrl":"https:\/\/secure.gravatar.com\/avatar\/41b9aaeb2100835f7c64362330f74c7f?s=96&d=mm&r=g","caption":"Reda\u00e7\u00e3o Portal MF"},"description":"Sejam bem-vindos o portal de informa\u00e7\u00f5es de entretenimento de Feira de Santana, desde 2006 realiza coberturas dos principais eventos com entrevistas exclusivas com as principais personalidades mundiais. Fique conectado tamb\u00e9m nas redes sociais.","sameAs":["http:\/\/www.portalmf.com.br\/","https:\/\/www.facebook.com\/portalmfoficial","https:\/\/www.instagram.com\/portalmf\/","https:\/\/x.com\/https:\/\/x.com\/portalmfoficial","https:\/\/www.youtube.com\/@portalmfoficial"],"url":"https:\/\/portalmf.com.br\/index.php\/author\/junior\/"}]}},"_links":{"self":[{"href":"https:\/\/portalmf.com.br\/index.php\/wp-json\/wp\/v2\/posts\/7941"}],"collection":[{"href":"https:\/\/portalmf.com.br\/index.php\/wp-json\/wp\/v2\/posts"}],"about":[{"href":"https:\/\/portalmf.com.br\/index.php\/wp-json\/wp\/v2\/types\/post"}],"author":[{"embeddable":true,"href":"https:\/\/portalmf.com.br\/index.php\/wp-json\/wp\/v2\/users\/3"}],"replies":[{"embeddable":true,"href":"https:\/\/portalmf.com.br\/index.php\/wp-json\/wp\/v2\/comments?post=7941"}],"version-history":[{"count":1,"href":"https:\/\/portalmf.com.br\/index.php\/wp-json\/wp\/v2\/posts\/7941\/revisions"}],"predecessor-version":[{"id":7943,"href":"https:\/\/portalmf.com.br\/index.php\/wp-json\/wp\/v2\/posts\/7941\/revisions\/7943"}],"wp:featuredmedia":[{"embeddable":true,"href":"https:\/\/portalmf.com.br\/index.php\/wp-json\/wp\/v2\/media\/7942"}],"wp:attachment":[{"href":"https:\/\/portalmf.com.br\/index.php\/wp-json\/wp\/v2\/media?parent=7941"}],"wp:term":[{"taxonomy":"category","embeddable":true,"href":"https:\/\/portalmf.com.br\/index.php\/wp-json\/wp\/v2\/categories?post=7941"},{"taxonomy":"post_tag","embeddable":true,"href":"https:\/\/portalmf.com.br\/index.php\/wp-json\/wp\/v2\/tags?post=7941"}],"curies":[{"name":"wp","href":"https:\/\/api.w.org\/{rel}","templated":true}]}}