{"id":7932,"date":"2023-01-14T12:33:17","date_gmt":"2023-01-14T15:33:17","guid":{"rendered":"https:\/\/portalmf.com.br\/?p=7932"},"modified":"2023-01-14T12:33:45","modified_gmt":"2023-01-14T15:33:45","slug":"jeronimo-e-rui-vistorias-obras-em-feira-de-santana-santo-amaro-e-lauro-de-freitas","status":"publish","type":"post","link":"https:\/\/portalmf.com.br\/index.php\/2023\/01\/14\/jeronimo-e-rui-vistorias-obras-em-feira-de-santana-santo-amaro-e-lauro-de-freitas\/","title":{"rendered":"Jer\u00f4nimo e Rui vistorias obras em Feira de Santana, Santo Amaro e Lauro de Freitas"},"content":{"rendered":"\n<p>O governador Jer\u00f4nimo Rodrigues e o ministro da Casa Civil Rui Costa iniciaram o s\u00e1bado (14) vistoriando obras do governo Federal na Bahia e que foram interrompidas pela gest\u00e3o anterior.<\/p>\n\n\n\n<p>Jer\u00f4nimo e Rui fizeram um sobrevoo em Santo Amaro e desembarcaram em Feira de Santana para ver de perto o abandono das obras de constru\u00e7\u00e3o de im\u00f3veis do Minha Casa Minha Vida. <\/p>\n\n\n\n<p>Segundo eles, o presidente deve vir \u00e0 Bahia para relan\u00e7amento do programa habitacional que atendia, prioritariamente, fam\u00edlias de baixa renda. De Feira, Rui e Jer\u00f4nimo seguem ainda hoje para Lauro de Freitas.<\/p>\n\n\n\n<figure class=\"wp-block-gallery has-nested-images columns-default is-cropped wp-block-gallery-1 is-layout-flex wp-block-gallery-is-layout-flex\">\n<figure class=\"wp-block-image size-large\"><img fetchpriority=\"high\" decoding=\"async\" width=\"1024\" height=\"682\" data-id=\"7936\" src=\"https:\/\/portalmf.com.br\/wp-content\/uploads\/2023\/01\/IMG-20230114-WA0027-1024x682.jpg\" alt=\"\" class=\"wp-image-7936\" srcset=\"https:\/\/portalmf.com.br\/wp-content\/uploads\/2023\/01\/IMG-20230114-WA0027-1024x682.jpg 1024w, https:\/\/portalmf.com.br\/wp-content\/uploads\/2023\/01\/IMG-20230114-WA0027-300x200.jpg 300w, https:\/\/portalmf.com.br\/wp-content\/uploads\/2023\/01\/IMG-20230114-WA0027-768x512.jpg 768w, https:\/\/portalmf.com.br\/wp-content\/uploads\/2023\/01\/IMG-20230114-WA0027-1170x780.jpg 1170w, https:\/\/portalmf.com.br\/wp-content\/uploads\/2023\/01\/IMG-20230114-WA0027-585x390.jpg 585w, https:\/\/portalmf.com.br\/wp-content\/uploads\/2023\/01\/IMG-20230114-WA0027-263x175.jpg 263w, https:\/\/portalmf.com.br\/wp-content\/uploads\/2023\/01\/IMG-20230114-WA0027.jpg 1280w\" sizes=\"(max-width: 1024px) 100vw, 1024px\" \/><figcaption>Foto: Manu Dias \/ GOVBA<\/figcaption><\/figure>\n\n\n\n<figure class=\"wp-block-image size-large\"><img decoding=\"async\" width=\"1024\" height=\"682\" data-id=\"7934\" src=\"https:\/\/portalmf.com.br\/wp-content\/uploads\/2023\/01\/IMG-20230114-WA0026-1024x682.jpg\" alt=\"\" class=\"wp-image-7934\" srcset=\"https:\/\/portalmf.com.br\/wp-content\/uploads\/2023\/01\/IMG-20230114-WA0026-1024x682.jpg 1024w, https:\/\/portalmf.com.br\/wp-content\/uploads\/2023\/01\/IMG-20230114-WA0026-300x200.jpg 300w, https:\/\/portalmf.com.br\/wp-content\/uploads\/2023\/01\/IMG-20230114-WA0026-768x512.jpg 768w, https:\/\/portalmf.com.br\/wp-content\/uploads\/2023\/01\/IMG-20230114-WA0026-1170x780.jpg 1170w, https:\/\/portalmf.com.br\/wp-content\/uploads\/2023\/01\/IMG-20230114-WA0026-585x390.jpg 585w, https:\/\/portalmf.com.br\/wp-content\/uploads\/2023\/01\/IMG-20230114-WA0026-263x175.jpg 263w, https:\/\/portalmf.com.br\/wp-content\/uploads\/2023\/01\/IMG-20230114-WA0026.jpg 1280w\" sizes=\"(max-width: 1024px) 100vw, 1024px\" \/><figcaption>Foto: Manu Dias \/ GOVBA<\/figcaption><\/figure>\n\n\n\n<figure class=\"wp-block-image size-large\"><img decoding=\"async\" width=\"1024\" height=\"682\" data-id=\"7938\" src=\"https:\/\/portalmf.com.br\/wp-content\/uploads\/2023\/01\/IMG-20230114-WA0022-1024x682.jpg\" alt=\"\" class=\"wp-image-7938\" srcset=\"https:\/\/portalmf.com.br\/wp-content\/uploads\/2023\/01\/IMG-20230114-WA0022-1024x682.jpg 1024w, https:\/\/portalmf.com.br\/wp-content\/uploads\/2023\/01\/IMG-20230114-WA0022-300x200.jpg 300w, https:\/\/portalmf.com.br\/wp-content\/uploads\/2023\/01\/IMG-20230114-WA0022-768x512.jpg 768w, https:\/\/portalmf.com.br\/wp-content\/uploads\/2023\/01\/IMG-20230114-WA0022-1170x780.jpg 1170w, https:\/\/portalmf.com.br\/wp-content\/uploads\/2023\/01\/IMG-20230114-WA0022-585x390.jpg 585w, https:\/\/portalmf.com.br\/wp-content\/uploads\/2023\/01\/IMG-20230114-WA0022-263x175.jpg 263w, https:\/\/portalmf.com.br\/wp-content\/uploads\/2023\/01\/IMG-20230114-WA0022.jpg 1280w\" sizes=\"(max-width: 1024px) 100vw, 1024px\" \/><figcaption>Foto: Manu Dias \/ GOVBA<\/figcaption><\/figure>\n\n\n\n<figure class=\"wp-block-image size-large\"><img loading=\"lazy\" decoding=\"async\" width=\"1024\" height=\"682\" data-id=\"7933\" src=\"https:\/\/portalmf.com.br\/wp-content\/uploads\/2023\/01\/IMG-20230114-WA0023-1024x682.jpg\" alt=\"\" class=\"wp-image-7933\" srcset=\"https:\/\/portalmf.com.br\/wp-content\/uploads\/2023\/01\/IMG-20230114-WA0023-1024x682.jpg 1024w, https:\/\/portalmf.com.br\/wp-content\/uploads\/2023\/01\/IMG-20230114-WA0023-300x200.jpg 300w, https:\/\/portalmf.com.br\/wp-content\/uploads\/2023\/01\/IMG-20230114-WA0023-768x512.jpg 768w, https:\/\/portalmf.com.br\/wp-content\/uploads\/2023\/01\/IMG-20230114-WA0023-1170x780.jpg 1170w, https:\/\/portalmf.com.br\/wp-content\/uploads\/2023\/01\/IMG-20230114-WA0023-585x390.jpg 585w, https:\/\/portalmf.com.br\/wp-content\/uploads\/2023\/01\/IMG-20230114-WA0023-263x175.jpg 263w, https:\/\/portalmf.com.br\/wp-content\/uploads\/2023\/01\/IMG-20230114-WA0023.jpg 1253w\" sizes=\"(max-width: 1024px) 100vw, 1024px\" \/><figcaption>Foto: Manu Dias \/ GOVBA<\/figcaption><\/figure>\n\n\n\n<figure class=\"wp-block-image size-large\"><img loading=\"lazy\" decoding=\"async\" width=\"1024\" height=\"683\" data-id=\"7935\" src=\"https:\/\/portalmf.com.br\/wp-content\/uploads\/2023\/01\/IMG-20230114-WA0024-1024x683.jpg\" alt=\"\" class=\"wp-image-7935\" srcset=\"https:\/\/portalmf.com.br\/wp-content\/uploads\/2023\/01\/IMG-20230114-WA0024-1024x683.jpg 1024w, https:\/\/portalmf.com.br\/wp-content\/uploads\/2023\/01\/IMG-20230114-WA0024-300x200.jpg 300w, https:\/\/portalmf.com.br\/wp-content\/uploads\/2023\/01\/IMG-20230114-WA0024-768x512.jpg 768w, https:\/\/portalmf.com.br\/wp-content\/uploads\/2023\/01\/IMG-20230114-WA0024-1170x780.jpg 1170w, https:\/\/portalmf.com.br\/wp-content\/uploads\/2023\/01\/IMG-20230114-WA0024-585x390.jpg 585w, https:\/\/portalmf.com.br\/wp-content\/uploads\/2023\/01\/IMG-20230114-WA0024-263x175.jpg 263w, https:\/\/portalmf.com.br\/wp-content\/uploads\/2023\/01\/IMG-20230114-WA0024.jpg 1227w\" sizes=\"(max-width: 1024px) 100vw, 1024px\" \/><figcaption>Foto: Manu Dias \/ GOVBA<\/figcaption><\/figure>\n\n\n\n<figure class=\"wp-block-image size-large\"><img loading=\"lazy\" decoding=\"async\" width=\"1024\" height=\"773\" data-id=\"7937\" src=\"https:\/\/portalmf.com.br\/wp-content\/uploads\/2023\/01\/IMG-20230114-WA0025-1024x773.jpg\" alt=\"\" class=\"wp-image-7937\" srcset=\"https:\/\/portalmf.com.br\/wp-content\/uploads\/2023\/01\/IMG-20230114-WA0025-1024x773.jpg 1024w, https:\/\/portalmf.com.br\/wp-content\/uploads\/2023\/01\/IMG-20230114-WA0025-300x226.jpg 300w, https:\/\/portalmf.com.br\/wp-content\/uploads\/2023\/01\/IMG-20230114-WA0025-768x580.jpg 768w, https:\/\/portalmf.com.br\/wp-content\/uploads\/2023\/01\/IMG-20230114-WA0025-1170x883.jpg 1170w, https:\/\/portalmf.com.br\/wp-content\/uploads\/2023\/01\/IMG-20230114-WA0025-585x442.jpg 585w, https:\/\/portalmf.com.br\/wp-content\/uploads\/2023\/01\/IMG-20230114-WA0025.jpg 1236w\" sizes=\"(max-width: 1024px) 100vw, 1024px\" \/><figcaption>Foto: Manu Dias \/ GOVBA<\/figcaption><\/figure>\n<\/figure>\n","protected":false},"excerpt":{"rendered":"<p>O governador Jer\u00f4nimo Rodrigues e o ministro da Casa Civil Rui Costa iniciaram o s\u00e1bado (14) vistoriando obras do governo Federal na Bahia e que foram interrompidas pela gest\u00e3o anterior. Jer\u00f4nimo e Rui fizeram um sobrevoo em Santo Amaro e desembarcaram em Feira de Santana para ver de perto o abandono das obras de constru\u00e7\u00e3o [&hellip;]<\/p>\n","protected":false},"author":3,"featured_media":7938,"comment_status":"open","ping_status":"open","sticky":false,"template":"","format":"standard","meta":{"_monsterinsights_skip_tracking":false,"_monsterinsights_sitenote_active":false,"_monsterinsights_sitenote_note":"","_monsterinsights_sitenote_category":0,"footnotes":""},"categories":[34],"tags":[],"yoast_head":"<!-- This site is optimized with the Yoast SEO plugin v22.9 - https:\/\/yoast.com\/wordpress\/plugins\/seo\/ -->\n<title>Jer\u00f4nimo e Rui vistorias obras em Feira de Santana, Santo Amaro e Lauro de Freitas - Portal MF<\/title>\n<meta name=\"robots\" content=\"index, follow, max-snippet:-1, max-image-preview:large, max-video-preview:-1\" \/>\n<link rel=\"canonical\" href=\"https:\/\/portalmf.com.br\/index.php\/2023\/01\/14\/jeronimo-e-rui-vistorias-obras-em-feira-de-santana-santo-amaro-e-lauro-de-freitas\/\" \/>\n<meta property=\"og:locale\" content=\"pt_BR\" \/>\n<meta property=\"og:type\" content=\"article\" \/>\n<meta property=\"og:title\" content=\"Jer\u00f4nimo e Rui vistorias obras em Feira de Santana, Santo Amaro e Lauro de Freitas - Portal MF\" \/>\n<meta property=\"og:description\" content=\"O governador Jer\u00f4nimo Rodrigues e o ministro da Casa Civil Rui Costa iniciaram o s\u00e1bado (14) vistoriando obras do governo Federal na Bahia e que foram interrompidas pela gest\u00e3o anterior. Jer\u00f4nimo e Rui fizeram um sobrevoo em Santo Amaro e desembarcaram em Feira de Santana para ver de perto o abandono das obras de constru\u00e7\u00e3o [&hellip;]\" \/>\n<meta property=\"og:url\" content=\"https:\/\/portalmf.com.br\/index.php\/2023\/01\/14\/jeronimo-e-rui-vistorias-obras-em-feira-de-santana-santo-amaro-e-lauro-de-freitas\/\" \/>\n<meta property=\"og:site_name\" content=\"Portal MF\" \/>\n<meta property=\"article:author\" content=\"https:\/\/www.facebook.com\/portalmfoficial\" \/>\n<meta property=\"article:published_time\" content=\"2023-01-14T15:33:17+00:00\" \/>\n<meta property=\"article:modified_time\" content=\"2023-01-14T15:33:45+00:00\" \/>\n<meta property=\"og:image\" content=\"https:\/\/portalmf.com.br\/wp-content\/uploads\/2023\/01\/IMG-20230114-WA0022.jpg\" \/>\n\t<meta property=\"og:image:width\" content=\"1280\" \/>\n\t<meta property=\"og:image:height\" content=\"853\" \/>\n\t<meta property=\"og:image:type\" content=\"image\/jpeg\" \/>\n<meta name=\"author\" content=\"Reda\u00e7\u00e3o Portal MF\" \/>\n<meta name=\"twitter:card\" content=\"summary_large_image\" \/>\n<meta name=\"twitter:creator\" content=\"@https:\/\/x.com\/portalmfoficial\" \/>\n<meta name=\"twitter:label1\" content=\"Escrito por\" \/>\n\t<meta name=\"twitter:data1\" content=\"Reda\u00e7\u00e3o Portal MF\" \/>\n\t<meta name=\"twitter:label2\" content=\"Est. tempo de leitura\" \/>\n\t<meta name=\"twitter:data2\" content=\"2 minutos\" \/>\n<script type=\"application\/ld+json\" class=\"yoast-schema-graph\">{\"@context\":\"https:\/\/schema.org\",\"@graph\":[{\"@type\":\"WebPage\",\"@id\":\"https:\/\/portalmf.com.br\/index.php\/2023\/01\/14\/jeronimo-e-rui-vistorias-obras-em-feira-de-santana-santo-amaro-e-lauro-de-freitas\/\",\"url\":\"https:\/\/portalmf.com.br\/index.php\/2023\/01\/14\/jeronimo-e-rui-vistorias-obras-em-feira-de-santana-santo-amaro-e-lauro-de-freitas\/\",\"name\":\"Jer\u00f4nimo e Rui vistorias obras em Feira de Santana, Santo Amaro e Lauro de Freitas - Portal MF\",\"isPartOf\":{\"@id\":\"https:\/\/portalmf.com.br\/#website\"},\"primaryImageOfPage\":{\"@id\":\"https:\/\/portalmf.com.br\/index.php\/2023\/01\/14\/jeronimo-e-rui-vistorias-obras-em-feira-de-santana-santo-amaro-e-lauro-de-freitas\/#primaryimage\"},\"image\":{\"@id\":\"https:\/\/portalmf.com.br\/index.php\/2023\/01\/14\/jeronimo-e-rui-vistorias-obras-em-feira-de-santana-santo-amaro-e-lauro-de-freitas\/#primaryimage\"},\"thumbnailUrl\":\"https:\/\/portalmf.com.br\/wp-content\/uploads\/2023\/01\/IMG-20230114-WA0022.jpg\",\"datePublished\":\"2023-01-14T15:33:17+00:00\",\"dateModified\":\"2023-01-14T15:33:45+00:00\",\"author\":{\"@id\":\"https:\/\/portalmf.com.br\/#\/schema\/person\/9ec101baf56233e53520c26de5d6f6f0\"},\"breadcrumb\":{\"@id\":\"https:\/\/portalmf.com.br\/index.php\/2023\/01\/14\/jeronimo-e-rui-vistorias-obras-em-feira-de-santana-santo-amaro-e-lauro-de-freitas\/#breadcrumb\"},\"inLanguage\":\"pt-BR\",\"potentialAction\":[{\"@type\":\"ReadAction\",\"target\":[\"https:\/\/portalmf.com.br\/index.php\/2023\/01\/14\/jeronimo-e-rui-vistorias-obras-em-feira-de-santana-santo-amaro-e-lauro-de-freitas\/\"]}]},{\"@type\":\"ImageObject\",\"inLanguage\":\"pt-BR\",\"@id\":\"https:\/\/portalmf.com.br\/index.php\/2023\/01\/14\/jeronimo-e-rui-vistorias-obras-em-feira-de-santana-santo-amaro-e-lauro-de-freitas\/#primaryimage\",\"url\":\"https:\/\/portalmf.com.br\/wp-content\/uploads\/2023\/01\/IMG-20230114-WA0022.jpg\",\"contentUrl\":\"https:\/\/portalmf.com.br\/wp-content\/uploads\/2023\/01\/IMG-20230114-WA0022.jpg\",\"width\":1280,\"height\":853},{\"@type\":\"BreadcrumbList\",\"@id\":\"https:\/\/portalmf.com.br\/index.php\/2023\/01\/14\/jeronimo-e-rui-vistorias-obras-em-feira-de-santana-santo-amaro-e-lauro-de-freitas\/#breadcrumb\",\"itemListElement\":[{\"@type\":\"ListItem\",\"position\":1,\"name\":\"In\u00edcio\",\"item\":\"https:\/\/portalmf.com.br\/\"},{\"@type\":\"ListItem\",\"position\":2,\"name\":\"Jer\u00f4nimo e Rui vistorias obras em Feira de Santana, Santo Amaro e Lauro de Freitas\"}]},{\"@type\":\"WebSite\",\"@id\":\"https:\/\/portalmf.com.br\/#website\",\"url\":\"https:\/\/portalmf.com.br\/\",\"name\":\"Portal MF\",\"description\":\"Voc\u00ea conectado com a informa\u00e7\u00e3o\",\"potentialAction\":[{\"@type\":\"SearchAction\",\"target\":{\"@type\":\"EntryPoint\",\"urlTemplate\":\"https:\/\/portalmf.com.br\/?s={search_term_string}\"},\"query-input\":\"required name=search_term_string\"}],\"inLanguage\":\"pt-BR\"},{\"@type\":\"Person\",\"@id\":\"https:\/\/portalmf.com.br\/#\/schema\/person\/9ec101baf56233e53520c26de5d6f6f0\",\"name\":\"Reda\u00e7\u00e3o Portal MF\",\"image\":{\"@type\":\"ImageObject\",\"inLanguage\":\"pt-BR\",\"@id\":\"https:\/\/portalmf.com.br\/#\/schema\/person\/image\/\",\"url\":\"https:\/\/secure.gravatar.com\/avatar\/41b9aaeb2100835f7c64362330f74c7f?s=96&d=mm&r=g\",\"contentUrl\":\"https:\/\/secure.gravatar.com\/avatar\/41b9aaeb2100835f7c64362330f74c7f?s=96&d=mm&r=g\",\"caption\":\"Reda\u00e7\u00e3o Portal MF\"},\"description\":\"Sejam bem-vindos o portal de informa\u00e7\u00f5es de entretenimento de Feira de Santana, desde 2006 realiza coberturas dos principais eventos com entrevistas exclusivas com as principais personalidades mundiais. Fique conectado tamb\u00e9m nas redes sociais.\",\"sameAs\":[\"http:\/\/www.portalmf.com.br\/\",\"https:\/\/www.facebook.com\/portalmfoficial\",\"https:\/\/www.instagram.com\/portalmf\/\",\"https:\/\/x.com\/https:\/\/x.com\/portalmfoficial\",\"https:\/\/www.youtube.com\/@portalmfoficial\"],\"url\":\"https:\/\/portalmf.com.br\/index.php\/author\/junior\/\"}]}<\/script>\n<!-- \/ Yoast SEO plugin. -->","yoast_head_json":{"title":"Jer\u00f4nimo e Rui vistorias obras em Feira de Santana, Santo Amaro e Lauro de Freitas - Portal MF","robots":{"index":"index","follow":"follow","max-snippet":"max-snippet:-1","max-image-preview":"max-image-preview:large","max-video-preview":"max-video-preview:-1"},"canonical":"https:\/\/portalmf.com.br\/index.php\/2023\/01\/14\/jeronimo-e-rui-vistorias-obras-em-feira-de-santana-santo-amaro-e-lauro-de-freitas\/","og_locale":"pt_BR","og_type":"article","og_title":"Jer\u00f4nimo e Rui vistorias obras em Feira de Santana, Santo Amaro e Lauro de Freitas - Portal MF","og_description":"O governador Jer\u00f4nimo Rodrigues e o ministro da Casa Civil Rui Costa iniciaram o s\u00e1bado (14) vistoriando obras do governo Federal na Bahia e que foram interrompidas pela gest\u00e3o anterior. Jer\u00f4nimo e Rui fizeram um sobrevoo em Santo Amaro e desembarcaram em Feira de Santana para ver de perto o abandono das obras de constru\u00e7\u00e3o [&hellip;]","og_url":"https:\/\/portalmf.com.br\/index.php\/2023\/01\/14\/jeronimo-e-rui-vistorias-obras-em-feira-de-santana-santo-amaro-e-lauro-de-freitas\/","og_site_name":"Portal MF","article_author":"https:\/\/www.facebook.com\/portalmfoficial","article_published_time":"2023-01-14T15:33:17+00:00","article_modified_time":"2023-01-14T15:33:45+00:00","og_image":[{"width":1280,"height":853,"url":"https:\/\/portalmf.com.br\/wp-content\/uploads\/2023\/01\/IMG-20230114-WA0022.jpg","type":"image\/jpeg"}],"author":"Reda\u00e7\u00e3o Portal MF","twitter_card":"summary_large_image","twitter_creator":"@https:\/\/x.com\/portalmfoficial","twitter_misc":{"Escrito por":"Reda\u00e7\u00e3o Portal MF","Est. tempo de leitura":"2 minutos"},"schema":{"@context":"https:\/\/schema.org","@graph":[{"@type":"WebPage","@id":"https:\/\/portalmf.com.br\/index.php\/2023\/01\/14\/jeronimo-e-rui-vistorias-obras-em-feira-de-santana-santo-amaro-e-lauro-de-freitas\/","url":"https:\/\/portalmf.com.br\/index.php\/2023\/01\/14\/jeronimo-e-rui-vistorias-obras-em-feira-de-santana-santo-amaro-e-lauro-de-freitas\/","name":"Jer\u00f4nimo e Rui vistorias obras em Feira de Santana, Santo Amaro e Lauro de Freitas - Portal MF","isPartOf":{"@id":"https:\/\/portalmf.com.br\/#website"},"primaryImageOfPage":{"@id":"https:\/\/portalmf.com.br\/index.php\/2023\/01\/14\/jeronimo-e-rui-vistorias-obras-em-feira-de-santana-santo-amaro-e-lauro-de-freitas\/#primaryimage"},"image":{"@id":"https:\/\/portalmf.com.br\/index.php\/2023\/01\/14\/jeronimo-e-rui-vistorias-obras-em-feira-de-santana-santo-amaro-e-lauro-de-freitas\/#primaryimage"},"thumbnailUrl":"https:\/\/portalmf.com.br\/wp-content\/uploads\/2023\/01\/IMG-20230114-WA0022.jpg","datePublished":"2023-01-14T15:33:17+00:00","dateModified":"2023-01-14T15:33:45+00:00","author":{"@id":"https:\/\/portalmf.com.br\/#\/schema\/person\/9ec101baf56233e53520c26de5d6f6f0"},"breadcrumb":{"@id":"https:\/\/portalmf.com.br\/index.php\/2023\/01\/14\/jeronimo-e-rui-vistorias-obras-em-feira-de-santana-santo-amaro-e-lauro-de-freitas\/#breadcrumb"},"inLanguage":"pt-BR","potentialAction":[{"@type":"ReadAction","target":["https:\/\/portalmf.com.br\/index.php\/2023\/01\/14\/jeronimo-e-rui-vistorias-obras-em-feira-de-santana-santo-amaro-e-lauro-de-freitas\/"]}]},{"@type":"ImageObject","inLanguage":"pt-BR","@id":"https:\/\/portalmf.com.br\/index.php\/2023\/01\/14\/jeronimo-e-rui-vistorias-obras-em-feira-de-santana-santo-amaro-e-lauro-de-freitas\/#primaryimage","url":"https:\/\/portalmf.com.br\/wp-content\/uploads\/2023\/01\/IMG-20230114-WA0022.jpg","contentUrl":"https:\/\/portalmf.com.br\/wp-content\/uploads\/2023\/01\/IMG-20230114-WA0022.jpg","width":1280,"height":853},{"@type":"BreadcrumbList","@id":"https:\/\/portalmf.com.br\/index.php\/2023\/01\/14\/jeronimo-e-rui-vistorias-obras-em-feira-de-santana-santo-amaro-e-lauro-de-freitas\/#breadcrumb","itemListElement":[{"@type":"ListItem","position":1,"name":"In\u00edcio","item":"https:\/\/portalmf.com.br\/"},{"@type":"ListItem","position":2,"name":"Jer\u00f4nimo e Rui vistorias obras em Feira de Santana, Santo Amaro e Lauro de Freitas"}]},{"@type":"WebSite","@id":"https:\/\/portalmf.com.br\/#website","url":"https:\/\/portalmf.com.br\/","name":"Portal MF","description":"Voc\u00ea conectado com a informa\u00e7\u00e3o","potentialAction":[{"@type":"SearchAction","target":{"@type":"EntryPoint","urlTemplate":"https:\/\/portalmf.com.br\/?s={search_term_string}"},"query-input":"required name=search_term_string"}],"inLanguage":"pt-BR"},{"@type":"Person","@id":"https:\/\/portalmf.com.br\/#\/schema\/person\/9ec101baf56233e53520c26de5d6f6f0","name":"Reda\u00e7\u00e3o Portal MF","image":{"@type":"ImageObject","inLanguage":"pt-BR","@id":"https:\/\/portalmf.com.br\/#\/schema\/person\/image\/","url":"https:\/\/secure.gravatar.com\/avatar\/41b9aaeb2100835f7c64362330f74c7f?s=96&d=mm&r=g","contentUrl":"https:\/\/secure.gravatar.com\/avatar\/41b9aaeb2100835f7c64362330f74c7f?s=96&d=mm&r=g","caption":"Reda\u00e7\u00e3o Portal MF"},"description":"Sejam bem-vindos o portal de informa\u00e7\u00f5es de entretenimento de Feira de Santana, desde 2006 realiza coberturas dos principais eventos com entrevistas exclusivas com as principais personalidades mundiais. Fique conectado tamb\u00e9m nas redes sociais.","sameAs":["http:\/\/www.portalmf.com.br\/","https:\/\/www.facebook.com\/portalmfoficial","https:\/\/www.instagram.com\/portalmf\/","https:\/\/x.com\/https:\/\/x.com\/portalmfoficial","https:\/\/www.youtube.com\/@portalmfoficial"],"url":"https:\/\/portalmf.com.br\/index.php\/author\/junior\/"}]}},"_links":{"self":[{"href":"https:\/\/portalmf.com.br\/index.php\/wp-json\/wp\/v2\/posts\/7932"}],"collection":[{"href":"https:\/\/portalmf.com.br\/index.php\/wp-json\/wp\/v2\/posts"}],"about":[{"href":"https:\/\/portalmf.com.br\/index.php\/wp-json\/wp\/v2\/types\/post"}],"author":[{"embeddable":true,"href":"https:\/\/portalmf.com.br\/index.php\/wp-json\/wp\/v2\/users\/3"}],"replies":[{"embeddable":true,"href":"https:\/\/portalmf.com.br\/index.php\/wp-json\/wp\/v2\/comments?post=7932"}],"version-history":[{"count":1,"href":"https:\/\/portalmf.com.br\/index.php\/wp-json\/wp\/v2\/posts\/7932\/revisions"}],"predecessor-version":[{"id":7939,"href":"https:\/\/portalmf.com.br\/index.php\/wp-json\/wp\/v2\/posts\/7932\/revisions\/7939"}],"wp:featuredmedia":[{"embeddable":true,"href":"https:\/\/portalmf.com.br\/index.php\/wp-json\/wp\/v2\/media\/7938"}],"wp:attachment":[{"href":"https:\/\/portalmf.com.br\/index.php\/wp-json\/wp\/v2\/media?parent=7932"}],"wp:term":[{"taxonomy":"category","embeddable":true,"href":"https:\/\/portalmf.com.br\/index.php\/wp-json\/wp\/v2\/categories?post=7932"},{"taxonomy":"post_tag","embeddable":true,"href":"https:\/\/portalmf.com.br\/index.php\/wp-json\/wp\/v2\/tags?post=7932"}],"curies":[{"name":"wp","href":"https:\/\/api.w.org\/{rel}","templated":true}]}}