{"id":7926,"date":"2023-01-13T17:52:12","date_gmt":"2023-01-13T20:52:12","guid":{"rendered":"https:\/\/portalmf.com.br\/?p=7926"},"modified":"2023-01-13T17:52:12","modified_gmt":"2023-01-13T20:52:12","slug":"fifa-confirma-marrocos-como-sede-do-mundial-de-clubes-em-2023","status":"publish","type":"post","link":"https:\/\/portalmf.com.br\/index.php\/2023\/01\/13\/fifa-confirma-marrocos-como-sede-do-mundial-de-clubes-em-2023\/","title":{"rendered":"Fifa confirma Marrocos como sede do Mundial de Clubes em 2023"},"content":{"rendered":"\n<p>O conselho da Fifa, reunido em Doha, no Catar, definiu nesta sexta-feira que o Mundial de Clubes ser\u00e1 realizado no Marrocos. O torneio ser\u00e1 disputado dos dias 1\u00ba a 11 de fevereiro de 2023.<\/p>\n\n\n\n<p>O Flamengo j\u00e1 tem presen\u00e7a marcada na competi\u00e7\u00e3o. O Rubro-Negro, classificado diretamente para a semifinal, venceu a Copa Libertadores ao bater o Athletico-PR por 1 a 0, com gol de Gabigol.<\/p>\n\n\n\n<p>Por sua vez, o Real Madrid tamb\u00e9m conseguiu vaga direta. O clube espanhol \u00e9 o atual campe\u00e3o Liga dos Campe\u00f5es, trof\u00e9u que foi erguido ap\u00f3s o time levar a melhor diante do Liverpool por 1 a 0, com tento de Vinicius Junior.<\/p>\n\n\n\n<p>Vale destacar que mudan\u00e7as no calend\u00e1rio da Recopa Sul-Americana ser\u00e3o feitas. A competi\u00e7\u00e3o, disputada entre Flamengo e Independiente Del Valle, estava prevista para acontecer nos dias 8 e 15 de fevereiro. Sendo assim, a Conmebol ter\u00e1 que remanejar as datas.<\/p>\n\n\n\n<p>Al\u00e9m das equipes citadas, o Mundial de Clubes ainda ter\u00e1 a participa\u00e7\u00e3o do Seattle Sounders, campe\u00e3o da Champions da Concacaf, e do Auckland City, campe\u00e3o continental da Oceania. O representantes asi\u00e1tico ainda est\u00e1 indefinido.<\/p>\n\n\n\n<p>O Al-Ahly tamb\u00e9m conseguiu vaga, j\u00e1 que o campe\u00e3o africano \u00e9 o Wydad Casablanca, do pr\u00f3prio Marrocos, pa\u00eds-sede. Com isso, o regulamento define que o lugar deve ser ocupado pelo vice-campe\u00e3o continental da \u00c1frica.<\/p>\n\n\n\n<p>Com informa\u00e7\u00f5es do Terra<\/p>\n","protected":false},"excerpt":{"rendered":"<p>O conselho da Fifa, reunido em Doha, no Catar, definiu nesta sexta-feira que o Mundial de Clubes ser\u00e1 realizado no Marrocos. O torneio ser\u00e1 disputado dos dias 1\u00ba a 11 de fevereiro de 2023. O Flamengo j\u00e1 tem presen\u00e7a marcada na competi\u00e7\u00e3o. O Rubro-Negro, classificado diretamente para a semifinal, venceu a Copa Libertadores ao bater [&hellip;]<\/p>\n","protected":false},"author":3,"featured_media":7927,"comment_status":"open","ping_status":"open","sticky":false,"template":"","format":"standard","meta":{"_monsterinsights_skip_tracking":false,"_monsterinsights_sitenote_active":false,"_monsterinsights_sitenote_note":"","_monsterinsights_sitenote_category":0,"footnotes":""},"categories":[42],"tags":[],"yoast_head":"<!-- This site is optimized with the Yoast SEO plugin v22.9 - https:\/\/yoast.com\/wordpress\/plugins\/seo\/ -->\n<title>Fifa confirma Marrocos como sede do Mundial de Clubes em 2023 - Portal MF<\/title>\n<meta name=\"robots\" content=\"index, follow, max-snippet:-1, max-image-preview:large, max-video-preview:-1\" \/>\n<link rel=\"canonical\" href=\"https:\/\/portalmf.com.br\/index.php\/2023\/01\/13\/fifa-confirma-marrocos-como-sede-do-mundial-de-clubes-em-2023\/\" \/>\n<meta property=\"og:locale\" content=\"pt_BR\" \/>\n<meta property=\"og:type\" content=\"article\" \/>\n<meta property=\"og:title\" content=\"Fifa confirma Marrocos como sede do Mundial de Clubes em 2023 - Portal MF\" \/>\n<meta property=\"og:description\" content=\"O conselho da Fifa, reunido em Doha, no Catar, definiu nesta sexta-feira que o Mundial de Clubes ser\u00e1 realizado no Marrocos. O torneio ser\u00e1 disputado dos dias 1\u00ba a 11 de fevereiro de 2023. O Flamengo j\u00e1 tem presen\u00e7a marcada na competi\u00e7\u00e3o. O Rubro-Negro, classificado diretamente para a semifinal, venceu a Copa Libertadores ao bater [&hellip;]\" \/>\n<meta property=\"og:url\" content=\"https:\/\/portalmf.com.br\/index.php\/2023\/01\/13\/fifa-confirma-marrocos-como-sede-do-mundial-de-clubes-em-2023\/\" \/>\n<meta property=\"og:site_name\" content=\"Portal MF\" \/>\n<meta property=\"article:author\" content=\"https:\/\/www.facebook.com\/portalmfoficial\" \/>\n<meta property=\"article:published_time\" content=\"2023-01-13T20:52:12+00:00\" \/>\n<meta property=\"og:image\" content=\"https:\/\/portalmf.com.br\/wp-content\/uploads\/2023\/01\/fifa_mundial.jpg\" \/>\n\t<meta property=\"og:image:width\" content=\"648\" \/>\n\t<meta property=\"og:image:height\" content=\"432\" \/>\n\t<meta property=\"og:image:type\" content=\"image\/jpeg\" \/>\n<meta name=\"author\" content=\"Reda\u00e7\u00e3o Portal MF\" \/>\n<meta name=\"twitter:card\" content=\"summary_large_image\" \/>\n<meta name=\"twitter:creator\" content=\"@https:\/\/x.com\/portalmfoficial\" \/>\n<meta name=\"twitter:label1\" content=\"Escrito por\" \/>\n\t<meta name=\"twitter:data1\" content=\"Reda\u00e7\u00e3o Portal MF\" \/>\n\t<meta name=\"twitter:label2\" content=\"Est. tempo de leitura\" \/>\n\t<meta name=\"twitter:data2\" content=\"2 minutos\" \/>\n<script type=\"application\/ld+json\" class=\"yoast-schema-graph\">{\"@context\":\"https:\/\/schema.org\",\"@graph\":[{\"@type\":\"WebPage\",\"@id\":\"https:\/\/portalmf.com.br\/index.php\/2023\/01\/13\/fifa-confirma-marrocos-como-sede-do-mundial-de-clubes-em-2023\/\",\"url\":\"https:\/\/portalmf.com.br\/index.php\/2023\/01\/13\/fifa-confirma-marrocos-como-sede-do-mundial-de-clubes-em-2023\/\",\"name\":\"Fifa confirma Marrocos como sede do Mundial de Clubes em 2023 - Portal MF\",\"isPartOf\":{\"@id\":\"https:\/\/portalmf.com.br\/#website\"},\"primaryImageOfPage\":{\"@id\":\"https:\/\/portalmf.com.br\/index.php\/2023\/01\/13\/fifa-confirma-marrocos-como-sede-do-mundial-de-clubes-em-2023\/#primaryimage\"},\"image\":{\"@id\":\"https:\/\/portalmf.com.br\/index.php\/2023\/01\/13\/fifa-confirma-marrocos-como-sede-do-mundial-de-clubes-em-2023\/#primaryimage\"},\"thumbnailUrl\":\"https:\/\/portalmf.com.br\/wp-content\/uploads\/2023\/01\/fifa_mundial.jpg\",\"datePublished\":\"2023-01-13T20:52:12+00:00\",\"dateModified\":\"2023-01-13T20:52:12+00:00\",\"author\":{\"@id\":\"https:\/\/portalmf.com.br\/#\/schema\/person\/9ec101baf56233e53520c26de5d6f6f0\"},\"breadcrumb\":{\"@id\":\"https:\/\/portalmf.com.br\/index.php\/2023\/01\/13\/fifa-confirma-marrocos-como-sede-do-mundial-de-clubes-em-2023\/#breadcrumb\"},\"inLanguage\":\"pt-BR\",\"potentialAction\":[{\"@type\":\"ReadAction\",\"target\":[\"https:\/\/portalmf.com.br\/index.php\/2023\/01\/13\/fifa-confirma-marrocos-como-sede-do-mundial-de-clubes-em-2023\/\"]}]},{\"@type\":\"ImageObject\",\"inLanguage\":\"pt-BR\",\"@id\":\"https:\/\/portalmf.com.br\/index.php\/2023\/01\/13\/fifa-confirma-marrocos-como-sede-do-mundial-de-clubes-em-2023\/#primaryimage\",\"url\":\"https:\/\/portalmf.com.br\/wp-content\/uploads\/2023\/01\/fifa_mundial.jpg\",\"contentUrl\":\"https:\/\/portalmf.com.br\/wp-content\/uploads\/2023\/01\/fifa_mundial.jpg\",\"width\":648,\"height\":432},{\"@type\":\"BreadcrumbList\",\"@id\":\"https:\/\/portalmf.com.br\/index.php\/2023\/01\/13\/fifa-confirma-marrocos-como-sede-do-mundial-de-clubes-em-2023\/#breadcrumb\",\"itemListElement\":[{\"@type\":\"ListItem\",\"position\":1,\"name\":\"In\u00edcio\",\"item\":\"https:\/\/portalmf.com.br\/\"},{\"@type\":\"ListItem\",\"position\":2,\"name\":\"Fifa confirma Marrocos como sede do Mundial de Clubes em 2023\"}]},{\"@type\":\"WebSite\",\"@id\":\"https:\/\/portalmf.com.br\/#website\",\"url\":\"https:\/\/portalmf.com.br\/\",\"name\":\"Portal MF\",\"description\":\"Voc\u00ea conectado com a informa\u00e7\u00e3o\",\"potentialAction\":[{\"@type\":\"SearchAction\",\"target\":{\"@type\":\"EntryPoint\",\"urlTemplate\":\"https:\/\/portalmf.com.br\/?s={search_term_string}\"},\"query-input\":\"required name=search_term_string\"}],\"inLanguage\":\"pt-BR\"},{\"@type\":\"Person\",\"@id\":\"https:\/\/portalmf.com.br\/#\/schema\/person\/9ec101baf56233e53520c26de5d6f6f0\",\"name\":\"Reda\u00e7\u00e3o Portal MF\",\"image\":{\"@type\":\"ImageObject\",\"inLanguage\":\"pt-BR\",\"@id\":\"https:\/\/portalmf.com.br\/#\/schema\/person\/image\/\",\"url\":\"https:\/\/secure.gravatar.com\/avatar\/41b9aaeb2100835f7c64362330f74c7f?s=96&d=mm&r=g\",\"contentUrl\":\"https:\/\/secure.gravatar.com\/avatar\/41b9aaeb2100835f7c64362330f74c7f?s=96&d=mm&r=g\",\"caption\":\"Reda\u00e7\u00e3o Portal MF\"},\"description\":\"Sejam bem-vindos o portal de informa\u00e7\u00f5es de entretenimento de Feira de Santana, desde 2006 realiza coberturas dos principais eventos com entrevistas exclusivas com as principais personalidades mundiais. Fique conectado tamb\u00e9m nas redes sociais.\",\"sameAs\":[\"http:\/\/www.portalmf.com.br\/\",\"https:\/\/www.facebook.com\/portalmfoficial\",\"https:\/\/www.instagram.com\/portalmf\/\",\"https:\/\/x.com\/https:\/\/x.com\/portalmfoficial\",\"https:\/\/www.youtube.com\/@portalmfoficial\"],\"url\":\"https:\/\/portalmf.com.br\/index.php\/author\/junior\/\"}]}<\/script>\n<!-- \/ Yoast SEO plugin. -->","yoast_head_json":{"title":"Fifa confirma Marrocos como sede do Mundial de Clubes em 2023 - Portal MF","robots":{"index":"index","follow":"follow","max-snippet":"max-snippet:-1","max-image-preview":"max-image-preview:large","max-video-preview":"max-video-preview:-1"},"canonical":"https:\/\/portalmf.com.br\/index.php\/2023\/01\/13\/fifa-confirma-marrocos-como-sede-do-mundial-de-clubes-em-2023\/","og_locale":"pt_BR","og_type":"article","og_title":"Fifa confirma Marrocos como sede do Mundial de Clubes em 2023 - Portal MF","og_description":"O conselho da Fifa, reunido em Doha, no Catar, definiu nesta sexta-feira que o Mundial de Clubes ser\u00e1 realizado no Marrocos. O torneio ser\u00e1 disputado dos dias 1\u00ba a 11 de fevereiro de 2023. O Flamengo j\u00e1 tem presen\u00e7a marcada na competi\u00e7\u00e3o. O Rubro-Negro, classificado diretamente para a semifinal, venceu a Copa Libertadores ao bater [&hellip;]","og_url":"https:\/\/portalmf.com.br\/index.php\/2023\/01\/13\/fifa-confirma-marrocos-como-sede-do-mundial-de-clubes-em-2023\/","og_site_name":"Portal MF","article_author":"https:\/\/www.facebook.com\/portalmfoficial","article_published_time":"2023-01-13T20:52:12+00:00","og_image":[{"width":648,"height":432,"url":"https:\/\/portalmf.com.br\/wp-content\/uploads\/2023\/01\/fifa_mundial.jpg","type":"image\/jpeg"}],"author":"Reda\u00e7\u00e3o Portal MF","twitter_card":"summary_large_image","twitter_creator":"@https:\/\/x.com\/portalmfoficial","twitter_misc":{"Escrito por":"Reda\u00e7\u00e3o Portal MF","Est. tempo de leitura":"2 minutos"},"schema":{"@context":"https:\/\/schema.org","@graph":[{"@type":"WebPage","@id":"https:\/\/portalmf.com.br\/index.php\/2023\/01\/13\/fifa-confirma-marrocos-como-sede-do-mundial-de-clubes-em-2023\/","url":"https:\/\/portalmf.com.br\/index.php\/2023\/01\/13\/fifa-confirma-marrocos-como-sede-do-mundial-de-clubes-em-2023\/","name":"Fifa confirma Marrocos como sede do Mundial de Clubes em 2023 - Portal MF","isPartOf":{"@id":"https:\/\/portalmf.com.br\/#website"},"primaryImageOfPage":{"@id":"https:\/\/portalmf.com.br\/index.php\/2023\/01\/13\/fifa-confirma-marrocos-como-sede-do-mundial-de-clubes-em-2023\/#primaryimage"},"image":{"@id":"https:\/\/portalmf.com.br\/index.php\/2023\/01\/13\/fifa-confirma-marrocos-como-sede-do-mundial-de-clubes-em-2023\/#primaryimage"},"thumbnailUrl":"https:\/\/portalmf.com.br\/wp-content\/uploads\/2023\/01\/fifa_mundial.jpg","datePublished":"2023-01-13T20:52:12+00:00","dateModified":"2023-01-13T20:52:12+00:00","author":{"@id":"https:\/\/portalmf.com.br\/#\/schema\/person\/9ec101baf56233e53520c26de5d6f6f0"},"breadcrumb":{"@id":"https:\/\/portalmf.com.br\/index.php\/2023\/01\/13\/fifa-confirma-marrocos-como-sede-do-mundial-de-clubes-em-2023\/#breadcrumb"},"inLanguage":"pt-BR","potentialAction":[{"@type":"ReadAction","target":["https:\/\/portalmf.com.br\/index.php\/2023\/01\/13\/fifa-confirma-marrocos-como-sede-do-mundial-de-clubes-em-2023\/"]}]},{"@type":"ImageObject","inLanguage":"pt-BR","@id":"https:\/\/portalmf.com.br\/index.php\/2023\/01\/13\/fifa-confirma-marrocos-como-sede-do-mundial-de-clubes-em-2023\/#primaryimage","url":"https:\/\/portalmf.com.br\/wp-content\/uploads\/2023\/01\/fifa_mundial.jpg","contentUrl":"https:\/\/portalmf.com.br\/wp-content\/uploads\/2023\/01\/fifa_mundial.jpg","width":648,"height":432},{"@type":"BreadcrumbList","@id":"https:\/\/portalmf.com.br\/index.php\/2023\/01\/13\/fifa-confirma-marrocos-como-sede-do-mundial-de-clubes-em-2023\/#breadcrumb","itemListElement":[{"@type":"ListItem","position":1,"name":"In\u00edcio","item":"https:\/\/portalmf.com.br\/"},{"@type":"ListItem","position":2,"name":"Fifa confirma Marrocos como sede do Mundial de Clubes em 2023"}]},{"@type":"WebSite","@id":"https:\/\/portalmf.com.br\/#website","url":"https:\/\/portalmf.com.br\/","name":"Portal MF","description":"Voc\u00ea conectado com a informa\u00e7\u00e3o","potentialAction":[{"@type":"SearchAction","target":{"@type":"EntryPoint","urlTemplate":"https:\/\/portalmf.com.br\/?s={search_term_string}"},"query-input":"required name=search_term_string"}],"inLanguage":"pt-BR"},{"@type":"Person","@id":"https:\/\/portalmf.com.br\/#\/schema\/person\/9ec101baf56233e53520c26de5d6f6f0","name":"Reda\u00e7\u00e3o Portal MF","image":{"@type":"ImageObject","inLanguage":"pt-BR","@id":"https:\/\/portalmf.com.br\/#\/schema\/person\/image\/","url":"https:\/\/secure.gravatar.com\/avatar\/41b9aaeb2100835f7c64362330f74c7f?s=96&d=mm&r=g","contentUrl":"https:\/\/secure.gravatar.com\/avatar\/41b9aaeb2100835f7c64362330f74c7f?s=96&d=mm&r=g","caption":"Reda\u00e7\u00e3o Portal MF"},"description":"Sejam bem-vindos o portal de informa\u00e7\u00f5es de entretenimento de Feira de Santana, desde 2006 realiza coberturas dos principais eventos com entrevistas exclusivas com as principais personalidades mundiais. Fique conectado tamb\u00e9m nas redes sociais.","sameAs":["http:\/\/www.portalmf.com.br\/","https:\/\/www.facebook.com\/portalmfoficial","https:\/\/www.instagram.com\/portalmf\/","https:\/\/x.com\/https:\/\/x.com\/portalmfoficial","https:\/\/www.youtube.com\/@portalmfoficial"],"url":"https:\/\/portalmf.com.br\/index.php\/author\/junior\/"}]}},"_links":{"self":[{"href":"https:\/\/portalmf.com.br\/index.php\/wp-json\/wp\/v2\/posts\/7926"}],"collection":[{"href":"https:\/\/portalmf.com.br\/index.php\/wp-json\/wp\/v2\/posts"}],"about":[{"href":"https:\/\/portalmf.com.br\/index.php\/wp-json\/wp\/v2\/types\/post"}],"author":[{"embeddable":true,"href":"https:\/\/portalmf.com.br\/index.php\/wp-json\/wp\/v2\/users\/3"}],"replies":[{"embeddable":true,"href":"https:\/\/portalmf.com.br\/index.php\/wp-json\/wp\/v2\/comments?post=7926"}],"version-history":[{"count":1,"href":"https:\/\/portalmf.com.br\/index.php\/wp-json\/wp\/v2\/posts\/7926\/revisions"}],"predecessor-version":[{"id":7928,"href":"https:\/\/portalmf.com.br\/index.php\/wp-json\/wp\/v2\/posts\/7926\/revisions\/7928"}],"wp:featuredmedia":[{"embeddable":true,"href":"https:\/\/portalmf.com.br\/index.php\/wp-json\/wp\/v2\/media\/7927"}],"wp:attachment":[{"href":"https:\/\/portalmf.com.br\/index.php\/wp-json\/wp\/v2\/media?parent=7926"}],"wp:term":[{"taxonomy":"category","embeddable":true,"href":"https:\/\/portalmf.com.br\/index.php\/wp-json\/wp\/v2\/categories?post=7926"},{"taxonomy":"post_tag","embeddable":true,"href":"https:\/\/portalmf.com.br\/index.php\/wp-json\/wp\/v2\/tags?post=7926"}],"curies":[{"name":"wp","href":"https:\/\/api.w.org\/{rel}","templated":true}]}}