{"id":7912,"date":"2023-01-13T17:42:58","date_gmt":"2023-01-13T20:42:58","guid":{"rendered":"https:\/\/portalmf.com.br\/?p=7912"},"modified":"2023-01-13T17:48:10","modified_gmt":"2023-01-13T20:48:10","slug":"famosos-curtem-ensaio-do-psi-em-salvador-ba","status":"publish","type":"post","link":"https:\/\/portalmf.com.br\/index.php\/2023\/01\/13\/famosos-curtem-ensaio-do-psi-em-salvador-ba\/","title":{"rendered":"Famosos curtem Ensaio do Psi em Salvador (BA)"},"content":{"rendered":"\n<p>Na noite desta quinta-feira (12), o cantor M\u00e1rcio Victor est\u00e1 agitando o Ensaio do Psi no bairro do Santo Ant\u00f4nio Al\u00e9m do Carmo. <\/p>\n\n\n\n<p>Famosos como Fe Paes Leme, Douglas Silva, Benedita Zerbini e Gominho estiveram no local aproveitando o show do Psirico, banda liderada por M\u00e1rcio Victor. A abertura da noite ficou por conta de Escandurras.<\/p>\n\n\n\n<figure class=\"wp-block-gallery has-nested-images columns-default is-cropped wp-block-gallery-1 is-layout-flex wp-block-gallery-is-layout-flex\">\n<figure class=\"wp-block-image size-large\"><img fetchpriority=\"high\" decoding=\"async\" width=\"1024\" height=\"682\" data-id=\"7913\" src=\"https:\/\/portalmf.com.br\/wp-content\/uploads\/2023\/01\/Famosos-curtem-Ensaio-do-Psi-em-Salvador-BA-1-1024x682.jpeg\" alt=\"\" class=\"wp-image-7913\" srcset=\"https:\/\/portalmf.com.br\/wp-content\/uploads\/2023\/01\/Famosos-curtem-Ensaio-do-Psi-em-Salvador-BA-1-1024x682.jpeg 1024w, https:\/\/portalmf.com.br\/wp-content\/uploads\/2023\/01\/Famosos-curtem-Ensaio-do-Psi-em-Salvador-BA-1-300x200.jpeg 300w, https:\/\/portalmf.com.br\/wp-content\/uploads\/2023\/01\/Famosos-curtem-Ensaio-do-Psi-em-Salvador-BA-1-768x511.jpeg 768w, https:\/\/portalmf.com.br\/wp-content\/uploads\/2023\/01\/Famosos-curtem-Ensaio-do-Psi-em-Salvador-BA-1-1170x779.jpeg 1170w, https:\/\/portalmf.com.br\/wp-content\/uploads\/2023\/01\/Famosos-curtem-Ensaio-do-Psi-em-Salvador-BA-1-585x389.jpeg 585w, https:\/\/portalmf.com.br\/wp-content\/uploads\/2023\/01\/Famosos-curtem-Ensaio-do-Psi-em-Salvador-BA-1-263x175.jpeg 263w, https:\/\/portalmf.com.br\/wp-content\/uploads\/2023\/01\/Famosos-curtem-Ensaio-do-Psi-em-Salvador-BA-1.jpeg 1280w\" sizes=\"(max-width: 1024px) 100vw, 1024px\" \/><figcaption>Foto: Mateus Ross<\/figcaption><\/figure>\n\n\n\n<figure class=\"wp-block-image size-large\"><img decoding=\"async\" width=\"1024\" height=\"682\" data-id=\"7915\" src=\"https:\/\/portalmf.com.br\/wp-content\/uploads\/2023\/01\/Famosos-curtem-Ensaio-do-Psi-em-Salvador-BA-2-1024x682.jpeg\" alt=\"\" class=\"wp-image-7915\" srcset=\"https:\/\/portalmf.com.br\/wp-content\/uploads\/2023\/01\/Famosos-curtem-Ensaio-do-Psi-em-Salvador-BA-2-1024x682.jpeg 1024w, https:\/\/portalmf.com.br\/wp-content\/uploads\/2023\/01\/Famosos-curtem-Ensaio-do-Psi-em-Salvador-BA-2-300x200.jpeg 300w, https:\/\/portalmf.com.br\/wp-content\/uploads\/2023\/01\/Famosos-curtem-Ensaio-do-Psi-em-Salvador-BA-2-768x512.jpeg 768w, https:\/\/portalmf.com.br\/wp-content\/uploads\/2023\/01\/Famosos-curtem-Ensaio-do-Psi-em-Salvador-BA-2-1536x1023.jpeg 1536w, https:\/\/portalmf.com.br\/wp-content\/uploads\/2023\/01\/Famosos-curtem-Ensaio-do-Psi-em-Salvador-BA-2-1170x780.jpeg 1170w, https:\/\/portalmf.com.br\/wp-content\/uploads\/2023\/01\/Famosos-curtem-Ensaio-do-Psi-em-Salvador-BA-2-585x390.jpeg 585w, https:\/\/portalmf.com.br\/wp-content\/uploads\/2023\/01\/Famosos-curtem-Ensaio-do-Psi-em-Salvador-BA-2-263x175.jpeg 263w, https:\/\/portalmf.com.br\/wp-content\/uploads\/2023\/01\/Famosos-curtem-Ensaio-do-Psi-em-Salvador-BA-2.jpeg 1600w\" sizes=\"(max-width: 1024px) 100vw, 1024px\" \/><figcaption>Foto: Mateus Ross<\/figcaption><\/figure>\n\n\n\n<figure class=\"wp-block-image size-large\"><img decoding=\"async\" width=\"1024\" height=\"682\" data-id=\"7917\" src=\"https:\/\/portalmf.com.br\/wp-content\/uploads\/2023\/01\/Famosos-curtem-Ensaio-do-Psi-em-Salvador-BA-3-1024x682.jpeg\" alt=\"\" class=\"wp-image-7917\" srcset=\"https:\/\/portalmf.com.br\/wp-content\/uploads\/2023\/01\/Famosos-curtem-Ensaio-do-Psi-em-Salvador-BA-3-1024x682.jpeg 1024w, https:\/\/portalmf.com.br\/wp-content\/uploads\/2023\/01\/Famosos-curtem-Ensaio-do-Psi-em-Salvador-BA-3-300x200.jpeg 300w, https:\/\/portalmf.com.br\/wp-content\/uploads\/2023\/01\/Famosos-curtem-Ensaio-do-Psi-em-Salvador-BA-3-768x512.jpeg 768w, https:\/\/portalmf.com.br\/wp-content\/uploads\/2023\/01\/Famosos-curtem-Ensaio-do-Psi-em-Salvador-BA-3-1536x1023.jpeg 1536w, https:\/\/portalmf.com.br\/wp-content\/uploads\/2023\/01\/Famosos-curtem-Ensaio-do-Psi-em-Salvador-BA-3-1170x780.jpeg 1170w, https:\/\/portalmf.com.br\/wp-content\/uploads\/2023\/01\/Famosos-curtem-Ensaio-do-Psi-em-Salvador-BA-3-585x390.jpeg 585w, https:\/\/portalmf.com.br\/wp-content\/uploads\/2023\/01\/Famosos-curtem-Ensaio-do-Psi-em-Salvador-BA-3-263x175.jpeg 263w, https:\/\/portalmf.com.br\/wp-content\/uploads\/2023\/01\/Famosos-curtem-Ensaio-do-Psi-em-Salvador-BA-3.jpeg 1600w\" sizes=\"(max-width: 1024px) 100vw, 1024px\" \/><figcaption>Foto: Mateus Ross<\/figcaption><\/figure>\n\n\n\n<figure class=\"wp-block-image size-large\"><img loading=\"lazy\" decoding=\"async\" width=\"1024\" height=\"682\" data-id=\"7920\" src=\"https:\/\/portalmf.com.br\/wp-content\/uploads\/2023\/01\/Famosos-curtem-Ensaio-do-Psi-em-Salvador-BA-4-1024x682.jpeg\" alt=\"\" class=\"wp-image-7920\" srcset=\"https:\/\/portalmf.com.br\/wp-content\/uploads\/2023\/01\/Famosos-curtem-Ensaio-do-Psi-em-Salvador-BA-4-1024x682.jpeg 1024w, https:\/\/portalmf.com.br\/wp-content\/uploads\/2023\/01\/Famosos-curtem-Ensaio-do-Psi-em-Salvador-BA-4-300x200.jpeg 300w, https:\/\/portalmf.com.br\/wp-content\/uploads\/2023\/01\/Famosos-curtem-Ensaio-do-Psi-em-Salvador-BA-4-768x512.jpeg 768w, https:\/\/portalmf.com.br\/wp-content\/uploads\/2023\/01\/Famosos-curtem-Ensaio-do-Psi-em-Salvador-BA-4-1536x1023.jpeg 1536w, https:\/\/portalmf.com.br\/wp-content\/uploads\/2023\/01\/Famosos-curtem-Ensaio-do-Psi-em-Salvador-BA-4-1170x780.jpeg 1170w, https:\/\/portalmf.com.br\/wp-content\/uploads\/2023\/01\/Famosos-curtem-Ensaio-do-Psi-em-Salvador-BA-4-585x390.jpeg 585w, https:\/\/portalmf.com.br\/wp-content\/uploads\/2023\/01\/Famosos-curtem-Ensaio-do-Psi-em-Salvador-BA-4-263x175.jpeg 263w, https:\/\/portalmf.com.br\/wp-content\/uploads\/2023\/01\/Famosos-curtem-Ensaio-do-Psi-em-Salvador-BA-4.jpeg 1600w\" sizes=\"(max-width: 1024px) 100vw, 1024px\" \/><figcaption>Foto: Mateus Ross<\/figcaption><\/figure>\n\n\n\n<figure class=\"wp-block-image size-large\"><img loading=\"lazy\" decoding=\"async\" width=\"1024\" height=\"682\" data-id=\"7919\" src=\"https:\/\/portalmf.com.br\/wp-content\/uploads\/2023\/01\/Famosos-curtem-Ensaio-do-Psi-em-Salvador-BA-5-1024x682.jpeg\" alt=\"\" class=\"wp-image-7919\" srcset=\"https:\/\/portalmf.com.br\/wp-content\/uploads\/2023\/01\/Famosos-curtem-Ensaio-do-Psi-em-Salvador-BA-5-1024x682.jpeg 1024w, https:\/\/portalmf.com.br\/wp-content\/uploads\/2023\/01\/Famosos-curtem-Ensaio-do-Psi-em-Salvador-BA-5-300x200.jpeg 300w, https:\/\/portalmf.com.br\/wp-content\/uploads\/2023\/01\/Famosos-curtem-Ensaio-do-Psi-em-Salvador-BA-5-768x512.jpeg 768w, https:\/\/portalmf.com.br\/wp-content\/uploads\/2023\/01\/Famosos-curtem-Ensaio-do-Psi-em-Salvador-BA-5-1536x1023.jpeg 1536w, https:\/\/portalmf.com.br\/wp-content\/uploads\/2023\/01\/Famosos-curtem-Ensaio-do-Psi-em-Salvador-BA-5-1170x780.jpeg 1170w, https:\/\/portalmf.com.br\/wp-content\/uploads\/2023\/01\/Famosos-curtem-Ensaio-do-Psi-em-Salvador-BA-5-585x390.jpeg 585w, https:\/\/portalmf.com.br\/wp-content\/uploads\/2023\/01\/Famosos-curtem-Ensaio-do-Psi-em-Salvador-BA-5-263x175.jpeg 263w, https:\/\/portalmf.com.br\/wp-content\/uploads\/2023\/01\/Famosos-curtem-Ensaio-do-Psi-em-Salvador-BA-5.jpeg 1600w\" sizes=\"(max-width: 1024px) 100vw, 1024px\" \/><figcaption>Foto: Mateus Ross<\/figcaption><\/figure>\n\n\n\n<figure class=\"wp-block-image size-large\"><img loading=\"lazy\" decoding=\"async\" width=\"1024\" height=\"682\" data-id=\"7916\" src=\"https:\/\/portalmf.com.br\/wp-content\/uploads\/2023\/01\/Famosos-curtem-Ensaio-do-Psi-em-Salvador-BA-6-1024x682.jpeg\" alt=\"\" class=\"wp-image-7916\" srcset=\"https:\/\/portalmf.com.br\/wp-content\/uploads\/2023\/01\/Famosos-curtem-Ensaio-do-Psi-em-Salvador-BA-6-1024x682.jpeg 1024w, https:\/\/portalmf.com.br\/wp-content\/uploads\/2023\/01\/Famosos-curtem-Ensaio-do-Psi-em-Salvador-BA-6-300x200.jpeg 300w, https:\/\/portalmf.com.br\/wp-content\/uploads\/2023\/01\/Famosos-curtem-Ensaio-do-Psi-em-Salvador-BA-6-768x512.jpeg 768w, https:\/\/portalmf.com.br\/wp-content\/uploads\/2023\/01\/Famosos-curtem-Ensaio-do-Psi-em-Salvador-BA-6-1536x1023.jpeg 1536w, https:\/\/portalmf.com.br\/wp-content\/uploads\/2023\/01\/Famosos-curtem-Ensaio-do-Psi-em-Salvador-BA-6-1170x780.jpeg 1170w, https:\/\/portalmf.com.br\/wp-content\/uploads\/2023\/01\/Famosos-curtem-Ensaio-do-Psi-em-Salvador-BA-6-585x390.jpeg 585w, https:\/\/portalmf.com.br\/wp-content\/uploads\/2023\/01\/Famosos-curtem-Ensaio-do-Psi-em-Salvador-BA-6-263x175.jpeg 263w, https:\/\/portalmf.com.br\/wp-content\/uploads\/2023\/01\/Famosos-curtem-Ensaio-do-Psi-em-Salvador-BA-6.jpeg 1600w\" sizes=\"(max-width: 1024px) 100vw, 1024px\" \/><figcaption>Foto: Mateus Ross<\/figcaption><\/figure>\n\n\n\n<figure class=\"wp-block-image size-large\"><img loading=\"lazy\" decoding=\"async\" width=\"1024\" height=\"682\" data-id=\"7918\" src=\"https:\/\/portalmf.com.br\/wp-content\/uploads\/2023\/01\/Famosos-curtem-Ensaio-do-Psi-em-Salvador-BA-7-1024x682.jpeg\" alt=\"\" class=\"wp-image-7918\" srcset=\"https:\/\/portalmf.com.br\/wp-content\/uploads\/2023\/01\/Famosos-curtem-Ensaio-do-Psi-em-Salvador-BA-7-1024x682.jpeg 1024w, https:\/\/portalmf.com.br\/wp-content\/uploads\/2023\/01\/Famosos-curtem-Ensaio-do-Psi-em-Salvador-BA-7-300x200.jpeg 300w, https:\/\/portalmf.com.br\/wp-content\/uploads\/2023\/01\/Famosos-curtem-Ensaio-do-Psi-em-Salvador-BA-7-768x512.jpeg 768w, https:\/\/portalmf.com.br\/wp-content\/uploads\/2023\/01\/Famosos-curtem-Ensaio-do-Psi-em-Salvador-BA-7-1536x1023.jpeg 1536w, https:\/\/portalmf.com.br\/wp-content\/uploads\/2023\/01\/Famosos-curtem-Ensaio-do-Psi-em-Salvador-BA-7-1170x780.jpeg 1170w, https:\/\/portalmf.com.br\/wp-content\/uploads\/2023\/01\/Famosos-curtem-Ensaio-do-Psi-em-Salvador-BA-7-585x390.jpeg 585w, https:\/\/portalmf.com.br\/wp-content\/uploads\/2023\/01\/Famosos-curtem-Ensaio-do-Psi-em-Salvador-BA-7-263x175.jpeg 263w, https:\/\/portalmf.com.br\/wp-content\/uploads\/2023\/01\/Famosos-curtem-Ensaio-do-Psi-em-Salvador-BA-7.jpeg 1600w\" sizes=\"(max-width: 1024px) 100vw, 1024px\" \/><figcaption>Foto: Mateus Ross<\/figcaption><\/figure>\n\n\n\n<figure class=\"wp-block-image size-large\"><img loading=\"lazy\" decoding=\"async\" width=\"1024\" height=\"682\" data-id=\"7921\" src=\"https:\/\/portalmf.com.br\/wp-content\/uploads\/2023\/01\/Famosos-curtem-Ensaio-do-Psi-em-Salvador-BA-8-1024x682.jpeg\" alt=\"\" class=\"wp-image-7921\" srcset=\"https:\/\/portalmf.com.br\/wp-content\/uploads\/2023\/01\/Famosos-curtem-Ensaio-do-Psi-em-Salvador-BA-8-1024x682.jpeg 1024w, https:\/\/portalmf.com.br\/wp-content\/uploads\/2023\/01\/Famosos-curtem-Ensaio-do-Psi-em-Salvador-BA-8-300x200.jpeg 300w, https:\/\/portalmf.com.br\/wp-content\/uploads\/2023\/01\/Famosos-curtem-Ensaio-do-Psi-em-Salvador-BA-8-768x512.jpeg 768w, https:\/\/portalmf.com.br\/wp-content\/uploads\/2023\/01\/Famosos-curtem-Ensaio-do-Psi-em-Salvador-BA-8-1536x1023.jpeg 1536w, https:\/\/portalmf.com.br\/wp-content\/uploads\/2023\/01\/Famosos-curtem-Ensaio-do-Psi-em-Salvador-BA-8-1170x780.jpeg 1170w, https:\/\/portalmf.com.br\/wp-content\/uploads\/2023\/01\/Famosos-curtem-Ensaio-do-Psi-em-Salvador-BA-8-585x390.jpeg 585w, https:\/\/portalmf.com.br\/wp-content\/uploads\/2023\/01\/Famosos-curtem-Ensaio-do-Psi-em-Salvador-BA-8-263x175.jpeg 263w, https:\/\/portalmf.com.br\/wp-content\/uploads\/2023\/01\/Famosos-curtem-Ensaio-do-Psi-em-Salvador-BA-8.jpeg 1600w\" sizes=\"(max-width: 1024px) 100vw, 1024px\" \/><figcaption>Foto: Mateus Ross<\/figcaption><\/figure>\n\n\n\n<figure class=\"wp-block-image size-large\"><img loading=\"lazy\" decoding=\"async\" width=\"1024\" height=\"683\" data-id=\"7914\" src=\"https:\/\/portalmf.com.br\/wp-content\/uploads\/2023\/01\/Famosos-curtem-Ensaio-do-Psi-em-Salvador-BA-9-1024x683.jpeg\" alt=\"\" class=\"wp-image-7914\" srcset=\"https:\/\/portalmf.com.br\/wp-content\/uploads\/2023\/01\/Famosos-curtem-Ensaio-do-Psi-em-Salvador-BA-9-1024x683.jpeg 1024w, https:\/\/portalmf.com.br\/wp-content\/uploads\/2023\/01\/Famosos-curtem-Ensaio-do-Psi-em-Salvador-BA-9-300x200.jpeg 300w, https:\/\/portalmf.com.br\/wp-content\/uploads\/2023\/01\/Famosos-curtem-Ensaio-do-Psi-em-Salvador-BA-9-768x512.jpeg 768w, https:\/\/portalmf.com.br\/wp-content\/uploads\/2023\/01\/Famosos-curtem-Ensaio-do-Psi-em-Salvador-BA-9-1170x781.jpeg 1170w, https:\/\/portalmf.com.br\/wp-content\/uploads\/2023\/01\/Famosos-curtem-Ensaio-do-Psi-em-Salvador-BA-9-585x390.jpeg 585w, https:\/\/portalmf.com.br\/wp-content\/uploads\/2023\/01\/Famosos-curtem-Ensaio-do-Psi-em-Salvador-BA-9-263x175.jpeg 263w, https:\/\/portalmf.com.br\/wp-content\/uploads\/2023\/01\/Famosos-curtem-Ensaio-do-Psi-em-Salvador-BA-9.jpeg 1280w\" sizes=\"(max-width: 1024px) 100vw, 1024px\" \/><figcaption>Foto: Mateus Ross<\/figcaption><\/figure>\n<\/figure>\n","protected":false},"excerpt":{"rendered":"<p>Na noite desta quinta-feira (12), o cantor M\u00e1rcio Victor est\u00e1 agitando o Ensaio do Psi no bairro do Santo Ant\u00f4nio Al\u00e9m do Carmo. Famosos como Fe Paes Leme, Douglas Silva, Benedita Zerbini e Gominho estiveram no local aproveitando o show do Psirico, banda liderada por M\u00e1rcio Victor. A abertura da noite ficou por conta de [&hellip;]<\/p>\n","protected":false},"author":3,"featured_media":7914,"comment_status":"open","ping_status":"open","sticky":false,"template":"","format":"standard","meta":{"_monsterinsights_skip_tracking":false,"_monsterinsights_sitenote_active":false,"_monsterinsights_sitenote_note":"","_monsterinsights_sitenote_category":0,"footnotes":""},"categories":[48,45],"tags":[],"yoast_head":"<!-- This site is optimized with the Yoast SEO plugin v22.9 - https:\/\/yoast.com\/wordpress\/plugins\/seo\/ -->\n<title>Famosos curtem Ensaio do Psi em Salvador (BA) - Portal MF<\/title>\n<meta name=\"robots\" content=\"index, follow, max-snippet:-1, max-image-preview:large, max-video-preview:-1\" \/>\n<link rel=\"canonical\" href=\"https:\/\/portalmf.com.br\/index.php\/2023\/01\/13\/famosos-curtem-ensaio-do-psi-em-salvador-ba\/\" \/>\n<meta property=\"og:locale\" content=\"pt_BR\" \/>\n<meta property=\"og:type\" content=\"article\" \/>\n<meta property=\"og:title\" content=\"Famosos curtem Ensaio do Psi em Salvador (BA) - Portal MF\" \/>\n<meta property=\"og:description\" content=\"Na noite desta quinta-feira (12), o cantor M\u00e1rcio Victor est\u00e1 agitando o Ensaio do Psi no bairro do Santo Ant\u00f4nio Al\u00e9m do Carmo. Famosos como Fe Paes Leme, Douglas Silva, Benedita Zerbini e Gominho estiveram no local aproveitando o show do Psirico, banda liderada por M\u00e1rcio Victor. A abertura da noite ficou por conta de [&hellip;]\" \/>\n<meta property=\"og:url\" content=\"https:\/\/portalmf.com.br\/index.php\/2023\/01\/13\/famosos-curtem-ensaio-do-psi-em-salvador-ba\/\" \/>\n<meta property=\"og:site_name\" content=\"Portal MF\" \/>\n<meta property=\"article:author\" content=\"https:\/\/www.facebook.com\/portalmfoficial\" \/>\n<meta property=\"article:published_time\" content=\"2023-01-13T20:42:58+00:00\" \/>\n<meta property=\"article:modified_time\" content=\"2023-01-13T20:48:10+00:00\" \/>\n<meta property=\"og:image\" content=\"https:\/\/portalmf.com.br\/wp-content\/uploads\/2023\/01\/Famosos-curtem-Ensaio-do-Psi-em-Salvador-BA-9.jpeg\" \/>\n\t<meta property=\"og:image:width\" content=\"1280\" \/>\n\t<meta property=\"og:image:height\" content=\"854\" \/>\n\t<meta property=\"og:image:type\" content=\"image\/jpeg\" \/>\n<meta name=\"author\" content=\"Reda\u00e7\u00e3o Portal MF\" \/>\n<meta name=\"twitter:card\" content=\"summary_large_image\" \/>\n<meta name=\"twitter:creator\" content=\"@https:\/\/x.com\/portalmfoficial\" \/>\n<meta name=\"twitter:label1\" content=\"Escrito por\" \/>\n\t<meta name=\"twitter:data1\" content=\"Reda\u00e7\u00e3o Portal MF\" \/>\n\t<meta name=\"twitter:label2\" content=\"Est. tempo de leitura\" \/>\n\t<meta name=\"twitter:data2\" content=\"3 minutos\" \/>\n<script type=\"application\/ld+json\" class=\"yoast-schema-graph\">{\"@context\":\"https:\/\/schema.org\",\"@graph\":[{\"@type\":\"WebPage\",\"@id\":\"https:\/\/portalmf.com.br\/index.php\/2023\/01\/13\/famosos-curtem-ensaio-do-psi-em-salvador-ba\/\",\"url\":\"https:\/\/portalmf.com.br\/index.php\/2023\/01\/13\/famosos-curtem-ensaio-do-psi-em-salvador-ba\/\",\"name\":\"Famosos curtem Ensaio do Psi em Salvador (BA) - Portal MF\",\"isPartOf\":{\"@id\":\"https:\/\/portalmf.com.br\/#website\"},\"primaryImageOfPage\":{\"@id\":\"https:\/\/portalmf.com.br\/index.php\/2023\/01\/13\/famosos-curtem-ensaio-do-psi-em-salvador-ba\/#primaryimage\"},\"image\":{\"@id\":\"https:\/\/portalmf.com.br\/index.php\/2023\/01\/13\/famosos-curtem-ensaio-do-psi-em-salvador-ba\/#primaryimage\"},\"thumbnailUrl\":\"https:\/\/portalmf.com.br\/wp-content\/uploads\/2023\/01\/Famosos-curtem-Ensaio-do-Psi-em-Salvador-BA-9.jpeg\",\"datePublished\":\"2023-01-13T20:42:58+00:00\",\"dateModified\":\"2023-01-13T20:48:10+00:00\",\"author\":{\"@id\":\"https:\/\/portalmf.com.br\/#\/schema\/person\/9ec101baf56233e53520c26de5d6f6f0\"},\"breadcrumb\":{\"@id\":\"https:\/\/portalmf.com.br\/index.php\/2023\/01\/13\/famosos-curtem-ensaio-do-psi-em-salvador-ba\/#breadcrumb\"},\"inLanguage\":\"pt-BR\",\"potentialAction\":[{\"@type\":\"ReadAction\",\"target\":[\"https:\/\/portalmf.com.br\/index.php\/2023\/01\/13\/famosos-curtem-ensaio-do-psi-em-salvador-ba\/\"]}]},{\"@type\":\"ImageObject\",\"inLanguage\":\"pt-BR\",\"@id\":\"https:\/\/portalmf.com.br\/index.php\/2023\/01\/13\/famosos-curtem-ensaio-do-psi-em-salvador-ba\/#primaryimage\",\"url\":\"https:\/\/portalmf.com.br\/wp-content\/uploads\/2023\/01\/Famosos-curtem-Ensaio-do-Psi-em-Salvador-BA-9.jpeg\",\"contentUrl\":\"https:\/\/portalmf.com.br\/wp-content\/uploads\/2023\/01\/Famosos-curtem-Ensaio-do-Psi-em-Salvador-BA-9.jpeg\",\"width\":1280,\"height\":854},{\"@type\":\"BreadcrumbList\",\"@id\":\"https:\/\/portalmf.com.br\/index.php\/2023\/01\/13\/famosos-curtem-ensaio-do-psi-em-salvador-ba\/#breadcrumb\",\"itemListElement\":[{\"@type\":\"ListItem\",\"position\":1,\"name\":\"In\u00edcio\",\"item\":\"https:\/\/portalmf.com.br\/\"},{\"@type\":\"ListItem\",\"position\":2,\"name\":\"Famosos curtem Ensaio do Psi em Salvador (BA)\"}]},{\"@type\":\"WebSite\",\"@id\":\"https:\/\/portalmf.com.br\/#website\",\"url\":\"https:\/\/portalmf.com.br\/\",\"name\":\"Portal MF\",\"description\":\"Voc\u00ea conectado com a informa\u00e7\u00e3o\",\"potentialAction\":[{\"@type\":\"SearchAction\",\"target\":{\"@type\":\"EntryPoint\",\"urlTemplate\":\"https:\/\/portalmf.com.br\/?s={search_term_string}\"},\"query-input\":\"required name=search_term_string\"}],\"inLanguage\":\"pt-BR\"},{\"@type\":\"Person\",\"@id\":\"https:\/\/portalmf.com.br\/#\/schema\/person\/9ec101baf56233e53520c26de5d6f6f0\",\"name\":\"Reda\u00e7\u00e3o Portal MF\",\"image\":{\"@type\":\"ImageObject\",\"inLanguage\":\"pt-BR\",\"@id\":\"https:\/\/portalmf.com.br\/#\/schema\/person\/image\/\",\"url\":\"https:\/\/secure.gravatar.com\/avatar\/41b9aaeb2100835f7c64362330f74c7f?s=96&d=mm&r=g\",\"contentUrl\":\"https:\/\/secure.gravatar.com\/avatar\/41b9aaeb2100835f7c64362330f74c7f?s=96&d=mm&r=g\",\"caption\":\"Reda\u00e7\u00e3o Portal MF\"},\"description\":\"Sejam bem-vindos o portal de informa\u00e7\u00f5es de entretenimento de Feira de Santana, desde 2006 realiza coberturas dos principais eventos com entrevistas exclusivas com as principais personalidades mundiais. Fique conectado tamb\u00e9m nas redes sociais.\",\"sameAs\":[\"http:\/\/www.portalmf.com.br\/\",\"https:\/\/www.facebook.com\/portalmfoficial\",\"https:\/\/www.instagram.com\/portalmf\/\",\"https:\/\/x.com\/https:\/\/x.com\/portalmfoficial\",\"https:\/\/www.youtube.com\/@portalmfoficial\"],\"url\":\"https:\/\/portalmf.com.br\/index.php\/author\/junior\/\"}]}<\/script>\n<!-- \/ Yoast SEO plugin. -->","yoast_head_json":{"title":"Famosos curtem Ensaio do Psi em Salvador (BA) - Portal MF","robots":{"index":"index","follow":"follow","max-snippet":"max-snippet:-1","max-image-preview":"max-image-preview:large","max-video-preview":"max-video-preview:-1"},"canonical":"https:\/\/portalmf.com.br\/index.php\/2023\/01\/13\/famosos-curtem-ensaio-do-psi-em-salvador-ba\/","og_locale":"pt_BR","og_type":"article","og_title":"Famosos curtem Ensaio do Psi em Salvador (BA) - Portal MF","og_description":"Na noite desta quinta-feira (12), o cantor M\u00e1rcio Victor est\u00e1 agitando o Ensaio do Psi no bairro do Santo Ant\u00f4nio Al\u00e9m do Carmo. Famosos como Fe Paes Leme, Douglas Silva, Benedita Zerbini e Gominho estiveram no local aproveitando o show do Psirico, banda liderada por M\u00e1rcio Victor. A abertura da noite ficou por conta de [&hellip;]","og_url":"https:\/\/portalmf.com.br\/index.php\/2023\/01\/13\/famosos-curtem-ensaio-do-psi-em-salvador-ba\/","og_site_name":"Portal MF","article_author":"https:\/\/www.facebook.com\/portalmfoficial","article_published_time":"2023-01-13T20:42:58+00:00","article_modified_time":"2023-01-13T20:48:10+00:00","og_image":[{"width":1280,"height":854,"url":"https:\/\/portalmf.com.br\/wp-content\/uploads\/2023\/01\/Famosos-curtem-Ensaio-do-Psi-em-Salvador-BA-9.jpeg","type":"image\/jpeg"}],"author":"Reda\u00e7\u00e3o Portal MF","twitter_card":"summary_large_image","twitter_creator":"@https:\/\/x.com\/portalmfoficial","twitter_misc":{"Escrito por":"Reda\u00e7\u00e3o Portal MF","Est. tempo de leitura":"3 minutos"},"schema":{"@context":"https:\/\/schema.org","@graph":[{"@type":"WebPage","@id":"https:\/\/portalmf.com.br\/index.php\/2023\/01\/13\/famosos-curtem-ensaio-do-psi-em-salvador-ba\/","url":"https:\/\/portalmf.com.br\/index.php\/2023\/01\/13\/famosos-curtem-ensaio-do-psi-em-salvador-ba\/","name":"Famosos curtem Ensaio do Psi em Salvador (BA) - Portal MF","isPartOf":{"@id":"https:\/\/portalmf.com.br\/#website"},"primaryImageOfPage":{"@id":"https:\/\/portalmf.com.br\/index.php\/2023\/01\/13\/famosos-curtem-ensaio-do-psi-em-salvador-ba\/#primaryimage"},"image":{"@id":"https:\/\/portalmf.com.br\/index.php\/2023\/01\/13\/famosos-curtem-ensaio-do-psi-em-salvador-ba\/#primaryimage"},"thumbnailUrl":"https:\/\/portalmf.com.br\/wp-content\/uploads\/2023\/01\/Famosos-curtem-Ensaio-do-Psi-em-Salvador-BA-9.jpeg","datePublished":"2023-01-13T20:42:58+00:00","dateModified":"2023-01-13T20:48:10+00:00","author":{"@id":"https:\/\/portalmf.com.br\/#\/schema\/person\/9ec101baf56233e53520c26de5d6f6f0"},"breadcrumb":{"@id":"https:\/\/portalmf.com.br\/index.php\/2023\/01\/13\/famosos-curtem-ensaio-do-psi-em-salvador-ba\/#breadcrumb"},"inLanguage":"pt-BR","potentialAction":[{"@type":"ReadAction","target":["https:\/\/portalmf.com.br\/index.php\/2023\/01\/13\/famosos-curtem-ensaio-do-psi-em-salvador-ba\/"]}]},{"@type":"ImageObject","inLanguage":"pt-BR","@id":"https:\/\/portalmf.com.br\/index.php\/2023\/01\/13\/famosos-curtem-ensaio-do-psi-em-salvador-ba\/#primaryimage","url":"https:\/\/portalmf.com.br\/wp-content\/uploads\/2023\/01\/Famosos-curtem-Ensaio-do-Psi-em-Salvador-BA-9.jpeg","contentUrl":"https:\/\/portalmf.com.br\/wp-content\/uploads\/2023\/01\/Famosos-curtem-Ensaio-do-Psi-em-Salvador-BA-9.jpeg","width":1280,"height":854},{"@type":"BreadcrumbList","@id":"https:\/\/portalmf.com.br\/index.php\/2023\/01\/13\/famosos-curtem-ensaio-do-psi-em-salvador-ba\/#breadcrumb","itemListElement":[{"@type":"ListItem","position":1,"name":"In\u00edcio","item":"https:\/\/portalmf.com.br\/"},{"@type":"ListItem","position":2,"name":"Famosos curtem Ensaio do Psi em Salvador (BA)"}]},{"@type":"WebSite","@id":"https:\/\/portalmf.com.br\/#website","url":"https:\/\/portalmf.com.br\/","name":"Portal MF","description":"Voc\u00ea conectado com a informa\u00e7\u00e3o","potentialAction":[{"@type":"SearchAction","target":{"@type":"EntryPoint","urlTemplate":"https:\/\/portalmf.com.br\/?s={search_term_string}"},"query-input":"required name=search_term_string"}],"inLanguage":"pt-BR"},{"@type":"Person","@id":"https:\/\/portalmf.com.br\/#\/schema\/person\/9ec101baf56233e53520c26de5d6f6f0","name":"Reda\u00e7\u00e3o Portal MF","image":{"@type":"ImageObject","inLanguage":"pt-BR","@id":"https:\/\/portalmf.com.br\/#\/schema\/person\/image\/","url":"https:\/\/secure.gravatar.com\/avatar\/41b9aaeb2100835f7c64362330f74c7f?s=96&d=mm&r=g","contentUrl":"https:\/\/secure.gravatar.com\/avatar\/41b9aaeb2100835f7c64362330f74c7f?s=96&d=mm&r=g","caption":"Reda\u00e7\u00e3o Portal MF"},"description":"Sejam bem-vindos o portal de informa\u00e7\u00f5es de entretenimento de Feira de Santana, desde 2006 realiza coberturas dos principais eventos com entrevistas exclusivas com as principais personalidades mundiais. Fique conectado tamb\u00e9m nas redes sociais.","sameAs":["http:\/\/www.portalmf.com.br\/","https:\/\/www.facebook.com\/portalmfoficial","https:\/\/www.instagram.com\/portalmf\/","https:\/\/x.com\/https:\/\/x.com\/portalmfoficial","https:\/\/www.youtube.com\/@portalmfoficial"],"url":"https:\/\/portalmf.com.br\/index.php\/author\/junior\/"}]}},"_links":{"self":[{"href":"https:\/\/portalmf.com.br\/index.php\/wp-json\/wp\/v2\/posts\/7912"}],"collection":[{"href":"https:\/\/portalmf.com.br\/index.php\/wp-json\/wp\/v2\/posts"}],"about":[{"href":"https:\/\/portalmf.com.br\/index.php\/wp-json\/wp\/v2\/types\/post"}],"author":[{"embeddable":true,"href":"https:\/\/portalmf.com.br\/index.php\/wp-json\/wp\/v2\/users\/3"}],"replies":[{"embeddable":true,"href":"https:\/\/portalmf.com.br\/index.php\/wp-json\/wp\/v2\/comments?post=7912"}],"version-history":[{"count":1,"href":"https:\/\/portalmf.com.br\/index.php\/wp-json\/wp\/v2\/posts\/7912\/revisions"}],"predecessor-version":[{"id":7922,"href":"https:\/\/portalmf.com.br\/index.php\/wp-json\/wp\/v2\/posts\/7912\/revisions\/7922"}],"wp:featuredmedia":[{"embeddable":true,"href":"https:\/\/portalmf.com.br\/index.php\/wp-json\/wp\/v2\/media\/7914"}],"wp:attachment":[{"href":"https:\/\/portalmf.com.br\/index.php\/wp-json\/wp\/v2\/media?parent=7912"}],"wp:term":[{"taxonomy":"category","embeddable":true,"href":"https:\/\/portalmf.com.br\/index.php\/wp-json\/wp\/v2\/categories?post=7912"},{"taxonomy":"post_tag","embeddable":true,"href":"https:\/\/portalmf.com.br\/index.php\/wp-json\/wp\/v2\/tags?post=7912"}],"curies":[{"name":"wp","href":"https:\/\/api.w.org\/{rel}","templated":true}]}}