{"id":7906,"date":"2023-01-13T09:31:00","date_gmt":"2023-01-13T12:31:00","guid":{"rendered":"https:\/\/portalmf.com.br\/?p=7906"},"modified":"2023-01-13T17:35:04","modified_gmt":"2023-01-13T20:35:04","slug":"tarcisio-do-acordeon-se-junta-a-wesley-safadao-em-beijo-pra-jogo","status":"publish","type":"post","link":"https:\/\/portalmf.com.br\/index.php\/2023\/01\/13\/tarcisio-do-acordeon-se-junta-a-wesley-safadao-em-beijo-pra-jogo\/","title":{"rendered":"Tarcisio do Acordeon se junta a Wesley Safad\u00e3o em Beijo pra Jogo"},"content":{"rendered":"\n<p>O DVD que trouxe Tarcisio do Acordeon \u00e0 S\u00e3o Paulo ganha mais um lan\u00e7amento: \u00e9 a vez de \u201cBeijo pra Jogo\u201d com participa\u00e7\u00e3o de Wesley Safad\u00e3o e tem sua estreia nesta sexta-feira, dia 13 de janeiro, em todas as plataformas digitais. Com composi\u00e7\u00e3o de Renno, Shylton<\/p>\n\n\n\n<p>Fernandes, Vitinho no Beat e Kinho Chef\u00e3o, a m\u00fasica fala sobre a falta de interesse no amor de uma rela\u00e7\u00e3o, e a vontade de ter outra pessoa no lugar e a letra refor\u00e7a: \u201cSe n\u00e3o me amar, n\u00e3o cuidar\/N\u00e3o fizer aquele amor gostoso\/Eu vou botar o meu beijo pra jogo\/Eu vou botar o meu beijo pra jogo\u201d.<\/p>\n\n\n\n<p><em>\u201c\u00c9 uma can\u00e7\u00e3o gostosa, com um amigo muito especial, Wesley \u00e9 um presente. Tenho certeza que a galera vai se identificar com a m\u00fasica e ouvir bastante<\/em>\u201d, afirma Tarcisio.<\/p>\n\n\n\n<figure class=\"wp-block-embed is-type-video is-provider-youtube wp-block-embed-youtube wp-embed-aspect-16-9 wp-has-aspect-ratio\"><div class=\"wp-block-embed__wrapper\">\n<iframe title=\"BEIJO PRA JOGO - Tarc\u00edsio do Acordeon e Wesley Safad\u00e3o (DVD Nossa Hist\u00f3ria)\" width=\"696\" height=\"392\" src=\"https:\/\/www.youtube.com\/embed\/SoV2mLJ-QJU?feature=oembed\" frameborder=\"0\" allow=\"accelerometer; autoplay; clipboard-write; encrypted-media; gyroscope; picture-in-picture; web-share\" allowfullscreen><\/iframe>\n<\/div><\/figure>\n\n\n\n<p><strong>SOBRE O DVD:<\/strong><\/p>\n\n\n\n<p>Tarc\u00edsio do Acordeon conseguiu o imposs\u00edvel: transformar S\u00e3o Paulo em um pedacinho do Nordeste. Dono de hits como \u201cProte\u00e7\u00e3o de Tela\u201d, \u201cRol\u00ea\u201d, \u201cMeia Noite\u201d, \u201cS\u00f3 N\u00e3o Divulga\u201d, e muitos outros, o Cearense gravou no Vale do Anhangaba\u00fa, cart\u00e3o postal da capital do estado, o seu novo DVD \u201cNossa Hist\u00f3ria\u201d, em novembro passado.<\/p>\n\n\n\n<p>T\u00e1rcisio garante que h\u00e1 m\u00fasicas para todos os momentos, para curtir um piseiro com a galera, at\u00e9 mesmo a mais dura sofr\u00eancia ap\u00f3s uma trai\u00e7\u00e3o. \u201cO DVD \u2018Nossa Hist\u00f3ria\u2019 \u00e9 isso: as letras contam e narram os momentos da minha vida e de muitos brasileiros. Tenho certeza que as m\u00fasicas in\u00e9ditas cair\u00e3o facilmente na gra\u00e7a do povo e as regrava\u00e7\u00f5es s\u00e3o uma homenagem a todos que me ajudaram a chegar onde estou hoje. \u00c9 a perfeita conex\u00e3o entre meu passado, meu presente e meu futuro.\u201d.<\/p>\n\n\n\n<p>Gravado no dia 9 de novembro, o DVD \u201cNossa Hist\u00f3ria\u201d contou com uma megaestrutura, montada no Vale do Anhangaba\u00fa, que recebeu mais de 100 mil pessoas. No evento, Tarc\u00edsio recebeu a ilustre presen\u00e7a de Jo\u00e3o Gomes, Mari Fernandez, Nattan, Wesley Safad\u00e3o, Xand Avi\u00e3o, Dilsinho, Mc Ryan, Iguinho e Lulinha e Vitor Fernandes. E as novidades n\u00e3o param por a\u00ed! Em breve, mais m\u00fasicas ser\u00e3o disponibilizadas. E as novidades n\u00e3o param por a\u00ed! Em breve, mais m\u00fasicas ser\u00e3o disponibilizadas.<\/p>\n","protected":false},"excerpt":{"rendered":"<p>O DVD que trouxe Tarcisio do Acordeon \u00e0 S\u00e3o Paulo ganha mais um lan\u00e7amento: \u00e9 a vez de \u201cBeijo pra Jogo\u201d com participa\u00e7\u00e3o de Wesley Safad\u00e3o e tem sua estreia nesta sexta-feira, dia 13 de janeiro, em todas as plataformas digitais. Com composi\u00e7\u00e3o de Renno, Shylton Fernandes, Vitinho no Beat e Kinho Chef\u00e3o, a m\u00fasica [&hellip;]<\/p>\n","protected":false},"author":3,"featured_media":7907,"comment_status":"open","ping_status":"open","sticky":false,"template":"","format":"standard","meta":{"_monsterinsights_skip_tracking":false,"_monsterinsights_sitenote_active":false,"_monsterinsights_sitenote_note":"","_monsterinsights_sitenote_category":0,"footnotes":""},"categories":[47],"tags":[],"yoast_head":"<!-- This site is optimized with the Yoast SEO plugin v22.9 - https:\/\/yoast.com\/wordpress\/plugins\/seo\/ -->\n<title>Tarcisio do Acordeon se junta a Wesley Safad\u00e3o em Beijo pra Jogo - Portal MF<\/title>\n<meta name=\"robots\" content=\"index, follow, max-snippet:-1, max-image-preview:large, max-video-preview:-1\" \/>\n<link rel=\"canonical\" href=\"https:\/\/portalmf.com.br\/index.php\/2023\/01\/13\/tarcisio-do-acordeon-se-junta-a-wesley-safadao-em-beijo-pra-jogo\/\" \/>\n<meta property=\"og:locale\" content=\"pt_BR\" \/>\n<meta property=\"og:type\" content=\"article\" \/>\n<meta property=\"og:title\" content=\"Tarcisio do Acordeon se junta a Wesley Safad\u00e3o em Beijo pra Jogo - Portal MF\" \/>\n<meta property=\"og:description\" content=\"O DVD que trouxe Tarcisio do Acordeon \u00e0 S\u00e3o Paulo ganha mais um lan\u00e7amento: \u00e9 a vez de \u201cBeijo pra Jogo\u201d com participa\u00e7\u00e3o de Wesley Safad\u00e3o e tem sua estreia nesta sexta-feira, dia 13 de janeiro, em todas as plataformas digitais. Com composi\u00e7\u00e3o de Renno, Shylton Fernandes, Vitinho no Beat e Kinho Chef\u00e3o, a m\u00fasica [&hellip;]\" \/>\n<meta property=\"og:url\" content=\"https:\/\/portalmf.com.br\/index.php\/2023\/01\/13\/tarcisio-do-acordeon-se-junta-a-wesley-safadao-em-beijo-pra-jogo\/\" \/>\n<meta property=\"og:site_name\" content=\"Portal MF\" \/>\n<meta property=\"article:author\" content=\"https:\/\/www.facebook.com\/portalmfoficial\" \/>\n<meta property=\"article:published_time\" content=\"2023-01-13T12:31:00+00:00\" \/>\n<meta property=\"article:modified_time\" content=\"2023-01-13T20:35:04+00:00\" \/>\n<meta property=\"og:image\" content=\"https:\/\/portalmf.com.br\/wp-content\/uploads\/2023\/01\/dvd-tarcisio-do-acordeon-fotos-rafaelstrabelli-80.jpg\" \/>\n\t<meta property=\"og:image:width\" content=\"2048\" \/>\n\t<meta property=\"og:image:height\" content=\"1367\" \/>\n\t<meta property=\"og:image:type\" content=\"image\/jpeg\" \/>\n<meta name=\"author\" content=\"Reda\u00e7\u00e3o Portal MF\" \/>\n<meta name=\"twitter:card\" content=\"summary_large_image\" \/>\n<meta name=\"twitter:creator\" content=\"@https:\/\/x.com\/portalmfoficial\" \/>\n<meta name=\"twitter:label1\" content=\"Escrito por\" \/>\n\t<meta name=\"twitter:data1\" content=\"Reda\u00e7\u00e3o Portal MF\" \/>\n\t<meta name=\"twitter:label2\" content=\"Est. tempo de leitura\" \/>\n\t<meta name=\"twitter:data2\" content=\"2 minutos\" \/>\n<script type=\"application\/ld+json\" class=\"yoast-schema-graph\">{\"@context\":\"https:\/\/schema.org\",\"@graph\":[{\"@type\":\"WebPage\",\"@id\":\"https:\/\/portalmf.com.br\/index.php\/2023\/01\/13\/tarcisio-do-acordeon-se-junta-a-wesley-safadao-em-beijo-pra-jogo\/\",\"url\":\"https:\/\/portalmf.com.br\/index.php\/2023\/01\/13\/tarcisio-do-acordeon-se-junta-a-wesley-safadao-em-beijo-pra-jogo\/\",\"name\":\"Tarcisio do Acordeon se junta a Wesley Safad\u00e3o em Beijo pra Jogo - Portal MF\",\"isPartOf\":{\"@id\":\"https:\/\/portalmf.com.br\/#website\"},\"primaryImageOfPage\":{\"@id\":\"https:\/\/portalmf.com.br\/index.php\/2023\/01\/13\/tarcisio-do-acordeon-se-junta-a-wesley-safadao-em-beijo-pra-jogo\/#primaryimage\"},\"image\":{\"@id\":\"https:\/\/portalmf.com.br\/index.php\/2023\/01\/13\/tarcisio-do-acordeon-se-junta-a-wesley-safadao-em-beijo-pra-jogo\/#primaryimage\"},\"thumbnailUrl\":\"https:\/\/portalmf.com.br\/wp-content\/uploads\/2023\/01\/dvd-tarcisio-do-acordeon-fotos-rafaelstrabelli-80.jpg\",\"datePublished\":\"2023-01-13T12:31:00+00:00\",\"dateModified\":\"2023-01-13T20:35:04+00:00\",\"author\":{\"@id\":\"https:\/\/portalmf.com.br\/#\/schema\/person\/9ec101baf56233e53520c26de5d6f6f0\"},\"breadcrumb\":{\"@id\":\"https:\/\/portalmf.com.br\/index.php\/2023\/01\/13\/tarcisio-do-acordeon-se-junta-a-wesley-safadao-em-beijo-pra-jogo\/#breadcrumb\"},\"inLanguage\":\"pt-BR\",\"potentialAction\":[{\"@type\":\"ReadAction\",\"target\":[\"https:\/\/portalmf.com.br\/index.php\/2023\/01\/13\/tarcisio-do-acordeon-se-junta-a-wesley-safadao-em-beijo-pra-jogo\/\"]}]},{\"@type\":\"ImageObject\",\"inLanguage\":\"pt-BR\",\"@id\":\"https:\/\/portalmf.com.br\/index.php\/2023\/01\/13\/tarcisio-do-acordeon-se-junta-a-wesley-safadao-em-beijo-pra-jogo\/#primaryimage\",\"url\":\"https:\/\/portalmf.com.br\/wp-content\/uploads\/2023\/01\/dvd-tarcisio-do-acordeon-fotos-rafaelstrabelli-80.jpg\",\"contentUrl\":\"https:\/\/portalmf.com.br\/wp-content\/uploads\/2023\/01\/dvd-tarcisio-do-acordeon-fotos-rafaelstrabelli-80.jpg\",\"width\":2048,\"height\":1367,\"caption\":\"Foto: Divulga\u00e7\u00e3o\"},{\"@type\":\"BreadcrumbList\",\"@id\":\"https:\/\/portalmf.com.br\/index.php\/2023\/01\/13\/tarcisio-do-acordeon-se-junta-a-wesley-safadao-em-beijo-pra-jogo\/#breadcrumb\",\"itemListElement\":[{\"@type\":\"ListItem\",\"position\":1,\"name\":\"In\u00edcio\",\"item\":\"https:\/\/portalmf.com.br\/\"},{\"@type\":\"ListItem\",\"position\":2,\"name\":\"Tarcisio do Acordeon se junta a Wesley Safad\u00e3o em Beijo pra Jogo\"}]},{\"@type\":\"WebSite\",\"@id\":\"https:\/\/portalmf.com.br\/#website\",\"url\":\"https:\/\/portalmf.com.br\/\",\"name\":\"Portal MF\",\"description\":\"Voc\u00ea conectado com a informa\u00e7\u00e3o\",\"potentialAction\":[{\"@type\":\"SearchAction\",\"target\":{\"@type\":\"EntryPoint\",\"urlTemplate\":\"https:\/\/portalmf.com.br\/?s={search_term_string}\"},\"query-input\":\"required name=search_term_string\"}],\"inLanguage\":\"pt-BR\"},{\"@type\":\"Person\",\"@id\":\"https:\/\/portalmf.com.br\/#\/schema\/person\/9ec101baf56233e53520c26de5d6f6f0\",\"name\":\"Reda\u00e7\u00e3o Portal MF\",\"image\":{\"@type\":\"ImageObject\",\"inLanguage\":\"pt-BR\",\"@id\":\"https:\/\/portalmf.com.br\/#\/schema\/person\/image\/\",\"url\":\"https:\/\/secure.gravatar.com\/avatar\/41b9aaeb2100835f7c64362330f74c7f?s=96&d=mm&r=g\",\"contentUrl\":\"https:\/\/secure.gravatar.com\/avatar\/41b9aaeb2100835f7c64362330f74c7f?s=96&d=mm&r=g\",\"caption\":\"Reda\u00e7\u00e3o Portal MF\"},\"description\":\"Sejam bem-vindos o portal de informa\u00e7\u00f5es de entretenimento de Feira de Santana, desde 2006 realiza coberturas dos principais eventos com entrevistas exclusivas com as principais personalidades mundiais. Fique conectado tamb\u00e9m nas redes sociais.\",\"sameAs\":[\"http:\/\/www.portalmf.com.br\/\",\"https:\/\/www.facebook.com\/portalmfoficial\",\"https:\/\/www.instagram.com\/portalmf\/\",\"https:\/\/x.com\/https:\/\/x.com\/portalmfoficial\",\"https:\/\/www.youtube.com\/@portalmfoficial\"],\"url\":\"https:\/\/portalmf.com.br\/index.php\/author\/junior\/\"}]}<\/script>\n<!-- \/ Yoast SEO plugin. -->","yoast_head_json":{"title":"Tarcisio do Acordeon se junta a Wesley Safad\u00e3o em Beijo pra Jogo - Portal MF","robots":{"index":"index","follow":"follow","max-snippet":"max-snippet:-1","max-image-preview":"max-image-preview:large","max-video-preview":"max-video-preview:-1"},"canonical":"https:\/\/portalmf.com.br\/index.php\/2023\/01\/13\/tarcisio-do-acordeon-se-junta-a-wesley-safadao-em-beijo-pra-jogo\/","og_locale":"pt_BR","og_type":"article","og_title":"Tarcisio do Acordeon se junta a Wesley Safad\u00e3o em Beijo pra Jogo - Portal MF","og_description":"O DVD que trouxe Tarcisio do Acordeon \u00e0 S\u00e3o Paulo ganha mais um lan\u00e7amento: \u00e9 a vez de \u201cBeijo pra Jogo\u201d com participa\u00e7\u00e3o de Wesley Safad\u00e3o e tem sua estreia nesta sexta-feira, dia 13 de janeiro, em todas as plataformas digitais. Com composi\u00e7\u00e3o de Renno, Shylton Fernandes, Vitinho no Beat e Kinho Chef\u00e3o, a m\u00fasica [&hellip;]","og_url":"https:\/\/portalmf.com.br\/index.php\/2023\/01\/13\/tarcisio-do-acordeon-se-junta-a-wesley-safadao-em-beijo-pra-jogo\/","og_site_name":"Portal MF","article_author":"https:\/\/www.facebook.com\/portalmfoficial","article_published_time":"2023-01-13T12:31:00+00:00","article_modified_time":"2023-01-13T20:35:04+00:00","og_image":[{"width":2048,"height":1367,"url":"https:\/\/portalmf.com.br\/wp-content\/uploads\/2023\/01\/dvd-tarcisio-do-acordeon-fotos-rafaelstrabelli-80.jpg","type":"image\/jpeg"}],"author":"Reda\u00e7\u00e3o Portal MF","twitter_card":"summary_large_image","twitter_creator":"@https:\/\/x.com\/portalmfoficial","twitter_misc":{"Escrito por":"Reda\u00e7\u00e3o Portal MF","Est. tempo de leitura":"2 minutos"},"schema":{"@context":"https:\/\/schema.org","@graph":[{"@type":"WebPage","@id":"https:\/\/portalmf.com.br\/index.php\/2023\/01\/13\/tarcisio-do-acordeon-se-junta-a-wesley-safadao-em-beijo-pra-jogo\/","url":"https:\/\/portalmf.com.br\/index.php\/2023\/01\/13\/tarcisio-do-acordeon-se-junta-a-wesley-safadao-em-beijo-pra-jogo\/","name":"Tarcisio do Acordeon se junta a Wesley Safad\u00e3o em Beijo pra Jogo - Portal MF","isPartOf":{"@id":"https:\/\/portalmf.com.br\/#website"},"primaryImageOfPage":{"@id":"https:\/\/portalmf.com.br\/index.php\/2023\/01\/13\/tarcisio-do-acordeon-se-junta-a-wesley-safadao-em-beijo-pra-jogo\/#primaryimage"},"image":{"@id":"https:\/\/portalmf.com.br\/index.php\/2023\/01\/13\/tarcisio-do-acordeon-se-junta-a-wesley-safadao-em-beijo-pra-jogo\/#primaryimage"},"thumbnailUrl":"https:\/\/portalmf.com.br\/wp-content\/uploads\/2023\/01\/dvd-tarcisio-do-acordeon-fotos-rafaelstrabelli-80.jpg","datePublished":"2023-01-13T12:31:00+00:00","dateModified":"2023-01-13T20:35:04+00:00","author":{"@id":"https:\/\/portalmf.com.br\/#\/schema\/person\/9ec101baf56233e53520c26de5d6f6f0"},"breadcrumb":{"@id":"https:\/\/portalmf.com.br\/index.php\/2023\/01\/13\/tarcisio-do-acordeon-se-junta-a-wesley-safadao-em-beijo-pra-jogo\/#breadcrumb"},"inLanguage":"pt-BR","potentialAction":[{"@type":"ReadAction","target":["https:\/\/portalmf.com.br\/index.php\/2023\/01\/13\/tarcisio-do-acordeon-se-junta-a-wesley-safadao-em-beijo-pra-jogo\/"]}]},{"@type":"ImageObject","inLanguage":"pt-BR","@id":"https:\/\/portalmf.com.br\/index.php\/2023\/01\/13\/tarcisio-do-acordeon-se-junta-a-wesley-safadao-em-beijo-pra-jogo\/#primaryimage","url":"https:\/\/portalmf.com.br\/wp-content\/uploads\/2023\/01\/dvd-tarcisio-do-acordeon-fotos-rafaelstrabelli-80.jpg","contentUrl":"https:\/\/portalmf.com.br\/wp-content\/uploads\/2023\/01\/dvd-tarcisio-do-acordeon-fotos-rafaelstrabelli-80.jpg","width":2048,"height":1367,"caption":"Foto: Divulga\u00e7\u00e3o"},{"@type":"BreadcrumbList","@id":"https:\/\/portalmf.com.br\/index.php\/2023\/01\/13\/tarcisio-do-acordeon-se-junta-a-wesley-safadao-em-beijo-pra-jogo\/#breadcrumb","itemListElement":[{"@type":"ListItem","position":1,"name":"In\u00edcio","item":"https:\/\/portalmf.com.br\/"},{"@type":"ListItem","position":2,"name":"Tarcisio do Acordeon se junta a Wesley Safad\u00e3o em Beijo pra Jogo"}]},{"@type":"WebSite","@id":"https:\/\/portalmf.com.br\/#website","url":"https:\/\/portalmf.com.br\/","name":"Portal MF","description":"Voc\u00ea conectado com a informa\u00e7\u00e3o","potentialAction":[{"@type":"SearchAction","target":{"@type":"EntryPoint","urlTemplate":"https:\/\/portalmf.com.br\/?s={search_term_string}"},"query-input":"required name=search_term_string"}],"inLanguage":"pt-BR"},{"@type":"Person","@id":"https:\/\/portalmf.com.br\/#\/schema\/person\/9ec101baf56233e53520c26de5d6f6f0","name":"Reda\u00e7\u00e3o Portal MF","image":{"@type":"ImageObject","inLanguage":"pt-BR","@id":"https:\/\/portalmf.com.br\/#\/schema\/person\/image\/","url":"https:\/\/secure.gravatar.com\/avatar\/41b9aaeb2100835f7c64362330f74c7f?s=96&d=mm&r=g","contentUrl":"https:\/\/secure.gravatar.com\/avatar\/41b9aaeb2100835f7c64362330f74c7f?s=96&d=mm&r=g","caption":"Reda\u00e7\u00e3o Portal MF"},"description":"Sejam bem-vindos o portal de informa\u00e7\u00f5es de entretenimento de Feira de Santana, desde 2006 realiza coberturas dos principais eventos com entrevistas exclusivas com as principais personalidades mundiais. Fique conectado tamb\u00e9m nas redes sociais.","sameAs":["http:\/\/www.portalmf.com.br\/","https:\/\/www.facebook.com\/portalmfoficial","https:\/\/www.instagram.com\/portalmf\/","https:\/\/x.com\/https:\/\/x.com\/portalmfoficial","https:\/\/www.youtube.com\/@portalmfoficial"],"url":"https:\/\/portalmf.com.br\/index.php\/author\/junior\/"}]}},"_links":{"self":[{"href":"https:\/\/portalmf.com.br\/index.php\/wp-json\/wp\/v2\/posts\/7906"}],"collection":[{"href":"https:\/\/portalmf.com.br\/index.php\/wp-json\/wp\/v2\/posts"}],"about":[{"href":"https:\/\/portalmf.com.br\/index.php\/wp-json\/wp\/v2\/types\/post"}],"author":[{"embeddable":true,"href":"https:\/\/portalmf.com.br\/index.php\/wp-json\/wp\/v2\/users\/3"}],"replies":[{"embeddable":true,"href":"https:\/\/portalmf.com.br\/index.php\/wp-json\/wp\/v2\/comments?post=7906"}],"version-history":[{"count":1,"href":"https:\/\/portalmf.com.br\/index.php\/wp-json\/wp\/v2\/posts\/7906\/revisions"}],"predecessor-version":[{"id":7908,"href":"https:\/\/portalmf.com.br\/index.php\/wp-json\/wp\/v2\/posts\/7906\/revisions\/7908"}],"wp:featuredmedia":[{"embeddable":true,"href":"https:\/\/portalmf.com.br\/index.php\/wp-json\/wp\/v2\/media\/7907"}],"wp:attachment":[{"href":"https:\/\/portalmf.com.br\/index.php\/wp-json\/wp\/v2\/media?parent=7906"}],"wp:term":[{"taxonomy":"category","embeddable":true,"href":"https:\/\/portalmf.com.br\/index.php\/wp-json\/wp\/v2\/categories?post=7906"},{"taxonomy":"post_tag","embeddable":true,"href":"https:\/\/portalmf.com.br\/index.php\/wp-json\/wp\/v2\/tags?post=7906"}],"curies":[{"name":"wp","href":"https:\/\/api.w.org\/{rel}","templated":true}]}}