{"id":7900,"date":"2023-01-13T17:22:56","date_gmt":"2023-01-13T20:22:56","guid":{"rendered":"https:\/\/portalmf.com.br\/?p=7900"},"modified":"2023-01-13T17:22:57","modified_gmt":"2023-01-13T20:22:57","slug":"itaipava-e-a-nova-patrocinadora-oficial-da-tardezinha","status":"publish","type":"post","link":"https:\/\/portalmf.com.br\/index.php\/2023\/01\/13\/itaipava-e-a-nova-patrocinadora-oficial-da-tardezinha\/","title":{"rendered":"Itaipava \u00e9 a nova patrocinadora oficial da Tardezinha"},"content":{"rendered":"\n<p>\u201cSenhoras e senhores, essa \u00e9 a Tardezinha!\u201d, com a frase mais do que conhecida, o cantor e compositor Thiaguinho anunciou em novembro que o projeto Tardezinha estava de volta. Agora, em evento para convidados da Itaipava e do pr\u00f3prio cantor que ocorreu nesta quarta-feira (11), no Rio Beach Club, na Barra da Tijuca, a Itaipava, cerveja do Grupo Petr\u00f3polis, anunciou seu patroc\u00ednio oficial a esse que \u00e9 um dos maiores eventos musicais do Brasil. Com base nessa parceria com o artista, a marca lan\u00e7a ITA-Draft Tardezinha, um chopp na lata que ser\u00e1 a bebida oficial de todas as apresenta\u00e7\u00f5es do projeto nas 25 cidades do pa\u00eds. A partir de abril, o cantor e a Itaipava rodar\u00e3o de norte a sul para promover ao p\u00fablico m\u00fasica, divers\u00e3o e inova\u00e7\u00e3o com o novo produto.&nbsp;<\/p>\n\n\n\n<p>Com o conceito \u201c\u00c9 o Chopp na Lata, Muleke!\u201d, a ITA-Draft chega \u00e0 Tardezinha com novos&nbsp;atributos que ressaltam a qualidade dos produtos Itaipava, al\u00e9m de trazer o ITA, nomenclatura que a marca adotou como linguagem propriet\u00e1ria para refor\u00e7ar a assinatura &#8220;100% Cerveja&#8221;, que coloca o produto no centro de sua comunica\u00e7\u00e3o.<\/p>\n\n\n\n<p>Para o lan\u00e7amento do chopp oficial da turn\u00ea foi desenvolvida uma lata exclusiva e personalizada em embalagem 350ml com a identidade visual do Thiaguinho e assinatura do Tardezinha. A ITA Draft \u00e9 cinco vezes filtrada e n\u00e3o pasteurizada. Isso faz dela uma cerveja mais leve, como aquele chopp gelado que combina com o ver\u00e3o que todo brasileiro ama. E em breve a ITA-Draft Tardezinha tamb\u00e9m ser\u00e1 comercializada nacionalmente para todos os consumidores.<\/p>\n\n\n\n<p><em>\u201cThiaguinho entrega tudo o que procur\u00e1vamos: o fit com a marca, o carisma, o alto astral &#8211; nada pode ser mais a cara do ver\u00e3o e da ITA-Draft\u201d, diz Danielle Bibas, vice-presidente de Marketing do Grupo Petr\u00f3polis, fabricante da Itaipava. \u201cEscolhemos patrocinar toda a turn\u00ea Tardezinha para alcan\u00e7ar um p\u00fablico que vai nos permitir incrementar a estrat\u00e9gia de portf\u00f3lio, preenchendo um espa\u00e7o que n\u00e3o era ocupado por nenhuma de nossas outras marcas\u201d,<\/em> completa a executiva.<\/p>\n\n\n\n<p>Para os primeiros meses do ano, a marca ainda promete a\u00e7\u00f5es exclusivas da parceria que ser\u00e3o anunciadas em breve. A estrat\u00e9gia, cria\u00e7\u00e3o, produ\u00e7\u00e3o de conte\u00fado, m\u00eddia da campanha 360\u00b0 e da parceria entre Tardezinha e Itaipava s\u00e3o assinadas pela WMcCann.<\/p>\n\n\n\n<p><em>\u201cA Itaipava vem reformulando sua comunica\u00e7\u00e3o, trazendo a linguagem propriet\u00e1ria do ITA para seu novo posicionamento. Para o ver\u00e3o 2023 n\u00f3s t\u00ednhamos o desafio de encontrar uma figura que representasse esse novo momento da marca, que vem cada vez mais se conectando com o territ\u00f3rio musical. A\u00ed constru\u00edmos a oportunidade junto ao Thiaguinho e \u00e0 Tardezinha\u201d<\/em>, conta Lel\u00ea Pereira, diretora de Cria\u00e7\u00e3o da WMcCann.<\/p>\n\n\n\n<p><strong>Tardezinha<\/strong><\/p>\n\n\n\n<p>Foram 162 edi\u00e7\u00f5es ao longo de 4 anos. Agora, ap\u00f3s um hiato de dois anos, o cantor vai rodar o Brasil,&nbsp;em&nbsp;27 apresenta\u00e7\u00f5es, com o melhor do pagode cl\u00e1ssico e atual. Cantor, compositor, instrumentista, empres\u00e1rio, diretor e produtor musical, Thiaguinho \u00e9 um dos mais vers\u00e1teis e criativos artistas brasileiros.<\/p>\n\n\n\n<p>A nova edi\u00e7\u00e3o da Tardezinha estreia no Rio de Janeiro no dia 1\u00ba de abril, no Parque Ol\u00edmpico, na Barra da Tijuca (RJ). O projeto musical passar\u00e1 por outras 24 cidades do Brasil. Entre elas, Salvador (BA), Teresina (PI), Macei\u00f3 (AL), Curitiba (PR), Fortaleza (CE), Recife (PE) e Bel\u00e9m (PA). Os ingressos para os shows em todo o Brasil est\u00e3o \u00e0 venda, em muitas cidades j\u00e1 esgotados.&nbsp;<\/p>\n","protected":false},"excerpt":{"rendered":"<p>\u201cSenhoras e senhores, essa \u00e9 a Tardezinha!\u201d, com a frase mais do que conhecida, o cantor e compositor Thiaguinho anunciou em novembro que o projeto Tardezinha estava de volta. Agora, em evento para convidados da Itaipava e do pr\u00f3prio cantor que ocorreu nesta quarta-feira (11), no Rio Beach Club, na Barra da Tijuca, a Itaipava, [&hellip;]<\/p>\n","protected":false},"author":3,"featured_media":7901,"comment_status":"open","ping_status":"open","sticky":false,"template":"","format":"standard","meta":{"_monsterinsights_skip_tracking":false,"_monsterinsights_sitenote_active":false,"_monsterinsights_sitenote_note":"","_monsterinsights_sitenote_category":0,"footnotes":""},"categories":[45],"tags":[],"yoast_head":"<!-- This site is optimized with the Yoast SEO plugin v22.9 - https:\/\/yoast.com\/wordpress\/plugins\/seo\/ -->\n<title>Itaipava \u00e9 a nova patrocinadora oficial da Tardezinha - Portal MF<\/title>\n<meta name=\"robots\" content=\"index, follow, max-snippet:-1, max-image-preview:large, max-video-preview:-1\" \/>\n<link rel=\"canonical\" href=\"https:\/\/portalmf.com.br\/index.php\/2023\/01\/13\/itaipava-e-a-nova-patrocinadora-oficial-da-tardezinha\/\" \/>\n<meta property=\"og:locale\" content=\"pt_BR\" \/>\n<meta property=\"og:type\" content=\"article\" \/>\n<meta property=\"og:title\" content=\"Itaipava \u00e9 a nova patrocinadora oficial da Tardezinha - Portal MF\" \/>\n<meta property=\"og:description\" content=\"\u201cSenhoras e senhores, essa \u00e9 a Tardezinha!\u201d, com a frase mais do que conhecida, o cantor e compositor Thiaguinho anunciou em novembro que o projeto Tardezinha estava de volta. Agora, em evento para convidados da Itaipava e do pr\u00f3prio cantor que ocorreu nesta quarta-feira (11), no Rio Beach Club, na Barra da Tijuca, a Itaipava, [&hellip;]\" \/>\n<meta property=\"og:url\" content=\"https:\/\/portalmf.com.br\/index.php\/2023\/01\/13\/itaipava-e-a-nova-patrocinadora-oficial-da-tardezinha\/\" \/>\n<meta property=\"og:site_name\" content=\"Portal MF\" \/>\n<meta property=\"article:author\" content=\"https:\/\/www.facebook.com\/portalmfoficial\" \/>\n<meta property=\"article:published_time\" content=\"2023-01-13T20:22:56+00:00\" \/>\n<meta property=\"article:modified_time\" content=\"2023-01-13T20:22:57+00:00\" \/>\n<meta property=\"og:image\" content=\"https:\/\/portalmf.com.br\/wp-content\/uploads\/2023\/01\/Itaipava-e-a-nova-patrocinadora-oficial-da-Tardezinha-2.jpeg\" \/>\n\t<meta property=\"og:image:width\" content=\"683\" \/>\n\t<meta property=\"og:image:height\" content=\"741\" \/>\n\t<meta property=\"og:image:type\" content=\"image\/jpeg\" \/>\n<meta name=\"author\" content=\"Reda\u00e7\u00e3o Portal MF\" \/>\n<meta name=\"twitter:card\" content=\"summary_large_image\" \/>\n<meta name=\"twitter:creator\" content=\"@https:\/\/x.com\/portalmfoficial\" \/>\n<meta name=\"twitter:label1\" content=\"Escrito por\" \/>\n\t<meta name=\"twitter:data1\" content=\"Reda\u00e7\u00e3o Portal MF\" \/>\n\t<meta name=\"twitter:label2\" content=\"Est. tempo de leitura\" \/>\n\t<meta name=\"twitter:data2\" content=\"4 minutos\" \/>\n<script type=\"application\/ld+json\" class=\"yoast-schema-graph\">{\"@context\":\"https:\/\/schema.org\",\"@graph\":[{\"@type\":\"WebPage\",\"@id\":\"https:\/\/portalmf.com.br\/index.php\/2023\/01\/13\/itaipava-e-a-nova-patrocinadora-oficial-da-tardezinha\/\",\"url\":\"https:\/\/portalmf.com.br\/index.php\/2023\/01\/13\/itaipava-e-a-nova-patrocinadora-oficial-da-tardezinha\/\",\"name\":\"Itaipava \u00e9 a nova patrocinadora oficial da Tardezinha - Portal MF\",\"isPartOf\":{\"@id\":\"https:\/\/portalmf.com.br\/#website\"},\"primaryImageOfPage\":{\"@id\":\"https:\/\/portalmf.com.br\/index.php\/2023\/01\/13\/itaipava-e-a-nova-patrocinadora-oficial-da-tardezinha\/#primaryimage\"},\"image\":{\"@id\":\"https:\/\/portalmf.com.br\/index.php\/2023\/01\/13\/itaipava-e-a-nova-patrocinadora-oficial-da-tardezinha\/#primaryimage\"},\"thumbnailUrl\":\"https:\/\/portalmf.com.br\/wp-content\/uploads\/2023\/01\/Itaipava-e-a-nova-patrocinadora-oficial-da-Tardezinha-2.jpeg\",\"datePublished\":\"2023-01-13T20:22:56+00:00\",\"dateModified\":\"2023-01-13T20:22:57+00:00\",\"author\":{\"@id\":\"https:\/\/portalmf.com.br\/#\/schema\/person\/9ec101baf56233e53520c26de5d6f6f0\"},\"breadcrumb\":{\"@id\":\"https:\/\/portalmf.com.br\/index.php\/2023\/01\/13\/itaipava-e-a-nova-patrocinadora-oficial-da-tardezinha\/#breadcrumb\"},\"inLanguage\":\"pt-BR\",\"potentialAction\":[{\"@type\":\"ReadAction\",\"target\":[\"https:\/\/portalmf.com.br\/index.php\/2023\/01\/13\/itaipava-e-a-nova-patrocinadora-oficial-da-tardezinha\/\"]}]},{\"@type\":\"ImageObject\",\"inLanguage\":\"pt-BR\",\"@id\":\"https:\/\/portalmf.com.br\/index.php\/2023\/01\/13\/itaipava-e-a-nova-patrocinadora-oficial-da-tardezinha\/#primaryimage\",\"url\":\"https:\/\/portalmf.com.br\/wp-content\/uploads\/2023\/01\/Itaipava-e-a-nova-patrocinadora-oficial-da-Tardezinha-2.jpeg\",\"contentUrl\":\"https:\/\/portalmf.com.br\/wp-content\/uploads\/2023\/01\/Itaipava-e-a-nova-patrocinadora-oficial-da-Tardezinha-2.jpeg\",\"width\":683,\"height\":741},{\"@type\":\"BreadcrumbList\",\"@id\":\"https:\/\/portalmf.com.br\/index.php\/2023\/01\/13\/itaipava-e-a-nova-patrocinadora-oficial-da-tardezinha\/#breadcrumb\",\"itemListElement\":[{\"@type\":\"ListItem\",\"position\":1,\"name\":\"In\u00edcio\",\"item\":\"https:\/\/portalmf.com.br\/\"},{\"@type\":\"ListItem\",\"position\":2,\"name\":\"Itaipava \u00e9 a nova patrocinadora oficial da Tardezinha\"}]},{\"@type\":\"WebSite\",\"@id\":\"https:\/\/portalmf.com.br\/#website\",\"url\":\"https:\/\/portalmf.com.br\/\",\"name\":\"Portal MF\",\"description\":\"Voc\u00ea conectado com a informa\u00e7\u00e3o\",\"potentialAction\":[{\"@type\":\"SearchAction\",\"target\":{\"@type\":\"EntryPoint\",\"urlTemplate\":\"https:\/\/portalmf.com.br\/?s={search_term_string}\"},\"query-input\":\"required name=search_term_string\"}],\"inLanguage\":\"pt-BR\"},{\"@type\":\"Person\",\"@id\":\"https:\/\/portalmf.com.br\/#\/schema\/person\/9ec101baf56233e53520c26de5d6f6f0\",\"name\":\"Reda\u00e7\u00e3o Portal MF\",\"image\":{\"@type\":\"ImageObject\",\"inLanguage\":\"pt-BR\",\"@id\":\"https:\/\/portalmf.com.br\/#\/schema\/person\/image\/\",\"url\":\"https:\/\/secure.gravatar.com\/avatar\/41b9aaeb2100835f7c64362330f74c7f?s=96&d=mm&r=g\",\"contentUrl\":\"https:\/\/secure.gravatar.com\/avatar\/41b9aaeb2100835f7c64362330f74c7f?s=96&d=mm&r=g\",\"caption\":\"Reda\u00e7\u00e3o Portal MF\"},\"description\":\"Sejam bem-vindos o portal de informa\u00e7\u00f5es de entretenimento de Feira de Santana, desde 2006 realiza coberturas dos principais eventos com entrevistas exclusivas com as principais personalidades mundiais. Fique conectado tamb\u00e9m nas redes sociais.\",\"sameAs\":[\"http:\/\/www.portalmf.com.br\/\",\"https:\/\/www.facebook.com\/portalmfoficial\",\"https:\/\/www.instagram.com\/portalmf\/\",\"https:\/\/x.com\/https:\/\/x.com\/portalmfoficial\",\"https:\/\/www.youtube.com\/@portalmfoficial\"],\"url\":\"https:\/\/portalmf.com.br\/index.php\/author\/junior\/\"}]}<\/script>\n<!-- \/ Yoast SEO plugin. -->","yoast_head_json":{"title":"Itaipava \u00e9 a nova patrocinadora oficial da Tardezinha - Portal MF","robots":{"index":"index","follow":"follow","max-snippet":"max-snippet:-1","max-image-preview":"max-image-preview:large","max-video-preview":"max-video-preview:-1"},"canonical":"https:\/\/portalmf.com.br\/index.php\/2023\/01\/13\/itaipava-e-a-nova-patrocinadora-oficial-da-tardezinha\/","og_locale":"pt_BR","og_type":"article","og_title":"Itaipava \u00e9 a nova patrocinadora oficial da Tardezinha - Portal MF","og_description":"\u201cSenhoras e senhores, essa \u00e9 a Tardezinha!\u201d, com a frase mais do que conhecida, o cantor e compositor Thiaguinho anunciou em novembro que o projeto Tardezinha estava de volta. Agora, em evento para convidados da Itaipava e do pr\u00f3prio cantor que ocorreu nesta quarta-feira (11), no Rio Beach Club, na Barra da Tijuca, a Itaipava, [&hellip;]","og_url":"https:\/\/portalmf.com.br\/index.php\/2023\/01\/13\/itaipava-e-a-nova-patrocinadora-oficial-da-tardezinha\/","og_site_name":"Portal MF","article_author":"https:\/\/www.facebook.com\/portalmfoficial","article_published_time":"2023-01-13T20:22:56+00:00","article_modified_time":"2023-01-13T20:22:57+00:00","og_image":[{"width":683,"height":741,"url":"https:\/\/portalmf.com.br\/wp-content\/uploads\/2023\/01\/Itaipava-e-a-nova-patrocinadora-oficial-da-Tardezinha-2.jpeg","type":"image\/jpeg"}],"author":"Reda\u00e7\u00e3o Portal MF","twitter_card":"summary_large_image","twitter_creator":"@https:\/\/x.com\/portalmfoficial","twitter_misc":{"Escrito por":"Reda\u00e7\u00e3o Portal MF","Est. tempo de leitura":"4 minutos"},"schema":{"@context":"https:\/\/schema.org","@graph":[{"@type":"WebPage","@id":"https:\/\/portalmf.com.br\/index.php\/2023\/01\/13\/itaipava-e-a-nova-patrocinadora-oficial-da-tardezinha\/","url":"https:\/\/portalmf.com.br\/index.php\/2023\/01\/13\/itaipava-e-a-nova-patrocinadora-oficial-da-tardezinha\/","name":"Itaipava \u00e9 a nova patrocinadora oficial da Tardezinha - Portal MF","isPartOf":{"@id":"https:\/\/portalmf.com.br\/#website"},"primaryImageOfPage":{"@id":"https:\/\/portalmf.com.br\/index.php\/2023\/01\/13\/itaipava-e-a-nova-patrocinadora-oficial-da-tardezinha\/#primaryimage"},"image":{"@id":"https:\/\/portalmf.com.br\/index.php\/2023\/01\/13\/itaipava-e-a-nova-patrocinadora-oficial-da-tardezinha\/#primaryimage"},"thumbnailUrl":"https:\/\/portalmf.com.br\/wp-content\/uploads\/2023\/01\/Itaipava-e-a-nova-patrocinadora-oficial-da-Tardezinha-2.jpeg","datePublished":"2023-01-13T20:22:56+00:00","dateModified":"2023-01-13T20:22:57+00:00","author":{"@id":"https:\/\/portalmf.com.br\/#\/schema\/person\/9ec101baf56233e53520c26de5d6f6f0"},"breadcrumb":{"@id":"https:\/\/portalmf.com.br\/index.php\/2023\/01\/13\/itaipava-e-a-nova-patrocinadora-oficial-da-tardezinha\/#breadcrumb"},"inLanguage":"pt-BR","potentialAction":[{"@type":"ReadAction","target":["https:\/\/portalmf.com.br\/index.php\/2023\/01\/13\/itaipava-e-a-nova-patrocinadora-oficial-da-tardezinha\/"]}]},{"@type":"ImageObject","inLanguage":"pt-BR","@id":"https:\/\/portalmf.com.br\/index.php\/2023\/01\/13\/itaipava-e-a-nova-patrocinadora-oficial-da-tardezinha\/#primaryimage","url":"https:\/\/portalmf.com.br\/wp-content\/uploads\/2023\/01\/Itaipava-e-a-nova-patrocinadora-oficial-da-Tardezinha-2.jpeg","contentUrl":"https:\/\/portalmf.com.br\/wp-content\/uploads\/2023\/01\/Itaipava-e-a-nova-patrocinadora-oficial-da-Tardezinha-2.jpeg","width":683,"height":741},{"@type":"BreadcrumbList","@id":"https:\/\/portalmf.com.br\/index.php\/2023\/01\/13\/itaipava-e-a-nova-patrocinadora-oficial-da-tardezinha\/#breadcrumb","itemListElement":[{"@type":"ListItem","position":1,"name":"In\u00edcio","item":"https:\/\/portalmf.com.br\/"},{"@type":"ListItem","position":2,"name":"Itaipava \u00e9 a nova patrocinadora oficial da Tardezinha"}]},{"@type":"WebSite","@id":"https:\/\/portalmf.com.br\/#website","url":"https:\/\/portalmf.com.br\/","name":"Portal MF","description":"Voc\u00ea conectado com a informa\u00e7\u00e3o","potentialAction":[{"@type":"SearchAction","target":{"@type":"EntryPoint","urlTemplate":"https:\/\/portalmf.com.br\/?s={search_term_string}"},"query-input":"required name=search_term_string"}],"inLanguage":"pt-BR"},{"@type":"Person","@id":"https:\/\/portalmf.com.br\/#\/schema\/person\/9ec101baf56233e53520c26de5d6f6f0","name":"Reda\u00e7\u00e3o Portal MF","image":{"@type":"ImageObject","inLanguage":"pt-BR","@id":"https:\/\/portalmf.com.br\/#\/schema\/person\/image\/","url":"https:\/\/secure.gravatar.com\/avatar\/41b9aaeb2100835f7c64362330f74c7f?s=96&d=mm&r=g","contentUrl":"https:\/\/secure.gravatar.com\/avatar\/41b9aaeb2100835f7c64362330f74c7f?s=96&d=mm&r=g","caption":"Reda\u00e7\u00e3o Portal MF"},"description":"Sejam bem-vindos o portal de informa\u00e7\u00f5es de entretenimento de Feira de Santana, desde 2006 realiza coberturas dos principais eventos com entrevistas exclusivas com as principais personalidades mundiais. Fique conectado tamb\u00e9m nas redes sociais.","sameAs":["http:\/\/www.portalmf.com.br\/","https:\/\/www.facebook.com\/portalmfoficial","https:\/\/www.instagram.com\/portalmf\/","https:\/\/x.com\/https:\/\/x.com\/portalmfoficial","https:\/\/www.youtube.com\/@portalmfoficial"],"url":"https:\/\/portalmf.com.br\/index.php\/author\/junior\/"}]}},"_links":{"self":[{"href":"https:\/\/portalmf.com.br\/index.php\/wp-json\/wp\/v2\/posts\/7900"}],"collection":[{"href":"https:\/\/portalmf.com.br\/index.php\/wp-json\/wp\/v2\/posts"}],"about":[{"href":"https:\/\/portalmf.com.br\/index.php\/wp-json\/wp\/v2\/types\/post"}],"author":[{"embeddable":true,"href":"https:\/\/portalmf.com.br\/index.php\/wp-json\/wp\/v2\/users\/3"}],"replies":[{"embeddable":true,"href":"https:\/\/portalmf.com.br\/index.php\/wp-json\/wp\/v2\/comments?post=7900"}],"version-history":[{"count":1,"href":"https:\/\/portalmf.com.br\/index.php\/wp-json\/wp\/v2\/posts\/7900\/revisions"}],"predecessor-version":[{"id":7902,"href":"https:\/\/portalmf.com.br\/index.php\/wp-json\/wp\/v2\/posts\/7900\/revisions\/7902"}],"wp:featuredmedia":[{"embeddable":true,"href":"https:\/\/portalmf.com.br\/index.php\/wp-json\/wp\/v2\/media\/7901"}],"wp:attachment":[{"href":"https:\/\/portalmf.com.br\/index.php\/wp-json\/wp\/v2\/media?parent=7900"}],"wp:term":[{"taxonomy":"category","embeddable":true,"href":"https:\/\/portalmf.com.br\/index.php\/wp-json\/wp\/v2\/categories?post=7900"},{"taxonomy":"post_tag","embeddable":true,"href":"https:\/\/portalmf.com.br\/index.php\/wp-json\/wp\/v2\/tags?post=7900"}],"curies":[{"name":"wp","href":"https:\/\/api.w.org\/{rel}","templated":true}]}}