{"id":7880,"date":"2023-01-11T07:17:00","date_gmt":"2023-01-11T10:17:00","guid":{"rendered":"https:\/\/portalmf.com.br\/?p=7880"},"modified":"2023-01-13T11:18:59","modified_gmt":"2023-01-13T14:18:59","slug":"pedro-americo-defende-valorizacao-do-bombeiro-civil-e-pede-ajuda-da-sociedade-atraves-de-manifesto","status":"publish","type":"post","link":"https:\/\/portalmf.com.br\/index.php\/2023\/01\/11\/pedro-americo-defende-valorizacao-do-bombeiro-civil-e-pede-ajuda-da-sociedade-atraves-de-manifesto\/","title":{"rendered":"Pedro Am\u00e9rico defende valoriza\u00e7\u00e3o do bombeiro civil e pede ajuda da sociedade atrav\u00e9s de manifesto"},"content":{"rendered":"\n<p>Foram mais de 17 anos de tramita\u00e7\u00e3o, envolvimento intenso de diversas personalidades e uma luta constante de um setor que est\u00e1 sempre pronto para socorrer a popula\u00e7\u00e3o, at\u00e9 que a Lei federal 11.901 foi sancionada em 12 de janeiro de 2009, regulamentando a profiss\u00e3o de Bombeiro Civil, Socorristas e Brigadistas. A data \u00e9 comemorada hoje (12), em todo territ\u00f3rio nacional, mas, a luta ainda n\u00e3o acabou, ainda \u00e9 necess\u00e1rio que entes estaduais e municipais fiscalizem a aplica\u00e7\u00e3o da lei e garantam aos profissionais a devida valoriza\u00e7\u00e3o.<\/p>\n\n\n\n<p>Al\u00e9m de celebrar a profiss\u00e3o e honrar anos de trabalho de muitos que se dedicaram para a realiza\u00e7\u00e3o da Lei 11901, a data tamb\u00e9m provoca uma reflex\u00e3o sobre o quanto a sociedade civil e governos devem enaltecer e defender os profissionais.<\/p>\n\n\n\n<p>Em Feira de Santana, o vereador licenciado, Pedro Am\u00e9rico, desde que atuava na coordena\u00e7\u00e3o da Defesa Civil de Feira de Santana, tem caminhado lado a lado com a classe, buscando o di\u00e1logo institucional para que esses profissionais tenham mais reconhecimento, e lutando por pol\u00edticas p\u00fablicas condizentes com uma Metr\u00f3pole do porte de Feira de Santana.<\/p>\n\n\n\n<p>\u201cOs bombeiros civis, socorristas e brigadistas devem ser valorizados e ter os seus direitos trabalhistas respeitados, tanto pela iniciativa privada quanto pelo poder p\u00fablico. A categoria \u00e9 fundamental para a garantia da seguran\u00e7a, principalmente na preven\u00e7\u00e3o de p\u00e2nico e inc\u00eandio. Deve haver por exemplo, a fiscaliza\u00e7\u00e3o nos eventos p\u00fablicos e privados, cobrando a aplica\u00e7\u00e3o da Lei 350\/2019 que disp\u00f5e da contrata\u00e7\u00e3o dos BPC nestes \u00e2mbitos, o munic\u00edpio de Feira de Santana precisa tamb\u00e9m criar um n\u00facleo integrado de preven\u00e7\u00e3o a desastres com inclus\u00e3o de uma equipe multiprofissional, incluindo os bombeiros profissionais civis e brigadistas, dentre outras a\u00e7\u00f5es que continuaremos cobrando, e podem garantir mais seguran\u00e7a para a popula\u00e7\u00e3o\u201d, disse Pedro Am\u00e9rico.<\/p>\n\n\n\n<p>Sabendo da import\u00e2ncia desses profissionais na nossa sociedade e visando a valoriza\u00e7\u00e3o, Pedro Am\u00e9rico construiu um manifesto de apoio pelo reconhecimento dos Bombeiros Civis, Brigadistas e Socorristas. Para apoiar a causa, acesse o link (<a href=\"https:\/\/pedroamerico.com.br\/conteudos\/manifesto-de-apoio-pelo-reconhecimento-dos-bombeiros-civis-brigadistas-e-socorristas\/\">clique aqui<\/a>).<\/p>\n\n\n\n<p>\u201cVamos continuar lutando para que a categoria ocupe o lugar que merece e precisa\u201d, finalizou o vereador licenciado.<\/p>\n","protected":false},"excerpt":{"rendered":"<p>Foram mais de 17 anos de tramita\u00e7\u00e3o, envolvimento intenso de diversas personalidades e uma luta constante de um setor que est\u00e1 sempre pronto para socorrer a popula\u00e7\u00e3o, at\u00e9 que a Lei federal 11.901 foi sancionada em 12 de janeiro de 2009, regulamentando a profiss\u00e3o de Bombeiro Civil, Socorristas e Brigadistas. A data \u00e9 comemorada hoje [&hellip;]<\/p>\n","protected":false},"author":3,"featured_media":7881,"comment_status":"open","ping_status":"open","sticky":false,"template":"","format":"standard","meta":{"_monsterinsights_skip_tracking":false,"_monsterinsights_sitenote_active":false,"_monsterinsights_sitenote_note":"","_monsterinsights_sitenote_category":0,"footnotes":""},"categories":[34],"tags":[],"yoast_head":"<!-- This site is optimized with the Yoast SEO plugin v22.9 - https:\/\/yoast.com\/wordpress\/plugins\/seo\/ -->\n<title>Pedro Am\u00e9rico defende valoriza\u00e7\u00e3o do bombeiro civil e pede ajuda da sociedade atrav\u00e9s de manifesto - Portal MF<\/title>\n<meta name=\"robots\" content=\"index, follow, max-snippet:-1, max-image-preview:large, max-video-preview:-1\" \/>\n<link rel=\"canonical\" href=\"https:\/\/portalmf.com.br\/index.php\/2023\/01\/11\/pedro-americo-defende-valorizacao-do-bombeiro-civil-e-pede-ajuda-da-sociedade-atraves-de-manifesto\/\" \/>\n<meta property=\"og:locale\" content=\"pt_BR\" \/>\n<meta property=\"og:type\" content=\"article\" \/>\n<meta property=\"og:title\" content=\"Pedro Am\u00e9rico defende valoriza\u00e7\u00e3o do bombeiro civil e pede ajuda da sociedade atrav\u00e9s de manifesto - Portal MF\" \/>\n<meta property=\"og:description\" content=\"Foram mais de 17 anos de tramita\u00e7\u00e3o, envolvimento intenso de diversas personalidades e uma luta constante de um setor que est\u00e1 sempre pronto para socorrer a popula\u00e7\u00e3o, at\u00e9 que a Lei federal 11.901 foi sancionada em 12 de janeiro de 2009, regulamentando a profiss\u00e3o de Bombeiro Civil, Socorristas e Brigadistas. A data \u00e9 comemorada hoje [&hellip;]\" \/>\n<meta property=\"og:url\" content=\"https:\/\/portalmf.com.br\/index.php\/2023\/01\/11\/pedro-americo-defende-valorizacao-do-bombeiro-civil-e-pede-ajuda-da-sociedade-atraves-de-manifesto\/\" \/>\n<meta property=\"og:site_name\" content=\"Portal MF\" \/>\n<meta property=\"article:author\" content=\"https:\/\/www.facebook.com\/portalmfoficial\" \/>\n<meta property=\"article:published_time\" content=\"2023-01-11T10:17:00+00:00\" \/>\n<meta property=\"article:modified_time\" content=\"2023-01-13T14:18:59+00:00\" \/>\n<meta property=\"og:image\" content=\"https:\/\/portalmf.com.br\/wp-content\/uploads\/2023\/01\/WhatsApp-Image-2023-01-12-at-10.36.00.jpeg\" \/>\n\t<meta property=\"og:image:width\" content=\"450\" \/>\n\t<meta property=\"og:image:height\" content=\"301\" \/>\n\t<meta property=\"og:image:type\" content=\"image\/jpeg\" \/>\n<meta name=\"author\" content=\"Reda\u00e7\u00e3o Portal MF\" \/>\n<meta name=\"twitter:card\" content=\"summary_large_image\" \/>\n<meta name=\"twitter:creator\" content=\"@https:\/\/x.com\/portalmfoficial\" \/>\n<meta name=\"twitter:label1\" content=\"Escrito por\" \/>\n\t<meta name=\"twitter:data1\" content=\"Reda\u00e7\u00e3o Portal MF\" \/>\n\t<meta name=\"twitter:label2\" content=\"Est. tempo de leitura\" \/>\n\t<meta name=\"twitter:data2\" content=\"2 minutos\" \/>\n<script type=\"application\/ld+json\" class=\"yoast-schema-graph\">{\"@context\":\"https:\/\/schema.org\",\"@graph\":[{\"@type\":\"WebPage\",\"@id\":\"https:\/\/portalmf.com.br\/index.php\/2023\/01\/11\/pedro-americo-defende-valorizacao-do-bombeiro-civil-e-pede-ajuda-da-sociedade-atraves-de-manifesto\/\",\"url\":\"https:\/\/portalmf.com.br\/index.php\/2023\/01\/11\/pedro-americo-defende-valorizacao-do-bombeiro-civil-e-pede-ajuda-da-sociedade-atraves-de-manifesto\/\",\"name\":\"Pedro Am\u00e9rico defende valoriza\u00e7\u00e3o do bombeiro civil e pede ajuda da sociedade atrav\u00e9s de manifesto - Portal MF\",\"isPartOf\":{\"@id\":\"https:\/\/portalmf.com.br\/#website\"},\"primaryImageOfPage\":{\"@id\":\"https:\/\/portalmf.com.br\/index.php\/2023\/01\/11\/pedro-americo-defende-valorizacao-do-bombeiro-civil-e-pede-ajuda-da-sociedade-atraves-de-manifesto\/#primaryimage\"},\"image\":{\"@id\":\"https:\/\/portalmf.com.br\/index.php\/2023\/01\/11\/pedro-americo-defende-valorizacao-do-bombeiro-civil-e-pede-ajuda-da-sociedade-atraves-de-manifesto\/#primaryimage\"},\"thumbnailUrl\":\"https:\/\/portalmf.com.br\/wp-content\/uploads\/2023\/01\/WhatsApp-Image-2023-01-12-at-10.36.00.jpeg\",\"datePublished\":\"2023-01-11T10:17:00+00:00\",\"dateModified\":\"2023-01-13T14:18:59+00:00\",\"author\":{\"@id\":\"https:\/\/portalmf.com.br\/#\/schema\/person\/9ec101baf56233e53520c26de5d6f6f0\"},\"breadcrumb\":{\"@id\":\"https:\/\/portalmf.com.br\/index.php\/2023\/01\/11\/pedro-americo-defende-valorizacao-do-bombeiro-civil-e-pede-ajuda-da-sociedade-atraves-de-manifesto\/#breadcrumb\"},\"inLanguage\":\"pt-BR\",\"potentialAction\":[{\"@type\":\"ReadAction\",\"target\":[\"https:\/\/portalmf.com.br\/index.php\/2023\/01\/11\/pedro-americo-defende-valorizacao-do-bombeiro-civil-e-pede-ajuda-da-sociedade-atraves-de-manifesto\/\"]}]},{\"@type\":\"ImageObject\",\"inLanguage\":\"pt-BR\",\"@id\":\"https:\/\/portalmf.com.br\/index.php\/2023\/01\/11\/pedro-americo-defende-valorizacao-do-bombeiro-civil-e-pede-ajuda-da-sociedade-atraves-de-manifesto\/#primaryimage\",\"url\":\"https:\/\/portalmf.com.br\/wp-content\/uploads\/2023\/01\/WhatsApp-Image-2023-01-12-at-10.36.00.jpeg\",\"contentUrl\":\"https:\/\/portalmf.com.br\/wp-content\/uploads\/2023\/01\/WhatsApp-Image-2023-01-12-at-10.36.00.jpeg\",\"width\":450,\"height\":301},{\"@type\":\"BreadcrumbList\",\"@id\":\"https:\/\/portalmf.com.br\/index.php\/2023\/01\/11\/pedro-americo-defende-valorizacao-do-bombeiro-civil-e-pede-ajuda-da-sociedade-atraves-de-manifesto\/#breadcrumb\",\"itemListElement\":[{\"@type\":\"ListItem\",\"position\":1,\"name\":\"In\u00edcio\",\"item\":\"https:\/\/portalmf.com.br\/\"},{\"@type\":\"ListItem\",\"position\":2,\"name\":\"Pedro Am\u00e9rico defende valoriza\u00e7\u00e3o do bombeiro civil e pede ajuda da sociedade atrav\u00e9s de manifesto\"}]},{\"@type\":\"WebSite\",\"@id\":\"https:\/\/portalmf.com.br\/#website\",\"url\":\"https:\/\/portalmf.com.br\/\",\"name\":\"Portal MF\",\"description\":\"Voc\u00ea conectado com a informa\u00e7\u00e3o\",\"potentialAction\":[{\"@type\":\"SearchAction\",\"target\":{\"@type\":\"EntryPoint\",\"urlTemplate\":\"https:\/\/portalmf.com.br\/?s={search_term_string}\"},\"query-input\":\"required name=search_term_string\"}],\"inLanguage\":\"pt-BR\"},{\"@type\":\"Person\",\"@id\":\"https:\/\/portalmf.com.br\/#\/schema\/person\/9ec101baf56233e53520c26de5d6f6f0\",\"name\":\"Reda\u00e7\u00e3o Portal MF\",\"image\":{\"@type\":\"ImageObject\",\"inLanguage\":\"pt-BR\",\"@id\":\"https:\/\/portalmf.com.br\/#\/schema\/person\/image\/\",\"url\":\"https:\/\/secure.gravatar.com\/avatar\/41b9aaeb2100835f7c64362330f74c7f?s=96&d=mm&r=g\",\"contentUrl\":\"https:\/\/secure.gravatar.com\/avatar\/41b9aaeb2100835f7c64362330f74c7f?s=96&d=mm&r=g\",\"caption\":\"Reda\u00e7\u00e3o Portal MF\"},\"description\":\"Sejam bem-vindos o portal de informa\u00e7\u00f5es de entretenimento de Feira de Santana, desde 2006 realiza coberturas dos principais eventos com entrevistas exclusivas com as principais personalidades mundiais. Fique conectado tamb\u00e9m nas redes sociais.\",\"sameAs\":[\"http:\/\/www.portalmf.com.br\/\",\"https:\/\/www.facebook.com\/portalmfoficial\",\"https:\/\/www.instagram.com\/portalmf\/\",\"https:\/\/x.com\/https:\/\/x.com\/portalmfoficial\",\"https:\/\/www.youtube.com\/@portalmfoficial\"],\"url\":\"https:\/\/portalmf.com.br\/index.php\/author\/junior\/\"}]}<\/script>\n<!-- \/ Yoast SEO plugin. -->","yoast_head_json":{"title":"Pedro Am\u00e9rico defende valoriza\u00e7\u00e3o do bombeiro civil e pede ajuda da sociedade atrav\u00e9s de manifesto - Portal MF","robots":{"index":"index","follow":"follow","max-snippet":"max-snippet:-1","max-image-preview":"max-image-preview:large","max-video-preview":"max-video-preview:-1"},"canonical":"https:\/\/portalmf.com.br\/index.php\/2023\/01\/11\/pedro-americo-defende-valorizacao-do-bombeiro-civil-e-pede-ajuda-da-sociedade-atraves-de-manifesto\/","og_locale":"pt_BR","og_type":"article","og_title":"Pedro Am\u00e9rico defende valoriza\u00e7\u00e3o do bombeiro civil e pede ajuda da sociedade atrav\u00e9s de manifesto - Portal MF","og_description":"Foram mais de 17 anos de tramita\u00e7\u00e3o, envolvimento intenso de diversas personalidades e uma luta constante de um setor que est\u00e1 sempre pronto para socorrer a popula\u00e7\u00e3o, at\u00e9 que a Lei federal 11.901 foi sancionada em 12 de janeiro de 2009, regulamentando a profiss\u00e3o de Bombeiro Civil, Socorristas e Brigadistas. A data \u00e9 comemorada hoje [&hellip;]","og_url":"https:\/\/portalmf.com.br\/index.php\/2023\/01\/11\/pedro-americo-defende-valorizacao-do-bombeiro-civil-e-pede-ajuda-da-sociedade-atraves-de-manifesto\/","og_site_name":"Portal MF","article_author":"https:\/\/www.facebook.com\/portalmfoficial","article_published_time":"2023-01-11T10:17:00+00:00","article_modified_time":"2023-01-13T14:18:59+00:00","og_image":[{"width":450,"height":301,"url":"https:\/\/portalmf.com.br\/wp-content\/uploads\/2023\/01\/WhatsApp-Image-2023-01-12-at-10.36.00.jpeg","type":"image\/jpeg"}],"author":"Reda\u00e7\u00e3o Portal MF","twitter_card":"summary_large_image","twitter_creator":"@https:\/\/x.com\/portalmfoficial","twitter_misc":{"Escrito por":"Reda\u00e7\u00e3o Portal MF","Est. tempo de leitura":"2 minutos"},"schema":{"@context":"https:\/\/schema.org","@graph":[{"@type":"WebPage","@id":"https:\/\/portalmf.com.br\/index.php\/2023\/01\/11\/pedro-americo-defende-valorizacao-do-bombeiro-civil-e-pede-ajuda-da-sociedade-atraves-de-manifesto\/","url":"https:\/\/portalmf.com.br\/index.php\/2023\/01\/11\/pedro-americo-defende-valorizacao-do-bombeiro-civil-e-pede-ajuda-da-sociedade-atraves-de-manifesto\/","name":"Pedro Am\u00e9rico defende valoriza\u00e7\u00e3o do bombeiro civil e pede ajuda da sociedade atrav\u00e9s de manifesto - Portal MF","isPartOf":{"@id":"https:\/\/portalmf.com.br\/#website"},"primaryImageOfPage":{"@id":"https:\/\/portalmf.com.br\/index.php\/2023\/01\/11\/pedro-americo-defende-valorizacao-do-bombeiro-civil-e-pede-ajuda-da-sociedade-atraves-de-manifesto\/#primaryimage"},"image":{"@id":"https:\/\/portalmf.com.br\/index.php\/2023\/01\/11\/pedro-americo-defende-valorizacao-do-bombeiro-civil-e-pede-ajuda-da-sociedade-atraves-de-manifesto\/#primaryimage"},"thumbnailUrl":"https:\/\/portalmf.com.br\/wp-content\/uploads\/2023\/01\/WhatsApp-Image-2023-01-12-at-10.36.00.jpeg","datePublished":"2023-01-11T10:17:00+00:00","dateModified":"2023-01-13T14:18:59+00:00","author":{"@id":"https:\/\/portalmf.com.br\/#\/schema\/person\/9ec101baf56233e53520c26de5d6f6f0"},"breadcrumb":{"@id":"https:\/\/portalmf.com.br\/index.php\/2023\/01\/11\/pedro-americo-defende-valorizacao-do-bombeiro-civil-e-pede-ajuda-da-sociedade-atraves-de-manifesto\/#breadcrumb"},"inLanguage":"pt-BR","potentialAction":[{"@type":"ReadAction","target":["https:\/\/portalmf.com.br\/index.php\/2023\/01\/11\/pedro-americo-defende-valorizacao-do-bombeiro-civil-e-pede-ajuda-da-sociedade-atraves-de-manifesto\/"]}]},{"@type":"ImageObject","inLanguage":"pt-BR","@id":"https:\/\/portalmf.com.br\/index.php\/2023\/01\/11\/pedro-americo-defende-valorizacao-do-bombeiro-civil-e-pede-ajuda-da-sociedade-atraves-de-manifesto\/#primaryimage","url":"https:\/\/portalmf.com.br\/wp-content\/uploads\/2023\/01\/WhatsApp-Image-2023-01-12-at-10.36.00.jpeg","contentUrl":"https:\/\/portalmf.com.br\/wp-content\/uploads\/2023\/01\/WhatsApp-Image-2023-01-12-at-10.36.00.jpeg","width":450,"height":301},{"@type":"BreadcrumbList","@id":"https:\/\/portalmf.com.br\/index.php\/2023\/01\/11\/pedro-americo-defende-valorizacao-do-bombeiro-civil-e-pede-ajuda-da-sociedade-atraves-de-manifesto\/#breadcrumb","itemListElement":[{"@type":"ListItem","position":1,"name":"In\u00edcio","item":"https:\/\/portalmf.com.br\/"},{"@type":"ListItem","position":2,"name":"Pedro Am\u00e9rico defende valoriza\u00e7\u00e3o do bombeiro civil e pede ajuda da sociedade atrav\u00e9s de manifesto"}]},{"@type":"WebSite","@id":"https:\/\/portalmf.com.br\/#website","url":"https:\/\/portalmf.com.br\/","name":"Portal MF","description":"Voc\u00ea conectado com a informa\u00e7\u00e3o","potentialAction":[{"@type":"SearchAction","target":{"@type":"EntryPoint","urlTemplate":"https:\/\/portalmf.com.br\/?s={search_term_string}"},"query-input":"required name=search_term_string"}],"inLanguage":"pt-BR"},{"@type":"Person","@id":"https:\/\/portalmf.com.br\/#\/schema\/person\/9ec101baf56233e53520c26de5d6f6f0","name":"Reda\u00e7\u00e3o Portal MF","image":{"@type":"ImageObject","inLanguage":"pt-BR","@id":"https:\/\/portalmf.com.br\/#\/schema\/person\/image\/","url":"https:\/\/secure.gravatar.com\/avatar\/41b9aaeb2100835f7c64362330f74c7f?s=96&d=mm&r=g","contentUrl":"https:\/\/secure.gravatar.com\/avatar\/41b9aaeb2100835f7c64362330f74c7f?s=96&d=mm&r=g","caption":"Reda\u00e7\u00e3o Portal MF"},"description":"Sejam bem-vindos o portal de informa\u00e7\u00f5es de entretenimento de Feira de Santana, desde 2006 realiza coberturas dos principais eventos com entrevistas exclusivas com as principais personalidades mundiais. Fique conectado tamb\u00e9m nas redes sociais.","sameAs":["http:\/\/www.portalmf.com.br\/","https:\/\/www.facebook.com\/portalmfoficial","https:\/\/www.instagram.com\/portalmf\/","https:\/\/x.com\/https:\/\/x.com\/portalmfoficial","https:\/\/www.youtube.com\/@portalmfoficial"],"url":"https:\/\/portalmf.com.br\/index.php\/author\/junior\/"}]}},"_links":{"self":[{"href":"https:\/\/portalmf.com.br\/index.php\/wp-json\/wp\/v2\/posts\/7880"}],"collection":[{"href":"https:\/\/portalmf.com.br\/index.php\/wp-json\/wp\/v2\/posts"}],"about":[{"href":"https:\/\/portalmf.com.br\/index.php\/wp-json\/wp\/v2\/types\/post"}],"author":[{"embeddable":true,"href":"https:\/\/portalmf.com.br\/index.php\/wp-json\/wp\/v2\/users\/3"}],"replies":[{"embeddable":true,"href":"https:\/\/portalmf.com.br\/index.php\/wp-json\/wp\/v2\/comments?post=7880"}],"version-history":[{"count":1,"href":"https:\/\/portalmf.com.br\/index.php\/wp-json\/wp\/v2\/posts\/7880\/revisions"}],"predecessor-version":[{"id":7882,"href":"https:\/\/portalmf.com.br\/index.php\/wp-json\/wp\/v2\/posts\/7880\/revisions\/7882"}],"wp:featuredmedia":[{"embeddable":true,"href":"https:\/\/portalmf.com.br\/index.php\/wp-json\/wp\/v2\/media\/7881"}],"wp:attachment":[{"href":"https:\/\/portalmf.com.br\/index.php\/wp-json\/wp\/v2\/media?parent=7880"}],"wp:term":[{"taxonomy":"category","embeddable":true,"href":"https:\/\/portalmf.com.br\/index.php\/wp-json\/wp\/v2\/categories?post=7880"},{"taxonomy":"post_tag","embeddable":true,"href":"https:\/\/portalmf.com.br\/index.php\/wp-json\/wp\/v2\/tags?post=7880"}],"curies":[{"name":"wp","href":"https:\/\/api.w.org\/{rel}","templated":true}]}}