{"id":7862,"date":"2023-01-12T12:46:00","date_gmt":"2023-01-12T15:46:00","guid":{"rendered":"https:\/\/portalmf.com.br\/?p=7862"},"modified":"2023-01-12T15:55:11","modified_gmt":"2023-01-12T18:55:11","slug":"e-o-tchan-recebeu-jacare-na-celebracao-de-30-anos-do-grupo-na-arena-fonte-nova","status":"publish","type":"post","link":"https:\/\/portalmf.com.br\/index.php\/2023\/01\/12\/e-o-tchan-recebeu-jacare-na-celebracao-de-30-anos-do-grupo-na-arena-fonte-nova\/","title":{"rendered":"\u00c9 o Tchan recebeu Jacar\u00e9 na celebra\u00e7\u00e3o de 30 anos do grupo, na Arena Fonte Nova"},"content":{"rendered":"\n<p>Na noite desta quarta-feira (11), aconteceu o Festival \u00cata na Arena Fonte Nova, para celebrar os 30 anos do grupo \u00c9 o Tchan. Para o momento se tornar ainda mais inesquec\u00edvel, o grupo recebeu no palco o dan\u00e7arino Jacar\u00e9, que dan\u00e7ou o sucesso \u201cDisque Tchan\u201d, levando o p\u00fablico \u00e0 loucura.<\/p>\n\n\n\n<figure class=\"wp-block-image size-large\"><img fetchpriority=\"high\" decoding=\"async\" width=\"1024\" height=\"682\" src=\"https:\/\/portalmf.com.br\/wp-content\/uploads\/2023\/01\/EO-TCHAN-E-JACARE-1024x682.jpeg\" alt=\"\" class=\"wp-image-7867\" srcset=\"https:\/\/portalmf.com.br\/wp-content\/uploads\/2023\/01\/EO-TCHAN-E-JACARE-1024x682.jpeg 1024w, https:\/\/portalmf.com.br\/wp-content\/uploads\/2023\/01\/EO-TCHAN-E-JACARE-300x200.jpeg 300w, https:\/\/portalmf.com.br\/wp-content\/uploads\/2023\/01\/EO-TCHAN-E-JACARE-768x512.jpeg 768w, https:\/\/portalmf.com.br\/wp-content\/uploads\/2023\/01\/EO-TCHAN-E-JACARE-1536x1023.jpeg 1536w, https:\/\/portalmf.com.br\/wp-content\/uploads\/2023\/01\/EO-TCHAN-E-JACARE-1170x780.jpeg 1170w, https:\/\/portalmf.com.br\/wp-content\/uploads\/2023\/01\/EO-TCHAN-E-JACARE-585x390.jpeg 585w, https:\/\/portalmf.com.br\/wp-content\/uploads\/2023\/01\/EO-TCHAN-E-JACARE-263x175.jpeg 263w, https:\/\/portalmf.com.br\/wp-content\/uploads\/2023\/01\/EO-TCHAN-E-JACARE.jpeg 1600w\" sizes=\"(max-width: 1024px) 100vw, 1024px\" \/><figcaption>Foto: S\u00e9rcio Freitas<\/figcaption><\/figure>\n\n\n\n<p>Al\u00e9m da banda anfitri\u00e3, se apresentaram a dupla Jorge e Mateus, o cantor Kevi Jony e a cantora Mari Fernandez.<\/p>\n\n\n\n<p>O evento foi iniciado com o show do cantor baiano, que contou com a presen\u00e7a da influenciadora Sthe Matos, namorada de Kevi, a quem dedicou a m\u00fasica \u201cTe Love\u201d.<\/p>\n\n\n\n<figure class=\"wp-block-image size-full\"><img decoding=\"async\" width=\"854\" height=\"752\" src=\"https:\/\/portalmf.com.br\/wp-content\/uploads\/2023\/01\/Kevi-e-Sthe-Matos.jpeg\" alt=\"\" class=\"wp-image-7864\" srcset=\"https:\/\/portalmf.com.br\/wp-content\/uploads\/2023\/01\/Kevi-e-Sthe-Matos.jpeg 854w, https:\/\/portalmf.com.br\/wp-content\/uploads\/2023\/01\/Kevi-e-Sthe-Matos-300x264.jpeg 300w, https:\/\/portalmf.com.br\/wp-content\/uploads\/2023\/01\/Kevi-e-Sthe-Matos-768x676.jpeg 768w, https:\/\/portalmf.com.br\/wp-content\/uploads\/2023\/01\/Kevi-e-Sthe-Matos-585x515.jpeg 585w\" sizes=\"(max-width: 854px) 100vw, 854px\" \/><figcaption>Foto: S\u00e9rcio Freitas<\/figcaption><\/figure>\n\n\n\n<p> Logo depois a cantora Mari Fernandez levantou a Arena Fonte Nova com seu enorme talento e as m\u00fasicas \u201cIntui\u00e7\u00e3o\u201d e \u201cComunica\u00e7\u00e3o Falhou\u201d. <\/p>\n\n\n\n<figure class=\"wp-block-image size-large\"><img decoding=\"async\" width=\"1024\" height=\"682\" src=\"https:\/\/portalmf.com.br\/wp-content\/uploads\/2023\/01\/Mari-Fernandez-1024x682.jpeg\" alt=\"\" class=\"wp-image-7863\" srcset=\"https:\/\/portalmf.com.br\/wp-content\/uploads\/2023\/01\/Mari-Fernandez-1024x682.jpeg 1024w, https:\/\/portalmf.com.br\/wp-content\/uploads\/2023\/01\/Mari-Fernandez-300x200.jpeg 300w, https:\/\/portalmf.com.br\/wp-content\/uploads\/2023\/01\/Mari-Fernandez-768x512.jpeg 768w, https:\/\/portalmf.com.br\/wp-content\/uploads\/2023\/01\/Mari-Fernandez-1536x1023.jpeg 1536w, https:\/\/portalmf.com.br\/wp-content\/uploads\/2023\/01\/Mari-Fernandez-1170x780.jpeg 1170w, https:\/\/portalmf.com.br\/wp-content\/uploads\/2023\/01\/Mari-Fernandez-585x390.jpeg 585w, https:\/\/portalmf.com.br\/wp-content\/uploads\/2023\/01\/Mari-Fernandez-263x175.jpeg 263w, https:\/\/portalmf.com.br\/wp-content\/uploads\/2023\/01\/Mari-Fernandez.jpeg 1600w\" sizes=\"(max-width: 1024px) 100vw, 1024px\" \/><figcaption>Foto: S\u00e9rcio Freitas<\/figcaption><\/figure>\n\n\n\n<p>O terceiro show da noite foi da dupla mais amada do Brasil, Jorge e Mateus, que encantou o p\u00fablico com um repert\u00f3rio repleto de sucessos da sua carreira como \u201cOs Anjos Cantam\u201d, \u201cFlor\u201d, \u201cVoa Beija-Flor\u201d, entre outras. O \u00c9 o Tchan encerrou o evento com uma atmosfera cheia de nostalgia, anima\u00e7\u00e3o e repert\u00f3rio recheado de sucessos.<\/p>\n\n\n\n<p><\/p>\n\n\n\n<figure class=\"wp-block-gallery has-nested-images columns-default is-cropped wp-block-gallery-1 is-layout-flex wp-block-gallery-is-layout-flex\">\n<figure class=\"wp-block-image size-large\"><img loading=\"lazy\" decoding=\"async\" width=\"683\" height=\"1024\" data-id=\"7866\" src=\"https:\/\/portalmf.com.br\/wp-content\/uploads\/2023\/01\/Jorge-e-Mateus-1-683x1024.jpeg\" alt=\"\" class=\"wp-image-7866\" srcset=\"https:\/\/portalmf.com.br\/wp-content\/uploads\/2023\/01\/Jorge-e-Mateus-1-683x1024.jpeg 683w, https:\/\/portalmf.com.br\/wp-content\/uploads\/2023\/01\/Jorge-e-Mateus-1-200x300.jpeg 200w, https:\/\/portalmf.com.br\/wp-content\/uploads\/2023\/01\/Jorge-e-Mateus-1-768x1151.jpeg 768w, https:\/\/portalmf.com.br\/wp-content\/uploads\/2023\/01\/Jorge-e-Mateus-1-585x877.jpeg 585w, https:\/\/portalmf.com.br\/wp-content\/uploads\/2023\/01\/Jorge-e-Mateus-1.jpeg 854w\" sizes=\"(max-width: 683px) 100vw, 683px\" \/><figcaption>Foto: S\u00e9rcio Freitas<\/figcaption><\/figure>\n\n\n\n<figure class=\"wp-block-image size-large\"><img loading=\"lazy\" decoding=\"async\" width=\"683\" height=\"1024\" data-id=\"7865\" src=\"https:\/\/portalmf.com.br\/wp-content\/uploads\/2023\/01\/Jorge-e-Mateus-2-683x1024.jpeg\" alt=\"\" class=\"wp-image-7865\" srcset=\"https:\/\/portalmf.com.br\/wp-content\/uploads\/2023\/01\/Jorge-e-Mateus-2-683x1024.jpeg 683w, https:\/\/portalmf.com.br\/wp-content\/uploads\/2023\/01\/Jorge-e-Mateus-2-200x300.jpeg 200w, https:\/\/portalmf.com.br\/wp-content\/uploads\/2023\/01\/Jorge-e-Mateus-2-768x1151.jpeg 768w, https:\/\/portalmf.com.br\/wp-content\/uploads\/2023\/01\/Jorge-e-Mateus-2-585x877.jpeg 585w, https:\/\/portalmf.com.br\/wp-content\/uploads\/2023\/01\/Jorge-e-Mateus-2.jpeg 854w\" sizes=\"(max-width: 683px) 100vw, 683px\" \/><figcaption>Foto: S\u00e9rcio Freitas<\/figcaption><\/figure>\n<\/figure>\n","protected":false},"excerpt":{"rendered":"<p>Na noite desta quarta-feira (11), aconteceu o Festival \u00cata na Arena Fonte Nova, para celebrar os 30 anos do grupo \u00c9 o Tchan. Para o momento se tornar ainda mais inesquec\u00edvel, o grupo recebeu no palco o dan\u00e7arino Jacar\u00e9, que dan\u00e7ou o sucesso \u201cDisque Tchan\u201d, levando o p\u00fablico \u00e0 loucura. Al\u00e9m da banda anfitri\u00e3, se [&hellip;]<\/p>\n","protected":false},"author":3,"featured_media":7868,"comment_status":"open","ping_status":"open","sticky":false,"template":"","format":"standard","meta":{"_monsterinsights_skip_tracking":false,"_monsterinsights_sitenote_active":false,"_monsterinsights_sitenote_note":"","_monsterinsights_sitenote_category":0,"footnotes":""},"categories":[44,47,45],"tags":[],"yoast_head":"<!-- This site is optimized with the Yoast SEO plugin v22.9 - https:\/\/yoast.com\/wordpress\/plugins\/seo\/ -->\n<title>\u00c9 o Tchan recebeu Jacar\u00e9 na celebra\u00e7\u00e3o de 30 anos do grupo, na Arena Fonte Nova - Portal MF<\/title>\n<meta name=\"robots\" content=\"index, follow, max-snippet:-1, max-image-preview:large, max-video-preview:-1\" \/>\n<link rel=\"canonical\" href=\"https:\/\/portalmf.com.br\/index.php\/2023\/01\/12\/e-o-tchan-recebeu-jacare-na-celebracao-de-30-anos-do-grupo-na-arena-fonte-nova\/\" \/>\n<meta property=\"og:locale\" content=\"pt_BR\" \/>\n<meta property=\"og:type\" content=\"article\" \/>\n<meta property=\"og:title\" content=\"\u00c9 o Tchan recebeu Jacar\u00e9 na celebra\u00e7\u00e3o de 30 anos do grupo, na Arena Fonte Nova - Portal MF\" \/>\n<meta property=\"og:description\" content=\"Na noite desta quarta-feira (11), aconteceu o Festival \u00cata na Arena Fonte Nova, para celebrar os 30 anos do grupo \u00c9 o Tchan. Para o momento se tornar ainda mais inesquec\u00edvel, o grupo recebeu no palco o dan\u00e7arino Jacar\u00e9, que dan\u00e7ou o sucesso \u201cDisque Tchan\u201d, levando o p\u00fablico \u00e0 loucura. Al\u00e9m da banda anfitri\u00e3, se [&hellip;]\" \/>\n<meta property=\"og:url\" content=\"https:\/\/portalmf.com.br\/index.php\/2023\/01\/12\/e-o-tchan-recebeu-jacare-na-celebracao-de-30-anos-do-grupo-na-arena-fonte-nova\/\" \/>\n<meta property=\"og:site_name\" content=\"Portal MF\" \/>\n<meta property=\"article:author\" content=\"https:\/\/www.facebook.com\/portalmfoficial\" \/>\n<meta property=\"article:published_time\" content=\"2023-01-12T15:46:00+00:00\" \/>\n<meta property=\"article:modified_time\" content=\"2023-01-12T18:55:11+00:00\" \/>\n<meta property=\"og:image\" content=\"https:\/\/portalmf.com.br\/wp-content\/uploads\/2023\/01\/EO-TCHAN.jpeg\" \/>\n\t<meta property=\"og:image:width\" content=\"1066\" \/>\n\t<meta property=\"og:image:height\" content=\"653\" \/>\n\t<meta property=\"og:image:type\" content=\"image\/jpeg\" \/>\n<meta name=\"author\" content=\"Reda\u00e7\u00e3o Portal MF\" \/>\n<meta name=\"twitter:card\" content=\"summary_large_image\" \/>\n<meta name=\"twitter:creator\" content=\"@https:\/\/x.com\/portalmfoficial\" \/>\n<meta name=\"twitter:label1\" content=\"Escrito por\" \/>\n\t<meta name=\"twitter:data1\" content=\"Reda\u00e7\u00e3o Portal MF\" \/>\n\t<meta name=\"twitter:label2\" content=\"Est. tempo de leitura\" \/>\n\t<meta name=\"twitter:data2\" content=\"3 minutos\" \/>\n<script type=\"application\/ld+json\" class=\"yoast-schema-graph\">{\"@context\":\"https:\/\/schema.org\",\"@graph\":[{\"@type\":\"WebPage\",\"@id\":\"https:\/\/portalmf.com.br\/index.php\/2023\/01\/12\/e-o-tchan-recebeu-jacare-na-celebracao-de-30-anos-do-grupo-na-arena-fonte-nova\/\",\"url\":\"https:\/\/portalmf.com.br\/index.php\/2023\/01\/12\/e-o-tchan-recebeu-jacare-na-celebracao-de-30-anos-do-grupo-na-arena-fonte-nova\/\",\"name\":\"\u00c9 o Tchan recebeu Jacar\u00e9 na celebra\u00e7\u00e3o de 30 anos do grupo, na Arena Fonte Nova - Portal MF\",\"isPartOf\":{\"@id\":\"https:\/\/portalmf.com.br\/#website\"},\"primaryImageOfPage\":{\"@id\":\"https:\/\/portalmf.com.br\/index.php\/2023\/01\/12\/e-o-tchan-recebeu-jacare-na-celebracao-de-30-anos-do-grupo-na-arena-fonte-nova\/#primaryimage\"},\"image\":{\"@id\":\"https:\/\/portalmf.com.br\/index.php\/2023\/01\/12\/e-o-tchan-recebeu-jacare-na-celebracao-de-30-anos-do-grupo-na-arena-fonte-nova\/#primaryimage\"},\"thumbnailUrl\":\"https:\/\/portalmf.com.br\/wp-content\/uploads\/2023\/01\/EO-TCHAN.jpeg\",\"datePublished\":\"2023-01-12T15:46:00+00:00\",\"dateModified\":\"2023-01-12T18:55:11+00:00\",\"author\":{\"@id\":\"https:\/\/portalmf.com.br\/#\/schema\/person\/9ec101baf56233e53520c26de5d6f6f0\"},\"breadcrumb\":{\"@id\":\"https:\/\/portalmf.com.br\/index.php\/2023\/01\/12\/e-o-tchan-recebeu-jacare-na-celebracao-de-30-anos-do-grupo-na-arena-fonte-nova\/#breadcrumb\"},\"inLanguage\":\"pt-BR\",\"potentialAction\":[{\"@type\":\"ReadAction\",\"target\":[\"https:\/\/portalmf.com.br\/index.php\/2023\/01\/12\/e-o-tchan-recebeu-jacare-na-celebracao-de-30-anos-do-grupo-na-arena-fonte-nova\/\"]}]},{\"@type\":\"ImageObject\",\"inLanguage\":\"pt-BR\",\"@id\":\"https:\/\/portalmf.com.br\/index.php\/2023\/01\/12\/e-o-tchan-recebeu-jacare-na-celebracao-de-30-anos-do-grupo-na-arena-fonte-nova\/#primaryimage\",\"url\":\"https:\/\/portalmf.com.br\/wp-content\/uploads\/2023\/01\/EO-TCHAN.jpeg\",\"contentUrl\":\"https:\/\/portalmf.com.br\/wp-content\/uploads\/2023\/01\/EO-TCHAN.jpeg\",\"width\":1066,\"height\":653,\"caption\":\"Foto: S\u00e9rcio Freitas\"},{\"@type\":\"BreadcrumbList\",\"@id\":\"https:\/\/portalmf.com.br\/index.php\/2023\/01\/12\/e-o-tchan-recebeu-jacare-na-celebracao-de-30-anos-do-grupo-na-arena-fonte-nova\/#breadcrumb\",\"itemListElement\":[{\"@type\":\"ListItem\",\"position\":1,\"name\":\"In\u00edcio\",\"item\":\"https:\/\/portalmf.com.br\/\"},{\"@type\":\"ListItem\",\"position\":2,\"name\":\"\u00c9 o Tchan recebeu Jacar\u00e9 na celebra\u00e7\u00e3o de 30 anos do grupo, na Arena Fonte Nova\"}]},{\"@type\":\"WebSite\",\"@id\":\"https:\/\/portalmf.com.br\/#website\",\"url\":\"https:\/\/portalmf.com.br\/\",\"name\":\"Portal MF\",\"description\":\"Voc\u00ea conectado com a informa\u00e7\u00e3o\",\"potentialAction\":[{\"@type\":\"SearchAction\",\"target\":{\"@type\":\"EntryPoint\",\"urlTemplate\":\"https:\/\/portalmf.com.br\/?s={search_term_string}\"},\"query-input\":\"required name=search_term_string\"}],\"inLanguage\":\"pt-BR\"},{\"@type\":\"Person\",\"@id\":\"https:\/\/portalmf.com.br\/#\/schema\/person\/9ec101baf56233e53520c26de5d6f6f0\",\"name\":\"Reda\u00e7\u00e3o Portal MF\",\"image\":{\"@type\":\"ImageObject\",\"inLanguage\":\"pt-BR\",\"@id\":\"https:\/\/portalmf.com.br\/#\/schema\/person\/image\/\",\"url\":\"https:\/\/secure.gravatar.com\/avatar\/41b9aaeb2100835f7c64362330f74c7f?s=96&d=mm&r=g\",\"contentUrl\":\"https:\/\/secure.gravatar.com\/avatar\/41b9aaeb2100835f7c64362330f74c7f?s=96&d=mm&r=g\",\"caption\":\"Reda\u00e7\u00e3o Portal MF\"},\"description\":\"Sejam bem-vindos o portal de informa\u00e7\u00f5es de entretenimento de Feira de Santana, desde 2006 realiza coberturas dos principais eventos com entrevistas exclusivas com as principais personalidades mundiais. Fique conectado tamb\u00e9m nas redes sociais.\",\"sameAs\":[\"http:\/\/www.portalmf.com.br\/\",\"https:\/\/www.facebook.com\/portalmfoficial\",\"https:\/\/www.instagram.com\/portalmf\/\",\"https:\/\/x.com\/https:\/\/x.com\/portalmfoficial\",\"https:\/\/www.youtube.com\/@portalmfoficial\"],\"url\":\"https:\/\/portalmf.com.br\/index.php\/author\/junior\/\"}]}<\/script>\n<!-- \/ Yoast SEO plugin. -->","yoast_head_json":{"title":"\u00c9 o Tchan recebeu Jacar\u00e9 na celebra\u00e7\u00e3o de 30 anos do grupo, na Arena Fonte Nova - Portal MF","robots":{"index":"index","follow":"follow","max-snippet":"max-snippet:-1","max-image-preview":"max-image-preview:large","max-video-preview":"max-video-preview:-1"},"canonical":"https:\/\/portalmf.com.br\/index.php\/2023\/01\/12\/e-o-tchan-recebeu-jacare-na-celebracao-de-30-anos-do-grupo-na-arena-fonte-nova\/","og_locale":"pt_BR","og_type":"article","og_title":"\u00c9 o Tchan recebeu Jacar\u00e9 na celebra\u00e7\u00e3o de 30 anos do grupo, na Arena Fonte Nova - Portal MF","og_description":"Na noite desta quarta-feira (11), aconteceu o Festival \u00cata na Arena Fonte Nova, para celebrar os 30 anos do grupo \u00c9 o Tchan. Para o momento se tornar ainda mais inesquec\u00edvel, o grupo recebeu no palco o dan\u00e7arino Jacar\u00e9, que dan\u00e7ou o sucesso \u201cDisque Tchan\u201d, levando o p\u00fablico \u00e0 loucura. Al\u00e9m da banda anfitri\u00e3, se [&hellip;]","og_url":"https:\/\/portalmf.com.br\/index.php\/2023\/01\/12\/e-o-tchan-recebeu-jacare-na-celebracao-de-30-anos-do-grupo-na-arena-fonte-nova\/","og_site_name":"Portal MF","article_author":"https:\/\/www.facebook.com\/portalmfoficial","article_published_time":"2023-01-12T15:46:00+00:00","article_modified_time":"2023-01-12T18:55:11+00:00","og_image":[{"width":1066,"height":653,"url":"https:\/\/portalmf.com.br\/wp-content\/uploads\/2023\/01\/EO-TCHAN.jpeg","type":"image\/jpeg"}],"author":"Reda\u00e7\u00e3o Portal MF","twitter_card":"summary_large_image","twitter_creator":"@https:\/\/x.com\/portalmfoficial","twitter_misc":{"Escrito por":"Reda\u00e7\u00e3o Portal MF","Est. tempo de leitura":"3 minutos"},"schema":{"@context":"https:\/\/schema.org","@graph":[{"@type":"WebPage","@id":"https:\/\/portalmf.com.br\/index.php\/2023\/01\/12\/e-o-tchan-recebeu-jacare-na-celebracao-de-30-anos-do-grupo-na-arena-fonte-nova\/","url":"https:\/\/portalmf.com.br\/index.php\/2023\/01\/12\/e-o-tchan-recebeu-jacare-na-celebracao-de-30-anos-do-grupo-na-arena-fonte-nova\/","name":"\u00c9 o Tchan recebeu Jacar\u00e9 na celebra\u00e7\u00e3o de 30 anos do grupo, na Arena Fonte Nova - Portal MF","isPartOf":{"@id":"https:\/\/portalmf.com.br\/#website"},"primaryImageOfPage":{"@id":"https:\/\/portalmf.com.br\/index.php\/2023\/01\/12\/e-o-tchan-recebeu-jacare-na-celebracao-de-30-anos-do-grupo-na-arena-fonte-nova\/#primaryimage"},"image":{"@id":"https:\/\/portalmf.com.br\/index.php\/2023\/01\/12\/e-o-tchan-recebeu-jacare-na-celebracao-de-30-anos-do-grupo-na-arena-fonte-nova\/#primaryimage"},"thumbnailUrl":"https:\/\/portalmf.com.br\/wp-content\/uploads\/2023\/01\/EO-TCHAN.jpeg","datePublished":"2023-01-12T15:46:00+00:00","dateModified":"2023-01-12T18:55:11+00:00","author":{"@id":"https:\/\/portalmf.com.br\/#\/schema\/person\/9ec101baf56233e53520c26de5d6f6f0"},"breadcrumb":{"@id":"https:\/\/portalmf.com.br\/index.php\/2023\/01\/12\/e-o-tchan-recebeu-jacare-na-celebracao-de-30-anos-do-grupo-na-arena-fonte-nova\/#breadcrumb"},"inLanguage":"pt-BR","potentialAction":[{"@type":"ReadAction","target":["https:\/\/portalmf.com.br\/index.php\/2023\/01\/12\/e-o-tchan-recebeu-jacare-na-celebracao-de-30-anos-do-grupo-na-arena-fonte-nova\/"]}]},{"@type":"ImageObject","inLanguage":"pt-BR","@id":"https:\/\/portalmf.com.br\/index.php\/2023\/01\/12\/e-o-tchan-recebeu-jacare-na-celebracao-de-30-anos-do-grupo-na-arena-fonte-nova\/#primaryimage","url":"https:\/\/portalmf.com.br\/wp-content\/uploads\/2023\/01\/EO-TCHAN.jpeg","contentUrl":"https:\/\/portalmf.com.br\/wp-content\/uploads\/2023\/01\/EO-TCHAN.jpeg","width":1066,"height":653,"caption":"Foto: S\u00e9rcio Freitas"},{"@type":"BreadcrumbList","@id":"https:\/\/portalmf.com.br\/index.php\/2023\/01\/12\/e-o-tchan-recebeu-jacare-na-celebracao-de-30-anos-do-grupo-na-arena-fonte-nova\/#breadcrumb","itemListElement":[{"@type":"ListItem","position":1,"name":"In\u00edcio","item":"https:\/\/portalmf.com.br\/"},{"@type":"ListItem","position":2,"name":"\u00c9 o Tchan recebeu Jacar\u00e9 na celebra\u00e7\u00e3o de 30 anos do grupo, na Arena Fonte Nova"}]},{"@type":"WebSite","@id":"https:\/\/portalmf.com.br\/#website","url":"https:\/\/portalmf.com.br\/","name":"Portal MF","description":"Voc\u00ea conectado com a informa\u00e7\u00e3o","potentialAction":[{"@type":"SearchAction","target":{"@type":"EntryPoint","urlTemplate":"https:\/\/portalmf.com.br\/?s={search_term_string}"},"query-input":"required name=search_term_string"}],"inLanguage":"pt-BR"},{"@type":"Person","@id":"https:\/\/portalmf.com.br\/#\/schema\/person\/9ec101baf56233e53520c26de5d6f6f0","name":"Reda\u00e7\u00e3o Portal MF","image":{"@type":"ImageObject","inLanguage":"pt-BR","@id":"https:\/\/portalmf.com.br\/#\/schema\/person\/image\/","url":"https:\/\/secure.gravatar.com\/avatar\/41b9aaeb2100835f7c64362330f74c7f?s=96&d=mm&r=g","contentUrl":"https:\/\/secure.gravatar.com\/avatar\/41b9aaeb2100835f7c64362330f74c7f?s=96&d=mm&r=g","caption":"Reda\u00e7\u00e3o Portal MF"},"description":"Sejam bem-vindos o portal de informa\u00e7\u00f5es de entretenimento de Feira de Santana, desde 2006 realiza coberturas dos principais eventos com entrevistas exclusivas com as principais personalidades mundiais. Fique conectado tamb\u00e9m nas redes sociais.","sameAs":["http:\/\/www.portalmf.com.br\/","https:\/\/www.facebook.com\/portalmfoficial","https:\/\/www.instagram.com\/portalmf\/","https:\/\/x.com\/https:\/\/x.com\/portalmfoficial","https:\/\/www.youtube.com\/@portalmfoficial"],"url":"https:\/\/portalmf.com.br\/index.php\/author\/junior\/"}]}},"_links":{"self":[{"href":"https:\/\/portalmf.com.br\/index.php\/wp-json\/wp\/v2\/posts\/7862"}],"collection":[{"href":"https:\/\/portalmf.com.br\/index.php\/wp-json\/wp\/v2\/posts"}],"about":[{"href":"https:\/\/portalmf.com.br\/index.php\/wp-json\/wp\/v2\/types\/post"}],"author":[{"embeddable":true,"href":"https:\/\/portalmf.com.br\/index.php\/wp-json\/wp\/v2\/users\/3"}],"replies":[{"embeddable":true,"href":"https:\/\/portalmf.com.br\/index.php\/wp-json\/wp\/v2\/comments?post=7862"}],"version-history":[{"count":1,"href":"https:\/\/portalmf.com.br\/index.php\/wp-json\/wp\/v2\/posts\/7862\/revisions"}],"predecessor-version":[{"id":7869,"href":"https:\/\/portalmf.com.br\/index.php\/wp-json\/wp\/v2\/posts\/7862\/revisions\/7869"}],"wp:featuredmedia":[{"embeddable":true,"href":"https:\/\/portalmf.com.br\/index.php\/wp-json\/wp\/v2\/media\/7868"}],"wp:attachment":[{"href":"https:\/\/portalmf.com.br\/index.php\/wp-json\/wp\/v2\/media?parent=7862"}],"wp:term":[{"taxonomy":"category","embeddable":true,"href":"https:\/\/portalmf.com.br\/index.php\/wp-json\/wp\/v2\/categories?post=7862"},{"taxonomy":"post_tag","embeddable":true,"href":"https:\/\/portalmf.com.br\/index.php\/wp-json\/wp\/v2\/tags?post=7862"}],"curies":[{"name":"wp","href":"https:\/\/api.w.org\/{rel}","templated":true}]}}