{"id":7859,"date":"2023-01-12T15:45:56","date_gmt":"2023-01-12T18:45:56","guid":{"rendered":"https:\/\/portalmf.com.br\/?p=7859"},"modified":"2023-01-13T11:19:43","modified_gmt":"2023-01-13T14:19:43","slug":"a-emocao-hoje-e-muito-forte-diz-jeronimo-sobre-1a-participacao-na-lavagem-do-bonfim-como-governador","status":"publish","type":"post","link":"https:\/\/portalmf.com.br\/index.php\/2023\/01\/12\/a-emocao-hoje-e-muito-forte-diz-jeronimo-sobre-1a-participacao-na-lavagem-do-bonfim-como-governador\/","title":{"rendered":"\u201cA emo\u00e7\u00e3o hoje \u00e9 muito forte\u201d, diz Jer\u00f4nimo sobre 1\u00aa participa\u00e7\u00e3o na Lavagem do Bonfim como governador"},"content":{"rendered":"\n<p>Ao participar nesta quinta-feira (12) da tradicional Lavagem do Bonfim, o governador Jer\u00f4nimo Rodrigues falou da emo\u00e7\u00e3o de participar do cortejo como governador. Segundo ele, apesar de j\u00e1 ter feito a caminhada outras vezes compondo as equipes de Jaques Wagner e de Rui Costa e at\u00e9 mesmo fora do governo, neste ano a emo\u00e7\u00e3o \u00e9 maior por ser a 1\u00aa vez como governador. Na oportunidade, Jer\u00f4nimo refor\u00e7ou o pedido de \u201cfor\u00e7a e muita f\u00e9 para que possamos enfrentar as dificuldades na Bahia e no Brasil\u201d.<\/p>\n\n\n\n<p>Emocionado con o carinho do povo baiano e com o corpo coberto de suor, o governador Jer\u00f4nimo Rodrigues chegou ao final do percurso de 8 km da Lavagem do Bonfim demonstrando otimismo para um novo ciclo da pol\u00edtica baiana. Mais que isso: Jer\u00f4nimo afirmou que todos precisam trabalhar para termos um &#8220;Brasil de paz e esperan\u00e7a&#8221;.<\/p>\n\n\n\n<p><strong>Secret\u00e1rio Bruno Monteiro destaca retomada da Festa do Bonfim <\/strong><\/p>\n\n\n\n<p>O secret\u00e1rio de Cultura da Bahia, Bruno Monteiro, participou nesta quinta-feira (12) da festa da Lavagem do Bonfim. Rec\u00e9m-empossado, ele destacou a import\u00e2ncia da celebra\u00e7\u00e3o para o povo baiano. \u201c\u00c9 uma manifesta\u00e7\u00e3o com a cara da Bahia. A cara da diversidade de nossa gente e da f\u00e9 que nos une e a esperan\u00e7a para a constru\u00e7\u00e3o de tempos melhores\u201d, disse o titular da Secult.<\/p>\n\n\n\n<p>Bruno lembrou que esta edi\u00e7\u00e3o da festa marca tamb\u00e9m um momento de retomada da celebra\u00e7\u00e3o em seu formato tradicional, depois de dois anos de pandemia. \u201cForam dois anos sem essa e tantas outras comemora\u00e7\u00f5es, mas essa, com certeza, pelo seu significado, foi a mais sentida. Estamos aqui para fortalecer esse momento que \u00e9 de f\u00e9, da celebra\u00e7\u00e3o da cultura, da melhor tradi\u00e7\u00e3o baiana e do encontro\u201d.<\/p>\n\n\n\n<p>Titular da Setur enfatiza diversidade religiosa e trabalho para manter as tradi\u00e7\u00f5es da Lavagem do Bonfim<\/p>\n\n\n\n<p>O Secret\u00e1rio de Turismo, Maur\u00edcio Bacelar, participa nesta quinta-feira (12) dos festejos da Lavagem do Bonfim, em Salvador. Ele salientou a relev\u00e2ncia da festa para a constru\u00e7\u00e3o da imagem de respeito e diversidade que a Bahia leva para o mundo atrav\u00e9s do sincretismo religioso. \u201cO cortejo do Senhor do Bonfim \u00e9 tamb\u00e9m um s\u00edmbolo de que a Bahia \u00e9 um estado que aceita todas as op\u00e7\u00f5es, pois aqui temos tamb\u00e9m o sincretismo com as religi\u00f5es de matriz africana&#8221;, afirmou. Ele tamb\u00e9m detalhou que o turismo religioso \u00e9 um dos segmentos mais importantes e estrat\u00e9gicos da pasta e que a gest\u00e3o tem a\u00e7\u00f5es em andamento para garantir que as tradi\u00e7\u00f5es sejam preservadas.<\/p>\n","protected":false},"excerpt":{"rendered":"<p>Ao participar nesta quinta-feira (12) da tradicional Lavagem do Bonfim, o governador Jer\u00f4nimo Rodrigues falou da emo\u00e7\u00e3o de participar do cortejo como governador. Segundo ele, apesar de j\u00e1 ter feito a caminhada outras vezes compondo as equipes de Jaques Wagner e de Rui Costa e at\u00e9 mesmo fora do governo, neste ano a emo\u00e7\u00e3o \u00e9 [&hellip;]<\/p>\n","protected":false},"author":3,"featured_media":7860,"comment_status":"open","ping_status":"open","sticky":false,"template":"","format":"standard","meta":{"_monsterinsights_skip_tracking":false,"_monsterinsights_sitenote_active":false,"_monsterinsights_sitenote_note":"","_monsterinsights_sitenote_category":0,"footnotes":""},"categories":[34],"tags":[],"yoast_head":"<!-- This site is optimized with the Yoast SEO plugin v22.9 - https:\/\/yoast.com\/wordpress\/plugins\/seo\/ -->\n<title>\u201cA emo\u00e7\u00e3o hoje \u00e9 muito forte\u201d, diz Jer\u00f4nimo sobre 1\u00aa participa\u00e7\u00e3o na Lavagem do Bonfim como governador - Portal MF<\/title>\n<meta name=\"robots\" content=\"index, follow, max-snippet:-1, max-image-preview:large, max-video-preview:-1\" \/>\n<link rel=\"canonical\" href=\"https:\/\/portalmf.com.br\/index.php\/2023\/01\/12\/a-emocao-hoje-e-muito-forte-diz-jeronimo-sobre-1a-participacao-na-lavagem-do-bonfim-como-governador\/\" \/>\n<meta property=\"og:locale\" content=\"pt_BR\" \/>\n<meta property=\"og:type\" content=\"article\" \/>\n<meta property=\"og:title\" content=\"\u201cA emo\u00e7\u00e3o hoje \u00e9 muito forte\u201d, diz Jer\u00f4nimo sobre 1\u00aa participa\u00e7\u00e3o na Lavagem do Bonfim como governador - Portal MF\" \/>\n<meta property=\"og:description\" content=\"Ao participar nesta quinta-feira (12) da tradicional Lavagem do Bonfim, o governador Jer\u00f4nimo Rodrigues falou da emo\u00e7\u00e3o de participar do cortejo como governador. Segundo ele, apesar de j\u00e1 ter feito a caminhada outras vezes compondo as equipes de Jaques Wagner e de Rui Costa e at\u00e9 mesmo fora do governo, neste ano a emo\u00e7\u00e3o \u00e9 [&hellip;]\" \/>\n<meta property=\"og:url\" content=\"https:\/\/portalmf.com.br\/index.php\/2023\/01\/12\/a-emocao-hoje-e-muito-forte-diz-jeronimo-sobre-1a-participacao-na-lavagem-do-bonfim-como-governador\/\" \/>\n<meta property=\"og:site_name\" content=\"Portal MF\" \/>\n<meta property=\"article:author\" content=\"https:\/\/www.facebook.com\/portalmfoficial\" \/>\n<meta property=\"article:published_time\" content=\"2023-01-12T18:45:56+00:00\" \/>\n<meta property=\"article:modified_time\" content=\"2023-01-13T14:19:43+00:00\" \/>\n<meta property=\"og:image\" content=\"https:\/\/portalmf.com.br\/wp-content\/uploads\/2023\/01\/jeromino.jpg\" \/>\n\t<meta property=\"og:image:width\" content=\"853\" \/>\n\t<meta property=\"og:image:height\" content=\"568\" \/>\n\t<meta property=\"og:image:type\" content=\"image\/jpeg\" \/>\n<meta name=\"author\" content=\"Reda\u00e7\u00e3o Portal MF\" \/>\n<meta name=\"twitter:card\" content=\"summary_large_image\" \/>\n<meta name=\"twitter:creator\" content=\"@https:\/\/x.com\/portalmfoficial\" \/>\n<meta name=\"twitter:label1\" content=\"Escrito por\" \/>\n\t<meta name=\"twitter:data1\" content=\"Reda\u00e7\u00e3o Portal MF\" \/>\n\t<meta name=\"twitter:label2\" content=\"Est. tempo de leitura\" \/>\n\t<meta name=\"twitter:data2\" content=\"3 minutos\" \/>\n<script type=\"application\/ld+json\" class=\"yoast-schema-graph\">{\"@context\":\"https:\/\/schema.org\",\"@graph\":[{\"@type\":\"WebPage\",\"@id\":\"https:\/\/portalmf.com.br\/index.php\/2023\/01\/12\/a-emocao-hoje-e-muito-forte-diz-jeronimo-sobre-1a-participacao-na-lavagem-do-bonfim-como-governador\/\",\"url\":\"https:\/\/portalmf.com.br\/index.php\/2023\/01\/12\/a-emocao-hoje-e-muito-forte-diz-jeronimo-sobre-1a-participacao-na-lavagem-do-bonfim-como-governador\/\",\"name\":\"\u201cA emo\u00e7\u00e3o hoje \u00e9 muito forte\u201d, diz Jer\u00f4nimo sobre 1\u00aa participa\u00e7\u00e3o na Lavagem do Bonfim como governador - Portal MF\",\"isPartOf\":{\"@id\":\"https:\/\/portalmf.com.br\/#website\"},\"primaryImageOfPage\":{\"@id\":\"https:\/\/portalmf.com.br\/index.php\/2023\/01\/12\/a-emocao-hoje-e-muito-forte-diz-jeronimo-sobre-1a-participacao-na-lavagem-do-bonfim-como-governador\/#primaryimage\"},\"image\":{\"@id\":\"https:\/\/portalmf.com.br\/index.php\/2023\/01\/12\/a-emocao-hoje-e-muito-forte-diz-jeronimo-sobre-1a-participacao-na-lavagem-do-bonfim-como-governador\/#primaryimage\"},\"thumbnailUrl\":\"https:\/\/portalmf.com.br\/wp-content\/uploads\/2023\/01\/jeromino.jpg\",\"datePublished\":\"2023-01-12T18:45:56+00:00\",\"dateModified\":\"2023-01-13T14:19:43+00:00\",\"author\":{\"@id\":\"https:\/\/portalmf.com.br\/#\/schema\/person\/9ec101baf56233e53520c26de5d6f6f0\"},\"breadcrumb\":{\"@id\":\"https:\/\/portalmf.com.br\/index.php\/2023\/01\/12\/a-emocao-hoje-e-muito-forte-diz-jeronimo-sobre-1a-participacao-na-lavagem-do-bonfim-como-governador\/#breadcrumb\"},\"inLanguage\":\"pt-BR\",\"potentialAction\":[{\"@type\":\"ReadAction\",\"target\":[\"https:\/\/portalmf.com.br\/index.php\/2023\/01\/12\/a-emocao-hoje-e-muito-forte-diz-jeronimo-sobre-1a-participacao-na-lavagem-do-bonfim-como-governador\/\"]}]},{\"@type\":\"ImageObject\",\"inLanguage\":\"pt-BR\",\"@id\":\"https:\/\/portalmf.com.br\/index.php\/2023\/01\/12\/a-emocao-hoje-e-muito-forte-diz-jeronimo-sobre-1a-participacao-na-lavagem-do-bonfim-como-governador\/#primaryimage\",\"url\":\"https:\/\/portalmf.com.br\/wp-content\/uploads\/2023\/01\/jeromino.jpg\",\"contentUrl\":\"https:\/\/portalmf.com.br\/wp-content\/uploads\/2023\/01\/jeromino.jpg\",\"width\":853,\"height\":568,\"caption\":\"Foto: Divulga\u00e7\u00e3o\"},{\"@type\":\"BreadcrumbList\",\"@id\":\"https:\/\/portalmf.com.br\/index.php\/2023\/01\/12\/a-emocao-hoje-e-muito-forte-diz-jeronimo-sobre-1a-participacao-na-lavagem-do-bonfim-como-governador\/#breadcrumb\",\"itemListElement\":[{\"@type\":\"ListItem\",\"position\":1,\"name\":\"In\u00edcio\",\"item\":\"https:\/\/portalmf.com.br\/\"},{\"@type\":\"ListItem\",\"position\":2,\"name\":\"\u201cA emo\u00e7\u00e3o hoje \u00e9 muito forte\u201d, diz Jer\u00f4nimo sobre 1\u00aa participa\u00e7\u00e3o na Lavagem do Bonfim como governador\"}]},{\"@type\":\"WebSite\",\"@id\":\"https:\/\/portalmf.com.br\/#website\",\"url\":\"https:\/\/portalmf.com.br\/\",\"name\":\"Portal MF\",\"description\":\"Voc\u00ea conectado com a informa\u00e7\u00e3o\",\"potentialAction\":[{\"@type\":\"SearchAction\",\"target\":{\"@type\":\"EntryPoint\",\"urlTemplate\":\"https:\/\/portalmf.com.br\/?s={search_term_string}\"},\"query-input\":\"required name=search_term_string\"}],\"inLanguage\":\"pt-BR\"},{\"@type\":\"Person\",\"@id\":\"https:\/\/portalmf.com.br\/#\/schema\/person\/9ec101baf56233e53520c26de5d6f6f0\",\"name\":\"Reda\u00e7\u00e3o Portal MF\",\"image\":{\"@type\":\"ImageObject\",\"inLanguage\":\"pt-BR\",\"@id\":\"https:\/\/portalmf.com.br\/#\/schema\/person\/image\/\",\"url\":\"https:\/\/secure.gravatar.com\/avatar\/41b9aaeb2100835f7c64362330f74c7f?s=96&d=mm&r=g\",\"contentUrl\":\"https:\/\/secure.gravatar.com\/avatar\/41b9aaeb2100835f7c64362330f74c7f?s=96&d=mm&r=g\",\"caption\":\"Reda\u00e7\u00e3o Portal MF\"},\"description\":\"Sejam bem-vindos o portal de informa\u00e7\u00f5es de entretenimento de Feira de Santana, desde 2006 realiza coberturas dos principais eventos com entrevistas exclusivas com as principais personalidades mundiais. Fique conectado tamb\u00e9m nas redes sociais.\",\"sameAs\":[\"http:\/\/www.portalmf.com.br\/\",\"https:\/\/www.facebook.com\/portalmfoficial\",\"https:\/\/www.instagram.com\/portalmf\/\",\"https:\/\/x.com\/https:\/\/x.com\/portalmfoficial\",\"https:\/\/www.youtube.com\/@portalmfoficial\"],\"url\":\"https:\/\/portalmf.com.br\/index.php\/author\/junior\/\"}]}<\/script>\n<!-- \/ Yoast SEO plugin. -->","yoast_head_json":{"title":"\u201cA emo\u00e7\u00e3o hoje \u00e9 muito forte\u201d, diz Jer\u00f4nimo sobre 1\u00aa participa\u00e7\u00e3o na Lavagem do Bonfim como governador - Portal MF","robots":{"index":"index","follow":"follow","max-snippet":"max-snippet:-1","max-image-preview":"max-image-preview:large","max-video-preview":"max-video-preview:-1"},"canonical":"https:\/\/portalmf.com.br\/index.php\/2023\/01\/12\/a-emocao-hoje-e-muito-forte-diz-jeronimo-sobre-1a-participacao-na-lavagem-do-bonfim-como-governador\/","og_locale":"pt_BR","og_type":"article","og_title":"\u201cA emo\u00e7\u00e3o hoje \u00e9 muito forte\u201d, diz Jer\u00f4nimo sobre 1\u00aa participa\u00e7\u00e3o na Lavagem do Bonfim como governador - Portal MF","og_description":"Ao participar nesta quinta-feira (12) da tradicional Lavagem do Bonfim, o governador Jer\u00f4nimo Rodrigues falou da emo\u00e7\u00e3o de participar do cortejo como governador. Segundo ele, apesar de j\u00e1 ter feito a caminhada outras vezes compondo as equipes de Jaques Wagner e de Rui Costa e at\u00e9 mesmo fora do governo, neste ano a emo\u00e7\u00e3o \u00e9 [&hellip;]","og_url":"https:\/\/portalmf.com.br\/index.php\/2023\/01\/12\/a-emocao-hoje-e-muito-forte-diz-jeronimo-sobre-1a-participacao-na-lavagem-do-bonfim-como-governador\/","og_site_name":"Portal MF","article_author":"https:\/\/www.facebook.com\/portalmfoficial","article_published_time":"2023-01-12T18:45:56+00:00","article_modified_time":"2023-01-13T14:19:43+00:00","og_image":[{"width":853,"height":568,"url":"https:\/\/portalmf.com.br\/wp-content\/uploads\/2023\/01\/jeromino.jpg","type":"image\/jpeg"}],"author":"Reda\u00e7\u00e3o Portal MF","twitter_card":"summary_large_image","twitter_creator":"@https:\/\/x.com\/portalmfoficial","twitter_misc":{"Escrito por":"Reda\u00e7\u00e3o Portal MF","Est. tempo de leitura":"3 minutos"},"schema":{"@context":"https:\/\/schema.org","@graph":[{"@type":"WebPage","@id":"https:\/\/portalmf.com.br\/index.php\/2023\/01\/12\/a-emocao-hoje-e-muito-forte-diz-jeronimo-sobre-1a-participacao-na-lavagem-do-bonfim-como-governador\/","url":"https:\/\/portalmf.com.br\/index.php\/2023\/01\/12\/a-emocao-hoje-e-muito-forte-diz-jeronimo-sobre-1a-participacao-na-lavagem-do-bonfim-como-governador\/","name":"\u201cA emo\u00e7\u00e3o hoje \u00e9 muito forte\u201d, diz Jer\u00f4nimo sobre 1\u00aa participa\u00e7\u00e3o na Lavagem do Bonfim como governador - Portal MF","isPartOf":{"@id":"https:\/\/portalmf.com.br\/#website"},"primaryImageOfPage":{"@id":"https:\/\/portalmf.com.br\/index.php\/2023\/01\/12\/a-emocao-hoje-e-muito-forte-diz-jeronimo-sobre-1a-participacao-na-lavagem-do-bonfim-como-governador\/#primaryimage"},"image":{"@id":"https:\/\/portalmf.com.br\/index.php\/2023\/01\/12\/a-emocao-hoje-e-muito-forte-diz-jeronimo-sobre-1a-participacao-na-lavagem-do-bonfim-como-governador\/#primaryimage"},"thumbnailUrl":"https:\/\/portalmf.com.br\/wp-content\/uploads\/2023\/01\/jeromino.jpg","datePublished":"2023-01-12T18:45:56+00:00","dateModified":"2023-01-13T14:19:43+00:00","author":{"@id":"https:\/\/portalmf.com.br\/#\/schema\/person\/9ec101baf56233e53520c26de5d6f6f0"},"breadcrumb":{"@id":"https:\/\/portalmf.com.br\/index.php\/2023\/01\/12\/a-emocao-hoje-e-muito-forte-diz-jeronimo-sobre-1a-participacao-na-lavagem-do-bonfim-como-governador\/#breadcrumb"},"inLanguage":"pt-BR","potentialAction":[{"@type":"ReadAction","target":["https:\/\/portalmf.com.br\/index.php\/2023\/01\/12\/a-emocao-hoje-e-muito-forte-diz-jeronimo-sobre-1a-participacao-na-lavagem-do-bonfim-como-governador\/"]}]},{"@type":"ImageObject","inLanguage":"pt-BR","@id":"https:\/\/portalmf.com.br\/index.php\/2023\/01\/12\/a-emocao-hoje-e-muito-forte-diz-jeronimo-sobre-1a-participacao-na-lavagem-do-bonfim-como-governador\/#primaryimage","url":"https:\/\/portalmf.com.br\/wp-content\/uploads\/2023\/01\/jeromino.jpg","contentUrl":"https:\/\/portalmf.com.br\/wp-content\/uploads\/2023\/01\/jeromino.jpg","width":853,"height":568,"caption":"Foto: Divulga\u00e7\u00e3o"},{"@type":"BreadcrumbList","@id":"https:\/\/portalmf.com.br\/index.php\/2023\/01\/12\/a-emocao-hoje-e-muito-forte-diz-jeronimo-sobre-1a-participacao-na-lavagem-do-bonfim-como-governador\/#breadcrumb","itemListElement":[{"@type":"ListItem","position":1,"name":"In\u00edcio","item":"https:\/\/portalmf.com.br\/"},{"@type":"ListItem","position":2,"name":"\u201cA emo\u00e7\u00e3o hoje \u00e9 muito forte\u201d, diz Jer\u00f4nimo sobre 1\u00aa participa\u00e7\u00e3o na Lavagem do Bonfim como governador"}]},{"@type":"WebSite","@id":"https:\/\/portalmf.com.br\/#website","url":"https:\/\/portalmf.com.br\/","name":"Portal MF","description":"Voc\u00ea conectado com a informa\u00e7\u00e3o","potentialAction":[{"@type":"SearchAction","target":{"@type":"EntryPoint","urlTemplate":"https:\/\/portalmf.com.br\/?s={search_term_string}"},"query-input":"required name=search_term_string"}],"inLanguage":"pt-BR"},{"@type":"Person","@id":"https:\/\/portalmf.com.br\/#\/schema\/person\/9ec101baf56233e53520c26de5d6f6f0","name":"Reda\u00e7\u00e3o Portal MF","image":{"@type":"ImageObject","inLanguage":"pt-BR","@id":"https:\/\/portalmf.com.br\/#\/schema\/person\/image\/","url":"https:\/\/secure.gravatar.com\/avatar\/41b9aaeb2100835f7c64362330f74c7f?s=96&d=mm&r=g","contentUrl":"https:\/\/secure.gravatar.com\/avatar\/41b9aaeb2100835f7c64362330f74c7f?s=96&d=mm&r=g","caption":"Reda\u00e7\u00e3o Portal MF"},"description":"Sejam bem-vindos o portal de informa\u00e7\u00f5es de entretenimento de Feira de Santana, desde 2006 realiza coberturas dos principais eventos com entrevistas exclusivas com as principais personalidades mundiais. Fique conectado tamb\u00e9m nas redes sociais.","sameAs":["http:\/\/www.portalmf.com.br\/","https:\/\/www.facebook.com\/portalmfoficial","https:\/\/www.instagram.com\/portalmf\/","https:\/\/x.com\/https:\/\/x.com\/portalmfoficial","https:\/\/www.youtube.com\/@portalmfoficial"],"url":"https:\/\/portalmf.com.br\/index.php\/author\/junior\/"}]}},"_links":{"self":[{"href":"https:\/\/portalmf.com.br\/index.php\/wp-json\/wp\/v2\/posts\/7859"}],"collection":[{"href":"https:\/\/portalmf.com.br\/index.php\/wp-json\/wp\/v2\/posts"}],"about":[{"href":"https:\/\/portalmf.com.br\/index.php\/wp-json\/wp\/v2\/types\/post"}],"author":[{"embeddable":true,"href":"https:\/\/portalmf.com.br\/index.php\/wp-json\/wp\/v2\/users\/3"}],"replies":[{"embeddable":true,"href":"https:\/\/portalmf.com.br\/index.php\/wp-json\/wp\/v2\/comments?post=7859"}],"version-history":[{"count":1,"href":"https:\/\/portalmf.com.br\/index.php\/wp-json\/wp\/v2\/posts\/7859\/revisions"}],"predecessor-version":[{"id":7861,"href":"https:\/\/portalmf.com.br\/index.php\/wp-json\/wp\/v2\/posts\/7859\/revisions\/7861"}],"wp:featuredmedia":[{"embeddable":true,"href":"https:\/\/portalmf.com.br\/index.php\/wp-json\/wp\/v2\/media\/7860"}],"wp:attachment":[{"href":"https:\/\/portalmf.com.br\/index.php\/wp-json\/wp\/v2\/media?parent=7859"}],"wp:term":[{"taxonomy":"category","embeddable":true,"href":"https:\/\/portalmf.com.br\/index.php\/wp-json\/wp\/v2\/categories?post=7859"},{"taxonomy":"post_tag","embeddable":true,"href":"https:\/\/portalmf.com.br\/index.php\/wp-json\/wp\/v2\/tags?post=7859"}],"curies":[{"name":"wp","href":"https:\/\/api.w.org\/{rel}","templated":true}]}}