{"id":7854,"date":"2023-01-12T15:32:24","date_gmt":"2023-01-12T18:32:24","guid":{"rendered":"https:\/\/portalmf.com.br\/?p=7854"},"modified":"2023-01-12T15:33:23","modified_gmt":"2023-01-12T18:33:23","slug":"a-bahia-pode-dar-essa-licao-maravilhosa-de-uniao-do-seu-povo-afirma-acm-neto-durante-lavagem-do-bonfim","status":"publish","type":"post","link":"https:\/\/portalmf.com.br\/index.php\/2023\/01\/12\/a-bahia-pode-dar-essa-licao-maravilhosa-de-uniao-do-seu-povo-afirma-acm-neto-durante-lavagem-do-bonfim\/","title":{"rendered":"&#8220;A Bahia pode dar essa li\u00e7\u00e3o maravilhosa de uni\u00e3o do seu povo&#8221;, afirma ACM Neto durante Lavagem do Bonfim"},"content":{"rendered":"\n<p>O ex-prefeito de Salvador e secret\u00e1rio-geral do Uni\u00e3o Brasil Nacional, ACM Neto, participou da Lavagem do Bonfim na manh\u00e3 desta quinta-feira (12), e destacou que o tradicional cortejo, realizado poucos dias ap\u00f3s atos violentos contra os tr\u00eas Poderes do pa\u00eds, simboliza a for\u00e7a da uni\u00e3o da popula\u00e7\u00e3o, independentemente de posi\u00e7\u00f5es pol\u00edticas.<\/p>\n\n\n\n<p><em>&#8220;Principalmente em um momento como esse no Brasil, a Bahia pode dar essa li\u00e7\u00e3o maravilhosa de uni\u00e3o do seu povo, independentemente de pol\u00edtica&#8221;<\/em>, disse durante entrevista \u00e0 imprensa. <em>&#8220;O povo est\u00e1 aqui de uma maneira harm\u00f4nica, todos movidos pela f\u00e9. E \u00e9 exatamente isso que nos traz hoje para participar dessa caminhada&#8221;,<\/em> acrescentou.<\/p>\n\n\n\n<p>Ao lado de Bruno Reis, prefeito de Salvador, ACM Neto contou ainda que sempre acompanhou o cortejo, e comemorou a retomada da maior festa religiosa da Bahia. Nos \u00faltimos dois anos, a pandemia de covid-19 impossibilitou a realiza\u00e7\u00e3o da cerim\u00f4nia.<\/p>\n\n\n\n<figure class=\"wp-block-image size-full\"><img fetchpriority=\"high\" decoding=\"async\" width=\"1024\" height=\"683\" src=\"https:\/\/portalmf.com.br\/wp-content\/uploads\/2023\/01\/A-Bahia-pode-dar-essa-licao-maravilhosa-de-uniao-do-seu-povo-afirma-ACM-Neto-durante-Lavagem-do-Bonfim.jpeg\" alt=\"\" class=\"wp-image-7855\" srcset=\"https:\/\/portalmf.com.br\/wp-content\/uploads\/2023\/01\/A-Bahia-pode-dar-essa-licao-maravilhosa-de-uniao-do-seu-povo-afirma-ACM-Neto-durante-Lavagem-do-Bonfim.jpeg 1024w, https:\/\/portalmf.com.br\/wp-content\/uploads\/2023\/01\/A-Bahia-pode-dar-essa-licao-maravilhosa-de-uniao-do-seu-povo-afirma-ACM-Neto-durante-Lavagem-do-Bonfim-300x200.jpeg 300w, https:\/\/portalmf.com.br\/wp-content\/uploads\/2023\/01\/A-Bahia-pode-dar-essa-licao-maravilhosa-de-uniao-do-seu-povo-afirma-ACM-Neto-durante-Lavagem-do-Bonfim-768x512.jpeg 768w, https:\/\/portalmf.com.br\/wp-content\/uploads\/2023\/01\/A-Bahia-pode-dar-essa-licao-maravilhosa-de-uniao-do-seu-povo-afirma-ACM-Neto-durante-Lavagem-do-Bonfim-585x390.jpeg 585w, https:\/\/portalmf.com.br\/wp-content\/uploads\/2023\/01\/A-Bahia-pode-dar-essa-licao-maravilhosa-de-uniao-do-seu-povo-afirma-ACM-Neto-durante-Lavagem-do-Bonfim-263x175.jpeg 263w\" sizes=\"(max-width: 1024px) 100vw, 1024px\" \/><\/figure>\n\n\n\n<p><em>&#8220;Eu n\u00e3o venho aqui como pol\u00edtico, eu venho como cidad\u00e3o. Eu estou aqui porque eu sempre estive aqui. Essa \u00e9 a festa que me d\u00e1 alegria. Estou muito feliz de poder voltar a participar do Bonfim e, agora, de iniciar essa caminhada ao lado do prefeito Bruno&#8221;<\/em>, destacou.<\/p>\n\n\n\n<p>Neste ano, a Lavagem do Bonfim tamb\u00e9m celebra o bicenten\u00e1rio da Independ\u00eancia da Bahia. Completando 278 anos, o cortejo re\u00fane milhares de pessoas nesta quinta-feira. Durante o percurso de 8 km, acontece a 8\u00aa Caminhada &#8220;Lavagem de Corpo e Alma&#8221;.<\/p>\n","protected":false},"excerpt":{"rendered":"<p>O ex-prefeito de Salvador e secret\u00e1rio-geral do Uni\u00e3o Brasil Nacional, ACM Neto, participou da Lavagem do Bonfim na manh\u00e3 desta quinta-feira (12), e destacou que o tradicional cortejo, realizado poucos dias ap\u00f3s atos violentos contra os tr\u00eas Poderes do pa\u00eds, simboliza a for\u00e7a da uni\u00e3o da popula\u00e7\u00e3o, independentemente de posi\u00e7\u00f5es pol\u00edticas. &#8220;Principalmente em um momento [&hellip;]<\/p>\n","protected":false},"author":3,"featured_media":7855,"comment_status":"open","ping_status":"open","sticky":false,"template":"","format":"standard","meta":{"_monsterinsights_skip_tracking":false,"_monsterinsights_sitenote_active":false,"_monsterinsights_sitenote_note":"","_monsterinsights_sitenote_category":0,"footnotes":""},"categories":[34],"tags":[],"yoast_head":"<!-- This site is optimized with the Yoast SEO plugin v22.9 - https:\/\/yoast.com\/wordpress\/plugins\/seo\/ -->\n<title>&quot;A Bahia pode dar essa li\u00e7\u00e3o maravilhosa de uni\u00e3o do seu povo&quot;, afirma ACM Neto durante Lavagem do Bonfim - Portal MF<\/title>\n<meta name=\"robots\" content=\"index, follow, max-snippet:-1, max-image-preview:large, max-video-preview:-1\" \/>\n<link rel=\"canonical\" href=\"https:\/\/portalmf.com.br\/index.php\/2023\/01\/12\/a-bahia-pode-dar-essa-licao-maravilhosa-de-uniao-do-seu-povo-afirma-acm-neto-durante-lavagem-do-bonfim\/\" \/>\n<meta property=\"og:locale\" content=\"pt_BR\" \/>\n<meta property=\"og:type\" content=\"article\" \/>\n<meta property=\"og:title\" content=\"&quot;A Bahia pode dar essa li\u00e7\u00e3o maravilhosa de uni\u00e3o do seu povo&quot;, afirma ACM Neto durante Lavagem do Bonfim - Portal MF\" \/>\n<meta property=\"og:description\" content=\"O ex-prefeito de Salvador e secret\u00e1rio-geral do Uni\u00e3o Brasil Nacional, ACM Neto, participou da Lavagem do Bonfim na manh\u00e3 desta quinta-feira (12), e destacou que o tradicional cortejo, realizado poucos dias ap\u00f3s atos violentos contra os tr\u00eas Poderes do pa\u00eds, simboliza a for\u00e7a da uni\u00e3o da popula\u00e7\u00e3o, independentemente de posi\u00e7\u00f5es pol\u00edticas. &#8220;Principalmente em um momento [&hellip;]\" \/>\n<meta property=\"og:url\" content=\"https:\/\/portalmf.com.br\/index.php\/2023\/01\/12\/a-bahia-pode-dar-essa-licao-maravilhosa-de-uniao-do-seu-povo-afirma-acm-neto-durante-lavagem-do-bonfim\/\" \/>\n<meta property=\"og:site_name\" content=\"Portal MF\" \/>\n<meta property=\"article:author\" content=\"https:\/\/www.facebook.com\/portalmfoficial\" \/>\n<meta property=\"article:published_time\" content=\"2023-01-12T18:32:24+00:00\" \/>\n<meta property=\"article:modified_time\" content=\"2023-01-12T18:33:23+00:00\" \/>\n<meta property=\"og:image\" content=\"https:\/\/portalmf.com.br\/wp-content\/uploads\/2023\/01\/A-Bahia-pode-dar-essa-licao-maravilhosa-de-uniao-do-seu-povo-afirma-ACM-Neto-durante-Lavagem-do-Bonfim.jpeg\" \/>\n\t<meta property=\"og:image:width\" content=\"1024\" \/>\n\t<meta property=\"og:image:height\" content=\"683\" \/>\n\t<meta property=\"og:image:type\" content=\"image\/jpeg\" \/>\n<meta name=\"author\" content=\"Reda\u00e7\u00e3o Portal MF\" \/>\n<meta name=\"twitter:card\" content=\"summary_large_image\" \/>\n<meta name=\"twitter:creator\" content=\"@https:\/\/x.com\/portalmfoficial\" \/>\n<meta name=\"twitter:label1\" content=\"Escrito por\" \/>\n\t<meta name=\"twitter:data1\" content=\"Reda\u00e7\u00e3o Portal MF\" \/>\n\t<meta name=\"twitter:label2\" content=\"Est. tempo de leitura\" \/>\n\t<meta name=\"twitter:data2\" content=\"2 minutos\" \/>\n<script type=\"application\/ld+json\" class=\"yoast-schema-graph\">{\"@context\":\"https:\/\/schema.org\",\"@graph\":[{\"@type\":\"WebPage\",\"@id\":\"https:\/\/portalmf.com.br\/index.php\/2023\/01\/12\/a-bahia-pode-dar-essa-licao-maravilhosa-de-uniao-do-seu-povo-afirma-acm-neto-durante-lavagem-do-bonfim\/\",\"url\":\"https:\/\/portalmf.com.br\/index.php\/2023\/01\/12\/a-bahia-pode-dar-essa-licao-maravilhosa-de-uniao-do-seu-povo-afirma-acm-neto-durante-lavagem-do-bonfim\/\",\"name\":\"\\\"A Bahia pode dar essa li\u00e7\u00e3o maravilhosa de uni\u00e3o do seu povo\\\", afirma ACM Neto durante Lavagem do Bonfim - Portal MF\",\"isPartOf\":{\"@id\":\"https:\/\/portalmf.com.br\/#website\"},\"primaryImageOfPage\":{\"@id\":\"https:\/\/portalmf.com.br\/index.php\/2023\/01\/12\/a-bahia-pode-dar-essa-licao-maravilhosa-de-uniao-do-seu-povo-afirma-acm-neto-durante-lavagem-do-bonfim\/#primaryimage\"},\"image\":{\"@id\":\"https:\/\/portalmf.com.br\/index.php\/2023\/01\/12\/a-bahia-pode-dar-essa-licao-maravilhosa-de-uniao-do-seu-povo-afirma-acm-neto-durante-lavagem-do-bonfim\/#primaryimage\"},\"thumbnailUrl\":\"https:\/\/portalmf.com.br\/wp-content\/uploads\/2023\/01\/A-Bahia-pode-dar-essa-licao-maravilhosa-de-uniao-do-seu-povo-afirma-ACM-Neto-durante-Lavagem-do-Bonfim.jpeg\",\"datePublished\":\"2023-01-12T18:32:24+00:00\",\"dateModified\":\"2023-01-12T18:33:23+00:00\",\"author\":{\"@id\":\"https:\/\/portalmf.com.br\/#\/schema\/person\/9ec101baf56233e53520c26de5d6f6f0\"},\"breadcrumb\":{\"@id\":\"https:\/\/portalmf.com.br\/index.php\/2023\/01\/12\/a-bahia-pode-dar-essa-licao-maravilhosa-de-uniao-do-seu-povo-afirma-acm-neto-durante-lavagem-do-bonfim\/#breadcrumb\"},\"inLanguage\":\"pt-BR\",\"potentialAction\":[{\"@type\":\"ReadAction\",\"target\":[\"https:\/\/portalmf.com.br\/index.php\/2023\/01\/12\/a-bahia-pode-dar-essa-licao-maravilhosa-de-uniao-do-seu-povo-afirma-acm-neto-durante-lavagem-do-bonfim\/\"]}]},{\"@type\":\"ImageObject\",\"inLanguage\":\"pt-BR\",\"@id\":\"https:\/\/portalmf.com.br\/index.php\/2023\/01\/12\/a-bahia-pode-dar-essa-licao-maravilhosa-de-uniao-do-seu-povo-afirma-acm-neto-durante-lavagem-do-bonfim\/#primaryimage\",\"url\":\"https:\/\/portalmf.com.br\/wp-content\/uploads\/2023\/01\/A-Bahia-pode-dar-essa-licao-maravilhosa-de-uniao-do-seu-povo-afirma-ACM-Neto-durante-Lavagem-do-Bonfim.jpeg\",\"contentUrl\":\"https:\/\/portalmf.com.br\/wp-content\/uploads\/2023\/01\/A-Bahia-pode-dar-essa-licao-maravilhosa-de-uniao-do-seu-povo-afirma-ACM-Neto-durante-Lavagem-do-Bonfim.jpeg\",\"width\":1024,\"height\":683},{\"@type\":\"BreadcrumbList\",\"@id\":\"https:\/\/portalmf.com.br\/index.php\/2023\/01\/12\/a-bahia-pode-dar-essa-licao-maravilhosa-de-uniao-do-seu-povo-afirma-acm-neto-durante-lavagem-do-bonfim\/#breadcrumb\",\"itemListElement\":[{\"@type\":\"ListItem\",\"position\":1,\"name\":\"In\u00edcio\",\"item\":\"https:\/\/portalmf.com.br\/\"},{\"@type\":\"ListItem\",\"position\":2,\"name\":\"&#8220;A Bahia pode dar essa li\u00e7\u00e3o maravilhosa de uni\u00e3o do seu povo&#8221;, afirma ACM Neto durante Lavagem do Bonfim\"}]},{\"@type\":\"WebSite\",\"@id\":\"https:\/\/portalmf.com.br\/#website\",\"url\":\"https:\/\/portalmf.com.br\/\",\"name\":\"Portal MF\",\"description\":\"Voc\u00ea conectado com a informa\u00e7\u00e3o\",\"potentialAction\":[{\"@type\":\"SearchAction\",\"target\":{\"@type\":\"EntryPoint\",\"urlTemplate\":\"https:\/\/portalmf.com.br\/?s={search_term_string}\"},\"query-input\":\"required name=search_term_string\"}],\"inLanguage\":\"pt-BR\"},{\"@type\":\"Person\",\"@id\":\"https:\/\/portalmf.com.br\/#\/schema\/person\/9ec101baf56233e53520c26de5d6f6f0\",\"name\":\"Reda\u00e7\u00e3o Portal MF\",\"image\":{\"@type\":\"ImageObject\",\"inLanguage\":\"pt-BR\",\"@id\":\"https:\/\/portalmf.com.br\/#\/schema\/person\/image\/\",\"url\":\"https:\/\/secure.gravatar.com\/avatar\/41b9aaeb2100835f7c64362330f74c7f?s=96&d=mm&r=g\",\"contentUrl\":\"https:\/\/secure.gravatar.com\/avatar\/41b9aaeb2100835f7c64362330f74c7f?s=96&d=mm&r=g\",\"caption\":\"Reda\u00e7\u00e3o Portal MF\"},\"description\":\"Sejam bem-vindos o portal de informa\u00e7\u00f5es de entretenimento de Feira de Santana, desde 2006 realiza coberturas dos principais eventos com entrevistas exclusivas com as principais personalidades mundiais. Fique conectado tamb\u00e9m nas redes sociais.\",\"sameAs\":[\"http:\/\/www.portalmf.com.br\/\",\"https:\/\/www.facebook.com\/portalmfoficial\",\"https:\/\/www.instagram.com\/portalmf\/\",\"https:\/\/x.com\/https:\/\/x.com\/portalmfoficial\",\"https:\/\/www.youtube.com\/@portalmfoficial\"],\"url\":\"https:\/\/portalmf.com.br\/index.php\/author\/junior\/\"}]}<\/script>\n<!-- \/ Yoast SEO plugin. -->","yoast_head_json":{"title":"\"A Bahia pode dar essa li\u00e7\u00e3o maravilhosa de uni\u00e3o do seu povo\", afirma ACM Neto durante Lavagem do Bonfim - Portal MF","robots":{"index":"index","follow":"follow","max-snippet":"max-snippet:-1","max-image-preview":"max-image-preview:large","max-video-preview":"max-video-preview:-1"},"canonical":"https:\/\/portalmf.com.br\/index.php\/2023\/01\/12\/a-bahia-pode-dar-essa-licao-maravilhosa-de-uniao-do-seu-povo-afirma-acm-neto-durante-lavagem-do-bonfim\/","og_locale":"pt_BR","og_type":"article","og_title":"\"A Bahia pode dar essa li\u00e7\u00e3o maravilhosa de uni\u00e3o do seu povo\", afirma ACM Neto durante Lavagem do Bonfim - Portal MF","og_description":"O ex-prefeito de Salvador e secret\u00e1rio-geral do Uni\u00e3o Brasil Nacional, ACM Neto, participou da Lavagem do Bonfim na manh\u00e3 desta quinta-feira (12), e destacou que o tradicional cortejo, realizado poucos dias ap\u00f3s atos violentos contra os tr\u00eas Poderes do pa\u00eds, simboliza a for\u00e7a da uni\u00e3o da popula\u00e7\u00e3o, independentemente de posi\u00e7\u00f5es pol\u00edticas. &#8220;Principalmente em um momento [&hellip;]","og_url":"https:\/\/portalmf.com.br\/index.php\/2023\/01\/12\/a-bahia-pode-dar-essa-licao-maravilhosa-de-uniao-do-seu-povo-afirma-acm-neto-durante-lavagem-do-bonfim\/","og_site_name":"Portal MF","article_author":"https:\/\/www.facebook.com\/portalmfoficial","article_published_time":"2023-01-12T18:32:24+00:00","article_modified_time":"2023-01-12T18:33:23+00:00","og_image":[{"width":1024,"height":683,"url":"https:\/\/portalmf.com.br\/wp-content\/uploads\/2023\/01\/A-Bahia-pode-dar-essa-licao-maravilhosa-de-uniao-do-seu-povo-afirma-ACM-Neto-durante-Lavagem-do-Bonfim.jpeg","type":"image\/jpeg"}],"author":"Reda\u00e7\u00e3o Portal MF","twitter_card":"summary_large_image","twitter_creator":"@https:\/\/x.com\/portalmfoficial","twitter_misc":{"Escrito por":"Reda\u00e7\u00e3o Portal MF","Est. tempo de leitura":"2 minutos"},"schema":{"@context":"https:\/\/schema.org","@graph":[{"@type":"WebPage","@id":"https:\/\/portalmf.com.br\/index.php\/2023\/01\/12\/a-bahia-pode-dar-essa-licao-maravilhosa-de-uniao-do-seu-povo-afirma-acm-neto-durante-lavagem-do-bonfim\/","url":"https:\/\/portalmf.com.br\/index.php\/2023\/01\/12\/a-bahia-pode-dar-essa-licao-maravilhosa-de-uniao-do-seu-povo-afirma-acm-neto-durante-lavagem-do-bonfim\/","name":"\"A Bahia pode dar essa li\u00e7\u00e3o maravilhosa de uni\u00e3o do seu povo\", afirma ACM Neto durante Lavagem do Bonfim - Portal MF","isPartOf":{"@id":"https:\/\/portalmf.com.br\/#website"},"primaryImageOfPage":{"@id":"https:\/\/portalmf.com.br\/index.php\/2023\/01\/12\/a-bahia-pode-dar-essa-licao-maravilhosa-de-uniao-do-seu-povo-afirma-acm-neto-durante-lavagem-do-bonfim\/#primaryimage"},"image":{"@id":"https:\/\/portalmf.com.br\/index.php\/2023\/01\/12\/a-bahia-pode-dar-essa-licao-maravilhosa-de-uniao-do-seu-povo-afirma-acm-neto-durante-lavagem-do-bonfim\/#primaryimage"},"thumbnailUrl":"https:\/\/portalmf.com.br\/wp-content\/uploads\/2023\/01\/A-Bahia-pode-dar-essa-licao-maravilhosa-de-uniao-do-seu-povo-afirma-ACM-Neto-durante-Lavagem-do-Bonfim.jpeg","datePublished":"2023-01-12T18:32:24+00:00","dateModified":"2023-01-12T18:33:23+00:00","author":{"@id":"https:\/\/portalmf.com.br\/#\/schema\/person\/9ec101baf56233e53520c26de5d6f6f0"},"breadcrumb":{"@id":"https:\/\/portalmf.com.br\/index.php\/2023\/01\/12\/a-bahia-pode-dar-essa-licao-maravilhosa-de-uniao-do-seu-povo-afirma-acm-neto-durante-lavagem-do-bonfim\/#breadcrumb"},"inLanguage":"pt-BR","potentialAction":[{"@type":"ReadAction","target":["https:\/\/portalmf.com.br\/index.php\/2023\/01\/12\/a-bahia-pode-dar-essa-licao-maravilhosa-de-uniao-do-seu-povo-afirma-acm-neto-durante-lavagem-do-bonfim\/"]}]},{"@type":"ImageObject","inLanguage":"pt-BR","@id":"https:\/\/portalmf.com.br\/index.php\/2023\/01\/12\/a-bahia-pode-dar-essa-licao-maravilhosa-de-uniao-do-seu-povo-afirma-acm-neto-durante-lavagem-do-bonfim\/#primaryimage","url":"https:\/\/portalmf.com.br\/wp-content\/uploads\/2023\/01\/A-Bahia-pode-dar-essa-licao-maravilhosa-de-uniao-do-seu-povo-afirma-ACM-Neto-durante-Lavagem-do-Bonfim.jpeg","contentUrl":"https:\/\/portalmf.com.br\/wp-content\/uploads\/2023\/01\/A-Bahia-pode-dar-essa-licao-maravilhosa-de-uniao-do-seu-povo-afirma-ACM-Neto-durante-Lavagem-do-Bonfim.jpeg","width":1024,"height":683},{"@type":"BreadcrumbList","@id":"https:\/\/portalmf.com.br\/index.php\/2023\/01\/12\/a-bahia-pode-dar-essa-licao-maravilhosa-de-uniao-do-seu-povo-afirma-acm-neto-durante-lavagem-do-bonfim\/#breadcrumb","itemListElement":[{"@type":"ListItem","position":1,"name":"In\u00edcio","item":"https:\/\/portalmf.com.br\/"},{"@type":"ListItem","position":2,"name":"&#8220;A Bahia pode dar essa li\u00e7\u00e3o maravilhosa de uni\u00e3o do seu povo&#8221;, afirma ACM Neto durante Lavagem do Bonfim"}]},{"@type":"WebSite","@id":"https:\/\/portalmf.com.br\/#website","url":"https:\/\/portalmf.com.br\/","name":"Portal MF","description":"Voc\u00ea conectado com a informa\u00e7\u00e3o","potentialAction":[{"@type":"SearchAction","target":{"@type":"EntryPoint","urlTemplate":"https:\/\/portalmf.com.br\/?s={search_term_string}"},"query-input":"required name=search_term_string"}],"inLanguage":"pt-BR"},{"@type":"Person","@id":"https:\/\/portalmf.com.br\/#\/schema\/person\/9ec101baf56233e53520c26de5d6f6f0","name":"Reda\u00e7\u00e3o Portal MF","image":{"@type":"ImageObject","inLanguage":"pt-BR","@id":"https:\/\/portalmf.com.br\/#\/schema\/person\/image\/","url":"https:\/\/secure.gravatar.com\/avatar\/41b9aaeb2100835f7c64362330f74c7f?s=96&d=mm&r=g","contentUrl":"https:\/\/secure.gravatar.com\/avatar\/41b9aaeb2100835f7c64362330f74c7f?s=96&d=mm&r=g","caption":"Reda\u00e7\u00e3o Portal MF"},"description":"Sejam bem-vindos o portal de informa\u00e7\u00f5es de entretenimento de Feira de Santana, desde 2006 realiza coberturas dos principais eventos com entrevistas exclusivas com as principais personalidades mundiais. Fique conectado tamb\u00e9m nas redes sociais.","sameAs":["http:\/\/www.portalmf.com.br\/","https:\/\/www.facebook.com\/portalmfoficial","https:\/\/www.instagram.com\/portalmf\/","https:\/\/x.com\/https:\/\/x.com\/portalmfoficial","https:\/\/www.youtube.com\/@portalmfoficial"],"url":"https:\/\/portalmf.com.br\/index.php\/author\/junior\/"}]}},"_links":{"self":[{"href":"https:\/\/portalmf.com.br\/index.php\/wp-json\/wp\/v2\/posts\/7854"}],"collection":[{"href":"https:\/\/portalmf.com.br\/index.php\/wp-json\/wp\/v2\/posts"}],"about":[{"href":"https:\/\/portalmf.com.br\/index.php\/wp-json\/wp\/v2\/types\/post"}],"author":[{"embeddable":true,"href":"https:\/\/portalmf.com.br\/index.php\/wp-json\/wp\/v2\/users\/3"}],"replies":[{"embeddable":true,"href":"https:\/\/portalmf.com.br\/index.php\/wp-json\/wp\/v2\/comments?post=7854"}],"version-history":[{"count":2,"href":"https:\/\/portalmf.com.br\/index.php\/wp-json\/wp\/v2\/posts\/7854\/revisions"}],"predecessor-version":[{"id":7858,"href":"https:\/\/portalmf.com.br\/index.php\/wp-json\/wp\/v2\/posts\/7854\/revisions\/7858"}],"wp:featuredmedia":[{"embeddable":true,"href":"https:\/\/portalmf.com.br\/index.php\/wp-json\/wp\/v2\/media\/7855"}],"wp:attachment":[{"href":"https:\/\/portalmf.com.br\/index.php\/wp-json\/wp\/v2\/media?parent=7854"}],"wp:term":[{"taxonomy":"category","embeddable":true,"href":"https:\/\/portalmf.com.br\/index.php\/wp-json\/wp\/v2\/categories?post=7854"},{"taxonomy":"post_tag","embeddable":true,"href":"https:\/\/portalmf.com.br\/index.php\/wp-json\/wp\/v2\/tags?post=7854"}],"curies":[{"name":"wp","href":"https:\/\/api.w.org\/{rel}","templated":true}]}}