{"id":7851,"date":"2023-01-12T14:37:55","date_gmt":"2023-01-12T17:37:55","guid":{"rendered":"https:\/\/portalmf.com.br\/?p=7851"},"modified":"2023-01-21T20:26:53","modified_gmt":"2023-01-21T23:26:53","slug":"data-da-micareta-de-feira-2023-e-definida-em-reuniao","status":"publish","type":"post","link":"https:\/\/portalmf.com.br\/index.php\/2023\/01\/12\/data-da-micareta-de-feira-2023-e-definida-em-reuniao\/","title":{"rendered":"Data da Micareta de Feira 2023 \u00e9 definida em reuni\u00e3o"},"content":{"rendered":"\n<p>Aconteceu na manh\u00e3 desta quinta-feira (12), uma reuni\u00e3o para defini\u00e7\u00e3o da data de Micareta de Feira em 2023. Ficou definida a manuten\u00e7\u00e3o do evento no m\u00eas de abril entre os dias 20 a 23, sendo realizado no circuito Maneca Ferreira (Avenida Presidente Dutra).<\/p>\n\n\n\n<p>A reuni\u00e3o foi promovida pela Prefeitura de Feira e contou com a participa\u00e7\u00e3o do secret\u00e1rio de Cultura, Esporte e Lazer, Jairo Carneiro Filho e setores envolvidos na festa como artistas, produtores culturais, empres\u00e1rios do setor cultural, imprensa e sociedade civil.<\/p>\n\n\n\n<p><em>\u201cAp\u00f3s essa reuni\u00e3o com diversos setores ligados diretamente com a Micareta, sa\u00edmos de forma un\u00e2nime com o direcionamento da data do dia 20 a 23 de abril em 2023, estaremos levando ao prefeito essas informa\u00e7\u00f5es e o trabalho continua. O planejamento j\u00e1 estava feito antes da pandemia e agora vamos d\u00e1 prosseguimento para a realiza\u00e7\u00e3o da festa\u201d,<\/em> disse o secret\u00e1rio ao Portal MF.<\/p>\n\n\n\n<p>A sugest\u00e3o de data de mudan\u00e7a da Micareta de Feira para setembro foi debatida durante a reuni\u00e3o, mais segundo o secret\u00e1rio essa poss\u00edvel altera\u00e7\u00e3o ser\u00e1 debatida posteriormente a realiza\u00e7\u00e3o do evento de 2023.<\/p>\n\n\n\n<p><em>\u201cTodos que estiveram aqui trazem essa sugest\u00e3o do m\u00eas de setembro, vamos fazer uma avalia\u00e7\u00e3o posterior o evento de 2023\u201d<\/em> disse Jairinho.<\/p>\n\n\n\n<p>O valor destinado para a realiza\u00e7\u00e3o da Micareta de Feira 2023 ser\u00e1 definido ap\u00f3s aprova\u00e7\u00e3o do or\u00e7amento municipal pela C\u00e2mara de Vereadores de Feira de Santana, que ser\u00e1 votado nos pr\u00f3ximos dias.<\/p>\n","protected":false},"excerpt":{"rendered":"<p>Aconteceu na manh\u00e3 desta quinta-feira (12), uma reuni\u00e3o para defini\u00e7\u00e3o da data de Micareta de Feira em 2023. Ficou definida a manuten\u00e7\u00e3o do evento no m\u00eas de abril entre os dias 20 a 23, sendo realizado no circuito Maneca Ferreira (Avenida Presidente Dutra). A reuni\u00e3o foi promovida pela Prefeitura de Feira e contou com a [&hellip;]<\/p>\n","protected":false},"author":2,"featured_media":7852,"comment_status":"open","ping_status":"open","sticky":false,"template":"","format":"standard","meta":{"_monsterinsights_skip_tracking":false,"_monsterinsights_sitenote_active":false,"_monsterinsights_sitenote_note":"","_monsterinsights_sitenote_category":0,"footnotes":""},"categories":[47,39],"tags":[],"yoast_head":"<!-- This site is optimized with the Yoast SEO plugin v22.9 - https:\/\/yoast.com\/wordpress\/plugins\/seo\/ -->\n<title>Data da Micareta de Feira 2023 \u00e9 definida em reuni\u00e3o - Portal MF<\/title>\n<meta name=\"robots\" content=\"index, follow, max-snippet:-1, max-image-preview:large, max-video-preview:-1\" \/>\n<link rel=\"canonical\" href=\"https:\/\/portalmf.com.br\/index.php\/2023\/01\/12\/data-da-micareta-de-feira-2023-e-definida-em-reuniao\/\" \/>\n<meta property=\"og:locale\" content=\"pt_BR\" \/>\n<meta property=\"og:type\" content=\"article\" \/>\n<meta property=\"og:title\" content=\"Data da Micareta de Feira 2023 \u00e9 definida em reuni\u00e3o - Portal MF\" \/>\n<meta property=\"og:description\" content=\"Aconteceu na manh\u00e3 desta quinta-feira (12), uma reuni\u00e3o para defini\u00e7\u00e3o da data de Micareta de Feira em 2023. Ficou definida a manuten\u00e7\u00e3o do evento no m\u00eas de abril entre os dias 20 a 23, sendo realizado no circuito Maneca Ferreira (Avenida Presidente Dutra). A reuni\u00e3o foi promovida pela Prefeitura de Feira e contou com a [&hellip;]\" \/>\n<meta property=\"og:url\" content=\"https:\/\/portalmf.com.br\/index.php\/2023\/01\/12\/data-da-micareta-de-feira-2023-e-definida-em-reuniao\/\" \/>\n<meta property=\"og:site_name\" content=\"Portal MF\" \/>\n<meta property=\"article:author\" content=\"reginaldojrfsa\" \/>\n<meta property=\"article:published_time\" content=\"2023-01-12T17:37:55+00:00\" \/>\n<meta property=\"article:modified_time\" content=\"2023-01-21T23:26:53+00:00\" \/>\n<meta property=\"og:image\" content=\"https:\/\/portalmf.com.br\/wp-content\/uploads\/2023\/01\/foto_micareta_2022_portalmf.jpeg\" \/>\n\t<meta property=\"og:image:width\" content=\"1080\" \/>\n\t<meta property=\"og:image:height\" content=\"632\" \/>\n\t<meta property=\"og:image:type\" content=\"image\/jpeg\" \/>\n<meta name=\"author\" content=\"Reginaldo J\u00fanior\" \/>\n<meta name=\"twitter:card\" content=\"summary_large_image\" \/>\n<meta name=\"twitter:creator\" content=\"@reginaldojrmf\" \/>\n<meta name=\"twitter:label1\" content=\"Escrito por\" \/>\n\t<meta name=\"twitter:data1\" content=\"Reginaldo J\u00fanior\" \/>\n\t<meta name=\"twitter:label2\" content=\"Est. tempo de leitura\" \/>\n\t<meta name=\"twitter:data2\" content=\"2 minutos\" \/>\n<script type=\"application\/ld+json\" class=\"yoast-schema-graph\">{\"@context\":\"https:\/\/schema.org\",\"@graph\":[{\"@type\":\"WebPage\",\"@id\":\"https:\/\/portalmf.com.br\/index.php\/2023\/01\/12\/data-da-micareta-de-feira-2023-e-definida-em-reuniao\/\",\"url\":\"https:\/\/portalmf.com.br\/index.php\/2023\/01\/12\/data-da-micareta-de-feira-2023-e-definida-em-reuniao\/\",\"name\":\"Data da Micareta de Feira 2023 \u00e9 definida em reuni\u00e3o - Portal MF\",\"isPartOf\":{\"@id\":\"https:\/\/portalmf.com.br\/#website\"},\"primaryImageOfPage\":{\"@id\":\"https:\/\/portalmf.com.br\/index.php\/2023\/01\/12\/data-da-micareta-de-feira-2023-e-definida-em-reuniao\/#primaryimage\"},\"image\":{\"@id\":\"https:\/\/portalmf.com.br\/index.php\/2023\/01\/12\/data-da-micareta-de-feira-2023-e-definida-em-reuniao\/#primaryimage\"},\"thumbnailUrl\":\"https:\/\/portalmf.com.br\/wp-content\/uploads\/2023\/01\/foto_micareta_2022_portalmf.jpeg\",\"datePublished\":\"2023-01-12T17:37:55+00:00\",\"dateModified\":\"2023-01-21T23:26:53+00:00\",\"author\":{\"@id\":\"https:\/\/portalmf.com.br\/#\/schema\/person\/11c82086fe8abc05a19147e964587285\"},\"breadcrumb\":{\"@id\":\"https:\/\/portalmf.com.br\/index.php\/2023\/01\/12\/data-da-micareta-de-feira-2023-e-definida-em-reuniao\/#breadcrumb\"},\"inLanguage\":\"pt-BR\",\"potentialAction\":[{\"@type\":\"ReadAction\",\"target\":[\"https:\/\/portalmf.com.br\/index.php\/2023\/01\/12\/data-da-micareta-de-feira-2023-e-definida-em-reuniao\/\"]}]},{\"@type\":\"ImageObject\",\"inLanguage\":\"pt-BR\",\"@id\":\"https:\/\/portalmf.com.br\/index.php\/2023\/01\/12\/data-da-micareta-de-feira-2023-e-definida-em-reuniao\/#primaryimage\",\"url\":\"https:\/\/portalmf.com.br\/wp-content\/uploads\/2023\/01\/foto_micareta_2022_portalmf.jpeg\",\"contentUrl\":\"https:\/\/portalmf.com.br\/wp-content\/uploads\/2023\/01\/foto_micareta_2022_portalmf.jpeg\",\"width\":1080,\"height\":632,\"caption\":\"Foto: Reginaldo J\u00fanior \/ Portal MF\"},{\"@type\":\"BreadcrumbList\",\"@id\":\"https:\/\/portalmf.com.br\/index.php\/2023\/01\/12\/data-da-micareta-de-feira-2023-e-definida-em-reuniao\/#breadcrumb\",\"itemListElement\":[{\"@type\":\"ListItem\",\"position\":1,\"name\":\"In\u00edcio\",\"item\":\"https:\/\/portalmf.com.br\/\"},{\"@type\":\"ListItem\",\"position\":2,\"name\":\"Data da Micareta de Feira 2023 \u00e9 definida em reuni\u00e3o\"}]},{\"@type\":\"WebSite\",\"@id\":\"https:\/\/portalmf.com.br\/#website\",\"url\":\"https:\/\/portalmf.com.br\/\",\"name\":\"Portal MF\",\"description\":\"Voc\u00ea conectado com a informa\u00e7\u00e3o\",\"potentialAction\":[{\"@type\":\"SearchAction\",\"target\":{\"@type\":\"EntryPoint\",\"urlTemplate\":\"https:\/\/portalmf.com.br\/?s={search_term_string}\"},\"query-input\":\"required name=search_term_string\"}],\"inLanguage\":\"pt-BR\"},{\"@type\":\"Person\",\"@id\":\"https:\/\/portalmf.com.br\/#\/schema\/person\/11c82086fe8abc05a19147e964587285\",\"name\":\"Reginaldo J\u00fanior\",\"image\":{\"@type\":\"ImageObject\",\"inLanguage\":\"pt-BR\",\"@id\":\"https:\/\/portalmf.com.br\/#\/schema\/person\/image\/\",\"url\":\"https:\/\/secure.gravatar.com\/avatar\/32a3c797cd0ac47cc53b8644c62776f9?s=96&d=mm&r=g\",\"contentUrl\":\"https:\/\/secure.gravatar.com\/avatar\/32a3c797cd0ac47cc53b8644c62776f9?s=96&d=mm&r=g\",\"caption\":\"Reginaldo J\u00fanior\"},\"description\":\"Jornalista e idealizador Portal MF\",\"sameAs\":[\"https:\/\/portalmf.com.br\/index.php\/author\/reginaldojr\/\",\"reginaldojrfsa\",\"reginaldojuniormf\",\"https:\/\/x.com\/reginaldojrmf\"],\"url\":\"https:\/\/portalmf.com.br\/index.php\/author\/reginaldojr\/\"}]}<\/script>\n<!-- \/ Yoast SEO plugin. -->","yoast_head_json":{"title":"Data da Micareta de Feira 2023 \u00e9 definida em reuni\u00e3o - Portal MF","robots":{"index":"index","follow":"follow","max-snippet":"max-snippet:-1","max-image-preview":"max-image-preview:large","max-video-preview":"max-video-preview:-1"},"canonical":"https:\/\/portalmf.com.br\/index.php\/2023\/01\/12\/data-da-micareta-de-feira-2023-e-definida-em-reuniao\/","og_locale":"pt_BR","og_type":"article","og_title":"Data da Micareta de Feira 2023 \u00e9 definida em reuni\u00e3o - Portal MF","og_description":"Aconteceu na manh\u00e3 desta quinta-feira (12), uma reuni\u00e3o para defini\u00e7\u00e3o da data de Micareta de Feira em 2023. Ficou definida a manuten\u00e7\u00e3o do evento no m\u00eas de abril entre os dias 20 a 23, sendo realizado no circuito Maneca Ferreira (Avenida Presidente Dutra). A reuni\u00e3o foi promovida pela Prefeitura de Feira e contou com a [&hellip;]","og_url":"https:\/\/portalmf.com.br\/index.php\/2023\/01\/12\/data-da-micareta-de-feira-2023-e-definida-em-reuniao\/","og_site_name":"Portal MF","article_author":"reginaldojrfsa","article_published_time":"2023-01-12T17:37:55+00:00","article_modified_time":"2023-01-21T23:26:53+00:00","og_image":[{"width":1080,"height":632,"url":"https:\/\/portalmf.com.br\/wp-content\/uploads\/2023\/01\/foto_micareta_2022_portalmf.jpeg","type":"image\/jpeg"}],"author":"Reginaldo J\u00fanior","twitter_card":"summary_large_image","twitter_creator":"@reginaldojrmf","twitter_misc":{"Escrito por":"Reginaldo J\u00fanior","Est. tempo de leitura":"2 minutos"},"schema":{"@context":"https:\/\/schema.org","@graph":[{"@type":"WebPage","@id":"https:\/\/portalmf.com.br\/index.php\/2023\/01\/12\/data-da-micareta-de-feira-2023-e-definida-em-reuniao\/","url":"https:\/\/portalmf.com.br\/index.php\/2023\/01\/12\/data-da-micareta-de-feira-2023-e-definida-em-reuniao\/","name":"Data da Micareta de Feira 2023 \u00e9 definida em reuni\u00e3o - Portal MF","isPartOf":{"@id":"https:\/\/portalmf.com.br\/#website"},"primaryImageOfPage":{"@id":"https:\/\/portalmf.com.br\/index.php\/2023\/01\/12\/data-da-micareta-de-feira-2023-e-definida-em-reuniao\/#primaryimage"},"image":{"@id":"https:\/\/portalmf.com.br\/index.php\/2023\/01\/12\/data-da-micareta-de-feira-2023-e-definida-em-reuniao\/#primaryimage"},"thumbnailUrl":"https:\/\/portalmf.com.br\/wp-content\/uploads\/2023\/01\/foto_micareta_2022_portalmf.jpeg","datePublished":"2023-01-12T17:37:55+00:00","dateModified":"2023-01-21T23:26:53+00:00","author":{"@id":"https:\/\/portalmf.com.br\/#\/schema\/person\/11c82086fe8abc05a19147e964587285"},"breadcrumb":{"@id":"https:\/\/portalmf.com.br\/index.php\/2023\/01\/12\/data-da-micareta-de-feira-2023-e-definida-em-reuniao\/#breadcrumb"},"inLanguage":"pt-BR","potentialAction":[{"@type":"ReadAction","target":["https:\/\/portalmf.com.br\/index.php\/2023\/01\/12\/data-da-micareta-de-feira-2023-e-definida-em-reuniao\/"]}]},{"@type":"ImageObject","inLanguage":"pt-BR","@id":"https:\/\/portalmf.com.br\/index.php\/2023\/01\/12\/data-da-micareta-de-feira-2023-e-definida-em-reuniao\/#primaryimage","url":"https:\/\/portalmf.com.br\/wp-content\/uploads\/2023\/01\/foto_micareta_2022_portalmf.jpeg","contentUrl":"https:\/\/portalmf.com.br\/wp-content\/uploads\/2023\/01\/foto_micareta_2022_portalmf.jpeg","width":1080,"height":632,"caption":"Foto: Reginaldo J\u00fanior \/ Portal MF"},{"@type":"BreadcrumbList","@id":"https:\/\/portalmf.com.br\/index.php\/2023\/01\/12\/data-da-micareta-de-feira-2023-e-definida-em-reuniao\/#breadcrumb","itemListElement":[{"@type":"ListItem","position":1,"name":"In\u00edcio","item":"https:\/\/portalmf.com.br\/"},{"@type":"ListItem","position":2,"name":"Data da Micareta de Feira 2023 \u00e9 definida em reuni\u00e3o"}]},{"@type":"WebSite","@id":"https:\/\/portalmf.com.br\/#website","url":"https:\/\/portalmf.com.br\/","name":"Portal MF","description":"Voc\u00ea conectado com a informa\u00e7\u00e3o","potentialAction":[{"@type":"SearchAction","target":{"@type":"EntryPoint","urlTemplate":"https:\/\/portalmf.com.br\/?s={search_term_string}"},"query-input":"required name=search_term_string"}],"inLanguage":"pt-BR"},{"@type":"Person","@id":"https:\/\/portalmf.com.br\/#\/schema\/person\/11c82086fe8abc05a19147e964587285","name":"Reginaldo J\u00fanior","image":{"@type":"ImageObject","inLanguage":"pt-BR","@id":"https:\/\/portalmf.com.br\/#\/schema\/person\/image\/","url":"https:\/\/secure.gravatar.com\/avatar\/32a3c797cd0ac47cc53b8644c62776f9?s=96&d=mm&r=g","contentUrl":"https:\/\/secure.gravatar.com\/avatar\/32a3c797cd0ac47cc53b8644c62776f9?s=96&d=mm&r=g","caption":"Reginaldo J\u00fanior"},"description":"Jornalista e idealizador Portal MF","sameAs":["https:\/\/portalmf.com.br\/index.php\/author\/reginaldojr\/","reginaldojrfsa","reginaldojuniormf","https:\/\/x.com\/reginaldojrmf"],"url":"https:\/\/portalmf.com.br\/index.php\/author\/reginaldojr\/"}]}},"_links":{"self":[{"href":"https:\/\/portalmf.com.br\/index.php\/wp-json\/wp\/v2\/posts\/7851"}],"collection":[{"href":"https:\/\/portalmf.com.br\/index.php\/wp-json\/wp\/v2\/posts"}],"about":[{"href":"https:\/\/portalmf.com.br\/index.php\/wp-json\/wp\/v2\/types\/post"}],"author":[{"embeddable":true,"href":"https:\/\/portalmf.com.br\/index.php\/wp-json\/wp\/v2\/users\/2"}],"replies":[{"embeddable":true,"href":"https:\/\/portalmf.com.br\/index.php\/wp-json\/wp\/v2\/comments?post=7851"}],"version-history":[{"count":1,"href":"https:\/\/portalmf.com.br\/index.php\/wp-json\/wp\/v2\/posts\/7851\/revisions"}],"predecessor-version":[{"id":7853,"href":"https:\/\/portalmf.com.br\/index.php\/wp-json\/wp\/v2\/posts\/7851\/revisions\/7853"}],"wp:featuredmedia":[{"embeddable":true,"href":"https:\/\/portalmf.com.br\/index.php\/wp-json\/wp\/v2\/media\/7852"}],"wp:attachment":[{"href":"https:\/\/portalmf.com.br\/index.php\/wp-json\/wp\/v2\/media?parent=7851"}],"wp:term":[{"taxonomy":"category","embeddable":true,"href":"https:\/\/portalmf.com.br\/index.php\/wp-json\/wp\/v2\/categories?post=7851"},{"taxonomy":"post_tag","embeddable":true,"href":"https:\/\/portalmf.com.br\/index.php\/wp-json\/wp\/v2\/tags?post=7851"}],"curies":[{"name":"wp","href":"https:\/\/api.w.org\/{rel}","templated":true}]}}