{"id":7847,"date":"2023-01-11T17:17:13","date_gmt":"2023-01-11T20:17:13","guid":{"rendered":"https:\/\/portalmf.com.br\/?p=7847"},"modified":"2023-01-11T17:17:14","modified_gmt":"2023-01-11T20:17:14","slug":"calendario-de-pagamento-do-pis-pasep-2023-ja-pode-ser-consultado","status":"publish","type":"post","link":"https:\/\/portalmf.com.br\/index.php\/2023\/01\/11\/calendario-de-pagamento-do-pis-pasep-2023-ja-pode-ser-consultado\/","title":{"rendered":"Calend\u00e1rio de pagamento do PIS\/PASEP 2023 j\u00e1 pode ser consultado"},"content":{"rendered":"\n<p>Cerca &nbsp;de 23,6 milh\u00f5es de trabalhadores brasileiros devem receber o abono salarial em 2023, relativo ao ano-base 2021. O Minist\u00e9rio do Trabalho e Previd\u00eancia estima que o valor pago deve chegar a R$ 24,4 bilh\u00f5es. De acordo com o calend\u00e1rio, publicado pelo Conselho do Fundo de Amparo do Trabalhador (Codefat) em dezembro, os pagamentos come\u00e7ar\u00e3o a ser efetuados a partir do dia 15 de fevereiro. &nbsp;O valor a ser pago \u00e9 de at\u00e9 um sal\u00e1rio m\u00ednimo.<\/p>\n\n\n\n<p>Os trabalhadores de empresas privadas, inseridos no Programa de Integra\u00e7\u00e3o Social (PIS), v\u00e3o receber pela Caixa Econ\u00f4mica Federal. J\u00e1 os empregados da Administra\u00e7\u00e3o P\u00fablica ter\u00e3o o Banco do Brasil como agente pagador. A contadora e vice-presidente de Fiscaliza\u00e7\u00e3o, \u00c9tica e Disciplina do Conselho Regional de Contabilidade do Rio de Janeiro (CRC-RJ), Ilan Renz, explica ao trabalhador como fazer o c\u00e1lculo do valor que deve receber.&nbsp;<\/p>\n\n\n\n<p><em>\u201cO abono salarial do PIS\/Pasep \u00e9 um benef\u00edcio que funciona como um 14\u00ba sal\u00e1rio pago ao trabalhador de baixa renda. O valor pago \u00e9 de at\u00e9 um sal\u00e1rio m\u00ednimo e varia de acordo com o tempo que a pessoa trabalhou. Se ela trabalhou o ano todo, recebe um sal\u00e1rio m\u00ednimo. Se trabalhou um m\u00eas, vai ganhar proporcionalmente. Vai pegar o sal\u00e1rio m\u00ednimo, dividir por 12 e multiplicar pela quantidade de meses trabalhados\u201d<\/em>, afirma.\u00a0<\/p>\n\n\n\n<p>Para o economista Renan Gomes De Pieri, a inje\u00e7\u00e3o do abono salarial na economia tem um impacto relevante. Ele destaca que, apesar de o recurso ser previsto e pago todos os anos, gera mais consumo, o que movimenta, principalmente, o setor de servi\u00e7os. O economista indica algumas maneiras poss\u00edveis para os trabalhadores utilizarem o valor a ser recebido.&nbsp;<\/p>\n\n\n\n<p>\u201c\u00c9 sempre indicado, no caso de d\u00edvidas, focar nessas d\u00edvidas. Claro, tentando negociar, aproveitando que o recurso est\u00e1 em m\u00e3os, se j\u00e1 n\u00e3o tiver destina\u00e7\u00e3o. Agora, se n\u00e3o \u00e9 uma fam\u00edlia que tem d\u00edvidas e &nbsp;tem plano de curto prazo, a dica \u00e9 buscar investimentos que possam dar seguran\u00e7a para esse trabalhador no futuro. Atualmente, a gente tem vivido um momento de alta nas taxas de juros. Ent\u00e3o, os ativos de agenda fixa, que s\u00e3o mais seguros, est\u00e3o pagando remunera\u00e7\u00f5es maiores. Ent\u00e3o &nbsp;talvez, a curto prazo, seja uma boa estrat\u00e9gia para come\u00e7ar a investir\u201d, explica.<\/p>\n\n\n\n<p><strong>Quem tem direito ao abono salarial<\/strong><\/p>\n\n\n\n<p>De acordo com o Minist\u00e9rio do Trabalho, para receber o abono salarial o trabalhador precisa estar cadastrado no PIS\/PASEP ou no CNIS h\u00e1 pelo menos cinco anos. Outro requisito \u00e9 ter trabalhado para empregadores que contribuem para o PIS ou PASEP. Al\u00e9m disso, para ter direito, o trabalhador precisa ter recebido at\u00e9 dois sal\u00e1rios m\u00ednimos m\u00e9dios de remunera\u00e7\u00e3o mensal no per\u00edodo trabalhado.<\/p>\n\n\n\n<p>Outro crit\u00e9rio \u00e9 o exerc\u00edcio de atividade remunerada durante pelo menos 30 dias, consecutivos ou n\u00e3o, no ano-base considerado e ter seus dados informados corretamente pelo empregador na Rela\u00e7\u00e3o Anual de Informa\u00e7\u00f5es Sociais (RAIS) ou no eSocial do ano considerado para a apura\u00e7\u00e3o. Empregados dom\u00e9sticos, trabalhadores rurais e urbanos n\u00e3o t\u00eam direito a receber o abono. Al\u00e9m deles, tamb\u00e9m n\u00e3o s\u00e3o contemplados os trabalhadores empregados por pessoa f\u00edsica equiparada a pessoa jur\u00eddica.<\/p>\n\n\n\n<figure class=\"wp-block-image\"><img decoding=\"async\" src=\"\/\/s3-sa-east-1.amazonaws.com\/agencia-radio-arb\/5230\/content_PIS-PASEP-FERNANDO.png\" alt=\"\"\/><\/figure>\n\n\n\n<p>Com informa\u00e7\u00f5es do Brasil 61<\/p>\n","protected":false},"excerpt":{"rendered":"<p>Cerca &nbsp;de 23,6 milh\u00f5es de trabalhadores brasileiros devem receber o abono salarial em 2023, relativo ao ano-base 2021. O Minist\u00e9rio do Trabalho e Previd\u00eancia estima que o valor pago deve chegar a R$ 24,4 bilh\u00f5es. De acordo com o calend\u00e1rio, publicado pelo Conselho do Fundo de Amparo do Trabalhador (Codefat) em dezembro, os pagamentos come\u00e7ar\u00e3o [&hellip;]<\/p>\n","protected":false},"author":3,"featured_media":7848,"comment_status":"open","ping_status":"open","sticky":false,"template":"","format":"standard","meta":{"_monsterinsights_skip_tracking":false,"_monsterinsights_sitenote_active":false,"_monsterinsights_sitenote_note":"","_monsterinsights_sitenote_category":0,"footnotes":""},"categories":[34],"tags":[],"yoast_head":"<!-- This site is optimized with the Yoast SEO plugin v22.9 - https:\/\/yoast.com\/wordpress\/plugins\/seo\/ -->\n<title>Calend\u00e1rio de pagamento do PIS\/PASEP 2023 j\u00e1 pode ser consultado - Portal MF<\/title>\n<meta name=\"robots\" content=\"index, follow, max-snippet:-1, max-image-preview:large, max-video-preview:-1\" \/>\n<link rel=\"canonical\" href=\"https:\/\/portalmf.com.br\/index.php\/2023\/01\/11\/calendario-de-pagamento-do-pis-pasep-2023-ja-pode-ser-consultado\/\" \/>\n<meta property=\"og:locale\" content=\"pt_BR\" \/>\n<meta property=\"og:type\" content=\"article\" \/>\n<meta property=\"og:title\" content=\"Calend\u00e1rio de pagamento do PIS\/PASEP 2023 j\u00e1 pode ser consultado - Portal MF\" \/>\n<meta property=\"og:description\" content=\"Cerca &nbsp;de 23,6 milh\u00f5es de trabalhadores brasileiros devem receber o abono salarial em 2023, relativo ao ano-base 2021. O Minist\u00e9rio do Trabalho e Previd\u00eancia estima que o valor pago deve chegar a R$ 24,4 bilh\u00f5es. De acordo com o calend\u00e1rio, publicado pelo Conselho do Fundo de Amparo do Trabalhador (Codefat) em dezembro, os pagamentos come\u00e7ar\u00e3o [&hellip;]\" \/>\n<meta property=\"og:url\" content=\"https:\/\/portalmf.com.br\/index.php\/2023\/01\/11\/calendario-de-pagamento-do-pis-pasep-2023-ja-pode-ser-consultado\/\" \/>\n<meta property=\"og:site_name\" content=\"Portal MF\" \/>\n<meta property=\"article:author\" content=\"https:\/\/www.facebook.com\/portalmfoficial\" \/>\n<meta property=\"article:published_time\" content=\"2023-01-11T20:17:13+00:00\" \/>\n<meta property=\"article:modified_time\" content=\"2023-01-11T20:17:14+00:00\" \/>\n<meta property=\"og:image\" content=\"https:\/\/portalmf.com.br\/wp-content\/uploads\/2023\/01\/caixa-economica-federal.jpg\" \/>\n\t<meta property=\"og:image:width\" content=\"1280\" \/>\n\t<meta property=\"og:image:height\" content=\"680\" \/>\n\t<meta property=\"og:image:type\" content=\"image\/jpeg\" \/>\n<meta name=\"author\" content=\"Reda\u00e7\u00e3o Portal MF\" \/>\n<meta name=\"twitter:card\" content=\"summary_large_image\" \/>\n<meta name=\"twitter:creator\" content=\"@https:\/\/x.com\/portalmfoficial\" \/>\n<meta name=\"twitter:label1\" content=\"Escrito por\" \/>\n\t<meta name=\"twitter:data1\" content=\"Reda\u00e7\u00e3o Portal MF\" \/>\n\t<meta name=\"twitter:label2\" content=\"Est. tempo de leitura\" \/>\n\t<meta name=\"twitter:data2\" content=\"4 minutos\" \/>\n<script type=\"application\/ld+json\" class=\"yoast-schema-graph\">{\"@context\":\"https:\/\/schema.org\",\"@graph\":[{\"@type\":\"WebPage\",\"@id\":\"https:\/\/portalmf.com.br\/index.php\/2023\/01\/11\/calendario-de-pagamento-do-pis-pasep-2023-ja-pode-ser-consultado\/\",\"url\":\"https:\/\/portalmf.com.br\/index.php\/2023\/01\/11\/calendario-de-pagamento-do-pis-pasep-2023-ja-pode-ser-consultado\/\",\"name\":\"Calend\u00e1rio de pagamento do PIS\/PASEP 2023 j\u00e1 pode ser consultado - Portal MF\",\"isPartOf\":{\"@id\":\"https:\/\/portalmf.com.br\/#website\"},\"primaryImageOfPage\":{\"@id\":\"https:\/\/portalmf.com.br\/index.php\/2023\/01\/11\/calendario-de-pagamento-do-pis-pasep-2023-ja-pode-ser-consultado\/#primaryimage\"},\"image\":{\"@id\":\"https:\/\/portalmf.com.br\/index.php\/2023\/01\/11\/calendario-de-pagamento-do-pis-pasep-2023-ja-pode-ser-consultado\/#primaryimage\"},\"thumbnailUrl\":\"https:\/\/portalmf.com.br\/wp-content\/uploads\/2023\/01\/caixa-economica-federal.jpg\",\"datePublished\":\"2023-01-11T20:17:13+00:00\",\"dateModified\":\"2023-01-11T20:17:14+00:00\",\"author\":{\"@id\":\"https:\/\/portalmf.com.br\/#\/schema\/person\/9ec101baf56233e53520c26de5d6f6f0\"},\"breadcrumb\":{\"@id\":\"https:\/\/portalmf.com.br\/index.php\/2023\/01\/11\/calendario-de-pagamento-do-pis-pasep-2023-ja-pode-ser-consultado\/#breadcrumb\"},\"inLanguage\":\"pt-BR\",\"potentialAction\":[{\"@type\":\"ReadAction\",\"target\":[\"https:\/\/portalmf.com.br\/index.php\/2023\/01\/11\/calendario-de-pagamento-do-pis-pasep-2023-ja-pode-ser-consultado\/\"]}]},{\"@type\":\"ImageObject\",\"inLanguage\":\"pt-BR\",\"@id\":\"https:\/\/portalmf.com.br\/index.php\/2023\/01\/11\/calendario-de-pagamento-do-pis-pasep-2023-ja-pode-ser-consultado\/#primaryimage\",\"url\":\"https:\/\/portalmf.com.br\/wp-content\/uploads\/2023\/01\/caixa-economica-federal.jpg\",\"contentUrl\":\"https:\/\/portalmf.com.br\/wp-content\/uploads\/2023\/01\/caixa-economica-federal.jpg\",\"width\":1280,\"height\":680,\"caption\":\"Foto: Ag\u00eancia Brasil\/Marcelo Camargo\"},{\"@type\":\"BreadcrumbList\",\"@id\":\"https:\/\/portalmf.com.br\/index.php\/2023\/01\/11\/calendario-de-pagamento-do-pis-pasep-2023-ja-pode-ser-consultado\/#breadcrumb\",\"itemListElement\":[{\"@type\":\"ListItem\",\"position\":1,\"name\":\"In\u00edcio\",\"item\":\"https:\/\/portalmf.com.br\/\"},{\"@type\":\"ListItem\",\"position\":2,\"name\":\"Calend\u00e1rio de pagamento do PIS\/PASEP 2023 j\u00e1 pode ser consultado\"}]},{\"@type\":\"WebSite\",\"@id\":\"https:\/\/portalmf.com.br\/#website\",\"url\":\"https:\/\/portalmf.com.br\/\",\"name\":\"Portal MF\",\"description\":\"Voc\u00ea conectado com a informa\u00e7\u00e3o\",\"potentialAction\":[{\"@type\":\"SearchAction\",\"target\":{\"@type\":\"EntryPoint\",\"urlTemplate\":\"https:\/\/portalmf.com.br\/?s={search_term_string}\"},\"query-input\":\"required name=search_term_string\"}],\"inLanguage\":\"pt-BR\"},{\"@type\":\"Person\",\"@id\":\"https:\/\/portalmf.com.br\/#\/schema\/person\/9ec101baf56233e53520c26de5d6f6f0\",\"name\":\"Reda\u00e7\u00e3o Portal MF\",\"image\":{\"@type\":\"ImageObject\",\"inLanguage\":\"pt-BR\",\"@id\":\"https:\/\/portalmf.com.br\/#\/schema\/person\/image\/\",\"url\":\"https:\/\/secure.gravatar.com\/avatar\/41b9aaeb2100835f7c64362330f74c7f?s=96&d=mm&r=g\",\"contentUrl\":\"https:\/\/secure.gravatar.com\/avatar\/41b9aaeb2100835f7c64362330f74c7f?s=96&d=mm&r=g\",\"caption\":\"Reda\u00e7\u00e3o Portal MF\"},\"description\":\"Sejam bem-vindos o portal de informa\u00e7\u00f5es de entretenimento de Feira de Santana, desde 2006 realiza coberturas dos principais eventos com entrevistas exclusivas com as principais personalidades mundiais. Fique conectado tamb\u00e9m nas redes sociais.\",\"sameAs\":[\"http:\/\/www.portalmf.com.br\/\",\"https:\/\/www.facebook.com\/portalmfoficial\",\"https:\/\/www.instagram.com\/portalmf\/\",\"https:\/\/x.com\/https:\/\/x.com\/portalmfoficial\",\"https:\/\/www.youtube.com\/@portalmfoficial\"],\"url\":\"https:\/\/portalmf.com.br\/index.php\/author\/junior\/\"}]}<\/script>\n<!-- \/ Yoast SEO plugin. -->","yoast_head_json":{"title":"Calend\u00e1rio de pagamento do PIS\/PASEP 2023 j\u00e1 pode ser consultado - Portal MF","robots":{"index":"index","follow":"follow","max-snippet":"max-snippet:-1","max-image-preview":"max-image-preview:large","max-video-preview":"max-video-preview:-1"},"canonical":"https:\/\/portalmf.com.br\/index.php\/2023\/01\/11\/calendario-de-pagamento-do-pis-pasep-2023-ja-pode-ser-consultado\/","og_locale":"pt_BR","og_type":"article","og_title":"Calend\u00e1rio de pagamento do PIS\/PASEP 2023 j\u00e1 pode ser consultado - Portal MF","og_description":"Cerca &nbsp;de 23,6 milh\u00f5es de trabalhadores brasileiros devem receber o abono salarial em 2023, relativo ao ano-base 2021. O Minist\u00e9rio do Trabalho e Previd\u00eancia estima que o valor pago deve chegar a R$ 24,4 bilh\u00f5es. De acordo com o calend\u00e1rio, publicado pelo Conselho do Fundo de Amparo do Trabalhador (Codefat) em dezembro, os pagamentos come\u00e7ar\u00e3o [&hellip;]","og_url":"https:\/\/portalmf.com.br\/index.php\/2023\/01\/11\/calendario-de-pagamento-do-pis-pasep-2023-ja-pode-ser-consultado\/","og_site_name":"Portal MF","article_author":"https:\/\/www.facebook.com\/portalmfoficial","article_published_time":"2023-01-11T20:17:13+00:00","article_modified_time":"2023-01-11T20:17:14+00:00","og_image":[{"width":1280,"height":680,"url":"https:\/\/portalmf.com.br\/wp-content\/uploads\/2023\/01\/caixa-economica-federal.jpg","type":"image\/jpeg"}],"author":"Reda\u00e7\u00e3o Portal MF","twitter_card":"summary_large_image","twitter_creator":"@https:\/\/x.com\/portalmfoficial","twitter_misc":{"Escrito por":"Reda\u00e7\u00e3o Portal MF","Est. tempo de leitura":"4 minutos"},"schema":{"@context":"https:\/\/schema.org","@graph":[{"@type":"WebPage","@id":"https:\/\/portalmf.com.br\/index.php\/2023\/01\/11\/calendario-de-pagamento-do-pis-pasep-2023-ja-pode-ser-consultado\/","url":"https:\/\/portalmf.com.br\/index.php\/2023\/01\/11\/calendario-de-pagamento-do-pis-pasep-2023-ja-pode-ser-consultado\/","name":"Calend\u00e1rio de pagamento do PIS\/PASEP 2023 j\u00e1 pode ser consultado - Portal MF","isPartOf":{"@id":"https:\/\/portalmf.com.br\/#website"},"primaryImageOfPage":{"@id":"https:\/\/portalmf.com.br\/index.php\/2023\/01\/11\/calendario-de-pagamento-do-pis-pasep-2023-ja-pode-ser-consultado\/#primaryimage"},"image":{"@id":"https:\/\/portalmf.com.br\/index.php\/2023\/01\/11\/calendario-de-pagamento-do-pis-pasep-2023-ja-pode-ser-consultado\/#primaryimage"},"thumbnailUrl":"https:\/\/portalmf.com.br\/wp-content\/uploads\/2023\/01\/caixa-economica-federal.jpg","datePublished":"2023-01-11T20:17:13+00:00","dateModified":"2023-01-11T20:17:14+00:00","author":{"@id":"https:\/\/portalmf.com.br\/#\/schema\/person\/9ec101baf56233e53520c26de5d6f6f0"},"breadcrumb":{"@id":"https:\/\/portalmf.com.br\/index.php\/2023\/01\/11\/calendario-de-pagamento-do-pis-pasep-2023-ja-pode-ser-consultado\/#breadcrumb"},"inLanguage":"pt-BR","potentialAction":[{"@type":"ReadAction","target":["https:\/\/portalmf.com.br\/index.php\/2023\/01\/11\/calendario-de-pagamento-do-pis-pasep-2023-ja-pode-ser-consultado\/"]}]},{"@type":"ImageObject","inLanguage":"pt-BR","@id":"https:\/\/portalmf.com.br\/index.php\/2023\/01\/11\/calendario-de-pagamento-do-pis-pasep-2023-ja-pode-ser-consultado\/#primaryimage","url":"https:\/\/portalmf.com.br\/wp-content\/uploads\/2023\/01\/caixa-economica-federal.jpg","contentUrl":"https:\/\/portalmf.com.br\/wp-content\/uploads\/2023\/01\/caixa-economica-federal.jpg","width":1280,"height":680,"caption":"Foto: Ag\u00eancia Brasil\/Marcelo Camargo"},{"@type":"BreadcrumbList","@id":"https:\/\/portalmf.com.br\/index.php\/2023\/01\/11\/calendario-de-pagamento-do-pis-pasep-2023-ja-pode-ser-consultado\/#breadcrumb","itemListElement":[{"@type":"ListItem","position":1,"name":"In\u00edcio","item":"https:\/\/portalmf.com.br\/"},{"@type":"ListItem","position":2,"name":"Calend\u00e1rio de pagamento do PIS\/PASEP 2023 j\u00e1 pode ser consultado"}]},{"@type":"WebSite","@id":"https:\/\/portalmf.com.br\/#website","url":"https:\/\/portalmf.com.br\/","name":"Portal MF","description":"Voc\u00ea conectado com a informa\u00e7\u00e3o","potentialAction":[{"@type":"SearchAction","target":{"@type":"EntryPoint","urlTemplate":"https:\/\/portalmf.com.br\/?s={search_term_string}"},"query-input":"required name=search_term_string"}],"inLanguage":"pt-BR"},{"@type":"Person","@id":"https:\/\/portalmf.com.br\/#\/schema\/person\/9ec101baf56233e53520c26de5d6f6f0","name":"Reda\u00e7\u00e3o Portal MF","image":{"@type":"ImageObject","inLanguage":"pt-BR","@id":"https:\/\/portalmf.com.br\/#\/schema\/person\/image\/","url":"https:\/\/secure.gravatar.com\/avatar\/41b9aaeb2100835f7c64362330f74c7f?s=96&d=mm&r=g","contentUrl":"https:\/\/secure.gravatar.com\/avatar\/41b9aaeb2100835f7c64362330f74c7f?s=96&d=mm&r=g","caption":"Reda\u00e7\u00e3o Portal MF"},"description":"Sejam bem-vindos o portal de informa\u00e7\u00f5es de entretenimento de Feira de Santana, desde 2006 realiza coberturas dos principais eventos com entrevistas exclusivas com as principais personalidades mundiais. Fique conectado tamb\u00e9m nas redes sociais.","sameAs":["http:\/\/www.portalmf.com.br\/","https:\/\/www.facebook.com\/portalmfoficial","https:\/\/www.instagram.com\/portalmf\/","https:\/\/x.com\/https:\/\/x.com\/portalmfoficial","https:\/\/www.youtube.com\/@portalmfoficial"],"url":"https:\/\/portalmf.com.br\/index.php\/author\/junior\/"}]}},"_links":{"self":[{"href":"https:\/\/portalmf.com.br\/index.php\/wp-json\/wp\/v2\/posts\/7847"}],"collection":[{"href":"https:\/\/portalmf.com.br\/index.php\/wp-json\/wp\/v2\/posts"}],"about":[{"href":"https:\/\/portalmf.com.br\/index.php\/wp-json\/wp\/v2\/types\/post"}],"author":[{"embeddable":true,"href":"https:\/\/portalmf.com.br\/index.php\/wp-json\/wp\/v2\/users\/3"}],"replies":[{"embeddable":true,"href":"https:\/\/portalmf.com.br\/index.php\/wp-json\/wp\/v2\/comments?post=7847"}],"version-history":[{"count":1,"href":"https:\/\/portalmf.com.br\/index.php\/wp-json\/wp\/v2\/posts\/7847\/revisions"}],"predecessor-version":[{"id":7849,"href":"https:\/\/portalmf.com.br\/index.php\/wp-json\/wp\/v2\/posts\/7847\/revisions\/7849"}],"wp:featuredmedia":[{"embeddable":true,"href":"https:\/\/portalmf.com.br\/index.php\/wp-json\/wp\/v2\/media\/7848"}],"wp:attachment":[{"href":"https:\/\/portalmf.com.br\/index.php\/wp-json\/wp\/v2\/media?parent=7847"}],"wp:term":[{"taxonomy":"category","embeddable":true,"href":"https:\/\/portalmf.com.br\/index.php\/wp-json\/wp\/v2\/categories?post=7847"},{"taxonomy":"post_tag","embeddable":true,"href":"https:\/\/portalmf.com.br\/index.php\/wp-json\/wp\/v2\/tags?post=7847"}],"curies":[{"name":"wp","href":"https:\/\/api.w.org\/{rel}","templated":true}]}}