{"id":7844,"date":"2023-01-11T17:05:05","date_gmt":"2023-01-11T20:05:05","guid":{"rendered":"https:\/\/portalmf.com.br\/?p=7844"},"modified":"2023-01-11T17:05:06","modified_gmt":"2023-01-11T20:05:06","slug":"salario-minimo-pode-ser-reajustado-somente-em-maio","status":"publish","type":"post","link":"https:\/\/portalmf.com.br\/index.php\/2023\/01\/11\/salario-minimo-pode-ser-reajustado-somente-em-maio\/","title":{"rendered":"Sal\u00e1rio m\u00ednimo pode ser reajustado somente em maio"},"content":{"rendered":"\n<p>O presidente Luiz In\u00e1cio Lula da Silva prometeu o reajuste do sal\u00e1rio m\u00ednimo de 2023 para R$ 1.320, mas \u00e9 poss\u00edvel que o novo valor s\u00f3 entre em vigor em maio. A medida \u00e9 defendida pela equipe econ\u00f4mica do governo, devido \u00e0 estimativa de custos para arcar com as despesas.<\/p>\n\n\n\n<p>O reajuste do sal\u00e1rio m\u00ednimo \u00e9 uma das propostas presentes na PEC da Transi\u00e7\u00e3o, aprovada pelo Congresso em 21 de dezembro de 2022, mas para ser oficializada, a medida deve ser aprovada pelo presidente da Rep\u00fablica e publicada no Di\u00e1rio Oficial da Uni\u00e3o (DOU).<\/p>\n\n\n\n<p>Esse deve ser o primeiro aumento real do valor em cinco anos, mas, at\u00e9 o momento, o presidente n\u00e3o editou uma Medida Provis\u00f3ria (MP) que formaliza o novo patamar do piso, nem sancionou o Or\u00e7amento de 2023. Diante disso, atualmente, vale o sal\u00e1rio m\u00ednimo de R$ 1.302, fixado por Medida Provis\u00f3ria publicada em dezembro, quando Jair Bolsonaro (PL) ainda assumia o governo.<\/p>\n\n\n\n<p>De acordo com a equipe econ\u00f4mica do atual governo, com o aumento da estimativa de gastos com a previd\u00eancia social e outros benef\u00edcios, os n\u00fameros precisaram ser revistos. Assim, reajustar o piso agora seria dif\u00edcil, j\u00e1 que n\u00e3o h\u00e1 todo o or\u00e7amento necess\u00e1rio.<\/p>\n\n\n\n<p>Hugo Garbe, doutor em economia e professor na Universidade Mackenzie, explica que uma previs\u00e3o no or\u00e7amento tem um impacto de bilh\u00f5es de d\u00f3lares no or\u00e7amento do Governo Federal e, por isso, \u00e9 necess\u00e1rio esse prazo para separar um or\u00e7amento.<\/p>\n\n\n\n<p>Segundo o economista, as consequ\u00eancias dessa medida impactam no poder de compra da popula\u00e7\u00e3o e, consequentemente, na economia como um todo. <em>\u201cA consequ\u00eancia da demora pode ser uma melhora na economia brasileira porque quando o trabalhador recebe um aumento ele vai gastar esse dinheiro de forma quase que imediata\u201d, <\/em>afirma.<\/p>\n\n\n\n<p>Em 2022, 35,5 milh\u00f5es de trabalhadores brasileiros recebiam at\u00e9 um sal\u00e1rio m\u00ednimo, segundo dados da Pesquisa Nacional por Amostra de Domic\u00edlios (Pnad), do Instituto Brasileiro de Geografia e Estat\u00edstica (IBGE).<\/p>\n\n\n\n<p>Na \u00faltima segunda-feira (9), o ministro do Trabalho, Luiz Marinho, daria um pronunciamento sobre o assunto, mas a coletiva foi cancelada devido \u00e0s manifesta\u00e7\u00f5es realizadas nas sedes dos tr\u00eas Poderes, em Bras\u00edlia.<\/p>\n\n\n\n<p>Com informa\u00e7\u00f5es do Brasil 61<\/p>\n","protected":false},"excerpt":{"rendered":"<p>O presidente Luiz In\u00e1cio Lula da Silva prometeu o reajuste do sal\u00e1rio m\u00ednimo de 2023 para R$ 1.320, mas \u00e9 poss\u00edvel que o novo valor s\u00f3 entre em vigor em maio. A medida \u00e9 defendida pela equipe econ\u00f4mica do governo, devido \u00e0 estimativa de custos para arcar com as despesas. O reajuste do sal\u00e1rio m\u00ednimo [&hellip;]<\/p>\n","protected":false},"author":3,"featured_media":7845,"comment_status":"open","ping_status":"open","sticky":false,"template":"","format":"standard","meta":{"_monsterinsights_skip_tracking":false,"_monsterinsights_sitenote_active":false,"_monsterinsights_sitenote_note":"","_monsterinsights_sitenote_category":0,"footnotes":""},"categories":[34],"tags":[],"yoast_head":"<!-- This site is optimized with the Yoast SEO plugin v22.9 - https:\/\/yoast.com\/wordpress\/plugins\/seo\/ -->\n<title>Sal\u00e1rio m\u00ednimo pode ser reajustado somente em maio - Portal MF<\/title>\n<meta name=\"robots\" content=\"index, follow, max-snippet:-1, max-image-preview:large, max-video-preview:-1\" \/>\n<link rel=\"canonical\" href=\"https:\/\/portalmf.com.br\/index.php\/2023\/01\/11\/salario-minimo-pode-ser-reajustado-somente-em-maio\/\" \/>\n<meta property=\"og:locale\" content=\"pt_BR\" \/>\n<meta property=\"og:type\" content=\"article\" \/>\n<meta property=\"og:title\" content=\"Sal\u00e1rio m\u00ednimo pode ser reajustado somente em maio - Portal MF\" \/>\n<meta property=\"og:description\" content=\"O presidente Luiz In\u00e1cio Lula da Silva prometeu o reajuste do sal\u00e1rio m\u00ednimo de 2023 para R$ 1.320, mas \u00e9 poss\u00edvel que o novo valor s\u00f3 entre em vigor em maio. A medida \u00e9 defendida pela equipe econ\u00f4mica do governo, devido \u00e0 estimativa de custos para arcar com as despesas. O reajuste do sal\u00e1rio m\u00ednimo [&hellip;]\" \/>\n<meta property=\"og:url\" content=\"https:\/\/portalmf.com.br\/index.php\/2023\/01\/11\/salario-minimo-pode-ser-reajustado-somente-em-maio\/\" \/>\n<meta property=\"og:site_name\" content=\"Portal MF\" \/>\n<meta property=\"article:author\" content=\"https:\/\/www.facebook.com\/portalmfoficial\" \/>\n<meta property=\"article:published_time\" content=\"2023-01-11T20:05:05+00:00\" \/>\n<meta property=\"article:modified_time\" content=\"2023-01-11T20:05:06+00:00\" \/>\n<meta property=\"og:image\" content=\"https:\/\/portalmf.com.br\/wp-content\/uploads\/2023\/01\/real_moeda_dinheiro_mcajr_2904223667.jpg\" \/>\n\t<meta property=\"og:image:width\" content=\"1024\" \/>\n\t<meta property=\"og:image:height\" content=\"768\" \/>\n\t<meta property=\"og:image:type\" content=\"image\/jpeg\" \/>\n<meta name=\"author\" content=\"Reda\u00e7\u00e3o Portal MF\" \/>\n<meta name=\"twitter:card\" content=\"summary_large_image\" \/>\n<meta name=\"twitter:creator\" content=\"@https:\/\/x.com\/portalmfoficial\" \/>\n<meta name=\"twitter:label1\" content=\"Escrito por\" \/>\n\t<meta name=\"twitter:data1\" content=\"Reda\u00e7\u00e3o Portal MF\" \/>\n\t<meta name=\"twitter:label2\" content=\"Est. tempo de leitura\" \/>\n\t<meta name=\"twitter:data2\" content=\"2 minutos\" \/>\n<script type=\"application\/ld+json\" class=\"yoast-schema-graph\">{\"@context\":\"https:\/\/schema.org\",\"@graph\":[{\"@type\":\"WebPage\",\"@id\":\"https:\/\/portalmf.com.br\/index.php\/2023\/01\/11\/salario-minimo-pode-ser-reajustado-somente-em-maio\/\",\"url\":\"https:\/\/portalmf.com.br\/index.php\/2023\/01\/11\/salario-minimo-pode-ser-reajustado-somente-em-maio\/\",\"name\":\"Sal\u00e1rio m\u00ednimo pode ser reajustado somente em maio - Portal MF\",\"isPartOf\":{\"@id\":\"https:\/\/portalmf.com.br\/#website\"},\"primaryImageOfPage\":{\"@id\":\"https:\/\/portalmf.com.br\/index.php\/2023\/01\/11\/salario-minimo-pode-ser-reajustado-somente-em-maio\/#primaryimage\"},\"image\":{\"@id\":\"https:\/\/portalmf.com.br\/index.php\/2023\/01\/11\/salario-minimo-pode-ser-reajustado-somente-em-maio\/#primaryimage\"},\"thumbnailUrl\":\"https:\/\/portalmf.com.br\/wp-content\/uploads\/2023\/01\/real_moeda_dinheiro_mcajr_2904223667.jpg\",\"datePublished\":\"2023-01-11T20:05:05+00:00\",\"dateModified\":\"2023-01-11T20:05:06+00:00\",\"author\":{\"@id\":\"https:\/\/portalmf.com.br\/#\/schema\/person\/9ec101baf56233e53520c26de5d6f6f0\"},\"breadcrumb\":{\"@id\":\"https:\/\/portalmf.com.br\/index.php\/2023\/01\/11\/salario-minimo-pode-ser-reajustado-somente-em-maio\/#breadcrumb\"},\"inLanguage\":\"pt-BR\",\"potentialAction\":[{\"@type\":\"ReadAction\",\"target\":[\"https:\/\/portalmf.com.br\/index.php\/2023\/01\/11\/salario-minimo-pode-ser-reajustado-somente-em-maio\/\"]}]},{\"@type\":\"ImageObject\",\"inLanguage\":\"pt-BR\",\"@id\":\"https:\/\/portalmf.com.br\/index.php\/2023\/01\/11\/salario-minimo-pode-ser-reajustado-somente-em-maio\/#primaryimage\",\"url\":\"https:\/\/portalmf.com.br\/wp-content\/uploads\/2023\/01\/real_moeda_dinheiro_mcajr_2904223667.jpg\",\"contentUrl\":\"https:\/\/portalmf.com.br\/wp-content\/uploads\/2023\/01\/real_moeda_dinheiro_mcajr_2904223667.jpg\",\"width\":1024,\"height\":768,\"caption\":\"Real Moeda brasileira\"},{\"@type\":\"BreadcrumbList\",\"@id\":\"https:\/\/portalmf.com.br\/index.php\/2023\/01\/11\/salario-minimo-pode-ser-reajustado-somente-em-maio\/#breadcrumb\",\"itemListElement\":[{\"@type\":\"ListItem\",\"position\":1,\"name\":\"In\u00edcio\",\"item\":\"https:\/\/portalmf.com.br\/\"},{\"@type\":\"ListItem\",\"position\":2,\"name\":\"Sal\u00e1rio m\u00ednimo pode ser reajustado somente em maio\"}]},{\"@type\":\"WebSite\",\"@id\":\"https:\/\/portalmf.com.br\/#website\",\"url\":\"https:\/\/portalmf.com.br\/\",\"name\":\"Portal MF\",\"description\":\"Voc\u00ea conectado com a informa\u00e7\u00e3o\",\"potentialAction\":[{\"@type\":\"SearchAction\",\"target\":{\"@type\":\"EntryPoint\",\"urlTemplate\":\"https:\/\/portalmf.com.br\/?s={search_term_string}\"},\"query-input\":\"required name=search_term_string\"}],\"inLanguage\":\"pt-BR\"},{\"@type\":\"Person\",\"@id\":\"https:\/\/portalmf.com.br\/#\/schema\/person\/9ec101baf56233e53520c26de5d6f6f0\",\"name\":\"Reda\u00e7\u00e3o Portal MF\",\"image\":{\"@type\":\"ImageObject\",\"inLanguage\":\"pt-BR\",\"@id\":\"https:\/\/portalmf.com.br\/#\/schema\/person\/image\/\",\"url\":\"https:\/\/secure.gravatar.com\/avatar\/41b9aaeb2100835f7c64362330f74c7f?s=96&d=mm&r=g\",\"contentUrl\":\"https:\/\/secure.gravatar.com\/avatar\/41b9aaeb2100835f7c64362330f74c7f?s=96&d=mm&r=g\",\"caption\":\"Reda\u00e7\u00e3o Portal MF\"},\"description\":\"Sejam bem-vindos o portal de informa\u00e7\u00f5es de entretenimento de Feira de Santana, desde 2006 realiza coberturas dos principais eventos com entrevistas exclusivas com as principais personalidades mundiais. Fique conectado tamb\u00e9m nas redes sociais.\",\"sameAs\":[\"http:\/\/www.portalmf.com.br\/\",\"https:\/\/www.facebook.com\/portalmfoficial\",\"https:\/\/www.instagram.com\/portalmf\/\",\"https:\/\/x.com\/https:\/\/x.com\/portalmfoficial\",\"https:\/\/www.youtube.com\/@portalmfoficial\"],\"url\":\"https:\/\/portalmf.com.br\/index.php\/author\/junior\/\"}]}<\/script>\n<!-- \/ Yoast SEO plugin. -->","yoast_head_json":{"title":"Sal\u00e1rio m\u00ednimo pode ser reajustado somente em maio - Portal MF","robots":{"index":"index","follow":"follow","max-snippet":"max-snippet:-1","max-image-preview":"max-image-preview:large","max-video-preview":"max-video-preview:-1"},"canonical":"https:\/\/portalmf.com.br\/index.php\/2023\/01\/11\/salario-minimo-pode-ser-reajustado-somente-em-maio\/","og_locale":"pt_BR","og_type":"article","og_title":"Sal\u00e1rio m\u00ednimo pode ser reajustado somente em maio - Portal MF","og_description":"O presidente Luiz In\u00e1cio Lula da Silva prometeu o reajuste do sal\u00e1rio m\u00ednimo de 2023 para R$ 1.320, mas \u00e9 poss\u00edvel que o novo valor s\u00f3 entre em vigor em maio. A medida \u00e9 defendida pela equipe econ\u00f4mica do governo, devido \u00e0 estimativa de custos para arcar com as despesas. O reajuste do sal\u00e1rio m\u00ednimo [&hellip;]","og_url":"https:\/\/portalmf.com.br\/index.php\/2023\/01\/11\/salario-minimo-pode-ser-reajustado-somente-em-maio\/","og_site_name":"Portal MF","article_author":"https:\/\/www.facebook.com\/portalmfoficial","article_published_time":"2023-01-11T20:05:05+00:00","article_modified_time":"2023-01-11T20:05:06+00:00","og_image":[{"width":1024,"height":768,"url":"https:\/\/portalmf.com.br\/wp-content\/uploads\/2023\/01\/real_moeda_dinheiro_mcajr_2904223667.jpg","type":"image\/jpeg"}],"author":"Reda\u00e7\u00e3o Portal MF","twitter_card":"summary_large_image","twitter_creator":"@https:\/\/x.com\/portalmfoficial","twitter_misc":{"Escrito por":"Reda\u00e7\u00e3o Portal MF","Est. tempo de leitura":"2 minutos"},"schema":{"@context":"https:\/\/schema.org","@graph":[{"@type":"WebPage","@id":"https:\/\/portalmf.com.br\/index.php\/2023\/01\/11\/salario-minimo-pode-ser-reajustado-somente-em-maio\/","url":"https:\/\/portalmf.com.br\/index.php\/2023\/01\/11\/salario-minimo-pode-ser-reajustado-somente-em-maio\/","name":"Sal\u00e1rio m\u00ednimo pode ser reajustado somente em maio - Portal MF","isPartOf":{"@id":"https:\/\/portalmf.com.br\/#website"},"primaryImageOfPage":{"@id":"https:\/\/portalmf.com.br\/index.php\/2023\/01\/11\/salario-minimo-pode-ser-reajustado-somente-em-maio\/#primaryimage"},"image":{"@id":"https:\/\/portalmf.com.br\/index.php\/2023\/01\/11\/salario-minimo-pode-ser-reajustado-somente-em-maio\/#primaryimage"},"thumbnailUrl":"https:\/\/portalmf.com.br\/wp-content\/uploads\/2023\/01\/real_moeda_dinheiro_mcajr_2904223667.jpg","datePublished":"2023-01-11T20:05:05+00:00","dateModified":"2023-01-11T20:05:06+00:00","author":{"@id":"https:\/\/portalmf.com.br\/#\/schema\/person\/9ec101baf56233e53520c26de5d6f6f0"},"breadcrumb":{"@id":"https:\/\/portalmf.com.br\/index.php\/2023\/01\/11\/salario-minimo-pode-ser-reajustado-somente-em-maio\/#breadcrumb"},"inLanguage":"pt-BR","potentialAction":[{"@type":"ReadAction","target":["https:\/\/portalmf.com.br\/index.php\/2023\/01\/11\/salario-minimo-pode-ser-reajustado-somente-em-maio\/"]}]},{"@type":"ImageObject","inLanguage":"pt-BR","@id":"https:\/\/portalmf.com.br\/index.php\/2023\/01\/11\/salario-minimo-pode-ser-reajustado-somente-em-maio\/#primaryimage","url":"https:\/\/portalmf.com.br\/wp-content\/uploads\/2023\/01\/real_moeda_dinheiro_mcajr_2904223667.jpg","contentUrl":"https:\/\/portalmf.com.br\/wp-content\/uploads\/2023\/01\/real_moeda_dinheiro_mcajr_2904223667.jpg","width":1024,"height":768,"caption":"Real Moeda brasileira"},{"@type":"BreadcrumbList","@id":"https:\/\/portalmf.com.br\/index.php\/2023\/01\/11\/salario-minimo-pode-ser-reajustado-somente-em-maio\/#breadcrumb","itemListElement":[{"@type":"ListItem","position":1,"name":"In\u00edcio","item":"https:\/\/portalmf.com.br\/"},{"@type":"ListItem","position":2,"name":"Sal\u00e1rio m\u00ednimo pode ser reajustado somente em maio"}]},{"@type":"WebSite","@id":"https:\/\/portalmf.com.br\/#website","url":"https:\/\/portalmf.com.br\/","name":"Portal MF","description":"Voc\u00ea conectado com a informa\u00e7\u00e3o","potentialAction":[{"@type":"SearchAction","target":{"@type":"EntryPoint","urlTemplate":"https:\/\/portalmf.com.br\/?s={search_term_string}"},"query-input":"required name=search_term_string"}],"inLanguage":"pt-BR"},{"@type":"Person","@id":"https:\/\/portalmf.com.br\/#\/schema\/person\/9ec101baf56233e53520c26de5d6f6f0","name":"Reda\u00e7\u00e3o Portal MF","image":{"@type":"ImageObject","inLanguage":"pt-BR","@id":"https:\/\/portalmf.com.br\/#\/schema\/person\/image\/","url":"https:\/\/secure.gravatar.com\/avatar\/41b9aaeb2100835f7c64362330f74c7f?s=96&d=mm&r=g","contentUrl":"https:\/\/secure.gravatar.com\/avatar\/41b9aaeb2100835f7c64362330f74c7f?s=96&d=mm&r=g","caption":"Reda\u00e7\u00e3o Portal MF"},"description":"Sejam bem-vindos o portal de informa\u00e7\u00f5es de entretenimento de Feira de Santana, desde 2006 realiza coberturas dos principais eventos com entrevistas exclusivas com as principais personalidades mundiais. Fique conectado tamb\u00e9m nas redes sociais.","sameAs":["http:\/\/www.portalmf.com.br\/","https:\/\/www.facebook.com\/portalmfoficial","https:\/\/www.instagram.com\/portalmf\/","https:\/\/x.com\/https:\/\/x.com\/portalmfoficial","https:\/\/www.youtube.com\/@portalmfoficial"],"url":"https:\/\/portalmf.com.br\/index.php\/author\/junior\/"}]}},"_links":{"self":[{"href":"https:\/\/portalmf.com.br\/index.php\/wp-json\/wp\/v2\/posts\/7844"}],"collection":[{"href":"https:\/\/portalmf.com.br\/index.php\/wp-json\/wp\/v2\/posts"}],"about":[{"href":"https:\/\/portalmf.com.br\/index.php\/wp-json\/wp\/v2\/types\/post"}],"author":[{"embeddable":true,"href":"https:\/\/portalmf.com.br\/index.php\/wp-json\/wp\/v2\/users\/3"}],"replies":[{"embeddable":true,"href":"https:\/\/portalmf.com.br\/index.php\/wp-json\/wp\/v2\/comments?post=7844"}],"version-history":[{"count":1,"href":"https:\/\/portalmf.com.br\/index.php\/wp-json\/wp\/v2\/posts\/7844\/revisions"}],"predecessor-version":[{"id":7846,"href":"https:\/\/portalmf.com.br\/index.php\/wp-json\/wp\/v2\/posts\/7844\/revisions\/7846"}],"wp:featuredmedia":[{"embeddable":true,"href":"https:\/\/portalmf.com.br\/index.php\/wp-json\/wp\/v2\/media\/7845"}],"wp:attachment":[{"href":"https:\/\/portalmf.com.br\/index.php\/wp-json\/wp\/v2\/media?parent=7844"}],"wp:term":[{"taxonomy":"category","embeddable":true,"href":"https:\/\/portalmf.com.br\/index.php\/wp-json\/wp\/v2\/categories?post=7844"},{"taxonomy":"post_tag","embeddable":true,"href":"https:\/\/portalmf.com.br\/index.php\/wp-json\/wp\/v2\/tags?post=7844"}],"curies":[{"name":"wp","href":"https:\/\/api.w.org\/{rel}","templated":true}]}}