{"id":7841,"date":"2023-01-11T10:57:00","date_gmt":"2023-01-11T13:57:00","guid":{"rendered":"https:\/\/portalmf.com.br\/?p=7841"},"modified":"2023-01-11T16:58:47","modified_gmt":"2023-01-11T19:58:47","slug":"sistema-ferry-boat-tera-acesso-exclusivo-durante-a-lavagem-do-bonfim","status":"publish","type":"post","link":"https:\/\/portalmf.com.br\/index.php\/2023\/01\/11\/sistema-ferry-boat-tera-acesso-exclusivo-durante-a-lavagem-do-bonfim\/","title":{"rendered":"Sistema Ferry-Boat ter\u00e1 acesso exclusivo durante a Lavagem do Bonfim"},"content":{"rendered":"\n<p>Durante os festejos da Lavagem do Bonfim, marcado para esta quinta-feira (12\/01), o acesso de ve\u00edculos ao Terminal S\u00e3o Joaquim ser\u00e1 por meio de via exclusiva. Para quem vem do t\u00fanel Am\u00e9rico Simas, haver\u00e1 um desvio na rua Estado de Israel, na Avenida Oscar Pontes.&nbsp;A a\u00e7\u00e3o \u00e9 uma parceria da ITS com a Transalvador, que al\u00e9m de facilitar a entrada dos viajantes, vai disponibilizar sinaliza\u00e7\u00e3o especial a partir das 6h<\/p>\n\n\n\n<p>Na data, o funcionamento do Ferry-Boat ser\u00e1 normal \u2013 das 5h \u00e0s 23h30 -, com sa\u00eddas nos hor\u00e1rios regulares (de hora em hora), de acordo com a demanda.<\/p>\n","protected":false},"excerpt":{"rendered":"<p>Durante os festejos da Lavagem do Bonfim, marcado para esta quinta-feira (12\/01), o acesso de ve\u00edculos ao Terminal S\u00e3o Joaquim ser\u00e1 por meio de via exclusiva. Para quem vem do t\u00fanel Am\u00e9rico Simas, haver\u00e1 um desvio na rua Estado de Israel, na Avenida Oscar Pontes.&nbsp;A a\u00e7\u00e3o \u00e9 uma parceria da ITS com a Transalvador, que [&hellip;]<\/p>\n","protected":false},"author":3,"featured_media":7842,"comment_status":"open","ping_status":"open","sticky":false,"template":"","format":"standard","meta":{"_monsterinsights_skip_tracking":false,"_monsterinsights_sitenote_active":false,"_monsterinsights_sitenote_note":"","_monsterinsights_sitenote_category":0,"footnotes":""},"categories":[34],"tags":[],"yoast_head":"<!-- This site is optimized with the Yoast SEO plugin v22.9 - https:\/\/yoast.com\/wordpress\/plugins\/seo\/ -->\n<title>Sistema Ferry-Boat ter\u00e1 acesso exclusivo durante a Lavagem do Bonfim - Portal MF<\/title>\n<meta name=\"robots\" content=\"index, follow, max-snippet:-1, max-image-preview:large, max-video-preview:-1\" \/>\n<link rel=\"canonical\" href=\"https:\/\/portalmf.com.br\/index.php\/2023\/01\/11\/sistema-ferry-boat-tera-acesso-exclusivo-durante-a-lavagem-do-bonfim\/\" \/>\n<meta property=\"og:locale\" content=\"pt_BR\" \/>\n<meta property=\"og:type\" content=\"article\" \/>\n<meta property=\"og:title\" content=\"Sistema Ferry-Boat ter\u00e1 acesso exclusivo durante a Lavagem do Bonfim - Portal MF\" \/>\n<meta property=\"og:description\" content=\"Durante os festejos da Lavagem do Bonfim, marcado para esta quinta-feira (12\/01), o acesso de ve\u00edculos ao Terminal S\u00e3o Joaquim ser\u00e1 por meio de via exclusiva. Para quem vem do t\u00fanel Am\u00e9rico Simas, haver\u00e1 um desvio na rua Estado de Israel, na Avenida Oscar Pontes.&nbsp;A a\u00e7\u00e3o \u00e9 uma parceria da ITS com a Transalvador, que [&hellip;]\" \/>\n<meta property=\"og:url\" content=\"https:\/\/portalmf.com.br\/index.php\/2023\/01\/11\/sistema-ferry-boat-tera-acesso-exclusivo-durante-a-lavagem-do-bonfim\/\" \/>\n<meta property=\"og:site_name\" content=\"Portal MF\" \/>\n<meta property=\"article:author\" content=\"https:\/\/www.facebook.com\/portalmfoficial\" \/>\n<meta property=\"article:published_time\" content=\"2023-01-11T13:57:00+00:00\" \/>\n<meta property=\"article:modified_time\" content=\"2023-01-11T19:58:47+00:00\" \/>\n<meta property=\"og:image\" content=\"https:\/\/portalmf.com.br\/wp-content\/uploads\/2023\/01\/Credito-Silvio-Figueiredo-scaled.jpg\" \/>\n\t<meta property=\"og:image:width\" content=\"2560\" \/>\n\t<meta property=\"og:image:height\" content=\"1440\" \/>\n\t<meta property=\"og:image:type\" content=\"image\/jpeg\" \/>\n<meta name=\"author\" content=\"Reda\u00e7\u00e3o Portal MF\" \/>\n<meta name=\"twitter:card\" content=\"summary_large_image\" \/>\n<meta name=\"twitter:creator\" content=\"@https:\/\/x.com\/portalmfoficial\" \/>\n<meta name=\"twitter:label1\" content=\"Escrito por\" \/>\n\t<meta name=\"twitter:data1\" content=\"Reda\u00e7\u00e3o Portal MF\" \/>\n\t<meta name=\"twitter:label2\" content=\"Est. tempo de leitura\" \/>\n\t<meta name=\"twitter:data2\" content=\"1 minuto\" \/>\n<script type=\"application\/ld+json\" class=\"yoast-schema-graph\">{\"@context\":\"https:\/\/schema.org\",\"@graph\":[{\"@type\":\"WebPage\",\"@id\":\"https:\/\/portalmf.com.br\/index.php\/2023\/01\/11\/sistema-ferry-boat-tera-acesso-exclusivo-durante-a-lavagem-do-bonfim\/\",\"url\":\"https:\/\/portalmf.com.br\/index.php\/2023\/01\/11\/sistema-ferry-boat-tera-acesso-exclusivo-durante-a-lavagem-do-bonfim\/\",\"name\":\"Sistema Ferry-Boat ter\u00e1 acesso exclusivo durante a Lavagem do Bonfim - Portal MF\",\"isPartOf\":{\"@id\":\"https:\/\/portalmf.com.br\/#website\"},\"primaryImageOfPage\":{\"@id\":\"https:\/\/portalmf.com.br\/index.php\/2023\/01\/11\/sistema-ferry-boat-tera-acesso-exclusivo-durante-a-lavagem-do-bonfim\/#primaryimage\"},\"image\":{\"@id\":\"https:\/\/portalmf.com.br\/index.php\/2023\/01\/11\/sistema-ferry-boat-tera-acesso-exclusivo-durante-a-lavagem-do-bonfim\/#primaryimage\"},\"thumbnailUrl\":\"https:\/\/portalmf.com.br\/wp-content\/uploads\/2023\/01\/Credito-Silvio-Figueiredo-scaled.jpg\",\"datePublished\":\"2023-01-11T13:57:00+00:00\",\"dateModified\":\"2023-01-11T19:58:47+00:00\",\"author\":{\"@id\":\"https:\/\/portalmf.com.br\/#\/schema\/person\/9ec101baf56233e53520c26de5d6f6f0\"},\"breadcrumb\":{\"@id\":\"https:\/\/portalmf.com.br\/index.php\/2023\/01\/11\/sistema-ferry-boat-tera-acesso-exclusivo-durante-a-lavagem-do-bonfim\/#breadcrumb\"},\"inLanguage\":\"pt-BR\",\"potentialAction\":[{\"@type\":\"ReadAction\",\"target\":[\"https:\/\/portalmf.com.br\/index.php\/2023\/01\/11\/sistema-ferry-boat-tera-acesso-exclusivo-durante-a-lavagem-do-bonfim\/\"]}]},{\"@type\":\"ImageObject\",\"inLanguage\":\"pt-BR\",\"@id\":\"https:\/\/portalmf.com.br\/index.php\/2023\/01\/11\/sistema-ferry-boat-tera-acesso-exclusivo-durante-a-lavagem-do-bonfim\/#primaryimage\",\"url\":\"https:\/\/portalmf.com.br\/wp-content\/uploads\/2023\/01\/Credito-Silvio-Figueiredo-scaled.jpg\",\"contentUrl\":\"https:\/\/portalmf.com.br\/wp-content\/uploads\/2023\/01\/Credito-Silvio-Figueiredo-scaled.jpg\",\"width\":2560,\"height\":1440,\"caption\":\"Foto: Silvio Figueiredo\"},{\"@type\":\"BreadcrumbList\",\"@id\":\"https:\/\/portalmf.com.br\/index.php\/2023\/01\/11\/sistema-ferry-boat-tera-acesso-exclusivo-durante-a-lavagem-do-bonfim\/#breadcrumb\",\"itemListElement\":[{\"@type\":\"ListItem\",\"position\":1,\"name\":\"In\u00edcio\",\"item\":\"https:\/\/portalmf.com.br\/\"},{\"@type\":\"ListItem\",\"position\":2,\"name\":\"Sistema Ferry-Boat ter\u00e1 acesso exclusivo durante a Lavagem do Bonfim\"}]},{\"@type\":\"WebSite\",\"@id\":\"https:\/\/portalmf.com.br\/#website\",\"url\":\"https:\/\/portalmf.com.br\/\",\"name\":\"Portal MF\",\"description\":\"Voc\u00ea conectado com a informa\u00e7\u00e3o\",\"potentialAction\":[{\"@type\":\"SearchAction\",\"target\":{\"@type\":\"EntryPoint\",\"urlTemplate\":\"https:\/\/portalmf.com.br\/?s={search_term_string}\"},\"query-input\":\"required name=search_term_string\"}],\"inLanguage\":\"pt-BR\"},{\"@type\":\"Person\",\"@id\":\"https:\/\/portalmf.com.br\/#\/schema\/person\/9ec101baf56233e53520c26de5d6f6f0\",\"name\":\"Reda\u00e7\u00e3o Portal MF\",\"image\":{\"@type\":\"ImageObject\",\"inLanguage\":\"pt-BR\",\"@id\":\"https:\/\/portalmf.com.br\/#\/schema\/person\/image\/\",\"url\":\"https:\/\/secure.gravatar.com\/avatar\/41b9aaeb2100835f7c64362330f74c7f?s=96&d=mm&r=g\",\"contentUrl\":\"https:\/\/secure.gravatar.com\/avatar\/41b9aaeb2100835f7c64362330f74c7f?s=96&d=mm&r=g\",\"caption\":\"Reda\u00e7\u00e3o Portal MF\"},\"description\":\"Sejam bem-vindos o portal de informa\u00e7\u00f5es de entretenimento de Feira de Santana, desde 2006 realiza coberturas dos principais eventos com entrevistas exclusivas com as principais personalidades mundiais. Fique conectado tamb\u00e9m nas redes sociais.\",\"sameAs\":[\"http:\/\/www.portalmf.com.br\/\",\"https:\/\/www.facebook.com\/portalmfoficial\",\"https:\/\/www.instagram.com\/portalmf\/\",\"https:\/\/x.com\/https:\/\/x.com\/portalmfoficial\",\"https:\/\/www.youtube.com\/@portalmfoficial\"],\"url\":\"https:\/\/portalmf.com.br\/index.php\/author\/junior\/\"}]}<\/script>\n<!-- \/ Yoast SEO plugin. -->","yoast_head_json":{"title":"Sistema Ferry-Boat ter\u00e1 acesso exclusivo durante a Lavagem do Bonfim - Portal MF","robots":{"index":"index","follow":"follow","max-snippet":"max-snippet:-1","max-image-preview":"max-image-preview:large","max-video-preview":"max-video-preview:-1"},"canonical":"https:\/\/portalmf.com.br\/index.php\/2023\/01\/11\/sistema-ferry-boat-tera-acesso-exclusivo-durante-a-lavagem-do-bonfim\/","og_locale":"pt_BR","og_type":"article","og_title":"Sistema Ferry-Boat ter\u00e1 acesso exclusivo durante a Lavagem do Bonfim - Portal MF","og_description":"Durante os festejos da Lavagem do Bonfim, marcado para esta quinta-feira (12\/01), o acesso de ve\u00edculos ao Terminal S\u00e3o Joaquim ser\u00e1 por meio de via exclusiva. Para quem vem do t\u00fanel Am\u00e9rico Simas, haver\u00e1 um desvio na rua Estado de Israel, na Avenida Oscar Pontes.&nbsp;A a\u00e7\u00e3o \u00e9 uma parceria da ITS com a Transalvador, que [&hellip;]","og_url":"https:\/\/portalmf.com.br\/index.php\/2023\/01\/11\/sistema-ferry-boat-tera-acesso-exclusivo-durante-a-lavagem-do-bonfim\/","og_site_name":"Portal MF","article_author":"https:\/\/www.facebook.com\/portalmfoficial","article_published_time":"2023-01-11T13:57:00+00:00","article_modified_time":"2023-01-11T19:58:47+00:00","og_image":[{"width":2560,"height":1440,"url":"https:\/\/portalmf.com.br\/wp-content\/uploads\/2023\/01\/Credito-Silvio-Figueiredo-scaled.jpg","type":"image\/jpeg"}],"author":"Reda\u00e7\u00e3o Portal MF","twitter_card":"summary_large_image","twitter_creator":"@https:\/\/x.com\/portalmfoficial","twitter_misc":{"Escrito por":"Reda\u00e7\u00e3o Portal MF","Est. tempo de leitura":"1 minuto"},"schema":{"@context":"https:\/\/schema.org","@graph":[{"@type":"WebPage","@id":"https:\/\/portalmf.com.br\/index.php\/2023\/01\/11\/sistema-ferry-boat-tera-acesso-exclusivo-durante-a-lavagem-do-bonfim\/","url":"https:\/\/portalmf.com.br\/index.php\/2023\/01\/11\/sistema-ferry-boat-tera-acesso-exclusivo-durante-a-lavagem-do-bonfim\/","name":"Sistema Ferry-Boat ter\u00e1 acesso exclusivo durante a Lavagem do Bonfim - Portal MF","isPartOf":{"@id":"https:\/\/portalmf.com.br\/#website"},"primaryImageOfPage":{"@id":"https:\/\/portalmf.com.br\/index.php\/2023\/01\/11\/sistema-ferry-boat-tera-acesso-exclusivo-durante-a-lavagem-do-bonfim\/#primaryimage"},"image":{"@id":"https:\/\/portalmf.com.br\/index.php\/2023\/01\/11\/sistema-ferry-boat-tera-acesso-exclusivo-durante-a-lavagem-do-bonfim\/#primaryimage"},"thumbnailUrl":"https:\/\/portalmf.com.br\/wp-content\/uploads\/2023\/01\/Credito-Silvio-Figueiredo-scaled.jpg","datePublished":"2023-01-11T13:57:00+00:00","dateModified":"2023-01-11T19:58:47+00:00","author":{"@id":"https:\/\/portalmf.com.br\/#\/schema\/person\/9ec101baf56233e53520c26de5d6f6f0"},"breadcrumb":{"@id":"https:\/\/portalmf.com.br\/index.php\/2023\/01\/11\/sistema-ferry-boat-tera-acesso-exclusivo-durante-a-lavagem-do-bonfim\/#breadcrumb"},"inLanguage":"pt-BR","potentialAction":[{"@type":"ReadAction","target":["https:\/\/portalmf.com.br\/index.php\/2023\/01\/11\/sistema-ferry-boat-tera-acesso-exclusivo-durante-a-lavagem-do-bonfim\/"]}]},{"@type":"ImageObject","inLanguage":"pt-BR","@id":"https:\/\/portalmf.com.br\/index.php\/2023\/01\/11\/sistema-ferry-boat-tera-acesso-exclusivo-durante-a-lavagem-do-bonfim\/#primaryimage","url":"https:\/\/portalmf.com.br\/wp-content\/uploads\/2023\/01\/Credito-Silvio-Figueiredo-scaled.jpg","contentUrl":"https:\/\/portalmf.com.br\/wp-content\/uploads\/2023\/01\/Credito-Silvio-Figueiredo-scaled.jpg","width":2560,"height":1440,"caption":"Foto: Silvio Figueiredo"},{"@type":"BreadcrumbList","@id":"https:\/\/portalmf.com.br\/index.php\/2023\/01\/11\/sistema-ferry-boat-tera-acesso-exclusivo-durante-a-lavagem-do-bonfim\/#breadcrumb","itemListElement":[{"@type":"ListItem","position":1,"name":"In\u00edcio","item":"https:\/\/portalmf.com.br\/"},{"@type":"ListItem","position":2,"name":"Sistema Ferry-Boat ter\u00e1 acesso exclusivo durante a Lavagem do Bonfim"}]},{"@type":"WebSite","@id":"https:\/\/portalmf.com.br\/#website","url":"https:\/\/portalmf.com.br\/","name":"Portal MF","description":"Voc\u00ea conectado com a informa\u00e7\u00e3o","potentialAction":[{"@type":"SearchAction","target":{"@type":"EntryPoint","urlTemplate":"https:\/\/portalmf.com.br\/?s={search_term_string}"},"query-input":"required name=search_term_string"}],"inLanguage":"pt-BR"},{"@type":"Person","@id":"https:\/\/portalmf.com.br\/#\/schema\/person\/9ec101baf56233e53520c26de5d6f6f0","name":"Reda\u00e7\u00e3o Portal MF","image":{"@type":"ImageObject","inLanguage":"pt-BR","@id":"https:\/\/portalmf.com.br\/#\/schema\/person\/image\/","url":"https:\/\/secure.gravatar.com\/avatar\/41b9aaeb2100835f7c64362330f74c7f?s=96&d=mm&r=g","contentUrl":"https:\/\/secure.gravatar.com\/avatar\/41b9aaeb2100835f7c64362330f74c7f?s=96&d=mm&r=g","caption":"Reda\u00e7\u00e3o Portal MF"},"description":"Sejam bem-vindos o portal de informa\u00e7\u00f5es de entretenimento de Feira de Santana, desde 2006 realiza coberturas dos principais eventos com entrevistas exclusivas com as principais personalidades mundiais. Fique conectado tamb\u00e9m nas redes sociais.","sameAs":["http:\/\/www.portalmf.com.br\/","https:\/\/www.facebook.com\/portalmfoficial","https:\/\/www.instagram.com\/portalmf\/","https:\/\/x.com\/https:\/\/x.com\/portalmfoficial","https:\/\/www.youtube.com\/@portalmfoficial"],"url":"https:\/\/portalmf.com.br\/index.php\/author\/junior\/"}]}},"_links":{"self":[{"href":"https:\/\/portalmf.com.br\/index.php\/wp-json\/wp\/v2\/posts\/7841"}],"collection":[{"href":"https:\/\/portalmf.com.br\/index.php\/wp-json\/wp\/v2\/posts"}],"about":[{"href":"https:\/\/portalmf.com.br\/index.php\/wp-json\/wp\/v2\/types\/post"}],"author":[{"embeddable":true,"href":"https:\/\/portalmf.com.br\/index.php\/wp-json\/wp\/v2\/users\/3"}],"replies":[{"embeddable":true,"href":"https:\/\/portalmf.com.br\/index.php\/wp-json\/wp\/v2\/comments?post=7841"}],"version-history":[{"count":1,"href":"https:\/\/portalmf.com.br\/index.php\/wp-json\/wp\/v2\/posts\/7841\/revisions"}],"predecessor-version":[{"id":7843,"href":"https:\/\/portalmf.com.br\/index.php\/wp-json\/wp\/v2\/posts\/7841\/revisions\/7843"}],"wp:featuredmedia":[{"embeddable":true,"href":"https:\/\/portalmf.com.br\/index.php\/wp-json\/wp\/v2\/media\/7842"}],"wp:attachment":[{"href":"https:\/\/portalmf.com.br\/index.php\/wp-json\/wp\/v2\/media?parent=7841"}],"wp:term":[{"taxonomy":"category","embeddable":true,"href":"https:\/\/portalmf.com.br\/index.php\/wp-json\/wp\/v2\/categories?post=7841"},{"taxonomy":"post_tag","embeddable":true,"href":"https:\/\/portalmf.com.br\/index.php\/wp-json\/wp\/v2\/tags?post=7841"}],"curies":[{"name":"wp","href":"https:\/\/api.w.org\/{rel}","templated":true}]}}