{"id":7816,"date":"2023-01-10T18:16:56","date_gmt":"2023-01-10T21:16:56","guid":{"rendered":"https:\/\/portalmf.com.br\/?p=7816"},"modified":"2023-01-10T18:16:57","modified_gmt":"2023-01-10T21:16:57","slug":"apos-acordo-entre-candidatos-thiancle-araujo-abre-mao-da-upb-para-presidir-a-fecbahia","status":"publish","type":"post","link":"https:\/\/portalmf.com.br\/index.php\/2023\/01\/10\/apos-acordo-entre-candidatos-thiancle-araujo-abre-mao-da-upb-para-presidir-a-fecbahia\/","title":{"rendered":"Ap\u00f3s acordo entre candidatos, Thiancle Ara\u00fajo abre m\u00e3o da UPB para presidir a FecBahia"},"content":{"rendered":"\n<p>Em favor do consenso na base do governador Jer\u00f4nimo Rodrigues (PT), o prefeito de Castro Alves, Thiancle Ara\u00fajo (PSD), abriu m\u00e3o da candidatura \u00e0 presid\u00eancia da Uni\u00e3o dos Munic\u00edpios da Bahia (UPB) e ser\u00e1 o candidato do grupo governista para presidir a Federa\u00e7\u00e3o dos Cons\u00f3rcios P\u00fablicos do Estado da Bahia (FecBahia).<\/p>\n\n\n\n<p><em>\u201cPrevaleceu o esp\u00edrito de grupo, o esp\u00edrito democr\u00e1tico e de entendimento que todos n\u00f3s tivemos para fortalecer as institui\u00e7\u00f5es e ajudar o governador Jer\u00f4nimo a fazer mais pela Bahia\u201d<\/em>, afirmou Thiancle.<\/p>\n\n\n\n<p>A chapa que disputar\u00e1 a UPB ser\u00e1 formada por Quinho (PSD), prefeito de Belo Campo, e pelo vice Wilson Cardoso (PSB), prefeito de Andara\u00ed.<\/p>\n\n\n\n<p>Presidente do Cons\u00f3rcio de Infraestrutura do Territ\u00f3rio do Rec\u00f4ncavo e vice-presidente institucional da FecBahia, Thiancle colocou o nome na disputa pela UPB com o objetivo de renovar a gest\u00e3o financeira e administrativa da entidade. Entre as a\u00e7\u00f5es, ele previa limitar o gastos com pessoal, fazer revis\u00e3o de despesas e estreitar a rela\u00e7\u00e3o dos gestores municipais com o Governo do Estado, a partir da cria\u00e7\u00e3o da Sala dos Prefeitos. Para retirar a candidatura, Thiancle prop\u00f4s que as ideias fossem incorporadas ao plano de governo da futura chapa.<\/p>\n\n\n\n<p>Thiancle \u00e9 cotado para assumir a FecBahia no bi\u00eanio 2023-2025, em lugar do atual presidente Wilson Cardoso, que agora \u00e9 candidato a vice da UPB.<\/p>\n\n\n\n<p>Em dezembro, na condi\u00e7\u00e3o de vice-presidente institucional da federa\u00e7\u00e3o, o prefeito de Castro Alves levou as boas iniciativas realizadas por cons\u00f3rcios baianos ao ent\u00e3o Grupo de Transi\u00e7\u00e3o do Governo Lula. A experi\u00eancia baiana pode servir de inspira\u00e7\u00e3o para que o modelo seja replicado por todo o Brasil.<\/p>\n\n\n\n<p><em>\u201cGra\u00e7as \u00e0 for\u00e7a coletiva, os cons\u00f3rcios conseguem alavancar obras, gerar emprego e renda, al\u00e9m de melhorar a presta\u00e7\u00e3o dos servi\u00e7os para atender melhor a popula\u00e7\u00e3o, sobretudo nas pequenas cidades<\/em>\u201d, destacou Thiancle, ao pontuar que a parceria com o governo Lula vai potencializar ainda mais o funcionamento dos cons\u00f3rcios.<\/p>\n\n\n\n<p><strong>Sobre Thiancle Ara\u00fajo<\/strong>: Natural de Castro Alves, Thiancle da Silva Ara\u00fajo tem 41 anos e \u00e9 advogado formado em Direito pela Universidade Federal da Bahia. \u00c9 especialista em Direito Eleitoral e, antes de ter sido eleito prefeito da sua cidade natal, acumulou larga experi\u00eancia na advocacia administrativa. O resultado do seu trabalho lhe rendeu duas premia\u00e7\u00f5es como prefeito empreendedor.<\/p>\n\n\n\n<p>Filiado ao PSD, foi reeleito em 2020 com 73% dos votos. \u00c9 presidente do Cons\u00f3rcio do Rec\u00f4ncavo e vice-presidente da Fecbahia.<\/p>\n","protected":false},"excerpt":{"rendered":"<p>Em favor do consenso na base do governador Jer\u00f4nimo Rodrigues (PT), o prefeito de Castro Alves, Thiancle Ara\u00fajo (PSD), abriu m\u00e3o da candidatura \u00e0 presid\u00eancia da Uni\u00e3o dos Munic\u00edpios da Bahia (UPB) e ser\u00e1 o candidato do grupo governista para presidir a Federa\u00e7\u00e3o dos Cons\u00f3rcios P\u00fablicos do Estado da Bahia (FecBahia). \u201cPrevaleceu o esp\u00edrito de [&hellip;]<\/p>\n","protected":false},"author":3,"featured_media":7817,"comment_status":"open","ping_status":"open","sticky":false,"template":"","format":"standard","meta":{"_monsterinsights_skip_tracking":false,"_monsterinsights_sitenote_active":false,"_monsterinsights_sitenote_note":"","_monsterinsights_sitenote_category":0,"footnotes":""},"categories":[34],"tags":[],"yoast_head":"<!-- This site is optimized with the Yoast SEO plugin v22.9 - https:\/\/yoast.com\/wordpress\/plugins\/seo\/ -->\n<title>Ap\u00f3s acordo entre candidatos, Thiancle Ara\u00fajo abre m\u00e3o da UPB para presidir a FecBahia - Portal MF<\/title>\n<meta name=\"robots\" content=\"index, follow, max-snippet:-1, max-image-preview:large, max-video-preview:-1\" \/>\n<link rel=\"canonical\" href=\"https:\/\/portalmf.com.br\/index.php\/2023\/01\/10\/apos-acordo-entre-candidatos-thiancle-araujo-abre-mao-da-upb-para-presidir-a-fecbahia\/\" \/>\n<meta property=\"og:locale\" content=\"pt_BR\" \/>\n<meta property=\"og:type\" content=\"article\" \/>\n<meta property=\"og:title\" content=\"Ap\u00f3s acordo entre candidatos, Thiancle Ara\u00fajo abre m\u00e3o da UPB para presidir a FecBahia - Portal MF\" \/>\n<meta property=\"og:description\" content=\"Em favor do consenso na base do governador Jer\u00f4nimo Rodrigues (PT), o prefeito de Castro Alves, Thiancle Ara\u00fajo (PSD), abriu m\u00e3o da candidatura \u00e0 presid\u00eancia da Uni\u00e3o dos Munic\u00edpios da Bahia (UPB) e ser\u00e1 o candidato do grupo governista para presidir a Federa\u00e7\u00e3o dos Cons\u00f3rcios P\u00fablicos do Estado da Bahia (FecBahia). \u201cPrevaleceu o esp\u00edrito de [&hellip;]\" \/>\n<meta property=\"og:url\" content=\"https:\/\/portalmf.com.br\/index.php\/2023\/01\/10\/apos-acordo-entre-candidatos-thiancle-araujo-abre-mao-da-upb-para-presidir-a-fecbahia\/\" \/>\n<meta property=\"og:site_name\" content=\"Portal MF\" \/>\n<meta property=\"article:author\" content=\"https:\/\/www.facebook.com\/portalmfoficial\" \/>\n<meta property=\"article:published_time\" content=\"2023-01-10T21:16:56+00:00\" \/>\n<meta property=\"article:modified_time\" content=\"2023-01-10T21:16:57+00:00\" \/>\n<meta property=\"og:image\" content=\"https:\/\/portalmf.com.br\/wp-content\/uploads\/2023\/01\/Apos-acordo-entre-candidatos-Thiancle-Araujo-abre-mao-da-UPB-para-presidir-a-FecBahia.jpeg\" \/>\n\t<meta property=\"og:image:width\" content=\"1024\" \/>\n\t<meta property=\"og:image:height\" content=\"682\" \/>\n\t<meta property=\"og:image:type\" content=\"image\/jpeg\" \/>\n<meta name=\"author\" content=\"Reda\u00e7\u00e3o Portal MF\" \/>\n<meta name=\"twitter:card\" content=\"summary_large_image\" \/>\n<meta name=\"twitter:creator\" content=\"@https:\/\/x.com\/portalmfoficial\" \/>\n<meta name=\"twitter:label1\" content=\"Escrito por\" \/>\n\t<meta name=\"twitter:data1\" content=\"Reda\u00e7\u00e3o Portal MF\" \/>\n\t<meta name=\"twitter:label2\" content=\"Est. tempo de leitura\" \/>\n\t<meta name=\"twitter:data2\" content=\"3 minutos\" \/>\n<script type=\"application\/ld+json\" class=\"yoast-schema-graph\">{\"@context\":\"https:\/\/schema.org\",\"@graph\":[{\"@type\":\"WebPage\",\"@id\":\"https:\/\/portalmf.com.br\/index.php\/2023\/01\/10\/apos-acordo-entre-candidatos-thiancle-araujo-abre-mao-da-upb-para-presidir-a-fecbahia\/\",\"url\":\"https:\/\/portalmf.com.br\/index.php\/2023\/01\/10\/apos-acordo-entre-candidatos-thiancle-araujo-abre-mao-da-upb-para-presidir-a-fecbahia\/\",\"name\":\"Ap\u00f3s acordo entre candidatos, Thiancle Ara\u00fajo abre m\u00e3o da UPB para presidir a FecBahia - Portal MF\",\"isPartOf\":{\"@id\":\"https:\/\/portalmf.com.br\/#website\"},\"primaryImageOfPage\":{\"@id\":\"https:\/\/portalmf.com.br\/index.php\/2023\/01\/10\/apos-acordo-entre-candidatos-thiancle-araujo-abre-mao-da-upb-para-presidir-a-fecbahia\/#primaryimage\"},\"image\":{\"@id\":\"https:\/\/portalmf.com.br\/index.php\/2023\/01\/10\/apos-acordo-entre-candidatos-thiancle-araujo-abre-mao-da-upb-para-presidir-a-fecbahia\/#primaryimage\"},\"thumbnailUrl\":\"https:\/\/portalmf.com.br\/wp-content\/uploads\/2023\/01\/Apos-acordo-entre-candidatos-Thiancle-Araujo-abre-mao-da-UPB-para-presidir-a-FecBahia.jpeg\",\"datePublished\":\"2023-01-10T21:16:56+00:00\",\"dateModified\":\"2023-01-10T21:16:57+00:00\",\"author\":{\"@id\":\"https:\/\/portalmf.com.br\/#\/schema\/person\/9ec101baf56233e53520c26de5d6f6f0\"},\"breadcrumb\":{\"@id\":\"https:\/\/portalmf.com.br\/index.php\/2023\/01\/10\/apos-acordo-entre-candidatos-thiancle-araujo-abre-mao-da-upb-para-presidir-a-fecbahia\/#breadcrumb\"},\"inLanguage\":\"pt-BR\",\"potentialAction\":[{\"@type\":\"ReadAction\",\"target\":[\"https:\/\/portalmf.com.br\/index.php\/2023\/01\/10\/apos-acordo-entre-candidatos-thiancle-araujo-abre-mao-da-upb-para-presidir-a-fecbahia\/\"]}]},{\"@type\":\"ImageObject\",\"inLanguage\":\"pt-BR\",\"@id\":\"https:\/\/portalmf.com.br\/index.php\/2023\/01\/10\/apos-acordo-entre-candidatos-thiancle-araujo-abre-mao-da-upb-para-presidir-a-fecbahia\/#primaryimage\",\"url\":\"https:\/\/portalmf.com.br\/wp-content\/uploads\/2023\/01\/Apos-acordo-entre-candidatos-Thiancle-Araujo-abre-mao-da-UPB-para-presidir-a-FecBahia.jpeg\",\"contentUrl\":\"https:\/\/portalmf.com.br\/wp-content\/uploads\/2023\/01\/Apos-acordo-entre-candidatos-Thiancle-Araujo-abre-mao-da-UPB-para-presidir-a-FecBahia.jpeg\",\"width\":1024,\"height\":682},{\"@type\":\"BreadcrumbList\",\"@id\":\"https:\/\/portalmf.com.br\/index.php\/2023\/01\/10\/apos-acordo-entre-candidatos-thiancle-araujo-abre-mao-da-upb-para-presidir-a-fecbahia\/#breadcrumb\",\"itemListElement\":[{\"@type\":\"ListItem\",\"position\":1,\"name\":\"In\u00edcio\",\"item\":\"https:\/\/portalmf.com.br\/\"},{\"@type\":\"ListItem\",\"position\":2,\"name\":\"Ap\u00f3s acordo entre candidatos, Thiancle Ara\u00fajo abre m\u00e3o da UPB para presidir a FecBahia\"}]},{\"@type\":\"WebSite\",\"@id\":\"https:\/\/portalmf.com.br\/#website\",\"url\":\"https:\/\/portalmf.com.br\/\",\"name\":\"Portal MF\",\"description\":\"Voc\u00ea conectado com a informa\u00e7\u00e3o\",\"potentialAction\":[{\"@type\":\"SearchAction\",\"target\":{\"@type\":\"EntryPoint\",\"urlTemplate\":\"https:\/\/portalmf.com.br\/?s={search_term_string}\"},\"query-input\":\"required name=search_term_string\"}],\"inLanguage\":\"pt-BR\"},{\"@type\":\"Person\",\"@id\":\"https:\/\/portalmf.com.br\/#\/schema\/person\/9ec101baf56233e53520c26de5d6f6f0\",\"name\":\"Reda\u00e7\u00e3o Portal MF\",\"image\":{\"@type\":\"ImageObject\",\"inLanguage\":\"pt-BR\",\"@id\":\"https:\/\/portalmf.com.br\/#\/schema\/person\/image\/\",\"url\":\"https:\/\/secure.gravatar.com\/avatar\/41b9aaeb2100835f7c64362330f74c7f?s=96&d=mm&r=g\",\"contentUrl\":\"https:\/\/secure.gravatar.com\/avatar\/41b9aaeb2100835f7c64362330f74c7f?s=96&d=mm&r=g\",\"caption\":\"Reda\u00e7\u00e3o Portal MF\"},\"description\":\"Sejam bem-vindos o portal de informa\u00e7\u00f5es de entretenimento de Feira de Santana, desde 2006 realiza coberturas dos principais eventos com entrevistas exclusivas com as principais personalidades mundiais. Fique conectado tamb\u00e9m nas redes sociais.\",\"sameAs\":[\"http:\/\/www.portalmf.com.br\/\",\"https:\/\/www.facebook.com\/portalmfoficial\",\"https:\/\/www.instagram.com\/portalmf\/\",\"https:\/\/x.com\/https:\/\/x.com\/portalmfoficial\",\"https:\/\/www.youtube.com\/@portalmfoficial\"],\"url\":\"https:\/\/portalmf.com.br\/index.php\/author\/junior\/\"}]}<\/script>\n<!-- \/ Yoast SEO plugin. -->","yoast_head_json":{"title":"Ap\u00f3s acordo entre candidatos, Thiancle Ara\u00fajo abre m\u00e3o da UPB para presidir a FecBahia - Portal MF","robots":{"index":"index","follow":"follow","max-snippet":"max-snippet:-1","max-image-preview":"max-image-preview:large","max-video-preview":"max-video-preview:-1"},"canonical":"https:\/\/portalmf.com.br\/index.php\/2023\/01\/10\/apos-acordo-entre-candidatos-thiancle-araujo-abre-mao-da-upb-para-presidir-a-fecbahia\/","og_locale":"pt_BR","og_type":"article","og_title":"Ap\u00f3s acordo entre candidatos, Thiancle Ara\u00fajo abre m\u00e3o da UPB para presidir a FecBahia - Portal MF","og_description":"Em favor do consenso na base do governador Jer\u00f4nimo Rodrigues (PT), o prefeito de Castro Alves, Thiancle Ara\u00fajo (PSD), abriu m\u00e3o da candidatura \u00e0 presid\u00eancia da Uni\u00e3o dos Munic\u00edpios da Bahia (UPB) e ser\u00e1 o candidato do grupo governista para presidir a Federa\u00e7\u00e3o dos Cons\u00f3rcios P\u00fablicos do Estado da Bahia (FecBahia). \u201cPrevaleceu o esp\u00edrito de [&hellip;]","og_url":"https:\/\/portalmf.com.br\/index.php\/2023\/01\/10\/apos-acordo-entre-candidatos-thiancle-araujo-abre-mao-da-upb-para-presidir-a-fecbahia\/","og_site_name":"Portal MF","article_author":"https:\/\/www.facebook.com\/portalmfoficial","article_published_time":"2023-01-10T21:16:56+00:00","article_modified_time":"2023-01-10T21:16:57+00:00","og_image":[{"width":1024,"height":682,"url":"https:\/\/portalmf.com.br\/wp-content\/uploads\/2023\/01\/Apos-acordo-entre-candidatos-Thiancle-Araujo-abre-mao-da-UPB-para-presidir-a-FecBahia.jpeg","type":"image\/jpeg"}],"author":"Reda\u00e7\u00e3o Portal MF","twitter_card":"summary_large_image","twitter_creator":"@https:\/\/x.com\/portalmfoficial","twitter_misc":{"Escrito por":"Reda\u00e7\u00e3o Portal MF","Est. tempo de leitura":"3 minutos"},"schema":{"@context":"https:\/\/schema.org","@graph":[{"@type":"WebPage","@id":"https:\/\/portalmf.com.br\/index.php\/2023\/01\/10\/apos-acordo-entre-candidatos-thiancle-araujo-abre-mao-da-upb-para-presidir-a-fecbahia\/","url":"https:\/\/portalmf.com.br\/index.php\/2023\/01\/10\/apos-acordo-entre-candidatos-thiancle-araujo-abre-mao-da-upb-para-presidir-a-fecbahia\/","name":"Ap\u00f3s acordo entre candidatos, Thiancle Ara\u00fajo abre m\u00e3o da UPB para presidir a FecBahia - Portal MF","isPartOf":{"@id":"https:\/\/portalmf.com.br\/#website"},"primaryImageOfPage":{"@id":"https:\/\/portalmf.com.br\/index.php\/2023\/01\/10\/apos-acordo-entre-candidatos-thiancle-araujo-abre-mao-da-upb-para-presidir-a-fecbahia\/#primaryimage"},"image":{"@id":"https:\/\/portalmf.com.br\/index.php\/2023\/01\/10\/apos-acordo-entre-candidatos-thiancle-araujo-abre-mao-da-upb-para-presidir-a-fecbahia\/#primaryimage"},"thumbnailUrl":"https:\/\/portalmf.com.br\/wp-content\/uploads\/2023\/01\/Apos-acordo-entre-candidatos-Thiancle-Araujo-abre-mao-da-UPB-para-presidir-a-FecBahia.jpeg","datePublished":"2023-01-10T21:16:56+00:00","dateModified":"2023-01-10T21:16:57+00:00","author":{"@id":"https:\/\/portalmf.com.br\/#\/schema\/person\/9ec101baf56233e53520c26de5d6f6f0"},"breadcrumb":{"@id":"https:\/\/portalmf.com.br\/index.php\/2023\/01\/10\/apos-acordo-entre-candidatos-thiancle-araujo-abre-mao-da-upb-para-presidir-a-fecbahia\/#breadcrumb"},"inLanguage":"pt-BR","potentialAction":[{"@type":"ReadAction","target":["https:\/\/portalmf.com.br\/index.php\/2023\/01\/10\/apos-acordo-entre-candidatos-thiancle-araujo-abre-mao-da-upb-para-presidir-a-fecbahia\/"]}]},{"@type":"ImageObject","inLanguage":"pt-BR","@id":"https:\/\/portalmf.com.br\/index.php\/2023\/01\/10\/apos-acordo-entre-candidatos-thiancle-araujo-abre-mao-da-upb-para-presidir-a-fecbahia\/#primaryimage","url":"https:\/\/portalmf.com.br\/wp-content\/uploads\/2023\/01\/Apos-acordo-entre-candidatos-Thiancle-Araujo-abre-mao-da-UPB-para-presidir-a-FecBahia.jpeg","contentUrl":"https:\/\/portalmf.com.br\/wp-content\/uploads\/2023\/01\/Apos-acordo-entre-candidatos-Thiancle-Araujo-abre-mao-da-UPB-para-presidir-a-FecBahia.jpeg","width":1024,"height":682},{"@type":"BreadcrumbList","@id":"https:\/\/portalmf.com.br\/index.php\/2023\/01\/10\/apos-acordo-entre-candidatos-thiancle-araujo-abre-mao-da-upb-para-presidir-a-fecbahia\/#breadcrumb","itemListElement":[{"@type":"ListItem","position":1,"name":"In\u00edcio","item":"https:\/\/portalmf.com.br\/"},{"@type":"ListItem","position":2,"name":"Ap\u00f3s acordo entre candidatos, Thiancle Ara\u00fajo abre m\u00e3o da UPB para presidir a FecBahia"}]},{"@type":"WebSite","@id":"https:\/\/portalmf.com.br\/#website","url":"https:\/\/portalmf.com.br\/","name":"Portal MF","description":"Voc\u00ea conectado com a informa\u00e7\u00e3o","potentialAction":[{"@type":"SearchAction","target":{"@type":"EntryPoint","urlTemplate":"https:\/\/portalmf.com.br\/?s={search_term_string}"},"query-input":"required name=search_term_string"}],"inLanguage":"pt-BR"},{"@type":"Person","@id":"https:\/\/portalmf.com.br\/#\/schema\/person\/9ec101baf56233e53520c26de5d6f6f0","name":"Reda\u00e7\u00e3o Portal MF","image":{"@type":"ImageObject","inLanguage":"pt-BR","@id":"https:\/\/portalmf.com.br\/#\/schema\/person\/image\/","url":"https:\/\/secure.gravatar.com\/avatar\/41b9aaeb2100835f7c64362330f74c7f?s=96&d=mm&r=g","contentUrl":"https:\/\/secure.gravatar.com\/avatar\/41b9aaeb2100835f7c64362330f74c7f?s=96&d=mm&r=g","caption":"Reda\u00e7\u00e3o Portal MF"},"description":"Sejam bem-vindos o portal de informa\u00e7\u00f5es de entretenimento de Feira de Santana, desde 2006 realiza coberturas dos principais eventos com entrevistas exclusivas com as principais personalidades mundiais. Fique conectado tamb\u00e9m nas redes sociais.","sameAs":["http:\/\/www.portalmf.com.br\/","https:\/\/www.facebook.com\/portalmfoficial","https:\/\/www.instagram.com\/portalmf\/","https:\/\/x.com\/https:\/\/x.com\/portalmfoficial","https:\/\/www.youtube.com\/@portalmfoficial"],"url":"https:\/\/portalmf.com.br\/index.php\/author\/junior\/"}]}},"_links":{"self":[{"href":"https:\/\/portalmf.com.br\/index.php\/wp-json\/wp\/v2\/posts\/7816"}],"collection":[{"href":"https:\/\/portalmf.com.br\/index.php\/wp-json\/wp\/v2\/posts"}],"about":[{"href":"https:\/\/portalmf.com.br\/index.php\/wp-json\/wp\/v2\/types\/post"}],"author":[{"embeddable":true,"href":"https:\/\/portalmf.com.br\/index.php\/wp-json\/wp\/v2\/users\/3"}],"replies":[{"embeddable":true,"href":"https:\/\/portalmf.com.br\/index.php\/wp-json\/wp\/v2\/comments?post=7816"}],"version-history":[{"count":1,"href":"https:\/\/portalmf.com.br\/index.php\/wp-json\/wp\/v2\/posts\/7816\/revisions"}],"predecessor-version":[{"id":7818,"href":"https:\/\/portalmf.com.br\/index.php\/wp-json\/wp\/v2\/posts\/7816\/revisions\/7818"}],"wp:featuredmedia":[{"embeddable":true,"href":"https:\/\/portalmf.com.br\/index.php\/wp-json\/wp\/v2\/media\/7817"}],"wp:attachment":[{"href":"https:\/\/portalmf.com.br\/index.php\/wp-json\/wp\/v2\/media?parent=7816"}],"wp:term":[{"taxonomy":"category","embeddable":true,"href":"https:\/\/portalmf.com.br\/index.php\/wp-json\/wp\/v2\/categories?post=7816"},{"taxonomy":"post_tag","embeddable":true,"href":"https:\/\/portalmf.com.br\/index.php\/wp-json\/wp\/v2\/tags?post=7816"}],"curies":[{"name":"wp","href":"https:\/\/api.w.org\/{rel}","templated":true}]}}