{"id":7810,"date":"2023-01-10T09:05:00","date_gmt":"2023-01-10T12:05:00","guid":{"rendered":"https:\/\/portalmf.com.br\/?p=7810"},"modified":"2023-01-10T18:08:31","modified_gmt":"2023-01-10T21:08:31","slug":"lavagem-de-sao-goncalo-dos-campos-comeca-nesta-quinta-feira","status":"publish","type":"post","link":"https:\/\/portalmf.com.br\/index.php\/2023\/01\/10\/lavagem-de-sao-goncalo-dos-campos-comeca-nesta-quinta-feira\/","title":{"rendered":"Lavagem de S\u00e3o Gon\u00e7alo dos Campos come\u00e7a nesta quinta-feira"},"content":{"rendered":"\n<p>Faltando apenas dois dias, a popula\u00e7\u00e3o de S\u00e3o Gon\u00e7alo dos Campos vive a expectativa para a lavagem em homenagem ao padroeiro da cidade (S\u00e3o Gon\u00e7alo do Amarante), que \u00e9 celebrado a cada ano no dia 10 de janeiro. <\/p>\n\n\n\n<p>O evento inicia nesta quinta-feira (12) com o cortejo das baianas at\u00e9 \u00e0 Igreja Matriz e logo em seguida, a programa\u00e7\u00e3o segue dando continuidade a parte profana da festa, que contar\u00e1 com diversas manifesta\u00e7\u00f5es culturais, incluindo samba de roda, capoeira e desfile de cavalos.<\/p>\n\n\n\n<p>Na sexta-feira (13), e s\u00e1bado (14), mais de dez blocos ir\u00e3o desfilar e contagiar as ruas da cidade com muito ritmo e alegria, al\u00e9m das atra\u00e7\u00f5es confirmadas para animar o grande p\u00fablico esperado. No domingo, 15 de janeiro, acontece a prociss\u00e3o, encerrando um dos maiores eventos religiosos da Cidade Jardim.<\/p>\n\n\n\n<figure class=\"wp-block-gallery has-nested-images columns-default is-cropped wp-block-gallery-1 is-layout-flex wp-block-gallery-is-layout-flex\">\n<figure class=\"wp-block-image size-large\"><img fetchpriority=\"high\" decoding=\"async\" width=\"1024\" height=\"1024\" data-id=\"7811\" src=\"https:\/\/portalmf.com.br\/wp-content\/uploads\/2023\/01\/WhatsApp-Image-2023-01-09-at-19.17.28-1-1024x1024.jpeg\" alt=\"\" class=\"wp-image-7811\" srcset=\"https:\/\/portalmf.com.br\/wp-content\/uploads\/2023\/01\/WhatsApp-Image-2023-01-09-at-19.17.28-1-1024x1024.jpeg 1024w, https:\/\/portalmf.com.br\/wp-content\/uploads\/2023\/01\/WhatsApp-Image-2023-01-09-at-19.17.28-1-300x300.jpeg 300w, https:\/\/portalmf.com.br\/wp-content\/uploads\/2023\/01\/WhatsApp-Image-2023-01-09-at-19.17.28-1-150x150.jpeg 150w, https:\/\/portalmf.com.br\/wp-content\/uploads\/2023\/01\/WhatsApp-Image-2023-01-09-at-19.17.28-1-768x769.jpeg 768w, https:\/\/portalmf.com.br\/wp-content\/uploads\/2023\/01\/WhatsApp-Image-2023-01-09-at-19.17.28-1-585x585.jpeg 585w, https:\/\/portalmf.com.br\/wp-content\/uploads\/2023\/01\/WhatsApp-Image-2023-01-09-at-19.17.28-1.jpeg 1078w\" sizes=\"(max-width: 1024px) 100vw, 1024px\" \/><\/figure>\n\n\n\n<figure class=\"wp-block-image size-large\"><img decoding=\"async\" width=\"1024\" height=\"1024\" data-id=\"7813\" src=\"https:\/\/portalmf.com.br\/wp-content\/uploads\/2023\/01\/WhatsApp-Image-2023-01-09-at-19.17.28-2-1024x1024.jpeg\" alt=\"\" class=\"wp-image-7813\" srcset=\"https:\/\/portalmf.com.br\/wp-content\/uploads\/2023\/01\/WhatsApp-Image-2023-01-09-at-19.17.28-2-1024x1024.jpeg 1024w, https:\/\/portalmf.com.br\/wp-content\/uploads\/2023\/01\/WhatsApp-Image-2023-01-09-at-19.17.28-2-300x300.jpeg 300w, https:\/\/portalmf.com.br\/wp-content\/uploads\/2023\/01\/WhatsApp-Image-2023-01-09-at-19.17.28-2-150x150.jpeg 150w, https:\/\/portalmf.com.br\/wp-content\/uploads\/2023\/01\/WhatsApp-Image-2023-01-09-at-19.17.28-2-768x769.jpeg 768w, https:\/\/portalmf.com.br\/wp-content\/uploads\/2023\/01\/WhatsApp-Image-2023-01-09-at-19.17.28-2-585x585.jpeg 585w, https:\/\/portalmf.com.br\/wp-content\/uploads\/2023\/01\/WhatsApp-Image-2023-01-09-at-19.17.28-2.jpeg 1081w\" sizes=\"(max-width: 1024px) 100vw, 1024px\" \/><\/figure>\n\n\n\n<figure class=\"wp-block-image size-large\"><img decoding=\"async\" width=\"1024\" height=\"1024\" data-id=\"7812\" src=\"https:\/\/portalmf.com.br\/wp-content\/uploads\/2023\/01\/WhatsApp-Image-2023-01-09-at-19.17.29-1024x1024.jpeg\" alt=\"\" class=\"wp-image-7812\" srcset=\"https:\/\/portalmf.com.br\/wp-content\/uploads\/2023\/01\/WhatsApp-Image-2023-01-09-at-19.17.29-1024x1024.jpeg 1024w, https:\/\/portalmf.com.br\/wp-content\/uploads\/2023\/01\/WhatsApp-Image-2023-01-09-at-19.17.29-300x300.jpeg 300w, https:\/\/portalmf.com.br\/wp-content\/uploads\/2023\/01\/WhatsApp-Image-2023-01-09-at-19.17.29-150x150.jpeg 150w, https:\/\/portalmf.com.br\/wp-content\/uploads\/2023\/01\/WhatsApp-Image-2023-01-09-at-19.17.29-768x768.jpeg 768w, https:\/\/portalmf.com.br\/wp-content\/uploads\/2023\/01\/WhatsApp-Image-2023-01-09-at-19.17.29-585x585.jpeg 585w, https:\/\/portalmf.com.br\/wp-content\/uploads\/2023\/01\/WhatsApp-Image-2023-01-09-at-19.17.29.jpeg 1089w\" sizes=\"(max-width: 1024px) 100vw, 1024px\" \/><\/figure>\n<\/figure>\n","protected":false},"excerpt":{"rendered":"<p>Faltando apenas dois dias, a popula\u00e7\u00e3o de S\u00e3o Gon\u00e7alo dos Campos vive a expectativa para a lavagem em homenagem ao padroeiro da cidade (S\u00e3o Gon\u00e7alo do Amarante), que \u00e9 celebrado a cada ano no dia 10 de janeiro. O evento inicia nesta quinta-feira (12) com o cortejo das baianas at\u00e9 \u00e0 Igreja Matriz e logo [&hellip;]<\/p>\n","protected":false},"author":3,"featured_media":7815,"comment_status":"open","ping_status":"open","sticky":false,"template":"","format":"standard","meta":{"_monsterinsights_skip_tracking":false,"_monsterinsights_sitenote_active":false,"_monsterinsights_sitenote_note":"","_monsterinsights_sitenote_category":0,"footnotes":""},"categories":[45],"tags":[],"yoast_head":"<!-- This site is optimized with the Yoast SEO plugin v22.9 - https:\/\/yoast.com\/wordpress\/plugins\/seo\/ -->\n<title>Lavagem de S\u00e3o Gon\u00e7alo dos Campos come\u00e7a nesta quinta-feira - Portal MF<\/title>\n<meta name=\"robots\" content=\"index, follow, max-snippet:-1, max-image-preview:large, max-video-preview:-1\" \/>\n<link rel=\"canonical\" href=\"https:\/\/portalmf.com.br\/index.php\/2023\/01\/10\/lavagem-de-sao-goncalo-dos-campos-comeca-nesta-quinta-feira\/\" \/>\n<meta property=\"og:locale\" content=\"pt_BR\" \/>\n<meta property=\"og:type\" content=\"article\" \/>\n<meta property=\"og:title\" content=\"Lavagem de S\u00e3o Gon\u00e7alo dos Campos come\u00e7a nesta quinta-feira - Portal MF\" \/>\n<meta property=\"og:description\" content=\"Faltando apenas dois dias, a popula\u00e7\u00e3o de S\u00e3o Gon\u00e7alo dos Campos vive a expectativa para a lavagem em homenagem ao padroeiro da cidade (S\u00e3o Gon\u00e7alo do Amarante), que \u00e9 celebrado a cada ano no dia 10 de janeiro. O evento inicia nesta quinta-feira (12) com o cortejo das baianas at\u00e9 \u00e0 Igreja Matriz e logo [&hellip;]\" \/>\n<meta property=\"og:url\" content=\"https:\/\/portalmf.com.br\/index.php\/2023\/01\/10\/lavagem-de-sao-goncalo-dos-campos-comeca-nesta-quinta-feira\/\" \/>\n<meta property=\"og:site_name\" content=\"Portal MF\" \/>\n<meta property=\"article:author\" content=\"https:\/\/www.facebook.com\/portalmfoficial\" \/>\n<meta property=\"article:published_time\" content=\"2023-01-10T12:05:00+00:00\" \/>\n<meta property=\"article:modified_time\" content=\"2023-01-10T21:08:31+00:00\" \/>\n<meta property=\"og:image\" content=\"https:\/\/portalmf.com.br\/wp-content\/uploads\/2023\/01\/WhatsApp-Image-2023-01-09-at-19.17.28.jpeg\" \/>\n\t<meta property=\"og:image:width\" content=\"1280\" \/>\n\t<meta property=\"og:image:height\" content=\"853\" \/>\n\t<meta property=\"og:image:type\" content=\"image\/jpeg\" \/>\n<meta name=\"author\" content=\"Reda\u00e7\u00e3o Portal MF\" \/>\n<meta name=\"twitter:card\" content=\"summary_large_image\" \/>\n<meta name=\"twitter:creator\" content=\"@https:\/\/x.com\/portalmfoficial\" \/>\n<meta name=\"twitter:label1\" content=\"Escrito por\" \/>\n\t<meta name=\"twitter:data1\" content=\"Reda\u00e7\u00e3o Portal MF\" \/>\n\t<meta name=\"twitter:label2\" content=\"Est. tempo de leitura\" \/>\n\t<meta name=\"twitter:data2\" content=\"2 minutos\" \/>\n<script type=\"application\/ld+json\" class=\"yoast-schema-graph\">{\"@context\":\"https:\/\/schema.org\",\"@graph\":[{\"@type\":\"WebPage\",\"@id\":\"https:\/\/portalmf.com.br\/index.php\/2023\/01\/10\/lavagem-de-sao-goncalo-dos-campos-comeca-nesta-quinta-feira\/\",\"url\":\"https:\/\/portalmf.com.br\/index.php\/2023\/01\/10\/lavagem-de-sao-goncalo-dos-campos-comeca-nesta-quinta-feira\/\",\"name\":\"Lavagem de S\u00e3o Gon\u00e7alo dos Campos come\u00e7a nesta quinta-feira - Portal MF\",\"isPartOf\":{\"@id\":\"https:\/\/portalmf.com.br\/#website\"},\"primaryImageOfPage\":{\"@id\":\"https:\/\/portalmf.com.br\/index.php\/2023\/01\/10\/lavagem-de-sao-goncalo-dos-campos-comeca-nesta-quinta-feira\/#primaryimage\"},\"image\":{\"@id\":\"https:\/\/portalmf.com.br\/index.php\/2023\/01\/10\/lavagem-de-sao-goncalo-dos-campos-comeca-nesta-quinta-feira\/#primaryimage\"},\"thumbnailUrl\":\"https:\/\/portalmf.com.br\/wp-content\/uploads\/2023\/01\/WhatsApp-Image-2023-01-09-at-19.17.28.jpeg\",\"datePublished\":\"2023-01-10T12:05:00+00:00\",\"dateModified\":\"2023-01-10T21:08:31+00:00\",\"author\":{\"@id\":\"https:\/\/portalmf.com.br\/#\/schema\/person\/9ec101baf56233e53520c26de5d6f6f0\"},\"breadcrumb\":{\"@id\":\"https:\/\/portalmf.com.br\/index.php\/2023\/01\/10\/lavagem-de-sao-goncalo-dos-campos-comeca-nesta-quinta-feira\/#breadcrumb\"},\"inLanguage\":\"pt-BR\",\"potentialAction\":[{\"@type\":\"ReadAction\",\"target\":[\"https:\/\/portalmf.com.br\/index.php\/2023\/01\/10\/lavagem-de-sao-goncalo-dos-campos-comeca-nesta-quinta-feira\/\"]}]},{\"@type\":\"ImageObject\",\"inLanguage\":\"pt-BR\",\"@id\":\"https:\/\/portalmf.com.br\/index.php\/2023\/01\/10\/lavagem-de-sao-goncalo-dos-campos-comeca-nesta-quinta-feira\/#primaryimage\",\"url\":\"https:\/\/portalmf.com.br\/wp-content\/uploads\/2023\/01\/WhatsApp-Image-2023-01-09-at-19.17.28.jpeg\",\"contentUrl\":\"https:\/\/portalmf.com.br\/wp-content\/uploads\/2023\/01\/WhatsApp-Image-2023-01-09-at-19.17.28.jpeg\",\"width\":1280,\"height\":853},{\"@type\":\"BreadcrumbList\",\"@id\":\"https:\/\/portalmf.com.br\/index.php\/2023\/01\/10\/lavagem-de-sao-goncalo-dos-campos-comeca-nesta-quinta-feira\/#breadcrumb\",\"itemListElement\":[{\"@type\":\"ListItem\",\"position\":1,\"name\":\"In\u00edcio\",\"item\":\"https:\/\/portalmf.com.br\/\"},{\"@type\":\"ListItem\",\"position\":2,\"name\":\"Lavagem de S\u00e3o Gon\u00e7alo dos Campos come\u00e7a nesta quinta-feira\"}]},{\"@type\":\"WebSite\",\"@id\":\"https:\/\/portalmf.com.br\/#website\",\"url\":\"https:\/\/portalmf.com.br\/\",\"name\":\"Portal MF\",\"description\":\"Voc\u00ea conectado com a informa\u00e7\u00e3o\",\"potentialAction\":[{\"@type\":\"SearchAction\",\"target\":{\"@type\":\"EntryPoint\",\"urlTemplate\":\"https:\/\/portalmf.com.br\/?s={search_term_string}\"},\"query-input\":\"required name=search_term_string\"}],\"inLanguage\":\"pt-BR\"},{\"@type\":\"Person\",\"@id\":\"https:\/\/portalmf.com.br\/#\/schema\/person\/9ec101baf56233e53520c26de5d6f6f0\",\"name\":\"Reda\u00e7\u00e3o Portal MF\",\"image\":{\"@type\":\"ImageObject\",\"inLanguage\":\"pt-BR\",\"@id\":\"https:\/\/portalmf.com.br\/#\/schema\/person\/image\/\",\"url\":\"https:\/\/secure.gravatar.com\/avatar\/41b9aaeb2100835f7c64362330f74c7f?s=96&d=mm&r=g\",\"contentUrl\":\"https:\/\/secure.gravatar.com\/avatar\/41b9aaeb2100835f7c64362330f74c7f?s=96&d=mm&r=g\",\"caption\":\"Reda\u00e7\u00e3o Portal MF\"},\"description\":\"Sejam bem-vindos o portal de informa\u00e7\u00f5es de entretenimento de Feira de Santana, desde 2006 realiza coberturas dos principais eventos com entrevistas exclusivas com as principais personalidades mundiais. Fique conectado tamb\u00e9m nas redes sociais.\",\"sameAs\":[\"http:\/\/www.portalmf.com.br\/\",\"https:\/\/www.facebook.com\/portalmfoficial\",\"https:\/\/www.instagram.com\/portalmf\/\",\"https:\/\/x.com\/https:\/\/x.com\/portalmfoficial\",\"https:\/\/www.youtube.com\/@portalmfoficial\"],\"url\":\"https:\/\/portalmf.com.br\/index.php\/author\/junior\/\"}]}<\/script>\n<!-- \/ Yoast SEO plugin. -->","yoast_head_json":{"title":"Lavagem de S\u00e3o Gon\u00e7alo dos Campos come\u00e7a nesta quinta-feira - Portal MF","robots":{"index":"index","follow":"follow","max-snippet":"max-snippet:-1","max-image-preview":"max-image-preview:large","max-video-preview":"max-video-preview:-1"},"canonical":"https:\/\/portalmf.com.br\/index.php\/2023\/01\/10\/lavagem-de-sao-goncalo-dos-campos-comeca-nesta-quinta-feira\/","og_locale":"pt_BR","og_type":"article","og_title":"Lavagem de S\u00e3o Gon\u00e7alo dos Campos come\u00e7a nesta quinta-feira - Portal MF","og_description":"Faltando apenas dois dias, a popula\u00e7\u00e3o de S\u00e3o Gon\u00e7alo dos Campos vive a expectativa para a lavagem em homenagem ao padroeiro da cidade (S\u00e3o Gon\u00e7alo do Amarante), que \u00e9 celebrado a cada ano no dia 10 de janeiro. O evento inicia nesta quinta-feira (12) com o cortejo das baianas at\u00e9 \u00e0 Igreja Matriz e logo [&hellip;]","og_url":"https:\/\/portalmf.com.br\/index.php\/2023\/01\/10\/lavagem-de-sao-goncalo-dos-campos-comeca-nesta-quinta-feira\/","og_site_name":"Portal MF","article_author":"https:\/\/www.facebook.com\/portalmfoficial","article_published_time":"2023-01-10T12:05:00+00:00","article_modified_time":"2023-01-10T21:08:31+00:00","og_image":[{"width":1280,"height":853,"url":"https:\/\/portalmf.com.br\/wp-content\/uploads\/2023\/01\/WhatsApp-Image-2023-01-09-at-19.17.28.jpeg","type":"image\/jpeg"}],"author":"Reda\u00e7\u00e3o Portal MF","twitter_card":"summary_large_image","twitter_creator":"@https:\/\/x.com\/portalmfoficial","twitter_misc":{"Escrito por":"Reda\u00e7\u00e3o Portal MF","Est. tempo de leitura":"2 minutos"},"schema":{"@context":"https:\/\/schema.org","@graph":[{"@type":"WebPage","@id":"https:\/\/portalmf.com.br\/index.php\/2023\/01\/10\/lavagem-de-sao-goncalo-dos-campos-comeca-nesta-quinta-feira\/","url":"https:\/\/portalmf.com.br\/index.php\/2023\/01\/10\/lavagem-de-sao-goncalo-dos-campos-comeca-nesta-quinta-feira\/","name":"Lavagem de S\u00e3o Gon\u00e7alo dos Campos come\u00e7a nesta quinta-feira - Portal MF","isPartOf":{"@id":"https:\/\/portalmf.com.br\/#website"},"primaryImageOfPage":{"@id":"https:\/\/portalmf.com.br\/index.php\/2023\/01\/10\/lavagem-de-sao-goncalo-dos-campos-comeca-nesta-quinta-feira\/#primaryimage"},"image":{"@id":"https:\/\/portalmf.com.br\/index.php\/2023\/01\/10\/lavagem-de-sao-goncalo-dos-campos-comeca-nesta-quinta-feira\/#primaryimage"},"thumbnailUrl":"https:\/\/portalmf.com.br\/wp-content\/uploads\/2023\/01\/WhatsApp-Image-2023-01-09-at-19.17.28.jpeg","datePublished":"2023-01-10T12:05:00+00:00","dateModified":"2023-01-10T21:08:31+00:00","author":{"@id":"https:\/\/portalmf.com.br\/#\/schema\/person\/9ec101baf56233e53520c26de5d6f6f0"},"breadcrumb":{"@id":"https:\/\/portalmf.com.br\/index.php\/2023\/01\/10\/lavagem-de-sao-goncalo-dos-campos-comeca-nesta-quinta-feira\/#breadcrumb"},"inLanguage":"pt-BR","potentialAction":[{"@type":"ReadAction","target":["https:\/\/portalmf.com.br\/index.php\/2023\/01\/10\/lavagem-de-sao-goncalo-dos-campos-comeca-nesta-quinta-feira\/"]}]},{"@type":"ImageObject","inLanguage":"pt-BR","@id":"https:\/\/portalmf.com.br\/index.php\/2023\/01\/10\/lavagem-de-sao-goncalo-dos-campos-comeca-nesta-quinta-feira\/#primaryimage","url":"https:\/\/portalmf.com.br\/wp-content\/uploads\/2023\/01\/WhatsApp-Image-2023-01-09-at-19.17.28.jpeg","contentUrl":"https:\/\/portalmf.com.br\/wp-content\/uploads\/2023\/01\/WhatsApp-Image-2023-01-09-at-19.17.28.jpeg","width":1280,"height":853},{"@type":"BreadcrumbList","@id":"https:\/\/portalmf.com.br\/index.php\/2023\/01\/10\/lavagem-de-sao-goncalo-dos-campos-comeca-nesta-quinta-feira\/#breadcrumb","itemListElement":[{"@type":"ListItem","position":1,"name":"In\u00edcio","item":"https:\/\/portalmf.com.br\/"},{"@type":"ListItem","position":2,"name":"Lavagem de S\u00e3o Gon\u00e7alo dos Campos come\u00e7a nesta quinta-feira"}]},{"@type":"WebSite","@id":"https:\/\/portalmf.com.br\/#website","url":"https:\/\/portalmf.com.br\/","name":"Portal MF","description":"Voc\u00ea conectado com a informa\u00e7\u00e3o","potentialAction":[{"@type":"SearchAction","target":{"@type":"EntryPoint","urlTemplate":"https:\/\/portalmf.com.br\/?s={search_term_string}"},"query-input":"required name=search_term_string"}],"inLanguage":"pt-BR"},{"@type":"Person","@id":"https:\/\/portalmf.com.br\/#\/schema\/person\/9ec101baf56233e53520c26de5d6f6f0","name":"Reda\u00e7\u00e3o Portal MF","image":{"@type":"ImageObject","inLanguage":"pt-BR","@id":"https:\/\/portalmf.com.br\/#\/schema\/person\/image\/","url":"https:\/\/secure.gravatar.com\/avatar\/41b9aaeb2100835f7c64362330f74c7f?s=96&d=mm&r=g","contentUrl":"https:\/\/secure.gravatar.com\/avatar\/41b9aaeb2100835f7c64362330f74c7f?s=96&d=mm&r=g","caption":"Reda\u00e7\u00e3o Portal MF"},"description":"Sejam bem-vindos o portal de informa\u00e7\u00f5es de entretenimento de Feira de Santana, desde 2006 realiza coberturas dos principais eventos com entrevistas exclusivas com as principais personalidades mundiais. Fique conectado tamb\u00e9m nas redes sociais.","sameAs":["http:\/\/www.portalmf.com.br\/","https:\/\/www.facebook.com\/portalmfoficial","https:\/\/www.instagram.com\/portalmf\/","https:\/\/x.com\/https:\/\/x.com\/portalmfoficial","https:\/\/www.youtube.com\/@portalmfoficial"],"url":"https:\/\/portalmf.com.br\/index.php\/author\/junior\/"}]}},"_links":{"self":[{"href":"https:\/\/portalmf.com.br\/index.php\/wp-json\/wp\/v2\/posts\/7810"}],"collection":[{"href":"https:\/\/portalmf.com.br\/index.php\/wp-json\/wp\/v2\/posts"}],"about":[{"href":"https:\/\/portalmf.com.br\/index.php\/wp-json\/wp\/v2\/types\/post"}],"author":[{"embeddable":true,"href":"https:\/\/portalmf.com.br\/index.php\/wp-json\/wp\/v2\/users\/3"}],"replies":[{"embeddable":true,"href":"https:\/\/portalmf.com.br\/index.php\/wp-json\/wp\/v2\/comments?post=7810"}],"version-history":[{"count":1,"href":"https:\/\/portalmf.com.br\/index.php\/wp-json\/wp\/v2\/posts\/7810\/revisions"}],"predecessor-version":[{"id":7814,"href":"https:\/\/portalmf.com.br\/index.php\/wp-json\/wp\/v2\/posts\/7810\/revisions\/7814"}],"wp:featuredmedia":[{"embeddable":true,"href":"https:\/\/portalmf.com.br\/index.php\/wp-json\/wp\/v2\/media\/7815"}],"wp:attachment":[{"href":"https:\/\/portalmf.com.br\/index.php\/wp-json\/wp\/v2\/media?parent=7810"}],"wp:term":[{"taxonomy":"category","embeddable":true,"href":"https:\/\/portalmf.com.br\/index.php\/wp-json\/wp\/v2\/categories?post=7810"},{"taxonomy":"post_tag","embeddable":true,"href":"https:\/\/portalmf.com.br\/index.php\/wp-json\/wp\/v2\/tags?post=7810"}],"curies":[{"name":"wp","href":"https:\/\/api.w.org\/{rel}","templated":true}]}}