{"id":7807,"date":"2023-01-10T07:03:00","date_gmt":"2023-01-10T10:03:00","guid":{"rendered":"https:\/\/portalmf.com.br\/?p=7807"},"modified":"2023-01-10T18:05:04","modified_gmt":"2023-01-10T21:05:04","slug":"itaipava-lanca-campanha-de-verao-com-linguagem-proprietaria-a-lingua-do-ita","status":"publish","type":"post","link":"https:\/\/portalmf.com.br\/index.php\/2023\/01\/10\/itaipava-lanca-campanha-de-verao-com-linguagem-proprietaria-a-lingua-do-ita\/","title":{"rendered":"Itaipava lan\u00e7a campanha de ver\u00e3o com linguagem propriet\u00e1ria: a \u201cL\u00edngua do ITA\u201d"},"content":{"rendered":"\n<p>\u201cITA-Gelada chefe?\u201d ITA-todo mundo falando assim e \u00e9 dessa forma que a Itaipava d\u00e1 continuidade \u00e0 sua campanha de ver\u00e3o 2023 com o conceito \u201cL\u00edngua da ITA\u201d. O segundo filme, titulado como \u201cITA-na boca do povo\u201d, estreou nesta quarta-feira (04), no intervalo da novela Travessia, transmitida pela TV Globo. Dividida em diferentes pe\u00e7as que marcar\u00e3o todo ver\u00e3o da marca, de janeiro a mar\u00e7o, incluindo Carnaval, o material refor\u00e7a a assinatura &#8220;100% Cerveja&#8221;, que coloca o produto no centro de sua comunica\u00e7\u00e3o, para estimular o desejo dos consumidores.<\/p>\n\n\n\n<p>\u201cEntendemos cada vez mais a import\u00e2ncia de uma associa\u00e7\u00e3o direta dos consumidores com nossa cerveja, de uma conex\u00e3o real da nossa marca com ocasi\u00f5es de consumo do brasileiro. O filme \u2018L\u00edngua do ITA\u2019 chega para completar essa comunica\u00e7\u00e3o com foco nos atributos dos nossos produtos, al\u00e9m da cria\u00e7\u00e3o de uma linguagem propriet\u00e1ria para nossa marca. Esse \u00e9 um momento bastante importante para Itaipava, que reformulou recentemente sua assinatura e vem ampliando sua forma de se comunicar\u201d, explica Naiara Brugneroto, coordenadora de Marketing da marca Itaipava no Grupo Petr\u00f3polis.<\/p>\n\n\n\n<p>Criada pela WMcCann, as pe\u00e7as dessa fase da campanha de ver\u00e3o 2023 apresentam uma identidade visual que refor\u00e7a o espa\u00e7o de bares e a cultura popular brasileira para comunicar os atributos do portf\u00f3lio da cerveja de forma leve e descontra\u00edda. Com dizeres tais como &#8220;ITA-Leve&#8221;, &#8220;ITA-Marcante&#8221;, &#8220;ITA-Perfeita&#8221;, a campanha ainda ressalta sabor, qualidade e refresc\u00e2ncia da fam\u00edlia Itaipava.<\/p>\n\n\n\n<p>\u201cNosso principal objetivo era o de evoluir o conceito ITA, adotado pela marca recentemente, para aproximar cada vez mais o p\u00fablico da Itaipava. Com as iniciais do pr\u00f3prio nome, criamos, portanto, uma linguagem propriet\u00e1ria que constr\u00f3i marca e estimula o desejo de consumo pela cerveja, incluindo todo o humor que a campanha de ver\u00e3o exige\u201d, explica Alessandra (Lel\u00ea) Pereira, diretora de Cria\u00e7\u00e3o da WMcCann.&nbsp;<\/p>\n\n\n\n<p>A estrat\u00e9gia de comunica\u00e7\u00e3o contar\u00e1 com diferentes filmes de 30\u201d e 15\u201d para TV aberta de abrang\u00eancia nacional, al\u00e9m de desdobramentos para o digital. Nas redes sociais, a marca ir\u00e1 explorar diferentes formatos para comunicar a nova linguagem ao p\u00fablico, al\u00e9m de trazer diferentes editorias e a\u00e7\u00f5es de conte\u00fado que exploram o \u201cITA\u201d.\u00a0<\/p>\n\n\n\n<figure class=\"wp-block-embed is-type-video is-provider-youtube wp-block-embed-youtube wp-embed-aspect-16-9 wp-has-aspect-ratio\"><div class=\"wp-block-embed__wrapper\">\n<iframe title=\"Ita-na boca do povo!\" width=\"696\" height=\"392\" src=\"https:\/\/www.youtube.com\/embed\/-9krz-XQImI?feature=oembed\" frameborder=\"0\" allow=\"accelerometer; autoplay; clipboard-write; encrypted-media; gyroscope; picture-in-picture; web-share\" allowfullscreen><\/iframe>\n<\/div><\/figure>\n","protected":false},"excerpt":{"rendered":"<p>\u201cITA-Gelada chefe?\u201d ITA-todo mundo falando assim e \u00e9 dessa forma que a Itaipava d\u00e1 continuidade \u00e0 sua campanha de ver\u00e3o 2023 com o conceito \u201cL\u00edngua da ITA\u201d. O segundo filme, titulado como \u201cITA-na boca do povo\u201d, estreou nesta quarta-feira (04), no intervalo da novela Travessia, transmitida pela TV Globo. Dividida em diferentes pe\u00e7as que marcar\u00e3o [&hellip;]<\/p>\n","protected":false},"author":3,"featured_media":7808,"comment_status":"open","ping_status":"open","sticky":false,"template":"","format":"standard","meta":{"_monsterinsights_skip_tracking":false,"_monsterinsights_sitenote_active":false,"_monsterinsights_sitenote_note":"","_monsterinsights_sitenote_category":0,"footnotes":""},"categories":[295],"tags":[],"yoast_head":"<!-- This site is optimized with the Yoast SEO plugin v22.9 - https:\/\/yoast.com\/wordpress\/plugins\/seo\/ -->\n<title>Itaipava lan\u00e7a campanha de ver\u00e3o com linguagem propriet\u00e1ria: a \u201cL\u00edngua do ITA\u201d - Portal MF<\/title>\n<meta name=\"robots\" content=\"index, follow, max-snippet:-1, max-image-preview:large, max-video-preview:-1\" \/>\n<link rel=\"canonical\" href=\"https:\/\/portalmf.com.br\/index.php\/2023\/01\/10\/itaipava-lanca-campanha-de-verao-com-linguagem-proprietaria-a-lingua-do-ita\/\" \/>\n<meta property=\"og:locale\" content=\"pt_BR\" \/>\n<meta property=\"og:type\" content=\"article\" \/>\n<meta property=\"og:title\" content=\"Itaipava lan\u00e7a campanha de ver\u00e3o com linguagem propriet\u00e1ria: a \u201cL\u00edngua do ITA\u201d - Portal MF\" \/>\n<meta property=\"og:description\" content=\"\u201cITA-Gelada chefe?\u201d ITA-todo mundo falando assim e \u00e9 dessa forma que a Itaipava d\u00e1 continuidade \u00e0 sua campanha de ver\u00e3o 2023 com o conceito \u201cL\u00edngua da ITA\u201d. O segundo filme, titulado como \u201cITA-na boca do povo\u201d, estreou nesta quarta-feira (04), no intervalo da novela Travessia, transmitida pela TV Globo. Dividida em diferentes pe\u00e7as que marcar\u00e3o [&hellip;]\" \/>\n<meta property=\"og:url\" content=\"https:\/\/portalmf.com.br\/index.php\/2023\/01\/10\/itaipava-lanca-campanha-de-verao-com-linguagem-proprietaria-a-lingua-do-ita\/\" \/>\n<meta property=\"og:site_name\" content=\"Portal MF\" \/>\n<meta property=\"article:author\" content=\"https:\/\/www.facebook.com\/portalmfoficial\" \/>\n<meta property=\"article:published_time\" content=\"2023-01-10T10:03:00+00:00\" \/>\n<meta property=\"article:modified_time\" content=\"2023-01-10T21:05:04+00:00\" \/>\n<meta property=\"og:image\" content=\"https:\/\/portalmf.com.br\/wp-content\/uploads\/2023\/01\/campanha-Ita-lingua-cena-2-Credito-Divulgacao.jpg\" \/>\n\t<meta property=\"og:image:width\" content=\"1051\" \/>\n\t<meta property=\"og:image:height\" content=\"595\" \/>\n\t<meta property=\"og:image:type\" content=\"image\/jpeg\" \/>\n<meta name=\"author\" content=\"Reda\u00e7\u00e3o Portal MF\" \/>\n<meta name=\"twitter:card\" content=\"summary_large_image\" \/>\n<meta name=\"twitter:creator\" content=\"@https:\/\/x.com\/portalmfoficial\" \/>\n<meta name=\"twitter:label1\" content=\"Escrito por\" \/>\n\t<meta name=\"twitter:data1\" content=\"Reda\u00e7\u00e3o Portal MF\" \/>\n\t<meta name=\"twitter:label2\" content=\"Est. tempo de leitura\" \/>\n\t<meta name=\"twitter:data2\" content=\"2 minutos\" \/>\n<script type=\"application\/ld+json\" class=\"yoast-schema-graph\">{\"@context\":\"https:\/\/schema.org\",\"@graph\":[{\"@type\":\"WebPage\",\"@id\":\"https:\/\/portalmf.com.br\/index.php\/2023\/01\/10\/itaipava-lanca-campanha-de-verao-com-linguagem-proprietaria-a-lingua-do-ita\/\",\"url\":\"https:\/\/portalmf.com.br\/index.php\/2023\/01\/10\/itaipava-lanca-campanha-de-verao-com-linguagem-proprietaria-a-lingua-do-ita\/\",\"name\":\"Itaipava lan\u00e7a campanha de ver\u00e3o com linguagem propriet\u00e1ria: a \u201cL\u00edngua do ITA\u201d - Portal MF\",\"isPartOf\":{\"@id\":\"https:\/\/portalmf.com.br\/#website\"},\"primaryImageOfPage\":{\"@id\":\"https:\/\/portalmf.com.br\/index.php\/2023\/01\/10\/itaipava-lanca-campanha-de-verao-com-linguagem-proprietaria-a-lingua-do-ita\/#primaryimage\"},\"image\":{\"@id\":\"https:\/\/portalmf.com.br\/index.php\/2023\/01\/10\/itaipava-lanca-campanha-de-verao-com-linguagem-proprietaria-a-lingua-do-ita\/#primaryimage\"},\"thumbnailUrl\":\"https:\/\/portalmf.com.br\/wp-content\/uploads\/2023\/01\/campanha-Ita-lingua-cena-2-Credito-Divulgacao.jpg\",\"datePublished\":\"2023-01-10T10:03:00+00:00\",\"dateModified\":\"2023-01-10T21:05:04+00:00\",\"author\":{\"@id\":\"https:\/\/portalmf.com.br\/#\/schema\/person\/9ec101baf56233e53520c26de5d6f6f0\"},\"breadcrumb\":{\"@id\":\"https:\/\/portalmf.com.br\/index.php\/2023\/01\/10\/itaipava-lanca-campanha-de-verao-com-linguagem-proprietaria-a-lingua-do-ita\/#breadcrumb\"},\"inLanguage\":\"pt-BR\",\"potentialAction\":[{\"@type\":\"ReadAction\",\"target\":[\"https:\/\/portalmf.com.br\/index.php\/2023\/01\/10\/itaipava-lanca-campanha-de-verao-com-linguagem-proprietaria-a-lingua-do-ita\/\"]}]},{\"@type\":\"ImageObject\",\"inLanguage\":\"pt-BR\",\"@id\":\"https:\/\/portalmf.com.br\/index.php\/2023\/01\/10\/itaipava-lanca-campanha-de-verao-com-linguagem-proprietaria-a-lingua-do-ita\/#primaryimage\",\"url\":\"https:\/\/portalmf.com.br\/wp-content\/uploads\/2023\/01\/campanha-Ita-lingua-cena-2-Credito-Divulgacao.jpg\",\"contentUrl\":\"https:\/\/portalmf.com.br\/wp-content\/uploads\/2023\/01\/campanha-Ita-lingua-cena-2-Credito-Divulgacao.jpg\",\"width\":1051,\"height\":595},{\"@type\":\"BreadcrumbList\",\"@id\":\"https:\/\/portalmf.com.br\/index.php\/2023\/01\/10\/itaipava-lanca-campanha-de-verao-com-linguagem-proprietaria-a-lingua-do-ita\/#breadcrumb\",\"itemListElement\":[{\"@type\":\"ListItem\",\"position\":1,\"name\":\"In\u00edcio\",\"item\":\"https:\/\/portalmf.com.br\/\"},{\"@type\":\"ListItem\",\"position\":2,\"name\":\"Itaipava lan\u00e7a campanha de ver\u00e3o com linguagem propriet\u00e1ria: a \u201cL\u00edngua do ITA\u201d\"}]},{\"@type\":\"WebSite\",\"@id\":\"https:\/\/portalmf.com.br\/#website\",\"url\":\"https:\/\/portalmf.com.br\/\",\"name\":\"Portal MF\",\"description\":\"Voc\u00ea conectado com a informa\u00e7\u00e3o\",\"potentialAction\":[{\"@type\":\"SearchAction\",\"target\":{\"@type\":\"EntryPoint\",\"urlTemplate\":\"https:\/\/portalmf.com.br\/?s={search_term_string}\"},\"query-input\":\"required name=search_term_string\"}],\"inLanguage\":\"pt-BR\"},{\"@type\":\"Person\",\"@id\":\"https:\/\/portalmf.com.br\/#\/schema\/person\/9ec101baf56233e53520c26de5d6f6f0\",\"name\":\"Reda\u00e7\u00e3o Portal MF\",\"image\":{\"@type\":\"ImageObject\",\"inLanguage\":\"pt-BR\",\"@id\":\"https:\/\/portalmf.com.br\/#\/schema\/person\/image\/\",\"url\":\"https:\/\/secure.gravatar.com\/avatar\/41b9aaeb2100835f7c64362330f74c7f?s=96&d=mm&r=g\",\"contentUrl\":\"https:\/\/secure.gravatar.com\/avatar\/41b9aaeb2100835f7c64362330f74c7f?s=96&d=mm&r=g\",\"caption\":\"Reda\u00e7\u00e3o Portal MF\"},\"description\":\"Sejam bem-vindos o portal de informa\u00e7\u00f5es de entretenimento de Feira de Santana, desde 2006 realiza coberturas dos principais eventos com entrevistas exclusivas com as principais personalidades mundiais. Fique conectado tamb\u00e9m nas redes sociais.\",\"sameAs\":[\"http:\/\/www.portalmf.com.br\/\",\"https:\/\/www.facebook.com\/portalmfoficial\",\"https:\/\/www.instagram.com\/portalmf\/\",\"https:\/\/x.com\/https:\/\/x.com\/portalmfoficial\",\"https:\/\/www.youtube.com\/@portalmfoficial\"],\"url\":\"https:\/\/portalmf.com.br\/index.php\/author\/junior\/\"}]}<\/script>\n<!-- \/ Yoast SEO plugin. -->","yoast_head_json":{"title":"Itaipava lan\u00e7a campanha de ver\u00e3o com linguagem propriet\u00e1ria: a \u201cL\u00edngua do ITA\u201d - Portal MF","robots":{"index":"index","follow":"follow","max-snippet":"max-snippet:-1","max-image-preview":"max-image-preview:large","max-video-preview":"max-video-preview:-1"},"canonical":"https:\/\/portalmf.com.br\/index.php\/2023\/01\/10\/itaipava-lanca-campanha-de-verao-com-linguagem-proprietaria-a-lingua-do-ita\/","og_locale":"pt_BR","og_type":"article","og_title":"Itaipava lan\u00e7a campanha de ver\u00e3o com linguagem propriet\u00e1ria: a \u201cL\u00edngua do ITA\u201d - Portal MF","og_description":"\u201cITA-Gelada chefe?\u201d ITA-todo mundo falando assim e \u00e9 dessa forma que a Itaipava d\u00e1 continuidade \u00e0 sua campanha de ver\u00e3o 2023 com o conceito \u201cL\u00edngua da ITA\u201d. O segundo filme, titulado como \u201cITA-na boca do povo\u201d, estreou nesta quarta-feira (04), no intervalo da novela Travessia, transmitida pela TV Globo. Dividida em diferentes pe\u00e7as que marcar\u00e3o [&hellip;]","og_url":"https:\/\/portalmf.com.br\/index.php\/2023\/01\/10\/itaipava-lanca-campanha-de-verao-com-linguagem-proprietaria-a-lingua-do-ita\/","og_site_name":"Portal MF","article_author":"https:\/\/www.facebook.com\/portalmfoficial","article_published_time":"2023-01-10T10:03:00+00:00","article_modified_time":"2023-01-10T21:05:04+00:00","og_image":[{"width":1051,"height":595,"url":"https:\/\/portalmf.com.br\/wp-content\/uploads\/2023\/01\/campanha-Ita-lingua-cena-2-Credito-Divulgacao.jpg","type":"image\/jpeg"}],"author":"Reda\u00e7\u00e3o Portal MF","twitter_card":"summary_large_image","twitter_creator":"@https:\/\/x.com\/portalmfoficial","twitter_misc":{"Escrito por":"Reda\u00e7\u00e3o Portal MF","Est. tempo de leitura":"2 minutos"},"schema":{"@context":"https:\/\/schema.org","@graph":[{"@type":"WebPage","@id":"https:\/\/portalmf.com.br\/index.php\/2023\/01\/10\/itaipava-lanca-campanha-de-verao-com-linguagem-proprietaria-a-lingua-do-ita\/","url":"https:\/\/portalmf.com.br\/index.php\/2023\/01\/10\/itaipava-lanca-campanha-de-verao-com-linguagem-proprietaria-a-lingua-do-ita\/","name":"Itaipava lan\u00e7a campanha de ver\u00e3o com linguagem propriet\u00e1ria: a \u201cL\u00edngua do ITA\u201d - Portal MF","isPartOf":{"@id":"https:\/\/portalmf.com.br\/#website"},"primaryImageOfPage":{"@id":"https:\/\/portalmf.com.br\/index.php\/2023\/01\/10\/itaipava-lanca-campanha-de-verao-com-linguagem-proprietaria-a-lingua-do-ita\/#primaryimage"},"image":{"@id":"https:\/\/portalmf.com.br\/index.php\/2023\/01\/10\/itaipava-lanca-campanha-de-verao-com-linguagem-proprietaria-a-lingua-do-ita\/#primaryimage"},"thumbnailUrl":"https:\/\/portalmf.com.br\/wp-content\/uploads\/2023\/01\/campanha-Ita-lingua-cena-2-Credito-Divulgacao.jpg","datePublished":"2023-01-10T10:03:00+00:00","dateModified":"2023-01-10T21:05:04+00:00","author":{"@id":"https:\/\/portalmf.com.br\/#\/schema\/person\/9ec101baf56233e53520c26de5d6f6f0"},"breadcrumb":{"@id":"https:\/\/portalmf.com.br\/index.php\/2023\/01\/10\/itaipava-lanca-campanha-de-verao-com-linguagem-proprietaria-a-lingua-do-ita\/#breadcrumb"},"inLanguage":"pt-BR","potentialAction":[{"@type":"ReadAction","target":["https:\/\/portalmf.com.br\/index.php\/2023\/01\/10\/itaipava-lanca-campanha-de-verao-com-linguagem-proprietaria-a-lingua-do-ita\/"]}]},{"@type":"ImageObject","inLanguage":"pt-BR","@id":"https:\/\/portalmf.com.br\/index.php\/2023\/01\/10\/itaipava-lanca-campanha-de-verao-com-linguagem-proprietaria-a-lingua-do-ita\/#primaryimage","url":"https:\/\/portalmf.com.br\/wp-content\/uploads\/2023\/01\/campanha-Ita-lingua-cena-2-Credito-Divulgacao.jpg","contentUrl":"https:\/\/portalmf.com.br\/wp-content\/uploads\/2023\/01\/campanha-Ita-lingua-cena-2-Credito-Divulgacao.jpg","width":1051,"height":595},{"@type":"BreadcrumbList","@id":"https:\/\/portalmf.com.br\/index.php\/2023\/01\/10\/itaipava-lanca-campanha-de-verao-com-linguagem-proprietaria-a-lingua-do-ita\/#breadcrumb","itemListElement":[{"@type":"ListItem","position":1,"name":"In\u00edcio","item":"https:\/\/portalmf.com.br\/"},{"@type":"ListItem","position":2,"name":"Itaipava lan\u00e7a campanha de ver\u00e3o com linguagem propriet\u00e1ria: a \u201cL\u00edngua do ITA\u201d"}]},{"@type":"WebSite","@id":"https:\/\/portalmf.com.br\/#website","url":"https:\/\/portalmf.com.br\/","name":"Portal MF","description":"Voc\u00ea conectado com a informa\u00e7\u00e3o","potentialAction":[{"@type":"SearchAction","target":{"@type":"EntryPoint","urlTemplate":"https:\/\/portalmf.com.br\/?s={search_term_string}"},"query-input":"required name=search_term_string"}],"inLanguage":"pt-BR"},{"@type":"Person","@id":"https:\/\/portalmf.com.br\/#\/schema\/person\/9ec101baf56233e53520c26de5d6f6f0","name":"Reda\u00e7\u00e3o Portal MF","image":{"@type":"ImageObject","inLanguage":"pt-BR","@id":"https:\/\/portalmf.com.br\/#\/schema\/person\/image\/","url":"https:\/\/secure.gravatar.com\/avatar\/41b9aaeb2100835f7c64362330f74c7f?s=96&d=mm&r=g","contentUrl":"https:\/\/secure.gravatar.com\/avatar\/41b9aaeb2100835f7c64362330f74c7f?s=96&d=mm&r=g","caption":"Reda\u00e7\u00e3o Portal MF"},"description":"Sejam bem-vindos o portal de informa\u00e7\u00f5es de entretenimento de Feira de Santana, desde 2006 realiza coberturas dos principais eventos com entrevistas exclusivas com as principais personalidades mundiais. Fique conectado tamb\u00e9m nas redes sociais.","sameAs":["http:\/\/www.portalmf.com.br\/","https:\/\/www.facebook.com\/portalmfoficial","https:\/\/www.instagram.com\/portalmf\/","https:\/\/x.com\/https:\/\/x.com\/portalmfoficial","https:\/\/www.youtube.com\/@portalmfoficial"],"url":"https:\/\/portalmf.com.br\/index.php\/author\/junior\/"}]}},"_links":{"self":[{"href":"https:\/\/portalmf.com.br\/index.php\/wp-json\/wp\/v2\/posts\/7807"}],"collection":[{"href":"https:\/\/portalmf.com.br\/index.php\/wp-json\/wp\/v2\/posts"}],"about":[{"href":"https:\/\/portalmf.com.br\/index.php\/wp-json\/wp\/v2\/types\/post"}],"author":[{"embeddable":true,"href":"https:\/\/portalmf.com.br\/index.php\/wp-json\/wp\/v2\/users\/3"}],"replies":[{"embeddable":true,"href":"https:\/\/portalmf.com.br\/index.php\/wp-json\/wp\/v2\/comments?post=7807"}],"version-history":[{"count":1,"href":"https:\/\/portalmf.com.br\/index.php\/wp-json\/wp\/v2\/posts\/7807\/revisions"}],"predecessor-version":[{"id":7809,"href":"https:\/\/portalmf.com.br\/index.php\/wp-json\/wp\/v2\/posts\/7807\/revisions\/7809"}],"wp:featuredmedia":[{"embeddable":true,"href":"https:\/\/portalmf.com.br\/index.php\/wp-json\/wp\/v2\/media\/7808"}],"wp:attachment":[{"href":"https:\/\/portalmf.com.br\/index.php\/wp-json\/wp\/v2\/media?parent=7807"}],"wp:term":[{"taxonomy":"category","embeddable":true,"href":"https:\/\/portalmf.com.br\/index.php\/wp-json\/wp\/v2\/categories?post=7807"},{"taxonomy":"post_tag","embeddable":true,"href":"https:\/\/portalmf.com.br\/index.php\/wp-json\/wp\/v2\/tags?post=7807"}],"curies":[{"name":"wp","href":"https:\/\/api.w.org\/{rel}","templated":true}]}}