{"id":7805,"date":"2023-01-10T18:02:19","date_gmt":"2023-01-10T21:02:19","guid":{"rendered":"https:\/\/portalmf.com.br\/?p=7805"},"modified":"2023-01-10T18:02:20","modified_gmt":"2023-01-10T21:02:20","slug":"larissa-mello-se-prepara-para-lancar-pa-pa-pa-segundo-single-do-seu-novo-ep","status":"publish","type":"post","link":"https:\/\/portalmf.com.br\/index.php\/2023\/01\/10\/larissa-mello-se-prepara-para-lancar-pa-pa-pa-segundo-single-do-seu-novo-ep\/","title":{"rendered":"Larissa Mello se prepara para lan\u00e7ar \u201cP\u00e1 P\u00e1 P\u00e1\u201d segundo single do seu novo EP"},"content":{"rendered":"\n<p>A cantora Larissa Mello mostra que entrou nesse novo ano cheia de g\u00e1s e trabalhando muito. A artista acaba de anunciar o lan\u00e7amento do seu segundo single autoral. Intitulada \u201cP\u00e1 P\u00e1 P\u00e1\u201d, a can\u00e7\u00e3o \u00e9 uma composi\u00e7\u00e3o de Lucas Pierotty, e promete se tornar um dos hits do ver\u00e3o baiano. <\/p>\n\n\n\n<p>A data para a nova m\u00fasica estar dispon\u00edvel nas plataformas de streaming \u00e9\u00a0<strong>dia 19 de janeiro<\/strong>,\u00a0<strong>quinta-feira da pr\u00f3xima semana.<\/strong>\u00a0<\/p>\n\n\n\n<p>O novo single \u00e9 um vaner\u00e3o, cheio de swing e para l\u00e1 animado. O ritmo tem tudo para, mais uma vez, estourar n\u00e3o s\u00f3 como coreografia no TikTok, mas tamb\u00e9m nos pared\u00f5es. <\/p>\n\n\n\n<p><em>\u201cEu estou muito ansiosa para mais esse lan\u00e7amento. A letra dessa m\u00fasica \u00e9 gostosa demais! D\u00e1 vontade de sair dan\u00e7ando. Espero que todo mundo goste desse novo trabalho\u201d,<\/em> conta Larissa.<\/p>\n","protected":false},"excerpt":{"rendered":"<p>A cantora Larissa Mello mostra que entrou nesse novo ano cheia de g\u00e1s e trabalhando muito. A artista acaba de anunciar o lan\u00e7amento do seu segundo single autoral. Intitulada \u201cP\u00e1 P\u00e1 P\u00e1\u201d, a can\u00e7\u00e3o \u00e9 uma composi\u00e7\u00e3o de Lucas Pierotty, e promete se tornar um dos hits do ver\u00e3o baiano. A data para a nova [&hellip;]<\/p>\n","protected":false},"author":3,"featured_media":6520,"comment_status":"open","ping_status":"open","sticky":false,"template":"","format":"standard","meta":{"_monsterinsights_skip_tracking":false,"_monsterinsights_sitenote_active":false,"_monsterinsights_sitenote_note":"","_monsterinsights_sitenote_category":0,"footnotes":""},"categories":[36],"tags":[],"yoast_head":"<!-- This site is optimized with the Yoast SEO plugin v22.9 - https:\/\/yoast.com\/wordpress\/plugins\/seo\/ -->\n<title>Larissa Mello se prepara para lan\u00e7ar \u201cP\u00e1 P\u00e1 P\u00e1\u201d segundo single do seu novo EP - Portal MF<\/title>\n<meta name=\"robots\" content=\"index, follow, max-snippet:-1, max-image-preview:large, max-video-preview:-1\" \/>\n<link rel=\"canonical\" href=\"https:\/\/portalmf.com.br\/index.php\/2023\/01\/10\/larissa-mello-se-prepara-para-lancar-pa-pa-pa-segundo-single-do-seu-novo-ep\/\" \/>\n<meta property=\"og:locale\" content=\"pt_BR\" \/>\n<meta property=\"og:type\" content=\"article\" \/>\n<meta property=\"og:title\" content=\"Larissa Mello se prepara para lan\u00e7ar \u201cP\u00e1 P\u00e1 P\u00e1\u201d segundo single do seu novo EP - Portal MF\" \/>\n<meta property=\"og:description\" content=\"A cantora Larissa Mello mostra que entrou nesse novo ano cheia de g\u00e1s e trabalhando muito. A artista acaba de anunciar o lan\u00e7amento do seu segundo single autoral. Intitulada \u201cP\u00e1 P\u00e1 P\u00e1\u201d, a can\u00e7\u00e3o \u00e9 uma composi\u00e7\u00e3o de Lucas Pierotty, e promete se tornar um dos hits do ver\u00e3o baiano. A data para a nova [&hellip;]\" \/>\n<meta property=\"og:url\" content=\"https:\/\/portalmf.com.br\/index.php\/2023\/01\/10\/larissa-mello-se-prepara-para-lancar-pa-pa-pa-segundo-single-do-seu-novo-ep\/\" \/>\n<meta property=\"og:site_name\" content=\"Portal MF\" \/>\n<meta property=\"article:author\" content=\"https:\/\/www.facebook.com\/portalmfoficial\" \/>\n<meta property=\"article:published_time\" content=\"2023-01-10T21:02:19+00:00\" \/>\n<meta property=\"article:modified_time\" content=\"2023-01-10T21:02:20+00:00\" \/>\n<meta property=\"og:image\" content=\"https:\/\/portalmf.com.br\/wp-content\/uploads\/2022\/12\/Larissa-Mello_NOVA.jpg\" \/>\n\t<meta property=\"og:image:width\" content=\"1092\" \/>\n\t<meta property=\"og:image:height\" content=\"760\" \/>\n\t<meta property=\"og:image:type\" content=\"image\/jpeg\" \/>\n<meta name=\"author\" content=\"Reda\u00e7\u00e3o Portal MF\" \/>\n<meta name=\"twitter:card\" content=\"summary_large_image\" \/>\n<meta name=\"twitter:creator\" content=\"@https:\/\/x.com\/portalmfoficial\" \/>\n<meta name=\"twitter:label1\" content=\"Escrito por\" \/>\n\t<meta name=\"twitter:data1\" content=\"Reda\u00e7\u00e3o Portal MF\" \/>\n\t<meta name=\"twitter:label2\" content=\"Est. tempo de leitura\" \/>\n\t<meta name=\"twitter:data2\" content=\"1 minuto\" \/>\n<script type=\"application\/ld+json\" class=\"yoast-schema-graph\">{\"@context\":\"https:\/\/schema.org\",\"@graph\":[{\"@type\":\"WebPage\",\"@id\":\"https:\/\/portalmf.com.br\/index.php\/2023\/01\/10\/larissa-mello-se-prepara-para-lancar-pa-pa-pa-segundo-single-do-seu-novo-ep\/\",\"url\":\"https:\/\/portalmf.com.br\/index.php\/2023\/01\/10\/larissa-mello-se-prepara-para-lancar-pa-pa-pa-segundo-single-do-seu-novo-ep\/\",\"name\":\"Larissa Mello se prepara para lan\u00e7ar \u201cP\u00e1 P\u00e1 P\u00e1\u201d segundo single do seu novo EP - Portal MF\",\"isPartOf\":{\"@id\":\"https:\/\/portalmf.com.br\/#website\"},\"primaryImageOfPage\":{\"@id\":\"https:\/\/portalmf.com.br\/index.php\/2023\/01\/10\/larissa-mello-se-prepara-para-lancar-pa-pa-pa-segundo-single-do-seu-novo-ep\/#primaryimage\"},\"image\":{\"@id\":\"https:\/\/portalmf.com.br\/index.php\/2023\/01\/10\/larissa-mello-se-prepara-para-lancar-pa-pa-pa-segundo-single-do-seu-novo-ep\/#primaryimage\"},\"thumbnailUrl\":\"https:\/\/portalmf.com.br\/wp-content\/uploads\/2022\/12\/Larissa-Mello_NOVA.jpg\",\"datePublished\":\"2023-01-10T21:02:19+00:00\",\"dateModified\":\"2023-01-10T21:02:20+00:00\",\"author\":{\"@id\":\"https:\/\/portalmf.com.br\/#\/schema\/person\/9ec101baf56233e53520c26de5d6f6f0\"},\"breadcrumb\":{\"@id\":\"https:\/\/portalmf.com.br\/index.php\/2023\/01\/10\/larissa-mello-se-prepara-para-lancar-pa-pa-pa-segundo-single-do-seu-novo-ep\/#breadcrumb\"},\"inLanguage\":\"pt-BR\",\"potentialAction\":[{\"@type\":\"ReadAction\",\"target\":[\"https:\/\/portalmf.com.br\/index.php\/2023\/01\/10\/larissa-mello-se-prepara-para-lancar-pa-pa-pa-segundo-single-do-seu-novo-ep\/\"]}]},{\"@type\":\"ImageObject\",\"inLanguage\":\"pt-BR\",\"@id\":\"https:\/\/portalmf.com.br\/index.php\/2023\/01\/10\/larissa-mello-se-prepara-para-lancar-pa-pa-pa-segundo-single-do-seu-novo-ep\/#primaryimage\",\"url\":\"https:\/\/portalmf.com.br\/wp-content\/uploads\/2022\/12\/Larissa-Mello_NOVA.jpg\",\"contentUrl\":\"https:\/\/portalmf.com.br\/wp-content\/uploads\/2022\/12\/Larissa-Mello_NOVA.jpg\",\"width\":1092,\"height\":760},{\"@type\":\"BreadcrumbList\",\"@id\":\"https:\/\/portalmf.com.br\/index.php\/2023\/01\/10\/larissa-mello-se-prepara-para-lancar-pa-pa-pa-segundo-single-do-seu-novo-ep\/#breadcrumb\",\"itemListElement\":[{\"@type\":\"ListItem\",\"position\":1,\"name\":\"In\u00edcio\",\"item\":\"https:\/\/portalmf.com.br\/\"},{\"@type\":\"ListItem\",\"position\":2,\"name\":\"Larissa Mello se prepara para lan\u00e7ar \u201cP\u00e1 P\u00e1 P\u00e1\u201d segundo single do seu novo EP\"}]},{\"@type\":\"WebSite\",\"@id\":\"https:\/\/portalmf.com.br\/#website\",\"url\":\"https:\/\/portalmf.com.br\/\",\"name\":\"Portal MF\",\"description\":\"Voc\u00ea conectado com a informa\u00e7\u00e3o\",\"potentialAction\":[{\"@type\":\"SearchAction\",\"target\":{\"@type\":\"EntryPoint\",\"urlTemplate\":\"https:\/\/portalmf.com.br\/?s={search_term_string}\"},\"query-input\":\"required name=search_term_string\"}],\"inLanguage\":\"pt-BR\"},{\"@type\":\"Person\",\"@id\":\"https:\/\/portalmf.com.br\/#\/schema\/person\/9ec101baf56233e53520c26de5d6f6f0\",\"name\":\"Reda\u00e7\u00e3o Portal MF\",\"image\":{\"@type\":\"ImageObject\",\"inLanguage\":\"pt-BR\",\"@id\":\"https:\/\/portalmf.com.br\/#\/schema\/person\/image\/\",\"url\":\"https:\/\/secure.gravatar.com\/avatar\/41b9aaeb2100835f7c64362330f74c7f?s=96&d=mm&r=g\",\"contentUrl\":\"https:\/\/secure.gravatar.com\/avatar\/41b9aaeb2100835f7c64362330f74c7f?s=96&d=mm&r=g\",\"caption\":\"Reda\u00e7\u00e3o Portal MF\"},\"description\":\"Sejam bem-vindos o portal de informa\u00e7\u00f5es de entretenimento de Feira de Santana, desde 2006 realiza coberturas dos principais eventos com entrevistas exclusivas com as principais personalidades mundiais. Fique conectado tamb\u00e9m nas redes sociais.\",\"sameAs\":[\"http:\/\/www.portalmf.com.br\/\",\"https:\/\/www.facebook.com\/portalmfoficial\",\"https:\/\/www.instagram.com\/portalmf\/\",\"https:\/\/x.com\/https:\/\/x.com\/portalmfoficial\",\"https:\/\/www.youtube.com\/@portalmfoficial\"],\"url\":\"https:\/\/portalmf.com.br\/index.php\/author\/junior\/\"}]}<\/script>\n<!-- \/ Yoast SEO plugin. -->","yoast_head_json":{"title":"Larissa Mello se prepara para lan\u00e7ar \u201cP\u00e1 P\u00e1 P\u00e1\u201d segundo single do seu novo EP - Portal MF","robots":{"index":"index","follow":"follow","max-snippet":"max-snippet:-1","max-image-preview":"max-image-preview:large","max-video-preview":"max-video-preview:-1"},"canonical":"https:\/\/portalmf.com.br\/index.php\/2023\/01\/10\/larissa-mello-se-prepara-para-lancar-pa-pa-pa-segundo-single-do-seu-novo-ep\/","og_locale":"pt_BR","og_type":"article","og_title":"Larissa Mello se prepara para lan\u00e7ar \u201cP\u00e1 P\u00e1 P\u00e1\u201d segundo single do seu novo EP - Portal MF","og_description":"A cantora Larissa Mello mostra que entrou nesse novo ano cheia de g\u00e1s e trabalhando muito. A artista acaba de anunciar o lan\u00e7amento do seu segundo single autoral. Intitulada \u201cP\u00e1 P\u00e1 P\u00e1\u201d, a can\u00e7\u00e3o \u00e9 uma composi\u00e7\u00e3o de Lucas Pierotty, e promete se tornar um dos hits do ver\u00e3o baiano. A data para a nova [&hellip;]","og_url":"https:\/\/portalmf.com.br\/index.php\/2023\/01\/10\/larissa-mello-se-prepara-para-lancar-pa-pa-pa-segundo-single-do-seu-novo-ep\/","og_site_name":"Portal MF","article_author":"https:\/\/www.facebook.com\/portalmfoficial","article_published_time":"2023-01-10T21:02:19+00:00","article_modified_time":"2023-01-10T21:02:20+00:00","og_image":[{"width":1092,"height":760,"url":"https:\/\/portalmf.com.br\/wp-content\/uploads\/2022\/12\/Larissa-Mello_NOVA.jpg","type":"image\/jpeg"}],"author":"Reda\u00e7\u00e3o Portal MF","twitter_card":"summary_large_image","twitter_creator":"@https:\/\/x.com\/portalmfoficial","twitter_misc":{"Escrito por":"Reda\u00e7\u00e3o Portal MF","Est. tempo de leitura":"1 minuto"},"schema":{"@context":"https:\/\/schema.org","@graph":[{"@type":"WebPage","@id":"https:\/\/portalmf.com.br\/index.php\/2023\/01\/10\/larissa-mello-se-prepara-para-lancar-pa-pa-pa-segundo-single-do-seu-novo-ep\/","url":"https:\/\/portalmf.com.br\/index.php\/2023\/01\/10\/larissa-mello-se-prepara-para-lancar-pa-pa-pa-segundo-single-do-seu-novo-ep\/","name":"Larissa Mello se prepara para lan\u00e7ar \u201cP\u00e1 P\u00e1 P\u00e1\u201d segundo single do seu novo EP - Portal MF","isPartOf":{"@id":"https:\/\/portalmf.com.br\/#website"},"primaryImageOfPage":{"@id":"https:\/\/portalmf.com.br\/index.php\/2023\/01\/10\/larissa-mello-se-prepara-para-lancar-pa-pa-pa-segundo-single-do-seu-novo-ep\/#primaryimage"},"image":{"@id":"https:\/\/portalmf.com.br\/index.php\/2023\/01\/10\/larissa-mello-se-prepara-para-lancar-pa-pa-pa-segundo-single-do-seu-novo-ep\/#primaryimage"},"thumbnailUrl":"https:\/\/portalmf.com.br\/wp-content\/uploads\/2022\/12\/Larissa-Mello_NOVA.jpg","datePublished":"2023-01-10T21:02:19+00:00","dateModified":"2023-01-10T21:02:20+00:00","author":{"@id":"https:\/\/portalmf.com.br\/#\/schema\/person\/9ec101baf56233e53520c26de5d6f6f0"},"breadcrumb":{"@id":"https:\/\/portalmf.com.br\/index.php\/2023\/01\/10\/larissa-mello-se-prepara-para-lancar-pa-pa-pa-segundo-single-do-seu-novo-ep\/#breadcrumb"},"inLanguage":"pt-BR","potentialAction":[{"@type":"ReadAction","target":["https:\/\/portalmf.com.br\/index.php\/2023\/01\/10\/larissa-mello-se-prepara-para-lancar-pa-pa-pa-segundo-single-do-seu-novo-ep\/"]}]},{"@type":"ImageObject","inLanguage":"pt-BR","@id":"https:\/\/portalmf.com.br\/index.php\/2023\/01\/10\/larissa-mello-se-prepara-para-lancar-pa-pa-pa-segundo-single-do-seu-novo-ep\/#primaryimage","url":"https:\/\/portalmf.com.br\/wp-content\/uploads\/2022\/12\/Larissa-Mello_NOVA.jpg","contentUrl":"https:\/\/portalmf.com.br\/wp-content\/uploads\/2022\/12\/Larissa-Mello_NOVA.jpg","width":1092,"height":760},{"@type":"BreadcrumbList","@id":"https:\/\/portalmf.com.br\/index.php\/2023\/01\/10\/larissa-mello-se-prepara-para-lancar-pa-pa-pa-segundo-single-do-seu-novo-ep\/#breadcrumb","itemListElement":[{"@type":"ListItem","position":1,"name":"In\u00edcio","item":"https:\/\/portalmf.com.br\/"},{"@type":"ListItem","position":2,"name":"Larissa Mello se prepara para lan\u00e7ar \u201cP\u00e1 P\u00e1 P\u00e1\u201d segundo single do seu novo EP"}]},{"@type":"WebSite","@id":"https:\/\/portalmf.com.br\/#website","url":"https:\/\/portalmf.com.br\/","name":"Portal MF","description":"Voc\u00ea conectado com a informa\u00e7\u00e3o","potentialAction":[{"@type":"SearchAction","target":{"@type":"EntryPoint","urlTemplate":"https:\/\/portalmf.com.br\/?s={search_term_string}"},"query-input":"required name=search_term_string"}],"inLanguage":"pt-BR"},{"@type":"Person","@id":"https:\/\/portalmf.com.br\/#\/schema\/person\/9ec101baf56233e53520c26de5d6f6f0","name":"Reda\u00e7\u00e3o Portal MF","image":{"@type":"ImageObject","inLanguage":"pt-BR","@id":"https:\/\/portalmf.com.br\/#\/schema\/person\/image\/","url":"https:\/\/secure.gravatar.com\/avatar\/41b9aaeb2100835f7c64362330f74c7f?s=96&d=mm&r=g","contentUrl":"https:\/\/secure.gravatar.com\/avatar\/41b9aaeb2100835f7c64362330f74c7f?s=96&d=mm&r=g","caption":"Reda\u00e7\u00e3o Portal MF"},"description":"Sejam bem-vindos o portal de informa\u00e7\u00f5es de entretenimento de Feira de Santana, desde 2006 realiza coberturas dos principais eventos com entrevistas exclusivas com as principais personalidades mundiais. Fique conectado tamb\u00e9m nas redes sociais.","sameAs":["http:\/\/www.portalmf.com.br\/","https:\/\/www.facebook.com\/portalmfoficial","https:\/\/www.instagram.com\/portalmf\/","https:\/\/x.com\/https:\/\/x.com\/portalmfoficial","https:\/\/www.youtube.com\/@portalmfoficial"],"url":"https:\/\/portalmf.com.br\/index.php\/author\/junior\/"}]}},"_links":{"self":[{"href":"https:\/\/portalmf.com.br\/index.php\/wp-json\/wp\/v2\/posts\/7805"}],"collection":[{"href":"https:\/\/portalmf.com.br\/index.php\/wp-json\/wp\/v2\/posts"}],"about":[{"href":"https:\/\/portalmf.com.br\/index.php\/wp-json\/wp\/v2\/types\/post"}],"author":[{"embeddable":true,"href":"https:\/\/portalmf.com.br\/index.php\/wp-json\/wp\/v2\/users\/3"}],"replies":[{"embeddable":true,"href":"https:\/\/portalmf.com.br\/index.php\/wp-json\/wp\/v2\/comments?post=7805"}],"version-history":[{"count":1,"href":"https:\/\/portalmf.com.br\/index.php\/wp-json\/wp\/v2\/posts\/7805\/revisions"}],"predecessor-version":[{"id":7806,"href":"https:\/\/portalmf.com.br\/index.php\/wp-json\/wp\/v2\/posts\/7805\/revisions\/7806"}],"wp:featuredmedia":[{"embeddable":true,"href":"https:\/\/portalmf.com.br\/index.php\/wp-json\/wp\/v2\/media\/6520"}],"wp:attachment":[{"href":"https:\/\/portalmf.com.br\/index.php\/wp-json\/wp\/v2\/media?parent=7805"}],"wp:term":[{"taxonomy":"category","embeddable":true,"href":"https:\/\/portalmf.com.br\/index.php\/wp-json\/wp\/v2\/categories?post=7805"},{"taxonomy":"post_tag","embeddable":true,"href":"https:\/\/portalmf.com.br\/index.php\/wp-json\/wp\/v2\/tags?post=7805"}],"curies":[{"name":"wp","href":"https:\/\/api.w.org\/{rel}","templated":true}]}}