{"id":7802,"date":"2023-01-10T17:56:54","date_gmt":"2023-01-10T20:56:54","guid":{"rendered":"https:\/\/portalmf.com.br\/?p=7802"},"modified":"2023-01-10T17:56:55","modified_gmt":"2023-01-10T20:56:55","slug":"artistas-plasticos-baianizam-paredoes-do-grupo-aratu","status":"publish","type":"post","link":"https:\/\/portalmf.com.br\/index.php\/2023\/01\/10\/artistas-plasticos-baianizam-paredoes-do-grupo-aratu\/","title":{"rendered":"Artistas pl\u00e1sticos \u201cbaianizam\u201d pared\u00f5es do Grupo Aratu"},"content":{"rendered":"\n<p>Baiano raiz, o Grupo Aratu convidou os artistas pl\u00e1sticos One Kb\u00e7a e T\u00e1rcioV, tamb\u00e9m da terrinha, para transformar pared\u00f5es em grandes obras de arte da sede da emissora do galinho, no bairro da Federa\u00e7\u00e3o, em Salvador. A entrega das obras foi nesta sexta-feira (30), ap\u00f3s mais de 15 dias, entre esbo\u00e7os, pinturas e retoques.<\/p>\n\n\n\n<p>A iniciativa, segundo a CEO do grupo, Ana Coelho, refor\u00e7a o compromisso e paix\u00e3o da companhia pela Bahia. \u201cConvidamos artistas locais que imprimem em seus trabalhos muita personalidade em seus estilos e conseguem representar, com perfei\u00e7\u00e3o, as pessoas, locais, hist\u00f3rias do cotidiano, cultura e temas regionais que pautamos todos os dias na TV Aratu, h\u00e1 mais de 50 anos. Al\u00e9m disso, o fato dos pain\u00e9is serem externos permitem que o m\u00e1ximo de pessoas possam ver, ter acesso a essas artes t\u00e3o lindas\u201d, afirma.<\/p>\n\n\n\n<p>One Kb\u00e7a produziu \u201cbaianidade\u201d, um painel de 200m\u00b2, na parede externa do pr\u00e9dio, que mede 14 metros de altura. Ele explica que a ideia foi retratar a riqueza baiana n\u00e3o s\u00f3 da capital, mas tamb\u00e9m do interior. \u201cFiz um compilado que percorre todo o painel, n\u00e3o necessariamente havendo uma sequ\u00eancia\u201d, explica o artista.<\/p>\n\n\n\n<p>J\u00e1 T\u00e1rcioV caprichou no s\u00edmbolo no painel que levou dois dias para concluir e batizou de \u201cAntenados\u201d, representando a conex\u00e3o entre as pessoas e a televis\u00e3o. Para ele, o espa\u00e7o cedido \u00e9 um marco na carreira: \u201ca TV Aratu realocou artistas de rua para dentro do seu ambiente. Com certeza, \u00e9 um marco divis\u00f3rio do meu trabalho, levando minha cria\u00e7\u00e3o para uma empresa de difus\u00e3o do entretenimento\u201d.<\/p>\n\n\n\n<p>Os artistas conversaram com Pablo Reis, no programa Liga da Madruga.\u00a0\u00a0Confira as entrevistas completas:<\/p>\n\n\n\n<figure class=\"wp-block-embed is-type-video is-provider-youtube wp-block-embed-youtube wp-embed-aspect-16-9 wp-has-aspect-ratio\"><div class=\"wp-block-embed__wrapper\">\n<iframe title=\"A arte e o azul de Tarcio OV na Liga da Madruga\" width=\"696\" height=\"392\" src=\"https:\/\/www.youtube.com\/embed\/bxKMwz-HGAE?feature=oembed\" frameborder=\"0\" allow=\"accelerometer; autoplay; clipboard-write; encrypted-media; gyroscope; picture-in-picture; web-share\" allowfullscreen><\/iframe>\n<\/div><\/figure>\n\n\n\n<figure class=\"wp-block-embed is-type-video is-provider-youtube wp-block-embed-youtube wp-embed-aspect-16-9 wp-has-aspect-ratio\"><div class=\"wp-block-embed__wrapper\">\n<iframe title=\"A baianidade na arte de One Kbe\u00e7a | Liga da Madruga\" width=\"696\" height=\"392\" src=\"https:\/\/www.youtube.com\/embed\/9Ggp821c7e0?feature=oembed\" frameborder=\"0\" allow=\"accelerometer; autoplay; clipboard-write; encrypted-media; gyroscope; picture-in-picture; web-share\" allowfullscreen><\/iframe>\n<\/div><\/figure>\n","protected":false},"excerpt":{"rendered":"<p>Baiano raiz, o Grupo Aratu convidou os artistas pl\u00e1sticos One Kb\u00e7a e T\u00e1rcioV, tamb\u00e9m da terrinha, para transformar pared\u00f5es em grandes obras de arte da sede da emissora do galinho, no bairro da Federa\u00e7\u00e3o, em Salvador. A entrega das obras foi nesta sexta-feira (30), ap\u00f3s mais de 15 dias, entre esbo\u00e7os, pinturas e retoques. A [&hellip;]<\/p>\n","protected":false},"author":3,"featured_media":7803,"comment_status":"open","ping_status":"open","sticky":false,"template":"","format":"standard","meta":{"_monsterinsights_skip_tracking":false,"_monsterinsights_sitenote_active":false,"_monsterinsights_sitenote_note":"","_monsterinsights_sitenote_category":0,"footnotes":""},"categories":[40],"tags":[],"yoast_head":"<!-- This site is optimized with the Yoast SEO plugin v22.9 - https:\/\/yoast.com\/wordpress\/plugins\/seo\/ -->\n<title>Artistas pl\u00e1sticos \u201cbaianizam\u201d pared\u00f5es do Grupo Aratu - Portal MF<\/title>\n<meta name=\"robots\" content=\"index, follow, max-snippet:-1, max-image-preview:large, max-video-preview:-1\" \/>\n<link rel=\"canonical\" href=\"https:\/\/portalmf.com.br\/index.php\/2023\/01\/10\/artistas-plasticos-baianizam-paredoes-do-grupo-aratu\/\" \/>\n<meta property=\"og:locale\" content=\"pt_BR\" \/>\n<meta property=\"og:type\" content=\"article\" \/>\n<meta property=\"og:title\" content=\"Artistas pl\u00e1sticos \u201cbaianizam\u201d pared\u00f5es do Grupo Aratu - Portal MF\" \/>\n<meta property=\"og:description\" content=\"Baiano raiz, o Grupo Aratu convidou os artistas pl\u00e1sticos One Kb\u00e7a e T\u00e1rcioV, tamb\u00e9m da terrinha, para transformar pared\u00f5es em grandes obras de arte da sede da emissora do galinho, no bairro da Federa\u00e7\u00e3o, em Salvador. A entrega das obras foi nesta sexta-feira (30), ap\u00f3s mais de 15 dias, entre esbo\u00e7os, pinturas e retoques. A [&hellip;]\" \/>\n<meta property=\"og:url\" content=\"https:\/\/portalmf.com.br\/index.php\/2023\/01\/10\/artistas-plasticos-baianizam-paredoes-do-grupo-aratu\/\" \/>\n<meta property=\"og:site_name\" content=\"Portal MF\" \/>\n<meta property=\"article:author\" content=\"https:\/\/www.facebook.com\/portalmfoficial\" \/>\n<meta property=\"article:published_time\" content=\"2023-01-10T20:56:54+00:00\" \/>\n<meta property=\"article:modified_time\" content=\"2023-01-10T20:56:55+00:00\" \/>\n<meta property=\"og:image\" content=\"https:\/\/portalmf.com.br\/wp-content\/uploads\/2023\/01\/Paineis_GrupoAratu-1.jpeg\" \/>\n\t<meta property=\"og:image:width\" content=\"1600\" \/>\n\t<meta property=\"og:image:height\" content=\"900\" \/>\n\t<meta property=\"og:image:type\" content=\"image\/jpeg\" \/>\n<meta name=\"author\" content=\"Reda\u00e7\u00e3o Portal MF\" \/>\n<meta name=\"twitter:card\" content=\"summary_large_image\" \/>\n<meta name=\"twitter:creator\" content=\"@https:\/\/x.com\/portalmfoficial\" \/>\n<meta name=\"twitter:label1\" content=\"Escrito por\" \/>\n\t<meta name=\"twitter:data1\" content=\"Reda\u00e7\u00e3o Portal MF\" \/>\n\t<meta name=\"twitter:label2\" content=\"Est. tempo de leitura\" \/>\n\t<meta name=\"twitter:data2\" content=\"2 minutos\" \/>\n<script type=\"application\/ld+json\" class=\"yoast-schema-graph\">{\"@context\":\"https:\/\/schema.org\",\"@graph\":[{\"@type\":\"WebPage\",\"@id\":\"https:\/\/portalmf.com.br\/index.php\/2023\/01\/10\/artistas-plasticos-baianizam-paredoes-do-grupo-aratu\/\",\"url\":\"https:\/\/portalmf.com.br\/index.php\/2023\/01\/10\/artistas-plasticos-baianizam-paredoes-do-grupo-aratu\/\",\"name\":\"Artistas pl\u00e1sticos \u201cbaianizam\u201d pared\u00f5es do Grupo Aratu - Portal MF\",\"isPartOf\":{\"@id\":\"https:\/\/portalmf.com.br\/#website\"},\"primaryImageOfPage\":{\"@id\":\"https:\/\/portalmf.com.br\/index.php\/2023\/01\/10\/artistas-plasticos-baianizam-paredoes-do-grupo-aratu\/#primaryimage\"},\"image\":{\"@id\":\"https:\/\/portalmf.com.br\/index.php\/2023\/01\/10\/artistas-plasticos-baianizam-paredoes-do-grupo-aratu\/#primaryimage\"},\"thumbnailUrl\":\"https:\/\/portalmf.com.br\/wp-content\/uploads\/2023\/01\/Paineis_GrupoAratu-1.jpeg\",\"datePublished\":\"2023-01-10T20:56:54+00:00\",\"dateModified\":\"2023-01-10T20:56:55+00:00\",\"author\":{\"@id\":\"https:\/\/portalmf.com.br\/#\/schema\/person\/9ec101baf56233e53520c26de5d6f6f0\"},\"breadcrumb\":{\"@id\":\"https:\/\/portalmf.com.br\/index.php\/2023\/01\/10\/artistas-plasticos-baianizam-paredoes-do-grupo-aratu\/#breadcrumb\"},\"inLanguage\":\"pt-BR\",\"potentialAction\":[{\"@type\":\"ReadAction\",\"target\":[\"https:\/\/portalmf.com.br\/index.php\/2023\/01\/10\/artistas-plasticos-baianizam-paredoes-do-grupo-aratu\/\"]}]},{\"@type\":\"ImageObject\",\"inLanguage\":\"pt-BR\",\"@id\":\"https:\/\/portalmf.com.br\/index.php\/2023\/01\/10\/artistas-plasticos-baianizam-paredoes-do-grupo-aratu\/#primaryimage\",\"url\":\"https:\/\/portalmf.com.br\/wp-content\/uploads\/2023\/01\/Paineis_GrupoAratu-1.jpeg\",\"contentUrl\":\"https:\/\/portalmf.com.br\/wp-content\/uploads\/2023\/01\/Paineis_GrupoAratu-1.jpeg\",\"width\":1600,\"height\":900},{\"@type\":\"BreadcrumbList\",\"@id\":\"https:\/\/portalmf.com.br\/index.php\/2023\/01\/10\/artistas-plasticos-baianizam-paredoes-do-grupo-aratu\/#breadcrumb\",\"itemListElement\":[{\"@type\":\"ListItem\",\"position\":1,\"name\":\"In\u00edcio\",\"item\":\"https:\/\/portalmf.com.br\/\"},{\"@type\":\"ListItem\",\"position\":2,\"name\":\"Artistas pl\u00e1sticos \u201cbaianizam\u201d pared\u00f5es do Grupo Aratu\"}]},{\"@type\":\"WebSite\",\"@id\":\"https:\/\/portalmf.com.br\/#website\",\"url\":\"https:\/\/portalmf.com.br\/\",\"name\":\"Portal MF\",\"description\":\"Voc\u00ea conectado com a informa\u00e7\u00e3o\",\"potentialAction\":[{\"@type\":\"SearchAction\",\"target\":{\"@type\":\"EntryPoint\",\"urlTemplate\":\"https:\/\/portalmf.com.br\/?s={search_term_string}\"},\"query-input\":\"required name=search_term_string\"}],\"inLanguage\":\"pt-BR\"},{\"@type\":\"Person\",\"@id\":\"https:\/\/portalmf.com.br\/#\/schema\/person\/9ec101baf56233e53520c26de5d6f6f0\",\"name\":\"Reda\u00e7\u00e3o Portal MF\",\"image\":{\"@type\":\"ImageObject\",\"inLanguage\":\"pt-BR\",\"@id\":\"https:\/\/portalmf.com.br\/#\/schema\/person\/image\/\",\"url\":\"https:\/\/secure.gravatar.com\/avatar\/41b9aaeb2100835f7c64362330f74c7f?s=96&d=mm&r=g\",\"contentUrl\":\"https:\/\/secure.gravatar.com\/avatar\/41b9aaeb2100835f7c64362330f74c7f?s=96&d=mm&r=g\",\"caption\":\"Reda\u00e7\u00e3o Portal MF\"},\"description\":\"Sejam bem-vindos o portal de informa\u00e7\u00f5es de entretenimento de Feira de Santana, desde 2006 realiza coberturas dos principais eventos com entrevistas exclusivas com as principais personalidades mundiais. Fique conectado tamb\u00e9m nas redes sociais.\",\"sameAs\":[\"http:\/\/www.portalmf.com.br\/\",\"https:\/\/www.facebook.com\/portalmfoficial\",\"https:\/\/www.instagram.com\/portalmf\/\",\"https:\/\/x.com\/https:\/\/x.com\/portalmfoficial\",\"https:\/\/www.youtube.com\/@portalmfoficial\"],\"url\":\"https:\/\/portalmf.com.br\/index.php\/author\/junior\/\"}]}<\/script>\n<!-- \/ Yoast SEO plugin. -->","yoast_head_json":{"title":"Artistas pl\u00e1sticos \u201cbaianizam\u201d pared\u00f5es do Grupo Aratu - Portal MF","robots":{"index":"index","follow":"follow","max-snippet":"max-snippet:-1","max-image-preview":"max-image-preview:large","max-video-preview":"max-video-preview:-1"},"canonical":"https:\/\/portalmf.com.br\/index.php\/2023\/01\/10\/artistas-plasticos-baianizam-paredoes-do-grupo-aratu\/","og_locale":"pt_BR","og_type":"article","og_title":"Artistas pl\u00e1sticos \u201cbaianizam\u201d pared\u00f5es do Grupo Aratu - Portal MF","og_description":"Baiano raiz, o Grupo Aratu convidou os artistas pl\u00e1sticos One Kb\u00e7a e T\u00e1rcioV, tamb\u00e9m da terrinha, para transformar pared\u00f5es em grandes obras de arte da sede da emissora do galinho, no bairro da Federa\u00e7\u00e3o, em Salvador. A entrega das obras foi nesta sexta-feira (30), ap\u00f3s mais de 15 dias, entre esbo\u00e7os, pinturas e retoques. A [&hellip;]","og_url":"https:\/\/portalmf.com.br\/index.php\/2023\/01\/10\/artistas-plasticos-baianizam-paredoes-do-grupo-aratu\/","og_site_name":"Portal MF","article_author":"https:\/\/www.facebook.com\/portalmfoficial","article_published_time":"2023-01-10T20:56:54+00:00","article_modified_time":"2023-01-10T20:56:55+00:00","og_image":[{"width":1600,"height":900,"url":"https:\/\/portalmf.com.br\/wp-content\/uploads\/2023\/01\/Paineis_GrupoAratu-1.jpeg","type":"image\/jpeg"}],"author":"Reda\u00e7\u00e3o Portal MF","twitter_card":"summary_large_image","twitter_creator":"@https:\/\/x.com\/portalmfoficial","twitter_misc":{"Escrito por":"Reda\u00e7\u00e3o Portal MF","Est. tempo de leitura":"2 minutos"},"schema":{"@context":"https:\/\/schema.org","@graph":[{"@type":"WebPage","@id":"https:\/\/portalmf.com.br\/index.php\/2023\/01\/10\/artistas-plasticos-baianizam-paredoes-do-grupo-aratu\/","url":"https:\/\/portalmf.com.br\/index.php\/2023\/01\/10\/artistas-plasticos-baianizam-paredoes-do-grupo-aratu\/","name":"Artistas pl\u00e1sticos \u201cbaianizam\u201d pared\u00f5es do Grupo Aratu - Portal MF","isPartOf":{"@id":"https:\/\/portalmf.com.br\/#website"},"primaryImageOfPage":{"@id":"https:\/\/portalmf.com.br\/index.php\/2023\/01\/10\/artistas-plasticos-baianizam-paredoes-do-grupo-aratu\/#primaryimage"},"image":{"@id":"https:\/\/portalmf.com.br\/index.php\/2023\/01\/10\/artistas-plasticos-baianizam-paredoes-do-grupo-aratu\/#primaryimage"},"thumbnailUrl":"https:\/\/portalmf.com.br\/wp-content\/uploads\/2023\/01\/Paineis_GrupoAratu-1.jpeg","datePublished":"2023-01-10T20:56:54+00:00","dateModified":"2023-01-10T20:56:55+00:00","author":{"@id":"https:\/\/portalmf.com.br\/#\/schema\/person\/9ec101baf56233e53520c26de5d6f6f0"},"breadcrumb":{"@id":"https:\/\/portalmf.com.br\/index.php\/2023\/01\/10\/artistas-plasticos-baianizam-paredoes-do-grupo-aratu\/#breadcrumb"},"inLanguage":"pt-BR","potentialAction":[{"@type":"ReadAction","target":["https:\/\/portalmf.com.br\/index.php\/2023\/01\/10\/artistas-plasticos-baianizam-paredoes-do-grupo-aratu\/"]}]},{"@type":"ImageObject","inLanguage":"pt-BR","@id":"https:\/\/portalmf.com.br\/index.php\/2023\/01\/10\/artistas-plasticos-baianizam-paredoes-do-grupo-aratu\/#primaryimage","url":"https:\/\/portalmf.com.br\/wp-content\/uploads\/2023\/01\/Paineis_GrupoAratu-1.jpeg","contentUrl":"https:\/\/portalmf.com.br\/wp-content\/uploads\/2023\/01\/Paineis_GrupoAratu-1.jpeg","width":1600,"height":900},{"@type":"BreadcrumbList","@id":"https:\/\/portalmf.com.br\/index.php\/2023\/01\/10\/artistas-plasticos-baianizam-paredoes-do-grupo-aratu\/#breadcrumb","itemListElement":[{"@type":"ListItem","position":1,"name":"In\u00edcio","item":"https:\/\/portalmf.com.br\/"},{"@type":"ListItem","position":2,"name":"Artistas pl\u00e1sticos \u201cbaianizam\u201d pared\u00f5es do Grupo Aratu"}]},{"@type":"WebSite","@id":"https:\/\/portalmf.com.br\/#website","url":"https:\/\/portalmf.com.br\/","name":"Portal MF","description":"Voc\u00ea conectado com a informa\u00e7\u00e3o","potentialAction":[{"@type":"SearchAction","target":{"@type":"EntryPoint","urlTemplate":"https:\/\/portalmf.com.br\/?s={search_term_string}"},"query-input":"required name=search_term_string"}],"inLanguage":"pt-BR"},{"@type":"Person","@id":"https:\/\/portalmf.com.br\/#\/schema\/person\/9ec101baf56233e53520c26de5d6f6f0","name":"Reda\u00e7\u00e3o Portal MF","image":{"@type":"ImageObject","inLanguage":"pt-BR","@id":"https:\/\/portalmf.com.br\/#\/schema\/person\/image\/","url":"https:\/\/secure.gravatar.com\/avatar\/41b9aaeb2100835f7c64362330f74c7f?s=96&d=mm&r=g","contentUrl":"https:\/\/secure.gravatar.com\/avatar\/41b9aaeb2100835f7c64362330f74c7f?s=96&d=mm&r=g","caption":"Reda\u00e7\u00e3o Portal MF"},"description":"Sejam bem-vindos o portal de informa\u00e7\u00f5es de entretenimento de Feira de Santana, desde 2006 realiza coberturas dos principais eventos com entrevistas exclusivas com as principais personalidades mundiais. Fique conectado tamb\u00e9m nas redes sociais.","sameAs":["http:\/\/www.portalmf.com.br\/","https:\/\/www.facebook.com\/portalmfoficial","https:\/\/www.instagram.com\/portalmf\/","https:\/\/x.com\/https:\/\/x.com\/portalmfoficial","https:\/\/www.youtube.com\/@portalmfoficial"],"url":"https:\/\/portalmf.com.br\/index.php\/author\/junior\/"}]}},"_links":{"self":[{"href":"https:\/\/portalmf.com.br\/index.php\/wp-json\/wp\/v2\/posts\/7802"}],"collection":[{"href":"https:\/\/portalmf.com.br\/index.php\/wp-json\/wp\/v2\/posts"}],"about":[{"href":"https:\/\/portalmf.com.br\/index.php\/wp-json\/wp\/v2\/types\/post"}],"author":[{"embeddable":true,"href":"https:\/\/portalmf.com.br\/index.php\/wp-json\/wp\/v2\/users\/3"}],"replies":[{"embeddable":true,"href":"https:\/\/portalmf.com.br\/index.php\/wp-json\/wp\/v2\/comments?post=7802"}],"version-history":[{"count":1,"href":"https:\/\/portalmf.com.br\/index.php\/wp-json\/wp\/v2\/posts\/7802\/revisions"}],"predecessor-version":[{"id":7804,"href":"https:\/\/portalmf.com.br\/index.php\/wp-json\/wp\/v2\/posts\/7802\/revisions\/7804"}],"wp:featuredmedia":[{"embeddable":true,"href":"https:\/\/portalmf.com.br\/index.php\/wp-json\/wp\/v2\/media\/7803"}],"wp:attachment":[{"href":"https:\/\/portalmf.com.br\/index.php\/wp-json\/wp\/v2\/media?parent=7802"}],"wp:term":[{"taxonomy":"category","embeddable":true,"href":"https:\/\/portalmf.com.br\/index.php\/wp-json\/wp\/v2\/categories?post=7802"},{"taxonomy":"post_tag","embeddable":true,"href":"https:\/\/portalmf.com.br\/index.php\/wp-json\/wp\/v2\/tags?post=7802"}],"curies":[{"name":"wp","href":"https:\/\/api.w.org\/{rel}","templated":true}]}}