{"id":7799,"date":"2023-01-10T17:54:02","date_gmt":"2023-01-10T20:54:02","guid":{"rendered":"https:\/\/portalmf.com.br\/?p=7799"},"modified":"2023-01-12T16:01:32","modified_gmt":"2023-01-12T19:01:32","slug":"leo-santana-comanda-segunda-edicao-do-baile-da-santinha","status":"publish","type":"post","link":"https:\/\/portalmf.com.br\/index.php\/2023\/01\/10\/leo-santana-comanda-segunda-edicao-do-baile-da-santinha\/","title":{"rendered":"L\u00e9o Santana comanda segunda edi\u00e7\u00e3o do Baile da Santinha"},"content":{"rendered":"\n<p>Ap\u00f3s o sucesso da primeira edi\u00e7\u00e3o do Baile da Santinha \u2013 In the Park, o Reino do Gigante trouxe uma superestrutura, com um palco gigante \u2013 que mede 66 metros de largura, al\u00e9m de 250 metros de led, e proporcionou uma experi\u00eancia \u00fanica de imers\u00e3o ao p\u00fablico.<\/p>\n\n\n\n<p>Com tr\u00eas setores distintos: Arena, \u00c1rea Vip e Backstage, o Baile apostou em proporcionar momentos \u00fanicos ao p\u00fablico. Trazendo ambientes instagram\u00e1veis e diferenciados, a festa apostou ainda, na jun\u00e7\u00e3o dos shows com o Park Salvador \u2013 que \u00e9 uma atra\u00e7\u00e3o \u00e0 parte para o p\u00fablico que estiver curtindo a festa.<\/p>\n\n\n\n<p>A segunda edi\u00e7\u00e3o do Baile \u2013 que acontece nesta sexta (13), trar\u00e1, al\u00e9m de um showza\u00e7o de L\u00e9o Santana \u2013 com mais de 3 horas de dura\u00e7\u00e3o e que amanhece o dia, apresenta\u00e7\u00f5es de L7nnon, Wesley Safad\u00e3o, Dennis DJ e Gustavo Mioto.<\/p>\n\n\n\n<p>Ap\u00f3s o sucesso de vendas da primeira edi\u00e7\u00e3o, os ingressos para o Baile da Santinha \u2013 In the Park j\u00e1 est\u00e3o dispon\u00edveis para compra. O p\u00fablico poder\u00e1 adquirir atrav\u00e9s da loja do Bora Tickets, no 2\u00ba piso do Shopping da Bahia ou atrav\u00e9s do site&nbsp;<a href=\"http:\/\/www.boratickets.com.br\/\" target=\"_blank\" rel=\"noreferrer noopener\">www.boratickets.com.br<\/a>&nbsp;.<\/p>\n\n\n\n<p>Se voc\u00ea n\u00e3o quer perder nenhum momento, garanta seu ingresso e chegue cedo, os port\u00f5es abrem \u00e0s 18 horas e voc\u00ea poder\u00e1 curtir todos os brinquedos do Park e viver uma experi\u00eancia \u00fanica, que s\u00f3 o Baile da Santinha tem!<\/p>\n\n\n\n<p><strong>SERVI\u00c7O<\/strong><\/p>\n\n\n\n<p><strong>O que<\/strong>: Baile da Santinha \u2013 In the Park<\/p>\n\n\n\n<p><strong>Onde<\/strong>: Wet Salvador<\/p>\n\n\n\n<p><strong>Quando: <\/strong>13\/20 de janeiro<\/p>\n\n\n\n<p><strong>Vendas:<\/strong> Loja do Bora Ticket, no 2\u00ba piso do Shopping da Bahia ou atrav\u00e9s do site&nbsp;<a href=\"http:\/\/www.boratickets.com.br\/\" target=\"_blank\" rel=\"noreferrer noopener\">www.boratickets.com.br<\/a>Informa\u00e7\u00f5es: @ssaproducoes @bailedasantinha<\/p>\n","protected":false},"excerpt":{"rendered":"<p>Ap\u00f3s o sucesso da primeira edi\u00e7\u00e3o do Baile da Santinha \u2013 In the Park, o Reino do Gigante trouxe uma superestrutura, com um palco gigante \u2013 que mede 66 metros de largura, al\u00e9m de 250 metros de led, e proporcionou uma experi\u00eancia \u00fanica de imers\u00e3o ao p\u00fablico. Com tr\u00eas setores distintos: Arena, \u00c1rea Vip e [&hellip;]<\/p>\n","protected":false},"author":3,"featured_media":7800,"comment_status":"open","ping_status":"open","sticky":false,"template":"","format":"standard","meta":{"_monsterinsights_skip_tracking":false,"_monsterinsights_sitenote_active":false,"_monsterinsights_sitenote_note":"","_monsterinsights_sitenote_category":0,"footnotes":""},"categories":[44,45],"tags":[],"yoast_head":"<!-- This site is optimized with the Yoast SEO plugin v22.9 - https:\/\/yoast.com\/wordpress\/plugins\/seo\/ -->\n<title>L\u00e9o Santana comanda segunda edi\u00e7\u00e3o do Baile da Santinha - Portal MF<\/title>\n<meta name=\"robots\" content=\"index, follow, max-snippet:-1, max-image-preview:large, max-video-preview:-1\" \/>\n<link rel=\"canonical\" href=\"https:\/\/portalmf.com.br\/index.php\/2023\/01\/10\/leo-santana-comanda-segunda-edicao-do-baile-da-santinha\/\" \/>\n<meta property=\"og:locale\" content=\"pt_BR\" \/>\n<meta property=\"og:type\" content=\"article\" \/>\n<meta property=\"og:title\" content=\"L\u00e9o Santana comanda segunda edi\u00e7\u00e3o do Baile da Santinha - Portal MF\" \/>\n<meta property=\"og:description\" content=\"Ap\u00f3s o sucesso da primeira edi\u00e7\u00e3o do Baile da Santinha \u2013 In the Park, o Reino do Gigante trouxe uma superestrutura, com um palco gigante \u2013 que mede 66 metros de largura, al\u00e9m de 250 metros de led, e proporcionou uma experi\u00eancia \u00fanica de imers\u00e3o ao p\u00fablico. Com tr\u00eas setores distintos: Arena, \u00c1rea Vip e [&hellip;]\" \/>\n<meta property=\"og:url\" content=\"https:\/\/portalmf.com.br\/index.php\/2023\/01\/10\/leo-santana-comanda-segunda-edicao-do-baile-da-santinha\/\" \/>\n<meta property=\"og:site_name\" content=\"Portal MF\" \/>\n<meta property=\"article:author\" content=\"https:\/\/www.facebook.com\/portalmfoficial\" \/>\n<meta property=\"article:published_time\" content=\"2023-01-10T20:54:02+00:00\" \/>\n<meta property=\"article:modified_time\" content=\"2023-01-12T19:01:32+00:00\" \/>\n<meta property=\"og:image\" content=\"https:\/\/portalmf.com.br\/wp-content\/uploads\/2023\/01\/Baile-da-Santinha-Segunda-Edicao.jpg\" \/>\n\t<meta property=\"og:image:width\" content=\"902\" \/>\n\t<meta property=\"og:image:height\" content=\"520\" \/>\n\t<meta property=\"og:image:type\" content=\"image\/jpeg\" \/>\n<meta name=\"author\" content=\"Reda\u00e7\u00e3o Portal MF\" \/>\n<meta name=\"twitter:card\" content=\"summary_large_image\" \/>\n<meta name=\"twitter:creator\" content=\"@https:\/\/x.com\/portalmfoficial\" \/>\n<meta name=\"twitter:label1\" content=\"Escrito por\" \/>\n\t<meta name=\"twitter:data1\" content=\"Reda\u00e7\u00e3o Portal MF\" \/>\n\t<meta name=\"twitter:label2\" content=\"Est. tempo de leitura\" \/>\n\t<meta name=\"twitter:data2\" content=\"2 minutos\" \/>\n<script type=\"application\/ld+json\" class=\"yoast-schema-graph\">{\"@context\":\"https:\/\/schema.org\",\"@graph\":[{\"@type\":\"WebPage\",\"@id\":\"https:\/\/portalmf.com.br\/index.php\/2023\/01\/10\/leo-santana-comanda-segunda-edicao-do-baile-da-santinha\/\",\"url\":\"https:\/\/portalmf.com.br\/index.php\/2023\/01\/10\/leo-santana-comanda-segunda-edicao-do-baile-da-santinha\/\",\"name\":\"L\u00e9o Santana comanda segunda edi\u00e7\u00e3o do Baile da Santinha - Portal MF\",\"isPartOf\":{\"@id\":\"https:\/\/portalmf.com.br\/#website\"},\"primaryImageOfPage\":{\"@id\":\"https:\/\/portalmf.com.br\/index.php\/2023\/01\/10\/leo-santana-comanda-segunda-edicao-do-baile-da-santinha\/#primaryimage\"},\"image\":{\"@id\":\"https:\/\/portalmf.com.br\/index.php\/2023\/01\/10\/leo-santana-comanda-segunda-edicao-do-baile-da-santinha\/#primaryimage\"},\"thumbnailUrl\":\"https:\/\/portalmf.com.br\/wp-content\/uploads\/2023\/01\/Baile-da-Santinha-Segunda-Edicao.jpg\",\"datePublished\":\"2023-01-10T20:54:02+00:00\",\"dateModified\":\"2023-01-12T19:01:32+00:00\",\"author\":{\"@id\":\"https:\/\/portalmf.com.br\/#\/schema\/person\/9ec101baf56233e53520c26de5d6f6f0\"},\"breadcrumb\":{\"@id\":\"https:\/\/portalmf.com.br\/index.php\/2023\/01\/10\/leo-santana-comanda-segunda-edicao-do-baile-da-santinha\/#breadcrumb\"},\"inLanguage\":\"pt-BR\",\"potentialAction\":[{\"@type\":\"ReadAction\",\"target\":[\"https:\/\/portalmf.com.br\/index.php\/2023\/01\/10\/leo-santana-comanda-segunda-edicao-do-baile-da-santinha\/\"]}]},{\"@type\":\"ImageObject\",\"inLanguage\":\"pt-BR\",\"@id\":\"https:\/\/portalmf.com.br\/index.php\/2023\/01\/10\/leo-santana-comanda-segunda-edicao-do-baile-da-santinha\/#primaryimage\",\"url\":\"https:\/\/portalmf.com.br\/wp-content\/uploads\/2023\/01\/Baile-da-Santinha-Segunda-Edicao.jpg\",\"contentUrl\":\"https:\/\/portalmf.com.br\/wp-content\/uploads\/2023\/01\/Baile-da-Santinha-Segunda-Edicao.jpg\",\"width\":902,\"height\":520,\"caption\":\"Foto: Divulga\u00e7\u00e3o\"},{\"@type\":\"BreadcrumbList\",\"@id\":\"https:\/\/portalmf.com.br\/index.php\/2023\/01\/10\/leo-santana-comanda-segunda-edicao-do-baile-da-santinha\/#breadcrumb\",\"itemListElement\":[{\"@type\":\"ListItem\",\"position\":1,\"name\":\"In\u00edcio\",\"item\":\"https:\/\/portalmf.com.br\/\"},{\"@type\":\"ListItem\",\"position\":2,\"name\":\"L\u00e9o Santana comanda segunda edi\u00e7\u00e3o do Baile da Santinha\"}]},{\"@type\":\"WebSite\",\"@id\":\"https:\/\/portalmf.com.br\/#website\",\"url\":\"https:\/\/portalmf.com.br\/\",\"name\":\"Portal MF\",\"description\":\"Voc\u00ea conectado com a informa\u00e7\u00e3o\",\"potentialAction\":[{\"@type\":\"SearchAction\",\"target\":{\"@type\":\"EntryPoint\",\"urlTemplate\":\"https:\/\/portalmf.com.br\/?s={search_term_string}\"},\"query-input\":\"required name=search_term_string\"}],\"inLanguage\":\"pt-BR\"},{\"@type\":\"Person\",\"@id\":\"https:\/\/portalmf.com.br\/#\/schema\/person\/9ec101baf56233e53520c26de5d6f6f0\",\"name\":\"Reda\u00e7\u00e3o Portal MF\",\"image\":{\"@type\":\"ImageObject\",\"inLanguage\":\"pt-BR\",\"@id\":\"https:\/\/portalmf.com.br\/#\/schema\/person\/image\/\",\"url\":\"https:\/\/secure.gravatar.com\/avatar\/41b9aaeb2100835f7c64362330f74c7f?s=96&d=mm&r=g\",\"contentUrl\":\"https:\/\/secure.gravatar.com\/avatar\/41b9aaeb2100835f7c64362330f74c7f?s=96&d=mm&r=g\",\"caption\":\"Reda\u00e7\u00e3o Portal MF\"},\"description\":\"Sejam bem-vindos o portal de informa\u00e7\u00f5es de entretenimento de Feira de Santana, desde 2006 realiza coberturas dos principais eventos com entrevistas exclusivas com as principais personalidades mundiais. Fique conectado tamb\u00e9m nas redes sociais.\",\"sameAs\":[\"http:\/\/www.portalmf.com.br\/\",\"https:\/\/www.facebook.com\/portalmfoficial\",\"https:\/\/www.instagram.com\/portalmf\/\",\"https:\/\/x.com\/https:\/\/x.com\/portalmfoficial\",\"https:\/\/www.youtube.com\/@portalmfoficial\"],\"url\":\"https:\/\/portalmf.com.br\/index.php\/author\/junior\/\"}]}<\/script>\n<!-- \/ Yoast SEO plugin. -->","yoast_head_json":{"title":"L\u00e9o Santana comanda segunda edi\u00e7\u00e3o do Baile da Santinha - Portal MF","robots":{"index":"index","follow":"follow","max-snippet":"max-snippet:-1","max-image-preview":"max-image-preview:large","max-video-preview":"max-video-preview:-1"},"canonical":"https:\/\/portalmf.com.br\/index.php\/2023\/01\/10\/leo-santana-comanda-segunda-edicao-do-baile-da-santinha\/","og_locale":"pt_BR","og_type":"article","og_title":"L\u00e9o Santana comanda segunda edi\u00e7\u00e3o do Baile da Santinha - Portal MF","og_description":"Ap\u00f3s o sucesso da primeira edi\u00e7\u00e3o do Baile da Santinha \u2013 In the Park, o Reino do Gigante trouxe uma superestrutura, com um palco gigante \u2013 que mede 66 metros de largura, al\u00e9m de 250 metros de led, e proporcionou uma experi\u00eancia \u00fanica de imers\u00e3o ao p\u00fablico. Com tr\u00eas setores distintos: Arena, \u00c1rea Vip e [&hellip;]","og_url":"https:\/\/portalmf.com.br\/index.php\/2023\/01\/10\/leo-santana-comanda-segunda-edicao-do-baile-da-santinha\/","og_site_name":"Portal MF","article_author":"https:\/\/www.facebook.com\/portalmfoficial","article_published_time":"2023-01-10T20:54:02+00:00","article_modified_time":"2023-01-12T19:01:32+00:00","og_image":[{"width":902,"height":520,"url":"https:\/\/portalmf.com.br\/wp-content\/uploads\/2023\/01\/Baile-da-Santinha-Segunda-Edicao.jpg","type":"image\/jpeg"}],"author":"Reda\u00e7\u00e3o Portal MF","twitter_card":"summary_large_image","twitter_creator":"@https:\/\/x.com\/portalmfoficial","twitter_misc":{"Escrito por":"Reda\u00e7\u00e3o Portal MF","Est. tempo de leitura":"2 minutos"},"schema":{"@context":"https:\/\/schema.org","@graph":[{"@type":"WebPage","@id":"https:\/\/portalmf.com.br\/index.php\/2023\/01\/10\/leo-santana-comanda-segunda-edicao-do-baile-da-santinha\/","url":"https:\/\/portalmf.com.br\/index.php\/2023\/01\/10\/leo-santana-comanda-segunda-edicao-do-baile-da-santinha\/","name":"L\u00e9o Santana comanda segunda edi\u00e7\u00e3o do Baile da Santinha - Portal MF","isPartOf":{"@id":"https:\/\/portalmf.com.br\/#website"},"primaryImageOfPage":{"@id":"https:\/\/portalmf.com.br\/index.php\/2023\/01\/10\/leo-santana-comanda-segunda-edicao-do-baile-da-santinha\/#primaryimage"},"image":{"@id":"https:\/\/portalmf.com.br\/index.php\/2023\/01\/10\/leo-santana-comanda-segunda-edicao-do-baile-da-santinha\/#primaryimage"},"thumbnailUrl":"https:\/\/portalmf.com.br\/wp-content\/uploads\/2023\/01\/Baile-da-Santinha-Segunda-Edicao.jpg","datePublished":"2023-01-10T20:54:02+00:00","dateModified":"2023-01-12T19:01:32+00:00","author":{"@id":"https:\/\/portalmf.com.br\/#\/schema\/person\/9ec101baf56233e53520c26de5d6f6f0"},"breadcrumb":{"@id":"https:\/\/portalmf.com.br\/index.php\/2023\/01\/10\/leo-santana-comanda-segunda-edicao-do-baile-da-santinha\/#breadcrumb"},"inLanguage":"pt-BR","potentialAction":[{"@type":"ReadAction","target":["https:\/\/portalmf.com.br\/index.php\/2023\/01\/10\/leo-santana-comanda-segunda-edicao-do-baile-da-santinha\/"]}]},{"@type":"ImageObject","inLanguage":"pt-BR","@id":"https:\/\/portalmf.com.br\/index.php\/2023\/01\/10\/leo-santana-comanda-segunda-edicao-do-baile-da-santinha\/#primaryimage","url":"https:\/\/portalmf.com.br\/wp-content\/uploads\/2023\/01\/Baile-da-Santinha-Segunda-Edicao.jpg","contentUrl":"https:\/\/portalmf.com.br\/wp-content\/uploads\/2023\/01\/Baile-da-Santinha-Segunda-Edicao.jpg","width":902,"height":520,"caption":"Foto: Divulga\u00e7\u00e3o"},{"@type":"BreadcrumbList","@id":"https:\/\/portalmf.com.br\/index.php\/2023\/01\/10\/leo-santana-comanda-segunda-edicao-do-baile-da-santinha\/#breadcrumb","itemListElement":[{"@type":"ListItem","position":1,"name":"In\u00edcio","item":"https:\/\/portalmf.com.br\/"},{"@type":"ListItem","position":2,"name":"L\u00e9o Santana comanda segunda edi\u00e7\u00e3o do Baile da Santinha"}]},{"@type":"WebSite","@id":"https:\/\/portalmf.com.br\/#website","url":"https:\/\/portalmf.com.br\/","name":"Portal MF","description":"Voc\u00ea conectado com a informa\u00e7\u00e3o","potentialAction":[{"@type":"SearchAction","target":{"@type":"EntryPoint","urlTemplate":"https:\/\/portalmf.com.br\/?s={search_term_string}"},"query-input":"required name=search_term_string"}],"inLanguage":"pt-BR"},{"@type":"Person","@id":"https:\/\/portalmf.com.br\/#\/schema\/person\/9ec101baf56233e53520c26de5d6f6f0","name":"Reda\u00e7\u00e3o Portal MF","image":{"@type":"ImageObject","inLanguage":"pt-BR","@id":"https:\/\/portalmf.com.br\/#\/schema\/person\/image\/","url":"https:\/\/secure.gravatar.com\/avatar\/41b9aaeb2100835f7c64362330f74c7f?s=96&d=mm&r=g","contentUrl":"https:\/\/secure.gravatar.com\/avatar\/41b9aaeb2100835f7c64362330f74c7f?s=96&d=mm&r=g","caption":"Reda\u00e7\u00e3o Portal MF"},"description":"Sejam bem-vindos o portal de informa\u00e7\u00f5es de entretenimento de Feira de Santana, desde 2006 realiza coberturas dos principais eventos com entrevistas exclusivas com as principais personalidades mundiais. Fique conectado tamb\u00e9m nas redes sociais.","sameAs":["http:\/\/www.portalmf.com.br\/","https:\/\/www.facebook.com\/portalmfoficial","https:\/\/www.instagram.com\/portalmf\/","https:\/\/x.com\/https:\/\/x.com\/portalmfoficial","https:\/\/www.youtube.com\/@portalmfoficial"],"url":"https:\/\/portalmf.com.br\/index.php\/author\/junior\/"}]}},"_links":{"self":[{"href":"https:\/\/portalmf.com.br\/index.php\/wp-json\/wp\/v2\/posts\/7799"}],"collection":[{"href":"https:\/\/portalmf.com.br\/index.php\/wp-json\/wp\/v2\/posts"}],"about":[{"href":"https:\/\/portalmf.com.br\/index.php\/wp-json\/wp\/v2\/types\/post"}],"author":[{"embeddable":true,"href":"https:\/\/portalmf.com.br\/index.php\/wp-json\/wp\/v2\/users\/3"}],"replies":[{"embeddable":true,"href":"https:\/\/portalmf.com.br\/index.php\/wp-json\/wp\/v2\/comments?post=7799"}],"version-history":[{"count":2,"href":"https:\/\/portalmf.com.br\/index.php\/wp-json\/wp\/v2\/posts\/7799\/revisions"}],"predecessor-version":[{"id":7873,"href":"https:\/\/portalmf.com.br\/index.php\/wp-json\/wp\/v2\/posts\/7799\/revisions\/7873"}],"wp:featuredmedia":[{"embeddable":true,"href":"https:\/\/portalmf.com.br\/index.php\/wp-json\/wp\/v2\/media\/7800"}],"wp:attachment":[{"href":"https:\/\/portalmf.com.br\/index.php\/wp-json\/wp\/v2\/media?parent=7799"}],"wp:term":[{"taxonomy":"category","embeddable":true,"href":"https:\/\/portalmf.com.br\/index.php\/wp-json\/wp\/v2\/categories?post=7799"},{"taxonomy":"post_tag","embeddable":true,"href":"https:\/\/portalmf.com.br\/index.php\/wp-json\/wp\/v2\/tags?post=7799"}],"curies":[{"name":"wp","href":"https:\/\/api.w.org\/{rel}","templated":true}]}}