{"id":7796,"date":"2023-01-10T17:38:13","date_gmt":"2023-01-10T20:38:13","guid":{"rendered":"https:\/\/portalmf.com.br\/?p=7796"},"modified":"2023-01-10T17:38:14","modified_gmt":"2023-01-10T20:38:14","slug":"timbalada-confirma-data-de-proximo-ensaio-de-verao","status":"publish","type":"post","link":"https:\/\/portalmf.com.br\/index.php\/2023\/01\/10\/timbalada-confirma-data-de-proximo-ensaio-de-verao\/","title":{"rendered":"Timbalada confirma data de pr\u00f3ximo ensaio de ver\u00e3o"},"content":{"rendered":"\n<p>Ap\u00f3s o sucesso da terceira edi\u00e7\u00e3o do ensaio de ver\u00e3o, a Timbalada \u2013 liderada por Denny Denan e Buja Ferreira, abre as portas do Candyall Guetho Square para mais uma edi\u00e7\u00e3o de seu tradicional ensaio.<\/p>\n\n\n\n<p>Depois de receber nomes como Claudia Leitte, Durval Lelys, Carlinhos Brown, Olodum, Xanddy Harmonia e Jo\u00e3o Gomes, de esgotar os ingressos em minutos e de lotar o Guetho, a banda Timbalada acaba de anunciar a data de mais uma edi\u00e7\u00e3o de seu ensaio: dia 22 de janeiro.<\/p>\n\n\n\n<p>Reunindo em um show de mais de 3 horas e meia de dura\u00e7\u00e3o, com um repert\u00f3rio que traz toda hist\u00f3ria e ancestralidade do grupo, a Timbalada \u2013 liderada por Denny e Buja, abre vendas para mais um espet\u00e1culo.<\/p>\n\n\n\n<p>Denny e Buja n\u00e3o escondem a alegria do sucesso que o Ensaio da Timbalada est\u00e1 fazendo. \u201cCada show que fazemos ali \u00e9 \u00fanico e especial. A conex\u00e3o que criamos com o p\u00fablico muda a cada novo ensaio, \u00e9 realmente muito bom estar onde tudo come\u00e7ou.\u201d, comentou Denny. J\u00e1 Buja, afirmou que: \u201c\u00c9 uma alegria sem tamanho saber que nossos ensaios est\u00e3o esgotando os ingressos em t\u00e3o pouco tempo, \u00e9 sempre um prazer enorme sentir a energia do Guetho e de toda a na\u00e7\u00e3o timbaleira.\u201d, comentou o cantor.<\/p>\n\n\n\n<p>Os ingressos est\u00e3o dispon\u00edveis para venda na loja do Bora Tickets, no 2\u00ba piso do Shopping da Bahia ou atrav\u00e9s do site&nbsp;<a href=\"http:\/\/www.boratickets.com.br\/\" target=\"_blank\" rel=\"noreferrer noopener\">www.boratickets.com.br<\/a>&nbsp;.<\/p>\n\n\n\n<p><strong>SERVI\u00c7O<\/strong><\/p>\n\n\n\n<p><strong>O que:<\/strong> Ensaio da Timbalada<\/p>\n\n\n\n<p><strong>Quando:<\/strong> 22 de janeiro, a partir das 17 horas<\/p>\n\n\n\n<p><strong>Atra\u00e7\u00f5es:<\/strong> Timbalada e convidados<\/p>\n\n\n\n<p><strong>Vendas: <\/strong>Loja do Bora Tickets, no 2\u00ba piso do Shopping da Bahia ou atrav\u00e9s do site\u00a0<a href=\"http:\/\/www.boratickets.com.br\/\" target=\"_blank\" rel=\"noreferrer noopener\">www.boratickets.com.br<\/a><\/p>\n\n\n\n<p><strong>Informa\u00e7\u00f5es:<\/strong> @ssaproducoes @timbaladaoficial\u00a0<\/p>\n","protected":false},"excerpt":{"rendered":"<p>Ap\u00f3s o sucesso da terceira edi\u00e7\u00e3o do ensaio de ver\u00e3o, a Timbalada \u2013 liderada por Denny Denan e Buja Ferreira, abre as portas do Candyall Guetho Square para mais uma edi\u00e7\u00e3o de seu tradicional ensaio. Depois de receber nomes como Claudia Leitte, Durval Lelys, Carlinhos Brown, Olodum, Xanddy Harmonia e Jo\u00e3o Gomes, de esgotar os [&hellip;]<\/p>\n","protected":false},"author":3,"featured_media":7797,"comment_status":"open","ping_status":"open","sticky":false,"template":"","format":"standard","meta":{"_monsterinsights_skip_tracking":false,"_monsterinsights_sitenote_active":false,"_monsterinsights_sitenote_note":"","_monsterinsights_sitenote_category":0,"footnotes":""},"categories":[44,47,45],"tags":[],"yoast_head":"<!-- This site is optimized with the Yoast SEO plugin v22.9 - https:\/\/yoast.com\/wordpress\/plugins\/seo\/ -->\n<title>Timbalada confirma data de pr\u00f3ximo ensaio de ver\u00e3o - Portal MF<\/title>\n<meta name=\"robots\" content=\"index, follow, max-snippet:-1, max-image-preview:large, max-video-preview:-1\" \/>\n<link rel=\"canonical\" href=\"https:\/\/portalmf.com.br\/index.php\/2023\/01\/10\/timbalada-confirma-data-de-proximo-ensaio-de-verao\/\" \/>\n<meta property=\"og:locale\" content=\"pt_BR\" \/>\n<meta property=\"og:type\" content=\"article\" \/>\n<meta property=\"og:title\" content=\"Timbalada confirma data de pr\u00f3ximo ensaio de ver\u00e3o - Portal MF\" \/>\n<meta property=\"og:description\" content=\"Ap\u00f3s o sucesso da terceira edi\u00e7\u00e3o do ensaio de ver\u00e3o, a Timbalada \u2013 liderada por Denny Denan e Buja Ferreira, abre as portas do Candyall Guetho Square para mais uma edi\u00e7\u00e3o de seu tradicional ensaio. Depois de receber nomes como Claudia Leitte, Durval Lelys, Carlinhos Brown, Olodum, Xanddy Harmonia e Jo\u00e3o Gomes, de esgotar os [&hellip;]\" \/>\n<meta property=\"og:url\" content=\"https:\/\/portalmf.com.br\/index.php\/2023\/01\/10\/timbalada-confirma-data-de-proximo-ensaio-de-verao\/\" \/>\n<meta property=\"og:site_name\" content=\"Portal MF\" \/>\n<meta property=\"article:author\" content=\"https:\/\/www.facebook.com\/portalmfoficial\" \/>\n<meta property=\"article:published_time\" content=\"2023-01-10T20:38:13+00:00\" \/>\n<meta property=\"article:modified_time\" content=\"2023-01-10T20:38:14+00:00\" \/>\n<meta property=\"og:image\" content=\"https:\/\/portalmf.com.br\/wp-content\/uploads\/2023\/01\/Timbalada-3.jpg\" \/>\n\t<meta property=\"og:image:width\" content=\"1600\" \/>\n\t<meta property=\"og:image:height\" content=\"900\" \/>\n\t<meta property=\"og:image:type\" content=\"image\/jpeg\" \/>\n<meta name=\"author\" content=\"Reda\u00e7\u00e3o Portal MF\" \/>\n<meta name=\"twitter:card\" content=\"summary_large_image\" \/>\n<meta name=\"twitter:creator\" content=\"@https:\/\/x.com\/portalmfoficial\" \/>\n<meta name=\"twitter:label1\" content=\"Escrito por\" \/>\n\t<meta name=\"twitter:data1\" content=\"Reda\u00e7\u00e3o Portal MF\" \/>\n\t<meta name=\"twitter:label2\" content=\"Est. tempo de leitura\" \/>\n\t<meta name=\"twitter:data2\" content=\"2 minutos\" \/>\n<script type=\"application\/ld+json\" class=\"yoast-schema-graph\">{\"@context\":\"https:\/\/schema.org\",\"@graph\":[{\"@type\":\"WebPage\",\"@id\":\"https:\/\/portalmf.com.br\/index.php\/2023\/01\/10\/timbalada-confirma-data-de-proximo-ensaio-de-verao\/\",\"url\":\"https:\/\/portalmf.com.br\/index.php\/2023\/01\/10\/timbalada-confirma-data-de-proximo-ensaio-de-verao\/\",\"name\":\"Timbalada confirma data de pr\u00f3ximo ensaio de ver\u00e3o - Portal MF\",\"isPartOf\":{\"@id\":\"https:\/\/portalmf.com.br\/#website\"},\"primaryImageOfPage\":{\"@id\":\"https:\/\/portalmf.com.br\/index.php\/2023\/01\/10\/timbalada-confirma-data-de-proximo-ensaio-de-verao\/#primaryimage\"},\"image\":{\"@id\":\"https:\/\/portalmf.com.br\/index.php\/2023\/01\/10\/timbalada-confirma-data-de-proximo-ensaio-de-verao\/#primaryimage\"},\"thumbnailUrl\":\"https:\/\/portalmf.com.br\/wp-content\/uploads\/2023\/01\/Timbalada-3.jpg\",\"datePublished\":\"2023-01-10T20:38:13+00:00\",\"dateModified\":\"2023-01-10T20:38:14+00:00\",\"author\":{\"@id\":\"https:\/\/portalmf.com.br\/#\/schema\/person\/9ec101baf56233e53520c26de5d6f6f0\"},\"breadcrumb\":{\"@id\":\"https:\/\/portalmf.com.br\/index.php\/2023\/01\/10\/timbalada-confirma-data-de-proximo-ensaio-de-verao\/#breadcrumb\"},\"inLanguage\":\"pt-BR\",\"potentialAction\":[{\"@type\":\"ReadAction\",\"target\":[\"https:\/\/portalmf.com.br\/index.php\/2023\/01\/10\/timbalada-confirma-data-de-proximo-ensaio-de-verao\/\"]}]},{\"@type\":\"ImageObject\",\"inLanguage\":\"pt-BR\",\"@id\":\"https:\/\/portalmf.com.br\/index.php\/2023\/01\/10\/timbalada-confirma-data-de-proximo-ensaio-de-verao\/#primaryimage\",\"url\":\"https:\/\/portalmf.com.br\/wp-content\/uploads\/2023\/01\/Timbalada-3.jpg\",\"contentUrl\":\"https:\/\/portalmf.com.br\/wp-content\/uploads\/2023\/01\/Timbalada-3.jpg\",\"width\":1600,\"height\":900},{\"@type\":\"BreadcrumbList\",\"@id\":\"https:\/\/portalmf.com.br\/index.php\/2023\/01\/10\/timbalada-confirma-data-de-proximo-ensaio-de-verao\/#breadcrumb\",\"itemListElement\":[{\"@type\":\"ListItem\",\"position\":1,\"name\":\"In\u00edcio\",\"item\":\"https:\/\/portalmf.com.br\/\"},{\"@type\":\"ListItem\",\"position\":2,\"name\":\"Timbalada confirma data de pr\u00f3ximo ensaio de ver\u00e3o\"}]},{\"@type\":\"WebSite\",\"@id\":\"https:\/\/portalmf.com.br\/#website\",\"url\":\"https:\/\/portalmf.com.br\/\",\"name\":\"Portal MF\",\"description\":\"Voc\u00ea conectado com a informa\u00e7\u00e3o\",\"potentialAction\":[{\"@type\":\"SearchAction\",\"target\":{\"@type\":\"EntryPoint\",\"urlTemplate\":\"https:\/\/portalmf.com.br\/?s={search_term_string}\"},\"query-input\":\"required name=search_term_string\"}],\"inLanguage\":\"pt-BR\"},{\"@type\":\"Person\",\"@id\":\"https:\/\/portalmf.com.br\/#\/schema\/person\/9ec101baf56233e53520c26de5d6f6f0\",\"name\":\"Reda\u00e7\u00e3o Portal MF\",\"image\":{\"@type\":\"ImageObject\",\"inLanguage\":\"pt-BR\",\"@id\":\"https:\/\/portalmf.com.br\/#\/schema\/person\/image\/\",\"url\":\"https:\/\/secure.gravatar.com\/avatar\/41b9aaeb2100835f7c64362330f74c7f?s=96&d=mm&r=g\",\"contentUrl\":\"https:\/\/secure.gravatar.com\/avatar\/41b9aaeb2100835f7c64362330f74c7f?s=96&d=mm&r=g\",\"caption\":\"Reda\u00e7\u00e3o Portal MF\"},\"description\":\"Sejam bem-vindos o portal de informa\u00e7\u00f5es de entretenimento de Feira de Santana, desde 2006 realiza coberturas dos principais eventos com entrevistas exclusivas com as principais personalidades mundiais. Fique conectado tamb\u00e9m nas redes sociais.\",\"sameAs\":[\"http:\/\/www.portalmf.com.br\/\",\"https:\/\/www.facebook.com\/portalmfoficial\",\"https:\/\/www.instagram.com\/portalmf\/\",\"https:\/\/x.com\/https:\/\/x.com\/portalmfoficial\",\"https:\/\/www.youtube.com\/@portalmfoficial\"],\"url\":\"https:\/\/portalmf.com.br\/index.php\/author\/junior\/\"}]}<\/script>\n<!-- \/ Yoast SEO plugin. -->","yoast_head_json":{"title":"Timbalada confirma data de pr\u00f3ximo ensaio de ver\u00e3o - Portal MF","robots":{"index":"index","follow":"follow","max-snippet":"max-snippet:-1","max-image-preview":"max-image-preview:large","max-video-preview":"max-video-preview:-1"},"canonical":"https:\/\/portalmf.com.br\/index.php\/2023\/01\/10\/timbalada-confirma-data-de-proximo-ensaio-de-verao\/","og_locale":"pt_BR","og_type":"article","og_title":"Timbalada confirma data de pr\u00f3ximo ensaio de ver\u00e3o - Portal MF","og_description":"Ap\u00f3s o sucesso da terceira edi\u00e7\u00e3o do ensaio de ver\u00e3o, a Timbalada \u2013 liderada por Denny Denan e Buja Ferreira, abre as portas do Candyall Guetho Square para mais uma edi\u00e7\u00e3o de seu tradicional ensaio. Depois de receber nomes como Claudia Leitte, Durval Lelys, Carlinhos Brown, Olodum, Xanddy Harmonia e Jo\u00e3o Gomes, de esgotar os [&hellip;]","og_url":"https:\/\/portalmf.com.br\/index.php\/2023\/01\/10\/timbalada-confirma-data-de-proximo-ensaio-de-verao\/","og_site_name":"Portal MF","article_author":"https:\/\/www.facebook.com\/portalmfoficial","article_published_time":"2023-01-10T20:38:13+00:00","article_modified_time":"2023-01-10T20:38:14+00:00","og_image":[{"width":1600,"height":900,"url":"https:\/\/portalmf.com.br\/wp-content\/uploads\/2023\/01\/Timbalada-3.jpg","type":"image\/jpeg"}],"author":"Reda\u00e7\u00e3o Portal MF","twitter_card":"summary_large_image","twitter_creator":"@https:\/\/x.com\/portalmfoficial","twitter_misc":{"Escrito por":"Reda\u00e7\u00e3o Portal MF","Est. tempo de leitura":"2 minutos"},"schema":{"@context":"https:\/\/schema.org","@graph":[{"@type":"WebPage","@id":"https:\/\/portalmf.com.br\/index.php\/2023\/01\/10\/timbalada-confirma-data-de-proximo-ensaio-de-verao\/","url":"https:\/\/portalmf.com.br\/index.php\/2023\/01\/10\/timbalada-confirma-data-de-proximo-ensaio-de-verao\/","name":"Timbalada confirma data de pr\u00f3ximo ensaio de ver\u00e3o - Portal MF","isPartOf":{"@id":"https:\/\/portalmf.com.br\/#website"},"primaryImageOfPage":{"@id":"https:\/\/portalmf.com.br\/index.php\/2023\/01\/10\/timbalada-confirma-data-de-proximo-ensaio-de-verao\/#primaryimage"},"image":{"@id":"https:\/\/portalmf.com.br\/index.php\/2023\/01\/10\/timbalada-confirma-data-de-proximo-ensaio-de-verao\/#primaryimage"},"thumbnailUrl":"https:\/\/portalmf.com.br\/wp-content\/uploads\/2023\/01\/Timbalada-3.jpg","datePublished":"2023-01-10T20:38:13+00:00","dateModified":"2023-01-10T20:38:14+00:00","author":{"@id":"https:\/\/portalmf.com.br\/#\/schema\/person\/9ec101baf56233e53520c26de5d6f6f0"},"breadcrumb":{"@id":"https:\/\/portalmf.com.br\/index.php\/2023\/01\/10\/timbalada-confirma-data-de-proximo-ensaio-de-verao\/#breadcrumb"},"inLanguage":"pt-BR","potentialAction":[{"@type":"ReadAction","target":["https:\/\/portalmf.com.br\/index.php\/2023\/01\/10\/timbalada-confirma-data-de-proximo-ensaio-de-verao\/"]}]},{"@type":"ImageObject","inLanguage":"pt-BR","@id":"https:\/\/portalmf.com.br\/index.php\/2023\/01\/10\/timbalada-confirma-data-de-proximo-ensaio-de-verao\/#primaryimage","url":"https:\/\/portalmf.com.br\/wp-content\/uploads\/2023\/01\/Timbalada-3.jpg","contentUrl":"https:\/\/portalmf.com.br\/wp-content\/uploads\/2023\/01\/Timbalada-3.jpg","width":1600,"height":900},{"@type":"BreadcrumbList","@id":"https:\/\/portalmf.com.br\/index.php\/2023\/01\/10\/timbalada-confirma-data-de-proximo-ensaio-de-verao\/#breadcrumb","itemListElement":[{"@type":"ListItem","position":1,"name":"In\u00edcio","item":"https:\/\/portalmf.com.br\/"},{"@type":"ListItem","position":2,"name":"Timbalada confirma data de pr\u00f3ximo ensaio de ver\u00e3o"}]},{"@type":"WebSite","@id":"https:\/\/portalmf.com.br\/#website","url":"https:\/\/portalmf.com.br\/","name":"Portal MF","description":"Voc\u00ea conectado com a informa\u00e7\u00e3o","potentialAction":[{"@type":"SearchAction","target":{"@type":"EntryPoint","urlTemplate":"https:\/\/portalmf.com.br\/?s={search_term_string}"},"query-input":"required name=search_term_string"}],"inLanguage":"pt-BR"},{"@type":"Person","@id":"https:\/\/portalmf.com.br\/#\/schema\/person\/9ec101baf56233e53520c26de5d6f6f0","name":"Reda\u00e7\u00e3o Portal MF","image":{"@type":"ImageObject","inLanguage":"pt-BR","@id":"https:\/\/portalmf.com.br\/#\/schema\/person\/image\/","url":"https:\/\/secure.gravatar.com\/avatar\/41b9aaeb2100835f7c64362330f74c7f?s=96&d=mm&r=g","contentUrl":"https:\/\/secure.gravatar.com\/avatar\/41b9aaeb2100835f7c64362330f74c7f?s=96&d=mm&r=g","caption":"Reda\u00e7\u00e3o Portal MF"},"description":"Sejam bem-vindos o portal de informa\u00e7\u00f5es de entretenimento de Feira de Santana, desde 2006 realiza coberturas dos principais eventos com entrevistas exclusivas com as principais personalidades mundiais. Fique conectado tamb\u00e9m nas redes sociais.","sameAs":["http:\/\/www.portalmf.com.br\/","https:\/\/www.facebook.com\/portalmfoficial","https:\/\/www.instagram.com\/portalmf\/","https:\/\/x.com\/https:\/\/x.com\/portalmfoficial","https:\/\/www.youtube.com\/@portalmfoficial"],"url":"https:\/\/portalmf.com.br\/index.php\/author\/junior\/"}]}},"_links":{"self":[{"href":"https:\/\/portalmf.com.br\/index.php\/wp-json\/wp\/v2\/posts\/7796"}],"collection":[{"href":"https:\/\/portalmf.com.br\/index.php\/wp-json\/wp\/v2\/posts"}],"about":[{"href":"https:\/\/portalmf.com.br\/index.php\/wp-json\/wp\/v2\/types\/post"}],"author":[{"embeddable":true,"href":"https:\/\/portalmf.com.br\/index.php\/wp-json\/wp\/v2\/users\/3"}],"replies":[{"embeddable":true,"href":"https:\/\/portalmf.com.br\/index.php\/wp-json\/wp\/v2\/comments?post=7796"}],"version-history":[{"count":1,"href":"https:\/\/portalmf.com.br\/index.php\/wp-json\/wp\/v2\/posts\/7796\/revisions"}],"predecessor-version":[{"id":7798,"href":"https:\/\/portalmf.com.br\/index.php\/wp-json\/wp\/v2\/posts\/7796\/revisions\/7798"}],"wp:featuredmedia":[{"embeddable":true,"href":"https:\/\/portalmf.com.br\/index.php\/wp-json\/wp\/v2\/media\/7797"}],"wp:attachment":[{"href":"https:\/\/portalmf.com.br\/index.php\/wp-json\/wp\/v2\/media?parent=7796"}],"wp:term":[{"taxonomy":"category","embeddable":true,"href":"https:\/\/portalmf.com.br\/index.php\/wp-json\/wp\/v2\/categories?post=7796"},{"taxonomy":"post_tag","embeddable":true,"href":"https:\/\/portalmf.com.br\/index.php\/wp-json\/wp\/v2\/tags?post=7796"}],"curies":[{"name":"wp","href":"https:\/\/api.w.org\/{rel}","templated":true}]}}