{"id":7792,"date":"2023-01-10T17:33:19","date_gmt":"2023-01-10T20:33:19","guid":{"rendered":"https:\/\/portalmf.com.br\/?p=7792"},"modified":"2023-01-10T17:33:21","modified_gmt":"2023-01-10T20:33:21","slug":"comecam-as-gravacoes-de-minha-mae-cozinha-melhor-que-a-sua","status":"publish","type":"post","link":"https:\/\/portalmf.com.br\/index.php\/2023\/01\/10\/comecam-as-gravacoes-de-minha-mae-cozinha-melhor-que-a-sua\/","title":{"rendered":"Come\u00e7am as grava\u00e7\u00f5es de \u2018Minha M\u00e3e Cozinha Melhor que a Sua\u2019"},"content":{"rendered":"\n<p>Na segunda-feira (9), os chefs Paola Carosella e Jo\u00e3o Diamante se uniram ao ator e apresentador Leandro Hassum para o in\u00edcio das grava\u00e7\u00f5es do novo reality de culin\u00e1ria da TV Globo, \u2018Minha M\u00e3e Cozinha Melhor que a Sua\u2019. O programa ser\u00e1 exibido nas tardes de domingo, com estreia no dia 29 de janeiro.<\/p>\n\n\n\n<p>A cada semana, tr\u00eas diferentes duplas de m\u00e3es e filhos famosos vestem o avental e partem para a aventura na cozinha, competindo entre si em duas provas. Mas aqui, diferente dos almo\u00e7os de domingo, quem coloca a m\u00e3o na massa s\u00e3o os filhos. <\/p>\n\n\n\n<p>As m\u00e3es podem at\u00e9 ajudar, mas h\u00e1 consequ\u00eancias que podem custar caro. Ao longo da din\u00e2mica, Hassum comanda a brincadeira com muito alto astral, d\u00e1 seus pitacos aos competidores e pergunta a opini\u00e3o do ilustr\u00edssimo j\u00fari. Ao final dos desafios, Paola e Diamante provam os pratos e definem os eliminados. A cada domingo, apenas uma dupla sai como grande campe\u00e3.<\/p>\n\n\n\n<figure class=\"wp-block-image size-large\"><img fetchpriority=\"high\" decoding=\"async\" width=\"1024\" height=\"683\" src=\"https:\/\/portalmf.com.br\/wp-content\/uploads\/2023\/01\/assets_fotos_1043_comecam-as-gravacoes-de-minha-mae-cozinha-melhor-que-a-sua-13c04dfdf1c9-1024x683.jpg\" alt=\"\" class=\"wp-image-7794\" srcset=\"https:\/\/portalmf.com.br\/wp-content\/uploads\/2023\/01\/assets_fotos_1043_comecam-as-gravacoes-de-minha-mae-cozinha-melhor-que-a-sua-13c04dfdf1c9-1024x683.jpg 1024w, https:\/\/portalmf.com.br\/wp-content\/uploads\/2023\/01\/assets_fotos_1043_comecam-as-gravacoes-de-minha-mae-cozinha-melhor-que-a-sua-13c04dfdf1c9-300x200.jpg 300w, https:\/\/portalmf.com.br\/wp-content\/uploads\/2023\/01\/assets_fotos_1043_comecam-as-gravacoes-de-minha-mae-cozinha-melhor-que-a-sua-13c04dfdf1c9-768x512.jpg 768w, https:\/\/portalmf.com.br\/wp-content\/uploads\/2023\/01\/assets_fotos_1043_comecam-as-gravacoes-de-minha-mae-cozinha-melhor-que-a-sua-13c04dfdf1c9-1536x1024.jpg 1536w, https:\/\/portalmf.com.br\/wp-content\/uploads\/2023\/01\/assets_fotos_1043_comecam-as-gravacoes-de-minha-mae-cozinha-melhor-que-a-sua-13c04dfdf1c9-2048x1366.jpg 2048w, https:\/\/portalmf.com.br\/wp-content\/uploads\/2023\/01\/assets_fotos_1043_comecam-as-gravacoes-de-minha-mae-cozinha-melhor-que-a-sua-13c04dfdf1c9-1920x1280.jpg 1920w, https:\/\/portalmf.com.br\/wp-content\/uploads\/2023\/01\/assets_fotos_1043_comecam-as-gravacoes-de-minha-mae-cozinha-melhor-que-a-sua-13c04dfdf1c9-1170x780.jpg 1170w, https:\/\/portalmf.com.br\/wp-content\/uploads\/2023\/01\/assets_fotos_1043_comecam-as-gravacoes-de-minha-mae-cozinha-melhor-que-a-sua-13c04dfdf1c9-585x390.jpg 585w, https:\/\/portalmf.com.br\/wp-content\/uploads\/2023\/01\/assets_fotos_1043_comecam-as-gravacoes-de-minha-mae-cozinha-melhor-que-a-sua-13c04dfdf1c9-263x175.jpg 263w\" sizes=\"(max-width: 1024px) 100vw, 1024px\" \/><figcaption><strong>Jo\u00e3o Diamante, Paola Carosella e Leandro Hassum comandam \u2018Minha M\u00e3e Cozinha Melhor que a Sua\u2019. Foto: Globo\/ Cadu Pilotto<\/strong><\/figcaption><\/figure>\n\n\n\n<p>\u2018Minha m\u00e3e cozinha melhor que a sua\u2019 tem produ\u00e7\u00e3o de Maiana Timoner, dire\u00e7\u00e3o art\u00edstica de LP Simonetti e dire\u00e7\u00e3o geral de Ang\u00e9lica Campos. A dire\u00e7\u00e3o de g\u00eanero \u00e9 de Boninho e tem previs\u00e3o de estreia em 29 de janeiro.&nbsp;<\/p>\n","protected":false},"excerpt":{"rendered":"<p>Na segunda-feira (9), os chefs Paola Carosella e Jo\u00e3o Diamante se uniram ao ator e apresentador Leandro Hassum para o in\u00edcio das grava\u00e7\u00f5es do novo reality de culin\u00e1ria da TV Globo, \u2018Minha M\u00e3e Cozinha Melhor que a Sua\u2019. O programa ser\u00e1 exibido nas tardes de domingo, com estreia no dia 29 de janeiro. A cada [&hellip;]<\/p>\n","protected":false},"author":3,"featured_media":7793,"comment_status":"open","ping_status":"open","sticky":false,"template":"","format":"standard","meta":{"_monsterinsights_skip_tracking":false,"_monsterinsights_sitenote_active":false,"_monsterinsights_sitenote_note":"","_monsterinsights_sitenote_category":0,"footnotes":""},"categories":[47,43],"tags":[],"yoast_head":"<!-- This site is optimized with the Yoast SEO plugin v22.9 - https:\/\/yoast.com\/wordpress\/plugins\/seo\/ -->\n<title>Come\u00e7am as grava\u00e7\u00f5es de \u2018Minha M\u00e3e Cozinha Melhor que a Sua\u2019 - Portal MF<\/title>\n<meta name=\"robots\" content=\"index, follow, max-snippet:-1, max-image-preview:large, max-video-preview:-1\" \/>\n<link rel=\"canonical\" href=\"https:\/\/portalmf.com.br\/index.php\/2023\/01\/10\/comecam-as-gravacoes-de-minha-mae-cozinha-melhor-que-a-sua\/\" \/>\n<meta property=\"og:locale\" content=\"pt_BR\" \/>\n<meta property=\"og:type\" content=\"article\" \/>\n<meta property=\"og:title\" content=\"Come\u00e7am as grava\u00e7\u00f5es de \u2018Minha M\u00e3e Cozinha Melhor que a Sua\u2019 - Portal MF\" \/>\n<meta property=\"og:description\" content=\"Na segunda-feira (9), os chefs Paola Carosella e Jo\u00e3o Diamante se uniram ao ator e apresentador Leandro Hassum para o in\u00edcio das grava\u00e7\u00f5es do novo reality de culin\u00e1ria da TV Globo, \u2018Minha M\u00e3e Cozinha Melhor que a Sua\u2019. O programa ser\u00e1 exibido nas tardes de domingo, com estreia no dia 29 de janeiro. A cada [&hellip;]\" \/>\n<meta property=\"og:url\" content=\"https:\/\/portalmf.com.br\/index.php\/2023\/01\/10\/comecam-as-gravacoes-de-minha-mae-cozinha-melhor-que-a-sua\/\" \/>\n<meta property=\"og:site_name\" content=\"Portal MF\" \/>\n<meta property=\"article:author\" content=\"https:\/\/www.facebook.com\/portalmfoficial\" \/>\n<meta property=\"article:published_time\" content=\"2023-01-10T20:33:19+00:00\" \/>\n<meta property=\"article:modified_time\" content=\"2023-01-10T20:33:21+00:00\" \/>\n<meta property=\"og:image\" content=\"https:\/\/portalmf.com.br\/wp-content\/uploads\/2023\/01\/assets_fotos_1043_comecam-as-gravacoes-de-minha-mae-cozinha-melhor-que-a-sua-f403e9ad0c34.jpg\" \/>\n\t<meta property=\"og:image:width\" content=\"2500\" \/>\n\t<meta property=\"og:image:height\" content=\"1646\" \/>\n\t<meta property=\"og:image:type\" content=\"image\/jpeg\" \/>\n<meta name=\"author\" content=\"Reda\u00e7\u00e3o Portal MF\" \/>\n<meta name=\"twitter:card\" content=\"summary_large_image\" \/>\n<meta name=\"twitter:creator\" content=\"@https:\/\/x.com\/portalmfoficial\" \/>\n<meta name=\"twitter:label1\" content=\"Escrito por\" \/>\n\t<meta name=\"twitter:data1\" content=\"Reda\u00e7\u00e3o Portal MF\" \/>\n\t<meta name=\"twitter:label2\" content=\"Est. tempo de leitura\" \/>\n\t<meta name=\"twitter:data2\" content=\"2 minutos\" \/>\n<script type=\"application\/ld+json\" class=\"yoast-schema-graph\">{\"@context\":\"https:\/\/schema.org\",\"@graph\":[{\"@type\":\"WebPage\",\"@id\":\"https:\/\/portalmf.com.br\/index.php\/2023\/01\/10\/comecam-as-gravacoes-de-minha-mae-cozinha-melhor-que-a-sua\/\",\"url\":\"https:\/\/portalmf.com.br\/index.php\/2023\/01\/10\/comecam-as-gravacoes-de-minha-mae-cozinha-melhor-que-a-sua\/\",\"name\":\"Come\u00e7am as grava\u00e7\u00f5es de \u2018Minha M\u00e3e Cozinha Melhor que a Sua\u2019 - Portal MF\",\"isPartOf\":{\"@id\":\"https:\/\/portalmf.com.br\/#website\"},\"primaryImageOfPage\":{\"@id\":\"https:\/\/portalmf.com.br\/index.php\/2023\/01\/10\/comecam-as-gravacoes-de-minha-mae-cozinha-melhor-que-a-sua\/#primaryimage\"},\"image\":{\"@id\":\"https:\/\/portalmf.com.br\/index.php\/2023\/01\/10\/comecam-as-gravacoes-de-minha-mae-cozinha-melhor-que-a-sua\/#primaryimage\"},\"thumbnailUrl\":\"https:\/\/portalmf.com.br\/wp-content\/uploads\/2023\/01\/assets_fotos_1043_comecam-as-gravacoes-de-minha-mae-cozinha-melhor-que-a-sua-f403e9ad0c34.jpg\",\"datePublished\":\"2023-01-10T20:33:19+00:00\",\"dateModified\":\"2023-01-10T20:33:21+00:00\",\"author\":{\"@id\":\"https:\/\/portalmf.com.br\/#\/schema\/person\/9ec101baf56233e53520c26de5d6f6f0\"},\"breadcrumb\":{\"@id\":\"https:\/\/portalmf.com.br\/index.php\/2023\/01\/10\/comecam-as-gravacoes-de-minha-mae-cozinha-melhor-que-a-sua\/#breadcrumb\"},\"inLanguage\":\"pt-BR\",\"potentialAction\":[{\"@type\":\"ReadAction\",\"target\":[\"https:\/\/portalmf.com.br\/index.php\/2023\/01\/10\/comecam-as-gravacoes-de-minha-mae-cozinha-melhor-que-a-sua\/\"]}]},{\"@type\":\"ImageObject\",\"inLanguage\":\"pt-BR\",\"@id\":\"https:\/\/portalmf.com.br\/index.php\/2023\/01\/10\/comecam-as-gravacoes-de-minha-mae-cozinha-melhor-que-a-sua\/#primaryimage\",\"url\":\"https:\/\/portalmf.com.br\/wp-content\/uploads\/2023\/01\/assets_fotos_1043_comecam-as-gravacoes-de-minha-mae-cozinha-melhor-que-a-sua-f403e9ad0c34.jpg\",\"contentUrl\":\"https:\/\/portalmf.com.br\/wp-content\/uploads\/2023\/01\/assets_fotos_1043_comecam-as-gravacoes-de-minha-mae-cozinha-melhor-que-a-sua-f403e9ad0c34.jpg\",\"width\":2500,\"height\":1646,\"caption\":\"Foto: Globo\/ Cadu Pilotto\"},{\"@type\":\"BreadcrumbList\",\"@id\":\"https:\/\/portalmf.com.br\/index.php\/2023\/01\/10\/comecam-as-gravacoes-de-minha-mae-cozinha-melhor-que-a-sua\/#breadcrumb\",\"itemListElement\":[{\"@type\":\"ListItem\",\"position\":1,\"name\":\"In\u00edcio\",\"item\":\"https:\/\/portalmf.com.br\/\"},{\"@type\":\"ListItem\",\"position\":2,\"name\":\"Come\u00e7am as grava\u00e7\u00f5es de \u2018Minha M\u00e3e Cozinha Melhor que a Sua\u2019\"}]},{\"@type\":\"WebSite\",\"@id\":\"https:\/\/portalmf.com.br\/#website\",\"url\":\"https:\/\/portalmf.com.br\/\",\"name\":\"Portal MF\",\"description\":\"Voc\u00ea conectado com a informa\u00e7\u00e3o\",\"potentialAction\":[{\"@type\":\"SearchAction\",\"target\":{\"@type\":\"EntryPoint\",\"urlTemplate\":\"https:\/\/portalmf.com.br\/?s={search_term_string}\"},\"query-input\":\"required name=search_term_string\"}],\"inLanguage\":\"pt-BR\"},{\"@type\":\"Person\",\"@id\":\"https:\/\/portalmf.com.br\/#\/schema\/person\/9ec101baf56233e53520c26de5d6f6f0\",\"name\":\"Reda\u00e7\u00e3o Portal MF\",\"image\":{\"@type\":\"ImageObject\",\"inLanguage\":\"pt-BR\",\"@id\":\"https:\/\/portalmf.com.br\/#\/schema\/person\/image\/\",\"url\":\"https:\/\/secure.gravatar.com\/avatar\/41b9aaeb2100835f7c64362330f74c7f?s=96&d=mm&r=g\",\"contentUrl\":\"https:\/\/secure.gravatar.com\/avatar\/41b9aaeb2100835f7c64362330f74c7f?s=96&d=mm&r=g\",\"caption\":\"Reda\u00e7\u00e3o Portal MF\"},\"description\":\"Sejam bem-vindos o portal de informa\u00e7\u00f5es de entretenimento de Feira de Santana, desde 2006 realiza coberturas dos principais eventos com entrevistas exclusivas com as principais personalidades mundiais. Fique conectado tamb\u00e9m nas redes sociais.\",\"sameAs\":[\"http:\/\/www.portalmf.com.br\/\",\"https:\/\/www.facebook.com\/portalmfoficial\",\"https:\/\/www.instagram.com\/portalmf\/\",\"https:\/\/x.com\/https:\/\/x.com\/portalmfoficial\",\"https:\/\/www.youtube.com\/@portalmfoficial\"],\"url\":\"https:\/\/portalmf.com.br\/index.php\/author\/junior\/\"}]}<\/script>\n<!-- \/ Yoast SEO plugin. -->","yoast_head_json":{"title":"Come\u00e7am as grava\u00e7\u00f5es de \u2018Minha M\u00e3e Cozinha Melhor que a Sua\u2019 - Portal MF","robots":{"index":"index","follow":"follow","max-snippet":"max-snippet:-1","max-image-preview":"max-image-preview:large","max-video-preview":"max-video-preview:-1"},"canonical":"https:\/\/portalmf.com.br\/index.php\/2023\/01\/10\/comecam-as-gravacoes-de-minha-mae-cozinha-melhor-que-a-sua\/","og_locale":"pt_BR","og_type":"article","og_title":"Come\u00e7am as grava\u00e7\u00f5es de \u2018Minha M\u00e3e Cozinha Melhor que a Sua\u2019 - Portal MF","og_description":"Na segunda-feira (9), os chefs Paola Carosella e Jo\u00e3o Diamante se uniram ao ator e apresentador Leandro Hassum para o in\u00edcio das grava\u00e7\u00f5es do novo reality de culin\u00e1ria da TV Globo, \u2018Minha M\u00e3e Cozinha Melhor que a Sua\u2019. O programa ser\u00e1 exibido nas tardes de domingo, com estreia no dia 29 de janeiro. A cada [&hellip;]","og_url":"https:\/\/portalmf.com.br\/index.php\/2023\/01\/10\/comecam-as-gravacoes-de-minha-mae-cozinha-melhor-que-a-sua\/","og_site_name":"Portal MF","article_author":"https:\/\/www.facebook.com\/portalmfoficial","article_published_time":"2023-01-10T20:33:19+00:00","article_modified_time":"2023-01-10T20:33:21+00:00","og_image":[{"width":2500,"height":1646,"url":"https:\/\/portalmf.com.br\/wp-content\/uploads\/2023\/01\/assets_fotos_1043_comecam-as-gravacoes-de-minha-mae-cozinha-melhor-que-a-sua-f403e9ad0c34.jpg","type":"image\/jpeg"}],"author":"Reda\u00e7\u00e3o Portal MF","twitter_card":"summary_large_image","twitter_creator":"@https:\/\/x.com\/portalmfoficial","twitter_misc":{"Escrito por":"Reda\u00e7\u00e3o Portal MF","Est. tempo de leitura":"2 minutos"},"schema":{"@context":"https:\/\/schema.org","@graph":[{"@type":"WebPage","@id":"https:\/\/portalmf.com.br\/index.php\/2023\/01\/10\/comecam-as-gravacoes-de-minha-mae-cozinha-melhor-que-a-sua\/","url":"https:\/\/portalmf.com.br\/index.php\/2023\/01\/10\/comecam-as-gravacoes-de-minha-mae-cozinha-melhor-que-a-sua\/","name":"Come\u00e7am as grava\u00e7\u00f5es de \u2018Minha M\u00e3e Cozinha Melhor que a Sua\u2019 - Portal MF","isPartOf":{"@id":"https:\/\/portalmf.com.br\/#website"},"primaryImageOfPage":{"@id":"https:\/\/portalmf.com.br\/index.php\/2023\/01\/10\/comecam-as-gravacoes-de-minha-mae-cozinha-melhor-que-a-sua\/#primaryimage"},"image":{"@id":"https:\/\/portalmf.com.br\/index.php\/2023\/01\/10\/comecam-as-gravacoes-de-minha-mae-cozinha-melhor-que-a-sua\/#primaryimage"},"thumbnailUrl":"https:\/\/portalmf.com.br\/wp-content\/uploads\/2023\/01\/assets_fotos_1043_comecam-as-gravacoes-de-minha-mae-cozinha-melhor-que-a-sua-f403e9ad0c34.jpg","datePublished":"2023-01-10T20:33:19+00:00","dateModified":"2023-01-10T20:33:21+00:00","author":{"@id":"https:\/\/portalmf.com.br\/#\/schema\/person\/9ec101baf56233e53520c26de5d6f6f0"},"breadcrumb":{"@id":"https:\/\/portalmf.com.br\/index.php\/2023\/01\/10\/comecam-as-gravacoes-de-minha-mae-cozinha-melhor-que-a-sua\/#breadcrumb"},"inLanguage":"pt-BR","potentialAction":[{"@type":"ReadAction","target":["https:\/\/portalmf.com.br\/index.php\/2023\/01\/10\/comecam-as-gravacoes-de-minha-mae-cozinha-melhor-que-a-sua\/"]}]},{"@type":"ImageObject","inLanguage":"pt-BR","@id":"https:\/\/portalmf.com.br\/index.php\/2023\/01\/10\/comecam-as-gravacoes-de-minha-mae-cozinha-melhor-que-a-sua\/#primaryimage","url":"https:\/\/portalmf.com.br\/wp-content\/uploads\/2023\/01\/assets_fotos_1043_comecam-as-gravacoes-de-minha-mae-cozinha-melhor-que-a-sua-f403e9ad0c34.jpg","contentUrl":"https:\/\/portalmf.com.br\/wp-content\/uploads\/2023\/01\/assets_fotos_1043_comecam-as-gravacoes-de-minha-mae-cozinha-melhor-que-a-sua-f403e9ad0c34.jpg","width":2500,"height":1646,"caption":"Foto: Globo\/ Cadu Pilotto"},{"@type":"BreadcrumbList","@id":"https:\/\/portalmf.com.br\/index.php\/2023\/01\/10\/comecam-as-gravacoes-de-minha-mae-cozinha-melhor-que-a-sua\/#breadcrumb","itemListElement":[{"@type":"ListItem","position":1,"name":"In\u00edcio","item":"https:\/\/portalmf.com.br\/"},{"@type":"ListItem","position":2,"name":"Come\u00e7am as grava\u00e7\u00f5es de \u2018Minha M\u00e3e Cozinha Melhor que a Sua\u2019"}]},{"@type":"WebSite","@id":"https:\/\/portalmf.com.br\/#website","url":"https:\/\/portalmf.com.br\/","name":"Portal MF","description":"Voc\u00ea conectado com a informa\u00e7\u00e3o","potentialAction":[{"@type":"SearchAction","target":{"@type":"EntryPoint","urlTemplate":"https:\/\/portalmf.com.br\/?s={search_term_string}"},"query-input":"required name=search_term_string"}],"inLanguage":"pt-BR"},{"@type":"Person","@id":"https:\/\/portalmf.com.br\/#\/schema\/person\/9ec101baf56233e53520c26de5d6f6f0","name":"Reda\u00e7\u00e3o Portal MF","image":{"@type":"ImageObject","inLanguage":"pt-BR","@id":"https:\/\/portalmf.com.br\/#\/schema\/person\/image\/","url":"https:\/\/secure.gravatar.com\/avatar\/41b9aaeb2100835f7c64362330f74c7f?s=96&d=mm&r=g","contentUrl":"https:\/\/secure.gravatar.com\/avatar\/41b9aaeb2100835f7c64362330f74c7f?s=96&d=mm&r=g","caption":"Reda\u00e7\u00e3o Portal MF"},"description":"Sejam bem-vindos o portal de informa\u00e7\u00f5es de entretenimento de Feira de Santana, desde 2006 realiza coberturas dos principais eventos com entrevistas exclusivas com as principais personalidades mundiais. Fique conectado tamb\u00e9m nas redes sociais.","sameAs":["http:\/\/www.portalmf.com.br\/","https:\/\/www.facebook.com\/portalmfoficial","https:\/\/www.instagram.com\/portalmf\/","https:\/\/x.com\/https:\/\/x.com\/portalmfoficial","https:\/\/www.youtube.com\/@portalmfoficial"],"url":"https:\/\/portalmf.com.br\/index.php\/author\/junior\/"}]}},"_links":{"self":[{"href":"https:\/\/portalmf.com.br\/index.php\/wp-json\/wp\/v2\/posts\/7792"}],"collection":[{"href":"https:\/\/portalmf.com.br\/index.php\/wp-json\/wp\/v2\/posts"}],"about":[{"href":"https:\/\/portalmf.com.br\/index.php\/wp-json\/wp\/v2\/types\/post"}],"author":[{"embeddable":true,"href":"https:\/\/portalmf.com.br\/index.php\/wp-json\/wp\/v2\/users\/3"}],"replies":[{"embeddable":true,"href":"https:\/\/portalmf.com.br\/index.php\/wp-json\/wp\/v2\/comments?post=7792"}],"version-history":[{"count":1,"href":"https:\/\/portalmf.com.br\/index.php\/wp-json\/wp\/v2\/posts\/7792\/revisions"}],"predecessor-version":[{"id":7795,"href":"https:\/\/portalmf.com.br\/index.php\/wp-json\/wp\/v2\/posts\/7792\/revisions\/7795"}],"wp:featuredmedia":[{"embeddable":true,"href":"https:\/\/portalmf.com.br\/index.php\/wp-json\/wp\/v2\/media\/7793"}],"wp:attachment":[{"href":"https:\/\/portalmf.com.br\/index.php\/wp-json\/wp\/v2\/media?parent=7792"}],"wp:term":[{"taxonomy":"category","embeddable":true,"href":"https:\/\/portalmf.com.br\/index.php\/wp-json\/wp\/v2\/categories?post=7792"},{"taxonomy":"post_tag","embeddable":true,"href":"https:\/\/portalmf.com.br\/index.php\/wp-json\/wp\/v2\/tags?post=7792"}],"curies":[{"name":"wp","href":"https:\/\/api.w.org\/{rel}","templated":true}]}}