{"id":7785,"date":"2023-01-10T17:09:25","date_gmt":"2023-01-10T20:09:25","guid":{"rendered":"https:\/\/portalmf.com.br\/?p=7785"},"modified":"2023-01-10T17:09:26","modified_gmt":"2023-01-10T20:09:26","slug":"conheca-os-candidatos-da-casa-de-vidro-do-bbb23","status":"publish","type":"post","link":"https:\/\/portalmf.com.br\/index.php\/2023\/01\/10\/conheca-os-candidatos-da-casa-de-vidro-do-bbb23\/","title":{"rendered":"Conhe\u00e7a os candidatos da casa de vidro do BBB23"},"content":{"rendered":"\n<p>O jogo come\u00e7ou. Quatro candidatos ao \u2018Big Brother Brasil\u2019 entraram na casa de vidro instalada no Via Parque Shopping, na Barra da Tijuca, Rio de Janeiro. Agora, Gabriel, Giovanna, Manoel e Paula disputam duas vagas no grupo Pipoca da 23\u00aa edi\u00e7\u00e3o do BBB. O desafio \u00e9 conquistar o p\u00fablico e os visitantes do local para conseguir o maior percentual de votos. A partir da escolha popular, um&nbsp;<em>brother<\/em>&nbsp;e uma&nbsp;<em>sister<\/em>&nbsp;ser\u00e3o selecionados para entrarem na casa do&nbsp;<em>reality<\/em>&nbsp;junto com os demais participantes, no dia 16 de janeiro. A vota\u00e7\u00e3o ser\u00e1 aberta no Gshow.<\/p>\n\n\n\n<p>Ser\u00e1 poss\u00edvel fazer uma visita ao local para conhecer os moradores da resid\u00eancia de muro transparente. Mas quem quiser acompanhar de perto todos os detalhes \u2013 para ajudar na sua escolha \u2013 poder\u00e1 acompanhar a rotina dos candidatos da casa de vidro do BBB 23 exclusivamente pelo Globoplay, que ter\u00e1 c\u00e2meras instaladas na casa, com transmiss\u00e3o para assinantes.&nbsp;<\/p>\n\n\n\n<p>Conhe\u00e7a um pouco mais sobre os quatro candidatos:<\/p>\n\n\n\n<figure class=\"wp-block-image size-large\"><img fetchpriority=\"high\" decoding=\"async\" width=\"1024\" height=\"576\" src=\"https:\/\/portalmf.com.br\/wp-content\/uploads\/2023\/01\/assets_fotos_983_conheca-os-candidatos-da-casa-de-vidro-d205fb833b55-1024x576.png\" alt=\"\" class=\"wp-image-7786\" srcset=\"https:\/\/portalmf.com.br\/wp-content\/uploads\/2023\/01\/assets_fotos_983_conheca-os-candidatos-da-casa-de-vidro-d205fb833b55-1024x576.png 1024w, https:\/\/portalmf.com.br\/wp-content\/uploads\/2023\/01\/assets_fotos_983_conheca-os-candidatos-da-casa-de-vidro-d205fb833b55-300x169.png 300w, https:\/\/portalmf.com.br\/wp-content\/uploads\/2023\/01\/assets_fotos_983_conheca-os-candidatos-da-casa-de-vidro-d205fb833b55-768x432.png 768w, https:\/\/portalmf.com.br\/wp-content\/uploads\/2023\/01\/assets_fotos_983_conheca-os-candidatos-da-casa-de-vidro-d205fb833b55-1536x864.png 1536w, https:\/\/portalmf.com.br\/wp-content\/uploads\/2023\/01\/assets_fotos_983_conheca-os-candidatos-da-casa-de-vidro-d205fb833b55-1170x658.png 1170w, https:\/\/portalmf.com.br\/wp-content\/uploads\/2023\/01\/assets_fotos_983_conheca-os-candidatos-da-casa-de-vidro-d205fb833b55-585x329.png 585w, https:\/\/portalmf.com.br\/wp-content\/uploads\/2023\/01\/assets_fotos_983_conheca-os-candidatos-da-casa-de-vidro-d205fb833b55.png 1920w\" sizes=\"(max-width: 1024px) 100vw, 1024px\" \/><\/figure>\n\n\n\n<p>Gabriel tem 24 anos e \u00e9 de Ribeir\u00e3o Preto, interior de S\u00e3o Paulo. Cresceu com pais separados, mas que sempre tiveram uma boa rela\u00e7\u00e3o. Enquanto a m\u00e3e o mimava, o pai colocava seus p\u00e9s no ch\u00e3o. Fez faculdade de Administra\u00e7\u00e3o em S\u00e3o Paulo, mas com o tempo percebeu que o mundo \u201cterno e gravata\u201d n\u00e3o era para ele. Na pandemia, passou um per\u00edodo no interior e resolveu \u201cvirar a chave\u201d. Mudou-se para Florian\u00f3polis, come\u00e7ou a investir na carreira de modelo e hoje, al\u00e9m da profiss\u00e3o, administra alguns im\u00f3veis da fam\u00edlia para complementar a renda.<\/p>\n\n\n\n<p>&nbsp;Considera-se mais caseiro e n\u00e3o \u00e9 muito de balada; prefere curtir momentos na praia e com a fam\u00edlia. Revela ser vaidoso e gostar muito de tatuagens. Conta ser bem centrado e um tanto chato com organiza\u00e7\u00e3o. No conv\u00edvio, pequenas coisas o incomodam. &#8220;Estou tentando ser mais paciente para me tornar algu\u00e9m melhor&#8221;. Diz que n\u00e3o \u00e9 do tipo que gera atrito desnecessariamente; prefere evitar, mas entrega que n\u00e3o se esconde de um embate. \u201cN\u00e3o vim para ser o encrenqueiro do programa. Se pisar no meu p\u00e9, vou reagir da forma que achar ideal\u201d, adianta. Em uma discuss\u00e3o, afirma que se posiciona. Considera-se orgulhoso, n\u00e3o abaixa cabe\u00e7a e n\u00e3o tem medo do cancelamento.<\/p>\n\n\n\n<p>Candidato a entrar na casa mais vigiada do Brasil, Gabriel tem um objetivo claro: ganhar o pr\u00eamio para investir na carreira. \u201cQuero entrar para ficar rico, milion\u00e1rio\u201d, destaca ele, que n\u00e3o almeja ficar famoso ap\u00f3s o programa.<\/p>\n\n\n\n<figure class=\"wp-block-image size-large\"><img decoding=\"async\" width=\"1024\" height=\"576\" src=\"https:\/\/portalmf.com.br\/wp-content\/uploads\/2023\/01\/assets_fotos_983_conheca-os-candidatos-da-casa-de-vidro-7758b30b5751-1024x576.png\" alt=\"\" class=\"wp-image-7787\" srcset=\"https:\/\/portalmf.com.br\/wp-content\/uploads\/2023\/01\/assets_fotos_983_conheca-os-candidatos-da-casa-de-vidro-7758b30b5751-1024x576.png 1024w, https:\/\/portalmf.com.br\/wp-content\/uploads\/2023\/01\/assets_fotos_983_conheca-os-candidatos-da-casa-de-vidro-7758b30b5751-300x169.png 300w, https:\/\/portalmf.com.br\/wp-content\/uploads\/2023\/01\/assets_fotos_983_conheca-os-candidatos-da-casa-de-vidro-7758b30b5751-768x432.png 768w, https:\/\/portalmf.com.br\/wp-content\/uploads\/2023\/01\/assets_fotos_983_conheca-os-candidatos-da-casa-de-vidro-7758b30b5751-1536x864.png 1536w, https:\/\/portalmf.com.br\/wp-content\/uploads\/2023\/01\/assets_fotos_983_conheca-os-candidatos-da-casa-de-vidro-7758b30b5751-1170x658.png 1170w, https:\/\/portalmf.com.br\/wp-content\/uploads\/2023\/01\/assets_fotos_983_conheca-os-candidatos-da-casa-de-vidro-7758b30b5751-585x329.png 585w, https:\/\/portalmf.com.br\/wp-content\/uploads\/2023\/01\/assets_fotos_983_conheca-os-candidatos-da-casa-de-vidro-7758b30b5751.png 1920w\" sizes=\"(max-width: 1024px) 100vw, 1024px\" \/><\/figure>\n\n\n\n<p>Giovanna tem 25 anos e \u00e9 natural de Campinas, S\u00e3o Paulo, mas mora atualmente no Rio de Janeiro. \u00c9 empres\u00e1ria na \u00e1rea de produtos para beleza. Chegou a cursar Direito, mas trancou a faculdade e come\u00e7ou a trabalhar aos 16 anos, quando foi emancipada para fundar com os pais a empresa que at\u00e9 hoje \u00e9 o sustento da fam\u00edlia. Aos 17 anos, os convenceu a morar no Rio com a perspectiva de impulsionar o empreendimento e conta ter conseguido melhorar a vida da fam\u00edlia, apesar de ainda passarem por algumas dificuldades. Tem como&nbsp;<em>hobby<\/em>&nbsp;os jogos online.<\/p>\n\n\n\n<p>A paulista se define como forte, determinada e leal aos amigos. Considera-se explosiva e acelerada, e diz que gosta de ser o centro das aten\u00e7\u00f5es: \u201cQuero participar do BBB para ser protagonista. Gosto dos holofotes e sei que tenho potencial para isso\u201d. Afirma que sabe escutar o outro, mas gosta de se posicionar. Revela que n\u00e3o tolera falta de respeito: \u201cN\u00e3o lido bem com pessoas arrogantes, que gritam muito ou que se fazem de sonsas\u201d. Se entrar no BBB, diz que est\u00e1 disposta a competir e se entregar nas provas; \u00e9 o tipo de candidata que se preparou f\u00edsica e mentalmente: entrou na academia para ganhar condicionamento e j\u00e1 est\u00e1 montando suas estrat\u00e9gias. Fazer parte do \u201cclube da Luluzinha\u201d e ser \u201cplanta\u201d est\u00e3o fora de seus planos.<\/p>\n\n\n\n<p>Conquistar uma vaga no \u2018Big Brother Brasil\u2019 \u00e9 para Giovanna uma chance de ajudar a fam\u00edlia. \u201cUma pessoa que est\u00e1 praticamente falida, como eu, entra no programa para jogar, uma coisa que amo fazer. E com um pr\u00eamio que faria uma diferen\u00e7a absurda na minha vida, \u00e9 o cen\u00e1rio perfeito\u201d, avalia.<\/p>\n\n\n\n<figure class=\"wp-block-image size-large\"><img decoding=\"async\" width=\"1024\" height=\"576\" src=\"https:\/\/portalmf.com.br\/wp-content\/uploads\/2023\/01\/assets_fotos_983_conheca-os-candidatos-da-casa-de-vidro-3142867aba73-1024x576.png\" alt=\"\" class=\"wp-image-7788\" srcset=\"https:\/\/portalmf.com.br\/wp-content\/uploads\/2023\/01\/assets_fotos_983_conheca-os-candidatos-da-casa-de-vidro-3142867aba73-1024x576.png 1024w, https:\/\/portalmf.com.br\/wp-content\/uploads\/2023\/01\/assets_fotos_983_conheca-os-candidatos-da-casa-de-vidro-3142867aba73-300x169.png 300w, https:\/\/portalmf.com.br\/wp-content\/uploads\/2023\/01\/assets_fotos_983_conheca-os-candidatos-da-casa-de-vidro-3142867aba73-768x432.png 768w, https:\/\/portalmf.com.br\/wp-content\/uploads\/2023\/01\/assets_fotos_983_conheca-os-candidatos-da-casa-de-vidro-3142867aba73-1536x864.png 1536w, https:\/\/portalmf.com.br\/wp-content\/uploads\/2023\/01\/assets_fotos_983_conheca-os-candidatos-da-casa-de-vidro-3142867aba73-1170x658.png 1170w, https:\/\/portalmf.com.br\/wp-content\/uploads\/2023\/01\/assets_fotos_983_conheca-os-candidatos-da-casa-de-vidro-3142867aba73-585x329.png 585w, https:\/\/portalmf.com.br\/wp-content\/uploads\/2023\/01\/assets_fotos_983_conheca-os-candidatos-da-casa-de-vidro-3142867aba73.png 1920w\" sizes=\"(max-width: 1024px) 100vw, 1024px\" \/><\/figure>\n\n\n\n<p>Manoel tem 32 anos e \u00e9 m\u00e9dico psiquiatra. Sempre gostou de estudar e, na escola, era visto como&nbsp;<em>nerd<\/em>&nbsp;pelas boas notas. Nascido em Cuiab\u00e1, Mato Grosso, cursou Medicina em Barbacena, Minas Gerais, o que considera ter sido um per\u00edodo libertador. \u201cHoje sou um desbravador da vida que filosofa de manh\u00e3 e canta funk no rol\u00ea de sexta \u00e0 noite\u201d, descreve-se. Morou em Toronto, no Canad\u00e1, e fez est\u00e1gio num hospital para se especializar na \u00e1rea da Psiquiatria. Hoje, tem uma cl\u00ednica pr\u00f3pria e sua maior luta \u00e9 contra a psicofobia \u2013 discrimina\u00e7\u00e3o contra doen\u00e7as psiqui\u00e1tricas.<\/p>\n\n\n\n<p>Manoel n\u00e3o gosta de ser definido somente por sua profiss\u00e3o. Nas festas, revela que \u00e9 inimigo do fim. Gosta de estudar todo tipo de assunto e seus interesses v\u00e3o de mercado financeiro a&nbsp;<em>reality shows<\/em>. Se entrar no BBB, diz que teria dificuldade com pessoas que querem dar opini\u00e3o sobre tudo, mesmo sem saber. Analisa que seu humor \u00e1cido pode ser um trunfo no jogo. Diz que consegue ser ir\u00f4nico facilmente, mas que pode passar imagem de prepotente e arrogante. \u201cN\u00e3o sou falso modesto, me considero inteligente, bom no que fa\u00e7o. Consigo ter conversas melhores do que a maioria das pessoas\u201d. Revela, ainda, ser manipulador, porque entende e trabalha com a mente humana.<\/p>\n\n\n\n<p>&nbsp;Adepto aos esportes e de esp\u00edrito competitivo, se entrar na casa do BBB 23, n\u00e3o quer ver aquele pessoal que \u201costenta virtude o tempo todo\u201d. Considera que seu maior diferencial \u00e9 o equil\u00edbrio mental. Seu objetivo no programa \u00e9 ganhar o pr\u00eamio e, com a fama, pretende falar sobre sa\u00fade mental nas suas redes sociais.<\/p>\n\n\n\n<figure class=\"wp-block-image size-large\"><img loading=\"lazy\" decoding=\"async\" width=\"1024\" height=\"576\" src=\"https:\/\/portalmf.com.br\/wp-content\/uploads\/2023\/01\/assets_fotos_983_conheca-os-candidatos-da-casa-de-vidro-9a38970402a2-1024x576.png\" alt=\"\" class=\"wp-image-7789\" srcset=\"https:\/\/portalmf.com.br\/wp-content\/uploads\/2023\/01\/assets_fotos_983_conheca-os-candidatos-da-casa-de-vidro-9a38970402a2-1024x576.png 1024w, https:\/\/portalmf.com.br\/wp-content\/uploads\/2023\/01\/assets_fotos_983_conheca-os-candidatos-da-casa-de-vidro-9a38970402a2-300x169.png 300w, https:\/\/portalmf.com.br\/wp-content\/uploads\/2023\/01\/assets_fotos_983_conheca-os-candidatos-da-casa-de-vidro-9a38970402a2-768x432.png 768w, https:\/\/portalmf.com.br\/wp-content\/uploads\/2023\/01\/assets_fotos_983_conheca-os-candidatos-da-casa-de-vidro-9a38970402a2-1536x864.png 1536w, https:\/\/portalmf.com.br\/wp-content\/uploads\/2023\/01\/assets_fotos_983_conheca-os-candidatos-da-casa-de-vidro-9a38970402a2-1170x658.png 1170w, https:\/\/portalmf.com.br\/wp-content\/uploads\/2023\/01\/assets_fotos_983_conheca-os-candidatos-da-casa-de-vidro-9a38970402a2-585x329.png 585w, https:\/\/portalmf.com.br\/wp-content\/uploads\/2023\/01\/assets_fotos_983_conheca-os-candidatos-da-casa-de-vidro-9a38970402a2.png 1920w\" sizes=\"(max-width: 1024px) 100vw, 1024px\" \/><\/figure>\n\n\n\n<p>Natural de Jacund\u00e1, no Par\u00e1, a biom\u00e9dica Paula tem 28 anos e trabalha em um laborat\u00f3rio de an\u00e1lises cl\u00ednicas de sua cidade. Teve uma inf\u00e2ncia permeada por boas lembran\u00e7as nas ruas da pequena Jacund\u00e1. Aos 16 anos, saiu da cidade para estudar em Goi\u00e2nia e, aos 20, voltou para a terra natal em fun\u00e7\u00e3o das responsabilidades que tinha em casa. Tem muito orgulho de sempre ter cuidado da m\u00e3e e de ter pagado a faculdade do irm\u00e3o. Depois de um namoro de seis anos, est\u00e1 curtindo a solteirice.<\/p>\n\n\n\n<p>Destaca como caracter\u00edsticas pr\u00f3prias a alegria e o jeito brincalh\u00e3o. \u201cDan\u00e7ar para mim \u00e9 uma terapia\u201d, conta sobre seu&nbsp;<em>hobby<\/em>&nbsp;favorito. Tagarela, Paula revela que opina at\u00e9 quando n\u00e3o est\u00e1 diretamente envolvida na situa\u00e7\u00e3o. Diz ser briguenta e emocionada, mas afirma que com ela \u201cn\u00e3o tem tempo ruim\u201d. N\u00e3o gosta de gente que reclama de tudo. Conta, ainda, ser uma amiga leal e justa. Se mexerem com quem gosta, vira \u201cbicho\u201d. Ao mesmo tempo, considera-se gentil, carinhosa e doce: \u201cN\u00e3o \u00e9 porque sou forte que n\u00e3o tenho minhas fragilidades\u201d. Diz que se encanta e se deslumbra muito f\u00e1cil com as coisas e ama se conectar com as pessoas.<\/p>\n\n\n\n<p>A candidata a&nbsp;<em>sister<\/em>&nbsp;n\u00e3o esconde que seu objetivo com o BBB \u00e9 ganhar dinheiro. No passado, se contentaria com a experi\u00eancia de participar do programa, mas hoje o&nbsp;<em>reality<\/em>&nbsp;\u00e9 uma competi\u00e7\u00e3o valendo tudo ou nada. \u201cTem gente que quer fama, quer mudar o mundo inteiro; eu s\u00f3 quero esse dinheiro para mudar de vida\u201d, declara.<\/p>\n\n\n\n<p>O \u2018BBB 23\u2019 em estreia prevista para 16 de janeiro.\u00a0<\/p>\n","protected":false},"excerpt":{"rendered":"<p>O jogo come\u00e7ou. Quatro candidatos ao \u2018Big Brother Brasil\u2019 entraram na casa de vidro instalada no Via Parque Shopping, na Barra da Tijuca, Rio de Janeiro. Agora, Gabriel, Giovanna, Manoel e Paula disputam duas vagas no grupo Pipoca da 23\u00aa edi\u00e7\u00e3o do BBB. O desafio \u00e9 conquistar o p\u00fablico e os visitantes do local para [&hellip;]<\/p>\n","protected":false},"author":3,"featured_media":7790,"comment_status":"open","ping_status":"open","sticky":false,"template":"","format":"standard","meta":{"_monsterinsights_skip_tracking":false,"_monsterinsights_sitenote_active":false,"_monsterinsights_sitenote_note":"","_monsterinsights_sitenote_category":0,"footnotes":""},"categories":[47,43],"tags":[],"yoast_head":"<!-- This site is optimized with the Yoast SEO plugin v22.9 - https:\/\/yoast.com\/wordpress\/plugins\/seo\/ -->\n<title>Conhe\u00e7a os candidatos da casa de vidro do BBB23 - Portal MF<\/title>\n<meta name=\"robots\" content=\"index, follow, max-snippet:-1, max-image-preview:large, max-video-preview:-1\" \/>\n<link rel=\"canonical\" href=\"https:\/\/portalmf.com.br\/index.php\/2023\/01\/10\/conheca-os-candidatos-da-casa-de-vidro-do-bbb23\/\" \/>\n<meta property=\"og:locale\" content=\"pt_BR\" \/>\n<meta property=\"og:type\" content=\"article\" \/>\n<meta property=\"og:title\" content=\"Conhe\u00e7a os candidatos da casa de vidro do BBB23 - Portal MF\" \/>\n<meta property=\"og:description\" content=\"O jogo come\u00e7ou. Quatro candidatos ao \u2018Big Brother Brasil\u2019 entraram na casa de vidro instalada no Via Parque Shopping, na Barra da Tijuca, Rio de Janeiro. Agora, Gabriel, Giovanna, Manoel e Paula disputam duas vagas no grupo Pipoca da 23\u00aa edi\u00e7\u00e3o do BBB. O desafio \u00e9 conquistar o p\u00fablico e os visitantes do local para [&hellip;]\" \/>\n<meta property=\"og:url\" content=\"https:\/\/portalmf.com.br\/index.php\/2023\/01\/10\/conheca-os-candidatos-da-casa-de-vidro-do-bbb23\/\" \/>\n<meta property=\"og:site_name\" content=\"Portal MF\" \/>\n<meta property=\"article:author\" content=\"https:\/\/www.facebook.com\/portalmfoficial\" \/>\n<meta property=\"article:published_time\" content=\"2023-01-10T20:09:25+00:00\" \/>\n<meta property=\"article:modified_time\" content=\"2023-01-10T20:09:26+00:00\" \/>\n<meta property=\"og:image\" content=\"https:\/\/portalmf.com.br\/wp-content\/uploads\/2023\/01\/assets_fotos_983_conheca-os-candidatos-da-casa-de-vidro-e137dc839b0d-scaled.jpg\" \/>\n\t<meta property=\"og:image:width\" content=\"2560\" \/>\n\t<meta property=\"og:image:height\" content=\"1448\" \/>\n\t<meta property=\"og:image:type\" content=\"image\/jpeg\" \/>\n<meta name=\"author\" content=\"Reda\u00e7\u00e3o Portal MF\" \/>\n<meta name=\"twitter:card\" content=\"summary_large_image\" \/>\n<meta name=\"twitter:creator\" content=\"@https:\/\/x.com\/portalmfoficial\" \/>\n<meta name=\"twitter:label1\" content=\"Escrito por\" \/>\n\t<meta name=\"twitter:data1\" content=\"Reda\u00e7\u00e3o Portal MF\" \/>\n\t<meta name=\"twitter:label2\" content=\"Est. tempo de leitura\" \/>\n\t<meta name=\"twitter:data2\" content=\"8 minutos\" \/>\n<script type=\"application\/ld+json\" class=\"yoast-schema-graph\">{\"@context\":\"https:\/\/schema.org\",\"@graph\":[{\"@type\":\"WebPage\",\"@id\":\"https:\/\/portalmf.com.br\/index.php\/2023\/01\/10\/conheca-os-candidatos-da-casa-de-vidro-do-bbb23\/\",\"url\":\"https:\/\/portalmf.com.br\/index.php\/2023\/01\/10\/conheca-os-candidatos-da-casa-de-vidro-do-bbb23\/\",\"name\":\"Conhe\u00e7a os candidatos da casa de vidro do BBB23 - Portal MF\",\"isPartOf\":{\"@id\":\"https:\/\/portalmf.com.br\/#website\"},\"primaryImageOfPage\":{\"@id\":\"https:\/\/portalmf.com.br\/index.php\/2023\/01\/10\/conheca-os-candidatos-da-casa-de-vidro-do-bbb23\/#primaryimage\"},\"image\":{\"@id\":\"https:\/\/portalmf.com.br\/index.php\/2023\/01\/10\/conheca-os-candidatos-da-casa-de-vidro-do-bbb23\/#primaryimage\"},\"thumbnailUrl\":\"https:\/\/portalmf.com.br\/wp-content\/uploads\/2023\/01\/assets_fotos_983_conheca-os-candidatos-da-casa-de-vidro-e137dc839b0d-scaled.jpg\",\"datePublished\":\"2023-01-10T20:09:25+00:00\",\"dateModified\":\"2023-01-10T20:09:26+00:00\",\"author\":{\"@id\":\"https:\/\/portalmf.com.br\/#\/schema\/person\/9ec101baf56233e53520c26de5d6f6f0\"},\"breadcrumb\":{\"@id\":\"https:\/\/portalmf.com.br\/index.php\/2023\/01\/10\/conheca-os-candidatos-da-casa-de-vidro-do-bbb23\/#breadcrumb\"},\"inLanguage\":\"pt-BR\",\"potentialAction\":[{\"@type\":\"ReadAction\",\"target\":[\"https:\/\/portalmf.com.br\/index.php\/2023\/01\/10\/conheca-os-candidatos-da-casa-de-vidro-do-bbb23\/\"]}]},{\"@type\":\"ImageObject\",\"inLanguage\":\"pt-BR\",\"@id\":\"https:\/\/portalmf.com.br\/index.php\/2023\/01\/10\/conheca-os-candidatos-da-casa-de-vidro-do-bbb23\/#primaryimage\",\"url\":\"https:\/\/portalmf.com.br\/wp-content\/uploads\/2023\/01\/assets_fotos_983_conheca-os-candidatos-da-casa-de-vidro-e137dc839b0d-scaled.jpg\",\"contentUrl\":\"https:\/\/portalmf.com.br\/wp-content\/uploads\/2023\/01\/assets_fotos_983_conheca-os-candidatos-da-casa-de-vidro-e137dc839b0d-scaled.jpg\",\"width\":2560,\"height\":1448,\"caption\":\"Foto: Divulga\u00e7\u00e3o\"},{\"@type\":\"BreadcrumbList\",\"@id\":\"https:\/\/portalmf.com.br\/index.php\/2023\/01\/10\/conheca-os-candidatos-da-casa-de-vidro-do-bbb23\/#breadcrumb\",\"itemListElement\":[{\"@type\":\"ListItem\",\"position\":1,\"name\":\"In\u00edcio\",\"item\":\"https:\/\/portalmf.com.br\/\"},{\"@type\":\"ListItem\",\"position\":2,\"name\":\"Conhe\u00e7a os candidatos da casa de vidro do BBB23\"}]},{\"@type\":\"WebSite\",\"@id\":\"https:\/\/portalmf.com.br\/#website\",\"url\":\"https:\/\/portalmf.com.br\/\",\"name\":\"Portal MF\",\"description\":\"Voc\u00ea conectado com a informa\u00e7\u00e3o\",\"potentialAction\":[{\"@type\":\"SearchAction\",\"target\":{\"@type\":\"EntryPoint\",\"urlTemplate\":\"https:\/\/portalmf.com.br\/?s={search_term_string}\"},\"query-input\":\"required name=search_term_string\"}],\"inLanguage\":\"pt-BR\"},{\"@type\":\"Person\",\"@id\":\"https:\/\/portalmf.com.br\/#\/schema\/person\/9ec101baf56233e53520c26de5d6f6f0\",\"name\":\"Reda\u00e7\u00e3o Portal MF\",\"image\":{\"@type\":\"ImageObject\",\"inLanguage\":\"pt-BR\",\"@id\":\"https:\/\/portalmf.com.br\/#\/schema\/person\/image\/\",\"url\":\"https:\/\/secure.gravatar.com\/avatar\/41b9aaeb2100835f7c64362330f74c7f?s=96&d=mm&r=g\",\"contentUrl\":\"https:\/\/secure.gravatar.com\/avatar\/41b9aaeb2100835f7c64362330f74c7f?s=96&d=mm&r=g\",\"caption\":\"Reda\u00e7\u00e3o Portal MF\"},\"description\":\"Sejam bem-vindos o portal de informa\u00e7\u00f5es de entretenimento de Feira de Santana, desde 2006 realiza coberturas dos principais eventos com entrevistas exclusivas com as principais personalidades mundiais. Fique conectado tamb\u00e9m nas redes sociais.\",\"sameAs\":[\"http:\/\/www.portalmf.com.br\/\",\"https:\/\/www.facebook.com\/portalmfoficial\",\"https:\/\/www.instagram.com\/portalmf\/\",\"https:\/\/x.com\/https:\/\/x.com\/portalmfoficial\",\"https:\/\/www.youtube.com\/@portalmfoficial\"],\"url\":\"https:\/\/portalmf.com.br\/index.php\/author\/junior\/\"}]}<\/script>\n<!-- \/ Yoast SEO plugin. -->","yoast_head_json":{"title":"Conhe\u00e7a os candidatos da casa de vidro do BBB23 - Portal MF","robots":{"index":"index","follow":"follow","max-snippet":"max-snippet:-1","max-image-preview":"max-image-preview:large","max-video-preview":"max-video-preview:-1"},"canonical":"https:\/\/portalmf.com.br\/index.php\/2023\/01\/10\/conheca-os-candidatos-da-casa-de-vidro-do-bbb23\/","og_locale":"pt_BR","og_type":"article","og_title":"Conhe\u00e7a os candidatos da casa de vidro do BBB23 - Portal MF","og_description":"O jogo come\u00e7ou. Quatro candidatos ao \u2018Big Brother Brasil\u2019 entraram na casa de vidro instalada no Via Parque Shopping, na Barra da Tijuca, Rio de Janeiro. Agora, Gabriel, Giovanna, Manoel e Paula disputam duas vagas no grupo Pipoca da 23\u00aa edi\u00e7\u00e3o do BBB. O desafio \u00e9 conquistar o p\u00fablico e os visitantes do local para [&hellip;]","og_url":"https:\/\/portalmf.com.br\/index.php\/2023\/01\/10\/conheca-os-candidatos-da-casa-de-vidro-do-bbb23\/","og_site_name":"Portal MF","article_author":"https:\/\/www.facebook.com\/portalmfoficial","article_published_time":"2023-01-10T20:09:25+00:00","article_modified_time":"2023-01-10T20:09:26+00:00","og_image":[{"width":2560,"height":1448,"url":"https:\/\/portalmf.com.br\/wp-content\/uploads\/2023\/01\/assets_fotos_983_conheca-os-candidatos-da-casa-de-vidro-e137dc839b0d-scaled.jpg","type":"image\/jpeg"}],"author":"Reda\u00e7\u00e3o Portal MF","twitter_card":"summary_large_image","twitter_creator":"@https:\/\/x.com\/portalmfoficial","twitter_misc":{"Escrito por":"Reda\u00e7\u00e3o Portal MF","Est. tempo de leitura":"8 minutos"},"schema":{"@context":"https:\/\/schema.org","@graph":[{"@type":"WebPage","@id":"https:\/\/portalmf.com.br\/index.php\/2023\/01\/10\/conheca-os-candidatos-da-casa-de-vidro-do-bbb23\/","url":"https:\/\/portalmf.com.br\/index.php\/2023\/01\/10\/conheca-os-candidatos-da-casa-de-vidro-do-bbb23\/","name":"Conhe\u00e7a os candidatos da casa de vidro do BBB23 - Portal MF","isPartOf":{"@id":"https:\/\/portalmf.com.br\/#website"},"primaryImageOfPage":{"@id":"https:\/\/portalmf.com.br\/index.php\/2023\/01\/10\/conheca-os-candidatos-da-casa-de-vidro-do-bbb23\/#primaryimage"},"image":{"@id":"https:\/\/portalmf.com.br\/index.php\/2023\/01\/10\/conheca-os-candidatos-da-casa-de-vidro-do-bbb23\/#primaryimage"},"thumbnailUrl":"https:\/\/portalmf.com.br\/wp-content\/uploads\/2023\/01\/assets_fotos_983_conheca-os-candidatos-da-casa-de-vidro-e137dc839b0d-scaled.jpg","datePublished":"2023-01-10T20:09:25+00:00","dateModified":"2023-01-10T20:09:26+00:00","author":{"@id":"https:\/\/portalmf.com.br\/#\/schema\/person\/9ec101baf56233e53520c26de5d6f6f0"},"breadcrumb":{"@id":"https:\/\/portalmf.com.br\/index.php\/2023\/01\/10\/conheca-os-candidatos-da-casa-de-vidro-do-bbb23\/#breadcrumb"},"inLanguage":"pt-BR","potentialAction":[{"@type":"ReadAction","target":["https:\/\/portalmf.com.br\/index.php\/2023\/01\/10\/conheca-os-candidatos-da-casa-de-vidro-do-bbb23\/"]}]},{"@type":"ImageObject","inLanguage":"pt-BR","@id":"https:\/\/portalmf.com.br\/index.php\/2023\/01\/10\/conheca-os-candidatos-da-casa-de-vidro-do-bbb23\/#primaryimage","url":"https:\/\/portalmf.com.br\/wp-content\/uploads\/2023\/01\/assets_fotos_983_conheca-os-candidatos-da-casa-de-vidro-e137dc839b0d-scaled.jpg","contentUrl":"https:\/\/portalmf.com.br\/wp-content\/uploads\/2023\/01\/assets_fotos_983_conheca-os-candidatos-da-casa-de-vidro-e137dc839b0d-scaled.jpg","width":2560,"height":1448,"caption":"Foto: Divulga\u00e7\u00e3o"},{"@type":"BreadcrumbList","@id":"https:\/\/portalmf.com.br\/index.php\/2023\/01\/10\/conheca-os-candidatos-da-casa-de-vidro-do-bbb23\/#breadcrumb","itemListElement":[{"@type":"ListItem","position":1,"name":"In\u00edcio","item":"https:\/\/portalmf.com.br\/"},{"@type":"ListItem","position":2,"name":"Conhe\u00e7a os candidatos da casa de vidro do BBB23"}]},{"@type":"WebSite","@id":"https:\/\/portalmf.com.br\/#website","url":"https:\/\/portalmf.com.br\/","name":"Portal MF","description":"Voc\u00ea conectado com a informa\u00e7\u00e3o","potentialAction":[{"@type":"SearchAction","target":{"@type":"EntryPoint","urlTemplate":"https:\/\/portalmf.com.br\/?s={search_term_string}"},"query-input":"required name=search_term_string"}],"inLanguage":"pt-BR"},{"@type":"Person","@id":"https:\/\/portalmf.com.br\/#\/schema\/person\/9ec101baf56233e53520c26de5d6f6f0","name":"Reda\u00e7\u00e3o Portal MF","image":{"@type":"ImageObject","inLanguage":"pt-BR","@id":"https:\/\/portalmf.com.br\/#\/schema\/person\/image\/","url":"https:\/\/secure.gravatar.com\/avatar\/41b9aaeb2100835f7c64362330f74c7f?s=96&d=mm&r=g","contentUrl":"https:\/\/secure.gravatar.com\/avatar\/41b9aaeb2100835f7c64362330f74c7f?s=96&d=mm&r=g","caption":"Reda\u00e7\u00e3o Portal MF"},"description":"Sejam bem-vindos o portal de informa\u00e7\u00f5es de entretenimento de Feira de Santana, desde 2006 realiza coberturas dos principais eventos com entrevistas exclusivas com as principais personalidades mundiais. Fique conectado tamb\u00e9m nas redes sociais.","sameAs":["http:\/\/www.portalmf.com.br\/","https:\/\/www.facebook.com\/portalmfoficial","https:\/\/www.instagram.com\/portalmf\/","https:\/\/x.com\/https:\/\/x.com\/portalmfoficial","https:\/\/www.youtube.com\/@portalmfoficial"],"url":"https:\/\/portalmf.com.br\/index.php\/author\/junior\/"}]}},"_links":{"self":[{"href":"https:\/\/portalmf.com.br\/index.php\/wp-json\/wp\/v2\/posts\/7785"}],"collection":[{"href":"https:\/\/portalmf.com.br\/index.php\/wp-json\/wp\/v2\/posts"}],"about":[{"href":"https:\/\/portalmf.com.br\/index.php\/wp-json\/wp\/v2\/types\/post"}],"author":[{"embeddable":true,"href":"https:\/\/portalmf.com.br\/index.php\/wp-json\/wp\/v2\/users\/3"}],"replies":[{"embeddable":true,"href":"https:\/\/portalmf.com.br\/index.php\/wp-json\/wp\/v2\/comments?post=7785"}],"version-history":[{"count":1,"href":"https:\/\/portalmf.com.br\/index.php\/wp-json\/wp\/v2\/posts\/7785\/revisions"}],"predecessor-version":[{"id":7791,"href":"https:\/\/portalmf.com.br\/index.php\/wp-json\/wp\/v2\/posts\/7785\/revisions\/7791"}],"wp:featuredmedia":[{"embeddable":true,"href":"https:\/\/portalmf.com.br\/index.php\/wp-json\/wp\/v2\/media\/7790"}],"wp:attachment":[{"href":"https:\/\/portalmf.com.br\/index.php\/wp-json\/wp\/v2\/media?parent=7785"}],"wp:term":[{"taxonomy":"category","embeddable":true,"href":"https:\/\/portalmf.com.br\/index.php\/wp-json\/wp\/v2\/categories?post=7785"},{"taxonomy":"post_tag","embeddable":true,"href":"https:\/\/portalmf.com.br\/index.php\/wp-json\/wp\/v2\/tags?post=7785"}],"curies":[{"name":"wp","href":"https:\/\/api.w.org\/{rel}","templated":true}]}}