{"id":7774,"date":"2023-01-09T16:45:00","date_gmt":"2023-01-09T19:45:00","guid":{"rendered":"https:\/\/portalmf.com.br\/?p=7774"},"modified":"2023-01-09T18:46:09","modified_gmt":"2023-01-09T21:46:09","slug":"militantes-do-pt-de-partidos-de-esquerda-movimentos-populares-e-centrais-sindicais-protestam-em-salvador-contra-atos-golpistas","status":"publish","type":"post","link":"https:\/\/portalmf.com.br\/index.php\/2023\/01\/09\/militantes-do-pt-de-partidos-de-esquerda-movimentos-populares-e-centrais-sindicais-protestam-em-salvador-contra-atos-golpistas\/","title":{"rendered":"Militantes do PT, de partidos de esquerda, movimentos populares e centrais sindicais protestam em Salvador contra atos golpistas"},"content":{"rendered":"\n<p>Militantes do Partido dos Trabalhadores, de partidos de esquerda, representantes de movimentos populares, estudantis e centrais sindicais foram \u00e0s ruas de Salvador, do Campo Grande at\u00e9 a Pra\u00e7a Castro Alves, nesta segunda-feira, 09, para protestar contra os atos antidemocr\u00e1ticos de extremistas bolsonaristas que invadiram e depredaram o Pal\u00e1cio do Planalto, o Congresso Nacional e o Supremo Tribunal Federal (STF). Milhares de pessoas participam do ato em Salvador. Al\u00e9m da capital baiana, cidades do interior, como Feira de Santana, Vit\u00f3ria da Conquista, Prado, Jacobina e Itabuna, tamb\u00e9m realizaram mobiliza\u00e7\u00f5es em defesa da democracia.<\/p>\n\n\n\n<p>Presente no ato no Campo Grande, a secret\u00e1ria de Movimentos Populares do PT Bahia, Luciene Santana, afirmou que os ataques tentaram ferir a democracia brasileira e criar um cen\u00e1rio de instabilidade pol\u00edtica no pa\u00eds. \u201cOs atos terroristas foram parte de um cen\u00e1rio de golpe que tentava derrubar a democracia Brasileira. As elei\u00e7\u00f5es democr\u00e1ticas demonstradas nas urnas devem ser respeitadas\u201d.<\/p>\n\n\n\n<p>Luciene defendeu ainda a puni\u00e7\u00e3o dos envolvidos nas invas\u00f5es terroristas. \u201c\u00c9 fundamental responsabilizamos quem organizou e financiou esses atos, al\u00e9m da investiga\u00e7\u00e3o de aliados Bolsonaristas que intencionalmente convocaram esses atos violentos. Tamb\u00e9m as chamadas &#8220;falhas&#8221; propositais de seguran\u00e7a no Distrito Federal precisam ser investigadas e punidas\u201d, afirmou a secret\u00e1ria.<\/p>\n\n\n\n<p>Os movimentos sociais, organiza\u00e7\u00f5es da sociedade civil, das campanhas Fora Bolsonaro &#8211; Frente Brasil Popular e Povo sem Medo -, que ocuparam as ruas nesta segunda-feira, est\u00e3o atentos acompanhando as investiga\u00e7\u00f5es. \u201cOs atos s\u00e3o em defesa da democracia, do estado democr\u00e1tico de direito e em prol do governo Lula que subiu a rampa do Planalto com o povo e assim seguir\u00e1, tendo o povo ao seu lado\u201d, concluiu a secret\u00e1ria de Movimentos Populares do PT Bahia.<\/p>\n","protected":false},"excerpt":{"rendered":"<p>Militantes do Partido dos Trabalhadores, de partidos de esquerda, representantes de movimentos populares, estudantis e centrais sindicais foram \u00e0s ruas de Salvador, do Campo Grande at\u00e9 a Pra\u00e7a Castro Alves, nesta segunda-feira, 09, para protestar contra os atos antidemocr\u00e1ticos de extremistas bolsonaristas que invadiram e depredaram o Pal\u00e1cio do Planalto, o Congresso Nacional e o [&hellip;]<\/p>\n","protected":false},"author":3,"featured_media":7775,"comment_status":"open","ping_status":"open","sticky":false,"template":"","format":"standard","meta":{"_monsterinsights_skip_tracking":false,"_monsterinsights_sitenote_active":false,"_monsterinsights_sitenote_note":"","_monsterinsights_sitenote_category":0,"footnotes":""},"categories":[34],"tags":[],"yoast_head":"<!-- This site is optimized with the Yoast SEO plugin v22.9 - https:\/\/yoast.com\/wordpress\/plugins\/seo\/ -->\n<title>Militantes do PT, de partidos de esquerda, movimentos populares e centrais sindicais protestam em Salvador contra atos golpistas - Portal MF<\/title>\n<meta name=\"robots\" content=\"index, follow, max-snippet:-1, max-image-preview:large, max-video-preview:-1\" \/>\n<link rel=\"canonical\" href=\"https:\/\/portalmf.com.br\/index.php\/2023\/01\/09\/militantes-do-pt-de-partidos-de-esquerda-movimentos-populares-e-centrais-sindicais-protestam-em-salvador-contra-atos-golpistas\/\" \/>\n<meta property=\"og:locale\" content=\"pt_BR\" \/>\n<meta property=\"og:type\" content=\"article\" \/>\n<meta property=\"og:title\" content=\"Militantes do PT, de partidos de esquerda, movimentos populares e centrais sindicais protestam em Salvador contra atos golpistas - Portal MF\" \/>\n<meta property=\"og:description\" content=\"Militantes do Partido dos Trabalhadores, de partidos de esquerda, representantes de movimentos populares, estudantis e centrais sindicais foram \u00e0s ruas de Salvador, do Campo Grande at\u00e9 a Pra\u00e7a Castro Alves, nesta segunda-feira, 09, para protestar contra os atos antidemocr\u00e1ticos de extremistas bolsonaristas que invadiram e depredaram o Pal\u00e1cio do Planalto, o Congresso Nacional e o [&hellip;]\" \/>\n<meta property=\"og:url\" content=\"https:\/\/portalmf.com.br\/index.php\/2023\/01\/09\/militantes-do-pt-de-partidos-de-esquerda-movimentos-populares-e-centrais-sindicais-protestam-em-salvador-contra-atos-golpistas\/\" \/>\n<meta property=\"og:site_name\" content=\"Portal MF\" \/>\n<meta property=\"article:author\" content=\"https:\/\/www.facebook.com\/portalmfoficial\" \/>\n<meta property=\"article:published_time\" content=\"2023-01-09T19:45:00+00:00\" \/>\n<meta property=\"article:modified_time\" content=\"2023-01-09T21:46:09+00:00\" \/>\n<meta property=\"og:image\" content=\"https:\/\/portalmf.com.br\/wp-content\/uploads\/2023\/01\/WhatsApp-Image-2023-01-09-at-18.34.11.jpeg\" \/>\n\t<meta property=\"og:image:width\" content=\"1280\" \/>\n\t<meta property=\"og:image:height\" content=\"853\" \/>\n\t<meta property=\"og:image:type\" content=\"image\/jpeg\" \/>\n<meta name=\"author\" content=\"Reda\u00e7\u00e3o Portal MF\" \/>\n<meta name=\"twitter:card\" content=\"summary_large_image\" \/>\n<meta name=\"twitter:creator\" content=\"@https:\/\/x.com\/portalmfoficial\" \/>\n<meta name=\"twitter:label1\" content=\"Escrito por\" \/>\n\t<meta name=\"twitter:data1\" content=\"Reda\u00e7\u00e3o Portal MF\" \/>\n\t<meta name=\"twitter:label2\" content=\"Est. tempo de leitura\" \/>\n\t<meta name=\"twitter:data2\" content=\"2 minutos\" \/>\n<script type=\"application\/ld+json\" class=\"yoast-schema-graph\">{\"@context\":\"https:\/\/schema.org\",\"@graph\":[{\"@type\":\"WebPage\",\"@id\":\"https:\/\/portalmf.com.br\/index.php\/2023\/01\/09\/militantes-do-pt-de-partidos-de-esquerda-movimentos-populares-e-centrais-sindicais-protestam-em-salvador-contra-atos-golpistas\/\",\"url\":\"https:\/\/portalmf.com.br\/index.php\/2023\/01\/09\/militantes-do-pt-de-partidos-de-esquerda-movimentos-populares-e-centrais-sindicais-protestam-em-salvador-contra-atos-golpistas\/\",\"name\":\"Militantes do PT, de partidos de esquerda, movimentos populares e centrais sindicais protestam em Salvador contra atos golpistas - Portal MF\",\"isPartOf\":{\"@id\":\"https:\/\/portalmf.com.br\/#website\"},\"primaryImageOfPage\":{\"@id\":\"https:\/\/portalmf.com.br\/index.php\/2023\/01\/09\/militantes-do-pt-de-partidos-de-esquerda-movimentos-populares-e-centrais-sindicais-protestam-em-salvador-contra-atos-golpistas\/#primaryimage\"},\"image\":{\"@id\":\"https:\/\/portalmf.com.br\/index.php\/2023\/01\/09\/militantes-do-pt-de-partidos-de-esquerda-movimentos-populares-e-centrais-sindicais-protestam-em-salvador-contra-atos-golpistas\/#primaryimage\"},\"thumbnailUrl\":\"https:\/\/portalmf.com.br\/wp-content\/uploads\/2023\/01\/WhatsApp-Image-2023-01-09-at-18.34.11.jpeg\",\"datePublished\":\"2023-01-09T19:45:00+00:00\",\"dateModified\":\"2023-01-09T21:46:09+00:00\",\"author\":{\"@id\":\"https:\/\/portalmf.com.br\/#\/schema\/person\/9ec101baf56233e53520c26de5d6f6f0\"},\"breadcrumb\":{\"@id\":\"https:\/\/portalmf.com.br\/index.php\/2023\/01\/09\/militantes-do-pt-de-partidos-de-esquerda-movimentos-populares-e-centrais-sindicais-protestam-em-salvador-contra-atos-golpistas\/#breadcrumb\"},\"inLanguage\":\"pt-BR\",\"potentialAction\":[{\"@type\":\"ReadAction\",\"target\":[\"https:\/\/portalmf.com.br\/index.php\/2023\/01\/09\/militantes-do-pt-de-partidos-de-esquerda-movimentos-populares-e-centrais-sindicais-protestam-em-salvador-contra-atos-golpistas\/\"]}]},{\"@type\":\"ImageObject\",\"inLanguage\":\"pt-BR\",\"@id\":\"https:\/\/portalmf.com.br\/index.php\/2023\/01\/09\/militantes-do-pt-de-partidos-de-esquerda-movimentos-populares-e-centrais-sindicais-protestam-em-salvador-contra-atos-golpistas\/#primaryimage\",\"url\":\"https:\/\/portalmf.com.br\/wp-content\/uploads\/2023\/01\/WhatsApp-Image-2023-01-09-at-18.34.11.jpeg\",\"contentUrl\":\"https:\/\/portalmf.com.br\/wp-content\/uploads\/2023\/01\/WhatsApp-Image-2023-01-09-at-18.34.11.jpeg\",\"width\":1280,\"height\":853},{\"@type\":\"BreadcrumbList\",\"@id\":\"https:\/\/portalmf.com.br\/index.php\/2023\/01\/09\/militantes-do-pt-de-partidos-de-esquerda-movimentos-populares-e-centrais-sindicais-protestam-em-salvador-contra-atos-golpistas\/#breadcrumb\",\"itemListElement\":[{\"@type\":\"ListItem\",\"position\":1,\"name\":\"In\u00edcio\",\"item\":\"https:\/\/portalmf.com.br\/\"},{\"@type\":\"ListItem\",\"position\":2,\"name\":\"Militantes do PT, de partidos de esquerda, movimentos populares e centrais sindicais protestam em Salvador contra atos golpistas\"}]},{\"@type\":\"WebSite\",\"@id\":\"https:\/\/portalmf.com.br\/#website\",\"url\":\"https:\/\/portalmf.com.br\/\",\"name\":\"Portal MF\",\"description\":\"Voc\u00ea conectado com a informa\u00e7\u00e3o\",\"potentialAction\":[{\"@type\":\"SearchAction\",\"target\":{\"@type\":\"EntryPoint\",\"urlTemplate\":\"https:\/\/portalmf.com.br\/?s={search_term_string}\"},\"query-input\":\"required name=search_term_string\"}],\"inLanguage\":\"pt-BR\"},{\"@type\":\"Person\",\"@id\":\"https:\/\/portalmf.com.br\/#\/schema\/person\/9ec101baf56233e53520c26de5d6f6f0\",\"name\":\"Reda\u00e7\u00e3o Portal MF\",\"image\":{\"@type\":\"ImageObject\",\"inLanguage\":\"pt-BR\",\"@id\":\"https:\/\/portalmf.com.br\/#\/schema\/person\/image\/\",\"url\":\"https:\/\/secure.gravatar.com\/avatar\/41b9aaeb2100835f7c64362330f74c7f?s=96&d=mm&r=g\",\"contentUrl\":\"https:\/\/secure.gravatar.com\/avatar\/41b9aaeb2100835f7c64362330f74c7f?s=96&d=mm&r=g\",\"caption\":\"Reda\u00e7\u00e3o Portal MF\"},\"description\":\"Sejam bem-vindos o portal de informa\u00e7\u00f5es de entretenimento de Feira de Santana, desde 2006 realiza coberturas dos principais eventos com entrevistas exclusivas com as principais personalidades mundiais. Fique conectado tamb\u00e9m nas redes sociais.\",\"sameAs\":[\"http:\/\/www.portalmf.com.br\/\",\"https:\/\/www.facebook.com\/portalmfoficial\",\"https:\/\/www.instagram.com\/portalmf\/\",\"https:\/\/x.com\/https:\/\/x.com\/portalmfoficial\",\"https:\/\/www.youtube.com\/@portalmfoficial\"],\"url\":\"https:\/\/portalmf.com.br\/index.php\/author\/junior\/\"}]}<\/script>\n<!-- \/ Yoast SEO plugin. -->","yoast_head_json":{"title":"Militantes do PT, de partidos de esquerda, movimentos populares e centrais sindicais protestam em Salvador contra atos golpistas - Portal MF","robots":{"index":"index","follow":"follow","max-snippet":"max-snippet:-1","max-image-preview":"max-image-preview:large","max-video-preview":"max-video-preview:-1"},"canonical":"https:\/\/portalmf.com.br\/index.php\/2023\/01\/09\/militantes-do-pt-de-partidos-de-esquerda-movimentos-populares-e-centrais-sindicais-protestam-em-salvador-contra-atos-golpistas\/","og_locale":"pt_BR","og_type":"article","og_title":"Militantes do PT, de partidos de esquerda, movimentos populares e centrais sindicais protestam em Salvador contra atos golpistas - Portal MF","og_description":"Militantes do Partido dos Trabalhadores, de partidos de esquerda, representantes de movimentos populares, estudantis e centrais sindicais foram \u00e0s ruas de Salvador, do Campo Grande at\u00e9 a Pra\u00e7a Castro Alves, nesta segunda-feira, 09, para protestar contra os atos antidemocr\u00e1ticos de extremistas bolsonaristas que invadiram e depredaram o Pal\u00e1cio do Planalto, o Congresso Nacional e o [&hellip;]","og_url":"https:\/\/portalmf.com.br\/index.php\/2023\/01\/09\/militantes-do-pt-de-partidos-de-esquerda-movimentos-populares-e-centrais-sindicais-protestam-em-salvador-contra-atos-golpistas\/","og_site_name":"Portal MF","article_author":"https:\/\/www.facebook.com\/portalmfoficial","article_published_time":"2023-01-09T19:45:00+00:00","article_modified_time":"2023-01-09T21:46:09+00:00","og_image":[{"width":1280,"height":853,"url":"https:\/\/portalmf.com.br\/wp-content\/uploads\/2023\/01\/WhatsApp-Image-2023-01-09-at-18.34.11.jpeg","type":"image\/jpeg"}],"author":"Reda\u00e7\u00e3o Portal MF","twitter_card":"summary_large_image","twitter_creator":"@https:\/\/x.com\/portalmfoficial","twitter_misc":{"Escrito por":"Reda\u00e7\u00e3o Portal MF","Est. tempo de leitura":"2 minutos"},"schema":{"@context":"https:\/\/schema.org","@graph":[{"@type":"WebPage","@id":"https:\/\/portalmf.com.br\/index.php\/2023\/01\/09\/militantes-do-pt-de-partidos-de-esquerda-movimentos-populares-e-centrais-sindicais-protestam-em-salvador-contra-atos-golpistas\/","url":"https:\/\/portalmf.com.br\/index.php\/2023\/01\/09\/militantes-do-pt-de-partidos-de-esquerda-movimentos-populares-e-centrais-sindicais-protestam-em-salvador-contra-atos-golpistas\/","name":"Militantes do PT, de partidos de esquerda, movimentos populares e centrais sindicais protestam em Salvador contra atos golpistas - Portal MF","isPartOf":{"@id":"https:\/\/portalmf.com.br\/#website"},"primaryImageOfPage":{"@id":"https:\/\/portalmf.com.br\/index.php\/2023\/01\/09\/militantes-do-pt-de-partidos-de-esquerda-movimentos-populares-e-centrais-sindicais-protestam-em-salvador-contra-atos-golpistas\/#primaryimage"},"image":{"@id":"https:\/\/portalmf.com.br\/index.php\/2023\/01\/09\/militantes-do-pt-de-partidos-de-esquerda-movimentos-populares-e-centrais-sindicais-protestam-em-salvador-contra-atos-golpistas\/#primaryimage"},"thumbnailUrl":"https:\/\/portalmf.com.br\/wp-content\/uploads\/2023\/01\/WhatsApp-Image-2023-01-09-at-18.34.11.jpeg","datePublished":"2023-01-09T19:45:00+00:00","dateModified":"2023-01-09T21:46:09+00:00","author":{"@id":"https:\/\/portalmf.com.br\/#\/schema\/person\/9ec101baf56233e53520c26de5d6f6f0"},"breadcrumb":{"@id":"https:\/\/portalmf.com.br\/index.php\/2023\/01\/09\/militantes-do-pt-de-partidos-de-esquerda-movimentos-populares-e-centrais-sindicais-protestam-em-salvador-contra-atos-golpistas\/#breadcrumb"},"inLanguage":"pt-BR","potentialAction":[{"@type":"ReadAction","target":["https:\/\/portalmf.com.br\/index.php\/2023\/01\/09\/militantes-do-pt-de-partidos-de-esquerda-movimentos-populares-e-centrais-sindicais-protestam-em-salvador-contra-atos-golpistas\/"]}]},{"@type":"ImageObject","inLanguage":"pt-BR","@id":"https:\/\/portalmf.com.br\/index.php\/2023\/01\/09\/militantes-do-pt-de-partidos-de-esquerda-movimentos-populares-e-centrais-sindicais-protestam-em-salvador-contra-atos-golpistas\/#primaryimage","url":"https:\/\/portalmf.com.br\/wp-content\/uploads\/2023\/01\/WhatsApp-Image-2023-01-09-at-18.34.11.jpeg","contentUrl":"https:\/\/portalmf.com.br\/wp-content\/uploads\/2023\/01\/WhatsApp-Image-2023-01-09-at-18.34.11.jpeg","width":1280,"height":853},{"@type":"BreadcrumbList","@id":"https:\/\/portalmf.com.br\/index.php\/2023\/01\/09\/militantes-do-pt-de-partidos-de-esquerda-movimentos-populares-e-centrais-sindicais-protestam-em-salvador-contra-atos-golpistas\/#breadcrumb","itemListElement":[{"@type":"ListItem","position":1,"name":"In\u00edcio","item":"https:\/\/portalmf.com.br\/"},{"@type":"ListItem","position":2,"name":"Militantes do PT, de partidos de esquerda, movimentos populares e centrais sindicais protestam em Salvador contra atos golpistas"}]},{"@type":"WebSite","@id":"https:\/\/portalmf.com.br\/#website","url":"https:\/\/portalmf.com.br\/","name":"Portal MF","description":"Voc\u00ea conectado com a informa\u00e7\u00e3o","potentialAction":[{"@type":"SearchAction","target":{"@type":"EntryPoint","urlTemplate":"https:\/\/portalmf.com.br\/?s={search_term_string}"},"query-input":"required name=search_term_string"}],"inLanguage":"pt-BR"},{"@type":"Person","@id":"https:\/\/portalmf.com.br\/#\/schema\/person\/9ec101baf56233e53520c26de5d6f6f0","name":"Reda\u00e7\u00e3o Portal MF","image":{"@type":"ImageObject","inLanguage":"pt-BR","@id":"https:\/\/portalmf.com.br\/#\/schema\/person\/image\/","url":"https:\/\/secure.gravatar.com\/avatar\/41b9aaeb2100835f7c64362330f74c7f?s=96&d=mm&r=g","contentUrl":"https:\/\/secure.gravatar.com\/avatar\/41b9aaeb2100835f7c64362330f74c7f?s=96&d=mm&r=g","caption":"Reda\u00e7\u00e3o Portal MF"},"description":"Sejam bem-vindos o portal de informa\u00e7\u00f5es de entretenimento de Feira de Santana, desde 2006 realiza coberturas dos principais eventos com entrevistas exclusivas com as principais personalidades mundiais. Fique conectado tamb\u00e9m nas redes sociais.","sameAs":["http:\/\/www.portalmf.com.br\/","https:\/\/www.facebook.com\/portalmfoficial","https:\/\/www.instagram.com\/portalmf\/","https:\/\/x.com\/https:\/\/x.com\/portalmfoficial","https:\/\/www.youtube.com\/@portalmfoficial"],"url":"https:\/\/portalmf.com.br\/index.php\/author\/junior\/"}]}},"_links":{"self":[{"href":"https:\/\/portalmf.com.br\/index.php\/wp-json\/wp\/v2\/posts\/7774"}],"collection":[{"href":"https:\/\/portalmf.com.br\/index.php\/wp-json\/wp\/v2\/posts"}],"about":[{"href":"https:\/\/portalmf.com.br\/index.php\/wp-json\/wp\/v2\/types\/post"}],"author":[{"embeddable":true,"href":"https:\/\/portalmf.com.br\/index.php\/wp-json\/wp\/v2\/users\/3"}],"replies":[{"embeddable":true,"href":"https:\/\/portalmf.com.br\/index.php\/wp-json\/wp\/v2\/comments?post=7774"}],"version-history":[{"count":1,"href":"https:\/\/portalmf.com.br\/index.php\/wp-json\/wp\/v2\/posts\/7774\/revisions"}],"predecessor-version":[{"id":7776,"href":"https:\/\/portalmf.com.br\/index.php\/wp-json\/wp\/v2\/posts\/7774\/revisions\/7776"}],"wp:featuredmedia":[{"embeddable":true,"href":"https:\/\/portalmf.com.br\/index.php\/wp-json\/wp\/v2\/media\/7775"}],"wp:attachment":[{"href":"https:\/\/portalmf.com.br\/index.php\/wp-json\/wp\/v2\/media?parent=7774"}],"wp:term":[{"taxonomy":"category","embeddable":true,"href":"https:\/\/portalmf.com.br\/index.php\/wp-json\/wp\/v2\/categories?post=7774"},{"taxonomy":"post_tag","embeddable":true,"href":"https:\/\/portalmf.com.br\/index.php\/wp-json\/wp\/v2\/tags?post=7774"}],"curies":[{"name":"wp","href":"https:\/\/api.w.org\/{rel}","templated":true}]}}