{"id":7766,"date":"2023-01-09T18:35:45","date_gmt":"2023-01-09T21:35:45","guid":{"rendered":"https:\/\/portalmf.com.br\/?p=7766"},"modified":"2023-01-09T18:35:46","modified_gmt":"2023-01-09T21:35:46","slug":"como-ficaram-definidos-os-grupos-da-copa-do-nordeste-2023","status":"publish","type":"post","link":"https:\/\/portalmf.com.br\/index.php\/2023\/01\/09\/como-ficaram-definidos-os-grupos-da-copa-do-nordeste-2023\/","title":{"rendered":"Como ficaram definidos os grupos da Copa do Nordeste 2023"},"content":{"rendered":"\n<p>Ap\u00f3s os quatro compromissos v\u00e1lidos pela \u00faltima fase da Pr\u00e9-Copa do Nordeste terem acontecido neste domingo (8), foram definidos quem ser\u00e3o os integrantes que complementar\u00e3o a primeira fase do torneio regional. S\u00e3o eles CSA, Ferrovi\u00e1rio, Santa Cruz e Vit\u00f3ria.&nbsp;&nbsp;<\/p>\n\n\n\n<p>Diferente do que ocorreu nas \u00faltimas temporadas onde os embates eliminat\u00f3rios eram disputados em ida e volta, os compromissos que definiram a forma\u00e7\u00e3o da etapa de grupos do Nordest\u00e3o ocorreram em partida \u00fanica.<\/p>\n\n\n\n<p>Agora, os 16 times ir\u00e3o se enfrentar, em turno \u00fanico, somente com as equipes que est\u00e3o na outra chave. Com isso, ser\u00e3o determinados os quatro clubes que ir\u00e3o avan\u00e7ar para as quartas de final do torneio onde, tanto nas quartas como na semifinal, o embate tamb\u00e9m ser\u00e1 definido em partida \u00fanica.<\/p>\n\n\n\n<p>Depois disso, a grande final ser\u00e1 jogada em compromissos de ida e volta onde a equipe que tiver acumulado a melhor campanha ao longo de todo o torneio ter\u00e1 o privil\u00e9gio de fazer o embate decisivo em seus dom\u00ednios.<\/p>\n\n\n\n<p><strong>COMO FICARAM OS GRUPOS DA COPA DO NORDESTE 2023<\/strong><\/p>\n\n\n\n<p><strong>GRUPO A<\/strong><\/p>\n\n\n\n<p>Atl\u00e9tico de Alagoinhas<br>CRB<br>Fluminense-PI<br>Fortaleza<br>Sampaio Corr\u00eaa<br>Santa Cruz<br>Sport<br>Vit\u00f3ria<\/p>\n\n\n\n<p><strong>GRUPO B<\/strong><\/p>\n\n\n\n<p>ABC<br>Bahia<br>Campinense<br>Cear\u00e1<br>CSA<br>Ferrovi\u00e1rio<br>N\u00e1utico<br>Sergipe<\/p>\n\n\n\n<p>Com informa\u00e7\u00f5es do Lance!<\/p>\n","protected":false},"excerpt":{"rendered":"<p>Ap\u00f3s os quatro compromissos v\u00e1lidos pela \u00faltima fase da Pr\u00e9-Copa do Nordeste terem acontecido neste domingo (8), foram definidos quem ser\u00e3o os integrantes que complementar\u00e3o a primeira fase do torneio regional. S\u00e3o eles CSA, Ferrovi\u00e1rio, Santa Cruz e Vit\u00f3ria.&nbsp;&nbsp; Diferente do que ocorreu nas \u00faltimas temporadas onde os embates eliminat\u00f3rios eram disputados em ida e [&hellip;]<\/p>\n","protected":false},"author":3,"featured_media":7767,"comment_status":"open","ping_status":"open","sticky":false,"template":"","format":"standard","meta":{"_monsterinsights_skip_tracking":false,"_monsterinsights_sitenote_active":false,"_monsterinsights_sitenote_note":"","_monsterinsights_sitenote_category":0,"footnotes":""},"categories":[42],"tags":[],"yoast_head":"<!-- This site is optimized with the Yoast SEO plugin v22.9 - https:\/\/yoast.com\/wordpress\/plugins\/seo\/ -->\n<title>Como ficaram definidos os grupos da Copa do Nordeste 2023 - Portal MF<\/title>\n<meta name=\"robots\" content=\"index, follow, max-snippet:-1, max-image-preview:large, max-video-preview:-1\" \/>\n<link rel=\"canonical\" href=\"https:\/\/portalmf.com.br\/index.php\/2023\/01\/09\/como-ficaram-definidos-os-grupos-da-copa-do-nordeste-2023\/\" \/>\n<meta property=\"og:locale\" content=\"pt_BR\" \/>\n<meta property=\"og:type\" content=\"article\" \/>\n<meta property=\"og:title\" content=\"Como ficaram definidos os grupos da Copa do Nordeste 2023 - Portal MF\" \/>\n<meta property=\"og:description\" content=\"Ap\u00f3s os quatro compromissos v\u00e1lidos pela \u00faltima fase da Pr\u00e9-Copa do Nordeste terem acontecido neste domingo (8), foram definidos quem ser\u00e3o os integrantes que complementar\u00e3o a primeira fase do torneio regional. S\u00e3o eles CSA, Ferrovi\u00e1rio, Santa Cruz e Vit\u00f3ria.&nbsp;&nbsp; Diferente do que ocorreu nas \u00faltimas temporadas onde os embates eliminat\u00f3rios eram disputados em ida e [&hellip;]\" \/>\n<meta property=\"og:url\" content=\"https:\/\/portalmf.com.br\/index.php\/2023\/01\/09\/como-ficaram-definidos-os-grupos-da-copa-do-nordeste-2023\/\" \/>\n<meta property=\"og:site_name\" content=\"Portal MF\" \/>\n<meta property=\"article:author\" content=\"https:\/\/www.facebook.com\/portalmfoficial\" \/>\n<meta property=\"article:published_time\" content=\"2023-01-09T21:35:45+00:00\" \/>\n<meta property=\"article:modified_time\" content=\"2023-01-09T21:35:46+00:00\" \/>\n<meta property=\"og:image\" content=\"https:\/\/portalmf.com.br\/wp-content\/uploads\/2023\/01\/Copa-do-Nordeste.jpg\" \/>\n\t<meta property=\"og:image:width\" content=\"1050\" \/>\n\t<meta property=\"og:image:height\" content=\"700\" \/>\n\t<meta property=\"og:image:type\" content=\"image\/jpeg\" \/>\n<meta name=\"author\" content=\"Reda\u00e7\u00e3o Portal MF\" \/>\n<meta name=\"twitter:card\" content=\"summary_large_image\" \/>\n<meta name=\"twitter:creator\" content=\"@https:\/\/x.com\/portalmfoficial\" \/>\n<meta name=\"twitter:label1\" content=\"Escrito por\" \/>\n\t<meta name=\"twitter:data1\" content=\"Reda\u00e7\u00e3o Portal MF\" \/>\n\t<meta name=\"twitter:label2\" content=\"Est. tempo de leitura\" \/>\n\t<meta name=\"twitter:data2\" content=\"2 minutos\" \/>\n<script type=\"application\/ld+json\" class=\"yoast-schema-graph\">{\"@context\":\"https:\/\/schema.org\",\"@graph\":[{\"@type\":\"WebPage\",\"@id\":\"https:\/\/portalmf.com.br\/index.php\/2023\/01\/09\/como-ficaram-definidos-os-grupos-da-copa-do-nordeste-2023\/\",\"url\":\"https:\/\/portalmf.com.br\/index.php\/2023\/01\/09\/como-ficaram-definidos-os-grupos-da-copa-do-nordeste-2023\/\",\"name\":\"Como ficaram definidos os grupos da Copa do Nordeste 2023 - Portal MF\",\"isPartOf\":{\"@id\":\"https:\/\/portalmf.com.br\/#website\"},\"primaryImageOfPage\":{\"@id\":\"https:\/\/portalmf.com.br\/index.php\/2023\/01\/09\/como-ficaram-definidos-os-grupos-da-copa-do-nordeste-2023\/#primaryimage\"},\"image\":{\"@id\":\"https:\/\/portalmf.com.br\/index.php\/2023\/01\/09\/como-ficaram-definidos-os-grupos-da-copa-do-nordeste-2023\/#primaryimage\"},\"thumbnailUrl\":\"https:\/\/portalmf.com.br\/wp-content\/uploads\/2023\/01\/Copa-do-Nordeste.jpg\",\"datePublished\":\"2023-01-09T21:35:45+00:00\",\"dateModified\":\"2023-01-09T21:35:46+00:00\",\"author\":{\"@id\":\"https:\/\/portalmf.com.br\/#\/schema\/person\/9ec101baf56233e53520c26de5d6f6f0\"},\"breadcrumb\":{\"@id\":\"https:\/\/portalmf.com.br\/index.php\/2023\/01\/09\/como-ficaram-definidos-os-grupos-da-copa-do-nordeste-2023\/#breadcrumb\"},\"inLanguage\":\"pt-BR\",\"potentialAction\":[{\"@type\":\"ReadAction\",\"target\":[\"https:\/\/portalmf.com.br\/index.php\/2023\/01\/09\/como-ficaram-definidos-os-grupos-da-copa-do-nordeste-2023\/\"]}]},{\"@type\":\"ImageObject\",\"inLanguage\":\"pt-BR\",\"@id\":\"https:\/\/portalmf.com.br\/index.php\/2023\/01\/09\/como-ficaram-definidos-os-grupos-da-copa-do-nordeste-2023\/#primaryimage\",\"url\":\"https:\/\/portalmf.com.br\/wp-content\/uploads\/2023\/01\/Copa-do-Nordeste.jpg\",\"contentUrl\":\"https:\/\/portalmf.com.br\/wp-content\/uploads\/2023\/01\/Copa-do-Nordeste.jpg\",\"width\":1050,\"height\":700},{\"@type\":\"BreadcrumbList\",\"@id\":\"https:\/\/portalmf.com.br\/index.php\/2023\/01\/09\/como-ficaram-definidos-os-grupos-da-copa-do-nordeste-2023\/#breadcrumb\",\"itemListElement\":[{\"@type\":\"ListItem\",\"position\":1,\"name\":\"In\u00edcio\",\"item\":\"https:\/\/portalmf.com.br\/\"},{\"@type\":\"ListItem\",\"position\":2,\"name\":\"Como ficaram definidos os grupos da Copa do Nordeste 2023\"}]},{\"@type\":\"WebSite\",\"@id\":\"https:\/\/portalmf.com.br\/#website\",\"url\":\"https:\/\/portalmf.com.br\/\",\"name\":\"Portal MF\",\"description\":\"Voc\u00ea conectado com a informa\u00e7\u00e3o\",\"potentialAction\":[{\"@type\":\"SearchAction\",\"target\":{\"@type\":\"EntryPoint\",\"urlTemplate\":\"https:\/\/portalmf.com.br\/?s={search_term_string}\"},\"query-input\":\"required name=search_term_string\"}],\"inLanguage\":\"pt-BR\"},{\"@type\":\"Person\",\"@id\":\"https:\/\/portalmf.com.br\/#\/schema\/person\/9ec101baf56233e53520c26de5d6f6f0\",\"name\":\"Reda\u00e7\u00e3o Portal MF\",\"image\":{\"@type\":\"ImageObject\",\"inLanguage\":\"pt-BR\",\"@id\":\"https:\/\/portalmf.com.br\/#\/schema\/person\/image\/\",\"url\":\"https:\/\/secure.gravatar.com\/avatar\/41b9aaeb2100835f7c64362330f74c7f?s=96&d=mm&r=g\",\"contentUrl\":\"https:\/\/secure.gravatar.com\/avatar\/41b9aaeb2100835f7c64362330f74c7f?s=96&d=mm&r=g\",\"caption\":\"Reda\u00e7\u00e3o Portal MF\"},\"description\":\"Sejam bem-vindos o portal de informa\u00e7\u00f5es de entretenimento de Feira de Santana, desde 2006 realiza coberturas dos principais eventos com entrevistas exclusivas com as principais personalidades mundiais. Fique conectado tamb\u00e9m nas redes sociais.\",\"sameAs\":[\"http:\/\/www.portalmf.com.br\/\",\"https:\/\/www.facebook.com\/portalmfoficial\",\"https:\/\/www.instagram.com\/portalmf\/\",\"https:\/\/x.com\/https:\/\/x.com\/portalmfoficial\",\"https:\/\/www.youtube.com\/@portalmfoficial\"],\"url\":\"https:\/\/portalmf.com.br\/index.php\/author\/junior\/\"}]}<\/script>\n<!-- \/ Yoast SEO plugin. -->","yoast_head_json":{"title":"Como ficaram definidos os grupos da Copa do Nordeste 2023 - Portal MF","robots":{"index":"index","follow":"follow","max-snippet":"max-snippet:-1","max-image-preview":"max-image-preview:large","max-video-preview":"max-video-preview:-1"},"canonical":"https:\/\/portalmf.com.br\/index.php\/2023\/01\/09\/como-ficaram-definidos-os-grupos-da-copa-do-nordeste-2023\/","og_locale":"pt_BR","og_type":"article","og_title":"Como ficaram definidos os grupos da Copa do Nordeste 2023 - Portal MF","og_description":"Ap\u00f3s os quatro compromissos v\u00e1lidos pela \u00faltima fase da Pr\u00e9-Copa do Nordeste terem acontecido neste domingo (8), foram definidos quem ser\u00e3o os integrantes que complementar\u00e3o a primeira fase do torneio regional. S\u00e3o eles CSA, Ferrovi\u00e1rio, Santa Cruz e Vit\u00f3ria.&nbsp;&nbsp; Diferente do que ocorreu nas \u00faltimas temporadas onde os embates eliminat\u00f3rios eram disputados em ida e [&hellip;]","og_url":"https:\/\/portalmf.com.br\/index.php\/2023\/01\/09\/como-ficaram-definidos-os-grupos-da-copa-do-nordeste-2023\/","og_site_name":"Portal MF","article_author":"https:\/\/www.facebook.com\/portalmfoficial","article_published_time":"2023-01-09T21:35:45+00:00","article_modified_time":"2023-01-09T21:35:46+00:00","og_image":[{"width":1050,"height":700,"url":"https:\/\/portalmf.com.br\/wp-content\/uploads\/2023\/01\/Copa-do-Nordeste.jpg","type":"image\/jpeg"}],"author":"Reda\u00e7\u00e3o Portal MF","twitter_card":"summary_large_image","twitter_creator":"@https:\/\/x.com\/portalmfoficial","twitter_misc":{"Escrito por":"Reda\u00e7\u00e3o Portal MF","Est. tempo de leitura":"2 minutos"},"schema":{"@context":"https:\/\/schema.org","@graph":[{"@type":"WebPage","@id":"https:\/\/portalmf.com.br\/index.php\/2023\/01\/09\/como-ficaram-definidos-os-grupos-da-copa-do-nordeste-2023\/","url":"https:\/\/portalmf.com.br\/index.php\/2023\/01\/09\/como-ficaram-definidos-os-grupos-da-copa-do-nordeste-2023\/","name":"Como ficaram definidos os grupos da Copa do Nordeste 2023 - Portal MF","isPartOf":{"@id":"https:\/\/portalmf.com.br\/#website"},"primaryImageOfPage":{"@id":"https:\/\/portalmf.com.br\/index.php\/2023\/01\/09\/como-ficaram-definidos-os-grupos-da-copa-do-nordeste-2023\/#primaryimage"},"image":{"@id":"https:\/\/portalmf.com.br\/index.php\/2023\/01\/09\/como-ficaram-definidos-os-grupos-da-copa-do-nordeste-2023\/#primaryimage"},"thumbnailUrl":"https:\/\/portalmf.com.br\/wp-content\/uploads\/2023\/01\/Copa-do-Nordeste.jpg","datePublished":"2023-01-09T21:35:45+00:00","dateModified":"2023-01-09T21:35:46+00:00","author":{"@id":"https:\/\/portalmf.com.br\/#\/schema\/person\/9ec101baf56233e53520c26de5d6f6f0"},"breadcrumb":{"@id":"https:\/\/portalmf.com.br\/index.php\/2023\/01\/09\/como-ficaram-definidos-os-grupos-da-copa-do-nordeste-2023\/#breadcrumb"},"inLanguage":"pt-BR","potentialAction":[{"@type":"ReadAction","target":["https:\/\/portalmf.com.br\/index.php\/2023\/01\/09\/como-ficaram-definidos-os-grupos-da-copa-do-nordeste-2023\/"]}]},{"@type":"ImageObject","inLanguage":"pt-BR","@id":"https:\/\/portalmf.com.br\/index.php\/2023\/01\/09\/como-ficaram-definidos-os-grupos-da-copa-do-nordeste-2023\/#primaryimage","url":"https:\/\/portalmf.com.br\/wp-content\/uploads\/2023\/01\/Copa-do-Nordeste.jpg","contentUrl":"https:\/\/portalmf.com.br\/wp-content\/uploads\/2023\/01\/Copa-do-Nordeste.jpg","width":1050,"height":700},{"@type":"BreadcrumbList","@id":"https:\/\/portalmf.com.br\/index.php\/2023\/01\/09\/como-ficaram-definidos-os-grupos-da-copa-do-nordeste-2023\/#breadcrumb","itemListElement":[{"@type":"ListItem","position":1,"name":"In\u00edcio","item":"https:\/\/portalmf.com.br\/"},{"@type":"ListItem","position":2,"name":"Como ficaram definidos os grupos da Copa do Nordeste 2023"}]},{"@type":"WebSite","@id":"https:\/\/portalmf.com.br\/#website","url":"https:\/\/portalmf.com.br\/","name":"Portal MF","description":"Voc\u00ea conectado com a informa\u00e7\u00e3o","potentialAction":[{"@type":"SearchAction","target":{"@type":"EntryPoint","urlTemplate":"https:\/\/portalmf.com.br\/?s={search_term_string}"},"query-input":"required name=search_term_string"}],"inLanguage":"pt-BR"},{"@type":"Person","@id":"https:\/\/portalmf.com.br\/#\/schema\/person\/9ec101baf56233e53520c26de5d6f6f0","name":"Reda\u00e7\u00e3o Portal MF","image":{"@type":"ImageObject","inLanguage":"pt-BR","@id":"https:\/\/portalmf.com.br\/#\/schema\/person\/image\/","url":"https:\/\/secure.gravatar.com\/avatar\/41b9aaeb2100835f7c64362330f74c7f?s=96&d=mm&r=g","contentUrl":"https:\/\/secure.gravatar.com\/avatar\/41b9aaeb2100835f7c64362330f74c7f?s=96&d=mm&r=g","caption":"Reda\u00e7\u00e3o Portal MF"},"description":"Sejam bem-vindos o portal de informa\u00e7\u00f5es de entretenimento de Feira de Santana, desde 2006 realiza coberturas dos principais eventos com entrevistas exclusivas com as principais personalidades mundiais. Fique conectado tamb\u00e9m nas redes sociais.","sameAs":["http:\/\/www.portalmf.com.br\/","https:\/\/www.facebook.com\/portalmfoficial","https:\/\/www.instagram.com\/portalmf\/","https:\/\/x.com\/https:\/\/x.com\/portalmfoficial","https:\/\/www.youtube.com\/@portalmfoficial"],"url":"https:\/\/portalmf.com.br\/index.php\/author\/junior\/"}]}},"_links":{"self":[{"href":"https:\/\/portalmf.com.br\/index.php\/wp-json\/wp\/v2\/posts\/7766"}],"collection":[{"href":"https:\/\/portalmf.com.br\/index.php\/wp-json\/wp\/v2\/posts"}],"about":[{"href":"https:\/\/portalmf.com.br\/index.php\/wp-json\/wp\/v2\/types\/post"}],"author":[{"embeddable":true,"href":"https:\/\/portalmf.com.br\/index.php\/wp-json\/wp\/v2\/users\/3"}],"replies":[{"embeddable":true,"href":"https:\/\/portalmf.com.br\/index.php\/wp-json\/wp\/v2\/comments?post=7766"}],"version-history":[{"count":1,"href":"https:\/\/portalmf.com.br\/index.php\/wp-json\/wp\/v2\/posts\/7766\/revisions"}],"predecessor-version":[{"id":7768,"href":"https:\/\/portalmf.com.br\/index.php\/wp-json\/wp\/v2\/posts\/7766\/revisions\/7768"}],"wp:featuredmedia":[{"embeddable":true,"href":"https:\/\/portalmf.com.br\/index.php\/wp-json\/wp\/v2\/media\/7767"}],"wp:attachment":[{"href":"https:\/\/portalmf.com.br\/index.php\/wp-json\/wp\/v2\/media?parent=7766"}],"wp:term":[{"taxonomy":"category","embeddable":true,"href":"https:\/\/portalmf.com.br\/index.php\/wp-json\/wp\/v2\/categories?post=7766"},{"taxonomy":"post_tag","embeddable":true,"href":"https:\/\/portalmf.com.br\/index.php\/wp-json\/wp\/v2\/tags?post=7766"}],"curies":[{"name":"wp","href":"https:\/\/api.w.org\/{rel}","templated":true}]}}