{"id":7757,"date":"2023-01-08T13:22:00","date_gmt":"2023-01-08T16:22:00","guid":{"rendered":"https:\/\/portalmf.com.br\/?p=7757"},"modified":"2023-01-09T18:34:22","modified_gmt":"2023-01-09T21:34:22","slug":"roberto-dinamite-morre-aos-68-anos-de-idade","status":"publish","type":"post","link":"https:\/\/portalmf.com.br\/index.php\/2023\/01\/08\/roberto-dinamite-morre-aos-68-anos-de-idade\/","title":{"rendered":"Roberto Dinamite morre aos 68 anos de idade"},"content":{"rendered":"\n<p>Maior \u00eddolo da hist\u00f3ria do Vasco, Roberto Dinamite faleceu neste domingo (8), \u00e0s 10h50, aos 68 anos de idade. Tratando um c\u00e2ncer no intestino, o ex-jogador foi internado no \u00faltimo s\u00e1bado (7) em um hospital do Rio de Janeiro ap\u00f3s apresentar piora no quadro.<img decoding=\"async\" src=\"https:\/\/agenciabrasil.ebc.com.br\/ebc.png?id=1502540&amp;o=node\"><img decoding=\"async\" src=\"https:\/\/agenciabrasil.ebc.com.br\/ebc.gif?id=1502540&amp;o=node\"><\/p>\n\n\n\n<p>\u00cddolo do Vasco, ele disputou 1.110 jogos com a camisa cruzmaltina, foi o maior artilheiro do clube com 708 gols marcados e conquistou o Campeonato Brasileiro de 1974, al\u00e9m de cinco edi\u00e7\u00f5es do Campeonato Carioca (1977, 1982, 1987, 1988 e 1992).<\/p>\n\n\n\n<p>Nas redes sociais, a equipe de S\u00e3o Janu\u00e1rio lamentou a morte de Roberto Dinamite, que foi presidente do clube entre os anos de 2008 e 2014: \u201c\u00c9 com o mais profundo pesar que o Vasco da Gama recebe a informa\u00e7\u00e3o que o #MaiorDeTodos nos deixou neste domingo. Carlos Roberto de Oliveira, o Dinamite, dedicou 29 dos seus 68 anos ao clube como atleta e presidente. Te amaremos para sempre, Calu. Descanse em paz&#8221;.<\/p>\n\n\n\n<figure class=\"wp-block-embed is-type-rich is-provider-twitter wp-block-embed-twitter\"><div class=\"wp-block-embed__wrapper\">\n<blockquote class=\"twitter-tweet\" data-width=\"550\" data-dnt=\"true\"><p lang=\"pt\" dir=\"ltr\">\u00c9 com o mais profundo pesar que o Vasco da Gama recebe a informa\u00e7\u00e3o que o <a href=\"https:\/\/twitter.com\/hashtag\/MaiorDeTodos?src=hash&amp;ref_src=twsrc%5Etfw\">#MaiorDeTodos<\/a> nos deixou neste domingo.<br><br>Carlos Roberto de Oliveira, o Dinamite, dedicou 29 dos seus 68 anos ao Clube, como atleta e Presidente.<br>Te amaremos para sempre, Calu.<br><br>Descanse em paz \ud83d\udda4 <a href=\"https:\/\/t.co\/kgXyAx1mql\">pic.twitter.com\/kgXyAx1mql<\/a><\/p>&mdash; Vasco da Gama (@VascodaGama) <a href=\"https:\/\/twitter.com\/VascodaGama\/status\/1612104345738174465?ref_src=twsrc%5Etfw\">January 8, 2023<\/a><\/blockquote><script async src=\"https:\/\/platform.twitter.com\/widgets.js\" charset=\"utf-8\"><\/script>\n<\/div><\/figure>\n\n\n\n<p>Quem tamb\u00e9m se manifestou foi um dos grandes \u00eddolos do Vasco, o ex-jogador Juninho Pernambucano: \u201cDescanse em paz eterno gigante Roberto Dinamite. O futebol e todos n\u00f3s te agradecemos por tudo. Voc\u00ea foi o maior de todos com a Cruz de Malta no peito. Muita a for\u00e7a para toda a fam\u00edlia\u201d.<\/p>\n\n\n\n<figure class=\"wp-block-embed is-type-rich is-provider-twitter wp-block-embed-twitter\"><div class=\"wp-block-embed__wrapper\">\n<blockquote class=\"twitter-tweet\" data-width=\"550\" data-dnt=\"true\"><p lang=\"pt\" dir=\"ltr\">Descanse em paz eterno gigante Roberto Dinamite. O futebol e todos n\u00f3s te agradecemos por tudo. Voc\u00ea foi o maior de todos com a Cruz de Malta no peito. Muita a for\u00e7a a toda fam\u00edlia \ud83d\ude4f\ud83d\ude4f. <a href=\"https:\/\/t.co\/nrCezlAxXo\">pic.twitter.com\/nrCezlAxXo<\/a><\/p>&mdash; Juninho Pernambucano\ud83e\uded0 (@Juninhope08) <a href=\"https:\/\/twitter.com\/Juninhope08\/status\/1612104611514531842?ref_src=twsrc%5Etfw\">January 8, 2023<\/a><\/blockquote><script async src=\"https:\/\/platform.twitter.com\/widgets.js\" charset=\"utf-8\"><\/script>\n<\/div><\/figure>\n\n\n\n<p>Natural de Duque de Caxias, Carlos Roberto de Oliveira estreou no time profissional do Vasco em 1971, em uma partida contra do Bahia v\u00e1lida pelo Campeonato Brasileiro. Em 1992 ele deixou o futebol, mas no ano seguinte foi realizado um amistoso de despedida dos gramados entre Vasco e La Coru\u00f1a (Espanha) no Maracan\u00e3.<\/p>\n\n\n\n<p>Entre os feitos de sua vitoriosa carreira, Dinamite, que tinha o dom de balan\u00e7ar as redes advers\u00e1rias, \u00e9 o maior artilheiro da hist\u00f3ria do Campeonato Brasileiro (com 190 gols), \u00e9 o maior artilheiro da hist\u00f3ria do Campeonato Estadual do Rio de Janeiro (com 279 gols) e \u00e9 o maior artilheiro da hist\u00f3ria de S\u00e3o Janu\u00e1rio (com 184 gols).<\/p>\n\n\n\n<p>Com informa\u00e7\u00f5es da Ag\u00eancia Brasil<\/p>\n","protected":false},"excerpt":{"rendered":"<p>Maior \u00eddolo da hist\u00f3ria do Vasco, Roberto Dinamite faleceu neste domingo (8), \u00e0s 10h50, aos 68 anos de idade. Tratando um c\u00e2ncer no intestino, o ex-jogador foi internado no \u00faltimo s\u00e1bado (7) em um hospital do Rio de Janeiro ap\u00f3s apresentar piora no quadro. \u00cddolo do Vasco, ele disputou 1.110 jogos com a camisa cruzmaltina, [&hellip;]<\/p>\n","protected":false},"author":3,"featured_media":7758,"comment_status":"open","ping_status":"open","sticky":false,"template":"","format":"standard","meta":{"_monsterinsights_skip_tracking":false,"_monsterinsights_sitenote_active":false,"_monsterinsights_sitenote_note":"","_monsterinsights_sitenote_category":0,"footnotes":""},"categories":[42],"tags":[],"yoast_head":"<!-- This site is optimized with the Yoast SEO plugin v22.9 - https:\/\/yoast.com\/wordpress\/plugins\/seo\/ -->\n<title>Roberto Dinamite morre aos 68 anos de idade - Portal MF<\/title>\n<meta name=\"robots\" content=\"index, follow, max-snippet:-1, max-image-preview:large, max-video-preview:-1\" \/>\n<link rel=\"canonical\" href=\"https:\/\/portalmf.com.br\/index.php\/2023\/01\/08\/roberto-dinamite-morre-aos-68-anos-de-idade\/\" \/>\n<meta property=\"og:locale\" content=\"pt_BR\" \/>\n<meta property=\"og:type\" content=\"article\" \/>\n<meta property=\"og:title\" content=\"Roberto Dinamite morre aos 68 anos de idade - Portal MF\" \/>\n<meta property=\"og:description\" content=\"Maior \u00eddolo da hist\u00f3ria do Vasco, Roberto Dinamite faleceu neste domingo (8), \u00e0s 10h50, aos 68 anos de idade. Tratando um c\u00e2ncer no intestino, o ex-jogador foi internado no \u00faltimo s\u00e1bado (7) em um hospital do Rio de Janeiro ap\u00f3s apresentar piora no quadro. \u00cddolo do Vasco, ele disputou 1.110 jogos com a camisa cruzmaltina, [&hellip;]\" \/>\n<meta property=\"og:url\" content=\"https:\/\/portalmf.com.br\/index.php\/2023\/01\/08\/roberto-dinamite-morre-aos-68-anos-de-idade\/\" \/>\n<meta property=\"og:site_name\" content=\"Portal MF\" \/>\n<meta property=\"article:author\" content=\"https:\/\/www.facebook.com\/portalmfoficial\" \/>\n<meta property=\"article:published_time\" content=\"2023-01-08T16:22:00+00:00\" \/>\n<meta property=\"article:modified_time\" content=\"2023-01-09T21:34:22+00:00\" \/>\n<meta property=\"og:image\" content=\"https:\/\/portalmf.com.br\/wp-content\/uploads\/2023\/01\/52037184143_860082b249_o.jpg\" \/>\n\t<meta property=\"og:image:width\" content=\"1170\" \/>\n\t<meta property=\"og:image:height\" content=\"700\" \/>\n\t<meta property=\"og:image:type\" content=\"image\/jpeg\" \/>\n<meta name=\"author\" content=\"Reda\u00e7\u00e3o Portal MF\" \/>\n<meta name=\"twitter:card\" content=\"summary_large_image\" \/>\n<meta name=\"twitter:creator\" content=\"@https:\/\/x.com\/portalmfoficial\" \/>\n<meta name=\"twitter:label1\" content=\"Escrito por\" \/>\n\t<meta name=\"twitter:data1\" content=\"Reda\u00e7\u00e3o Portal MF\" \/>\n\t<meta name=\"twitter:label2\" content=\"Est. tempo de leitura\" \/>\n\t<meta name=\"twitter:data2\" content=\"3 minutos\" \/>\n<script type=\"application\/ld+json\" class=\"yoast-schema-graph\">{\"@context\":\"https:\/\/schema.org\",\"@graph\":[{\"@type\":\"WebPage\",\"@id\":\"https:\/\/portalmf.com.br\/index.php\/2023\/01\/08\/roberto-dinamite-morre-aos-68-anos-de-idade\/\",\"url\":\"https:\/\/portalmf.com.br\/index.php\/2023\/01\/08\/roberto-dinamite-morre-aos-68-anos-de-idade\/\",\"name\":\"Roberto Dinamite morre aos 68 anos de idade - Portal MF\",\"isPartOf\":{\"@id\":\"https:\/\/portalmf.com.br\/#website\"},\"primaryImageOfPage\":{\"@id\":\"https:\/\/portalmf.com.br\/index.php\/2023\/01\/08\/roberto-dinamite-morre-aos-68-anos-de-idade\/#primaryimage\"},\"image\":{\"@id\":\"https:\/\/portalmf.com.br\/index.php\/2023\/01\/08\/roberto-dinamite-morre-aos-68-anos-de-idade\/#primaryimage\"},\"thumbnailUrl\":\"https:\/\/portalmf.com.br\/wp-content\/uploads\/2023\/01\/52037184143_860082b249_o.jpg\",\"datePublished\":\"2023-01-08T16:22:00+00:00\",\"dateModified\":\"2023-01-09T21:34:22+00:00\",\"author\":{\"@id\":\"https:\/\/portalmf.com.br\/#\/schema\/person\/9ec101baf56233e53520c26de5d6f6f0\"},\"breadcrumb\":{\"@id\":\"https:\/\/portalmf.com.br\/index.php\/2023\/01\/08\/roberto-dinamite-morre-aos-68-anos-de-idade\/#breadcrumb\"},\"inLanguage\":\"pt-BR\",\"potentialAction\":[{\"@type\":\"ReadAction\",\"target\":[\"https:\/\/portalmf.com.br\/index.php\/2023\/01\/08\/roberto-dinamite-morre-aos-68-anos-de-idade\/\"]}]},{\"@type\":\"ImageObject\",\"inLanguage\":\"pt-BR\",\"@id\":\"https:\/\/portalmf.com.br\/index.php\/2023\/01\/08\/roberto-dinamite-morre-aos-68-anos-de-idade\/#primaryimage\",\"url\":\"https:\/\/portalmf.com.br\/wp-content\/uploads\/2023\/01\/52037184143_860082b249_o.jpg\",\"contentUrl\":\"https:\/\/portalmf.com.br\/wp-content\/uploads\/2023\/01\/52037184143_860082b249_o.jpg\",\"width\":1170,\"height\":700,\"caption\":\"Foto: Daniel RAMALHO\/CRVG\"},{\"@type\":\"BreadcrumbList\",\"@id\":\"https:\/\/portalmf.com.br\/index.php\/2023\/01\/08\/roberto-dinamite-morre-aos-68-anos-de-idade\/#breadcrumb\",\"itemListElement\":[{\"@type\":\"ListItem\",\"position\":1,\"name\":\"In\u00edcio\",\"item\":\"https:\/\/portalmf.com.br\/\"},{\"@type\":\"ListItem\",\"position\":2,\"name\":\"Roberto Dinamite morre aos 68 anos de idade\"}]},{\"@type\":\"WebSite\",\"@id\":\"https:\/\/portalmf.com.br\/#website\",\"url\":\"https:\/\/portalmf.com.br\/\",\"name\":\"Portal MF\",\"description\":\"Voc\u00ea conectado com a informa\u00e7\u00e3o\",\"potentialAction\":[{\"@type\":\"SearchAction\",\"target\":{\"@type\":\"EntryPoint\",\"urlTemplate\":\"https:\/\/portalmf.com.br\/?s={search_term_string}\"},\"query-input\":\"required name=search_term_string\"}],\"inLanguage\":\"pt-BR\"},{\"@type\":\"Person\",\"@id\":\"https:\/\/portalmf.com.br\/#\/schema\/person\/9ec101baf56233e53520c26de5d6f6f0\",\"name\":\"Reda\u00e7\u00e3o Portal MF\",\"image\":{\"@type\":\"ImageObject\",\"inLanguage\":\"pt-BR\",\"@id\":\"https:\/\/portalmf.com.br\/#\/schema\/person\/image\/\",\"url\":\"https:\/\/secure.gravatar.com\/avatar\/41b9aaeb2100835f7c64362330f74c7f?s=96&d=mm&r=g\",\"contentUrl\":\"https:\/\/secure.gravatar.com\/avatar\/41b9aaeb2100835f7c64362330f74c7f?s=96&d=mm&r=g\",\"caption\":\"Reda\u00e7\u00e3o Portal MF\"},\"description\":\"Sejam bem-vindos o portal de informa\u00e7\u00f5es de entretenimento de Feira de Santana, desde 2006 realiza coberturas dos principais eventos com entrevistas exclusivas com as principais personalidades mundiais. Fique conectado tamb\u00e9m nas redes sociais.\",\"sameAs\":[\"http:\/\/www.portalmf.com.br\/\",\"https:\/\/www.facebook.com\/portalmfoficial\",\"https:\/\/www.instagram.com\/portalmf\/\",\"https:\/\/x.com\/https:\/\/x.com\/portalmfoficial\",\"https:\/\/www.youtube.com\/@portalmfoficial\"],\"url\":\"https:\/\/portalmf.com.br\/index.php\/author\/junior\/\"}]}<\/script>\n<!-- \/ Yoast SEO plugin. -->","yoast_head_json":{"title":"Roberto Dinamite morre aos 68 anos de idade - Portal MF","robots":{"index":"index","follow":"follow","max-snippet":"max-snippet:-1","max-image-preview":"max-image-preview:large","max-video-preview":"max-video-preview:-1"},"canonical":"https:\/\/portalmf.com.br\/index.php\/2023\/01\/08\/roberto-dinamite-morre-aos-68-anos-de-idade\/","og_locale":"pt_BR","og_type":"article","og_title":"Roberto Dinamite morre aos 68 anos de idade - Portal MF","og_description":"Maior \u00eddolo da hist\u00f3ria do Vasco, Roberto Dinamite faleceu neste domingo (8), \u00e0s 10h50, aos 68 anos de idade. Tratando um c\u00e2ncer no intestino, o ex-jogador foi internado no \u00faltimo s\u00e1bado (7) em um hospital do Rio de Janeiro ap\u00f3s apresentar piora no quadro. \u00cddolo do Vasco, ele disputou 1.110 jogos com a camisa cruzmaltina, [&hellip;]","og_url":"https:\/\/portalmf.com.br\/index.php\/2023\/01\/08\/roberto-dinamite-morre-aos-68-anos-de-idade\/","og_site_name":"Portal MF","article_author":"https:\/\/www.facebook.com\/portalmfoficial","article_published_time":"2023-01-08T16:22:00+00:00","article_modified_time":"2023-01-09T21:34:22+00:00","og_image":[{"width":1170,"height":700,"url":"https:\/\/portalmf.com.br\/wp-content\/uploads\/2023\/01\/52037184143_860082b249_o.jpg","type":"image\/jpeg"}],"author":"Reda\u00e7\u00e3o Portal MF","twitter_card":"summary_large_image","twitter_creator":"@https:\/\/x.com\/portalmfoficial","twitter_misc":{"Escrito por":"Reda\u00e7\u00e3o Portal MF","Est. tempo de leitura":"3 minutos"},"schema":{"@context":"https:\/\/schema.org","@graph":[{"@type":"WebPage","@id":"https:\/\/portalmf.com.br\/index.php\/2023\/01\/08\/roberto-dinamite-morre-aos-68-anos-de-idade\/","url":"https:\/\/portalmf.com.br\/index.php\/2023\/01\/08\/roberto-dinamite-morre-aos-68-anos-de-idade\/","name":"Roberto Dinamite morre aos 68 anos de idade - Portal MF","isPartOf":{"@id":"https:\/\/portalmf.com.br\/#website"},"primaryImageOfPage":{"@id":"https:\/\/portalmf.com.br\/index.php\/2023\/01\/08\/roberto-dinamite-morre-aos-68-anos-de-idade\/#primaryimage"},"image":{"@id":"https:\/\/portalmf.com.br\/index.php\/2023\/01\/08\/roberto-dinamite-morre-aos-68-anos-de-idade\/#primaryimage"},"thumbnailUrl":"https:\/\/portalmf.com.br\/wp-content\/uploads\/2023\/01\/52037184143_860082b249_o.jpg","datePublished":"2023-01-08T16:22:00+00:00","dateModified":"2023-01-09T21:34:22+00:00","author":{"@id":"https:\/\/portalmf.com.br\/#\/schema\/person\/9ec101baf56233e53520c26de5d6f6f0"},"breadcrumb":{"@id":"https:\/\/portalmf.com.br\/index.php\/2023\/01\/08\/roberto-dinamite-morre-aos-68-anos-de-idade\/#breadcrumb"},"inLanguage":"pt-BR","potentialAction":[{"@type":"ReadAction","target":["https:\/\/portalmf.com.br\/index.php\/2023\/01\/08\/roberto-dinamite-morre-aos-68-anos-de-idade\/"]}]},{"@type":"ImageObject","inLanguage":"pt-BR","@id":"https:\/\/portalmf.com.br\/index.php\/2023\/01\/08\/roberto-dinamite-morre-aos-68-anos-de-idade\/#primaryimage","url":"https:\/\/portalmf.com.br\/wp-content\/uploads\/2023\/01\/52037184143_860082b249_o.jpg","contentUrl":"https:\/\/portalmf.com.br\/wp-content\/uploads\/2023\/01\/52037184143_860082b249_o.jpg","width":1170,"height":700,"caption":"Foto: Daniel RAMALHO\/CRVG"},{"@type":"BreadcrumbList","@id":"https:\/\/portalmf.com.br\/index.php\/2023\/01\/08\/roberto-dinamite-morre-aos-68-anos-de-idade\/#breadcrumb","itemListElement":[{"@type":"ListItem","position":1,"name":"In\u00edcio","item":"https:\/\/portalmf.com.br\/"},{"@type":"ListItem","position":2,"name":"Roberto Dinamite morre aos 68 anos de idade"}]},{"@type":"WebSite","@id":"https:\/\/portalmf.com.br\/#website","url":"https:\/\/portalmf.com.br\/","name":"Portal MF","description":"Voc\u00ea conectado com a informa\u00e7\u00e3o","potentialAction":[{"@type":"SearchAction","target":{"@type":"EntryPoint","urlTemplate":"https:\/\/portalmf.com.br\/?s={search_term_string}"},"query-input":"required name=search_term_string"}],"inLanguage":"pt-BR"},{"@type":"Person","@id":"https:\/\/portalmf.com.br\/#\/schema\/person\/9ec101baf56233e53520c26de5d6f6f0","name":"Reda\u00e7\u00e3o Portal MF","image":{"@type":"ImageObject","inLanguage":"pt-BR","@id":"https:\/\/portalmf.com.br\/#\/schema\/person\/image\/","url":"https:\/\/secure.gravatar.com\/avatar\/41b9aaeb2100835f7c64362330f74c7f?s=96&d=mm&r=g","contentUrl":"https:\/\/secure.gravatar.com\/avatar\/41b9aaeb2100835f7c64362330f74c7f?s=96&d=mm&r=g","caption":"Reda\u00e7\u00e3o Portal MF"},"description":"Sejam bem-vindos o portal de informa\u00e7\u00f5es de entretenimento de Feira de Santana, desde 2006 realiza coberturas dos principais eventos com entrevistas exclusivas com as principais personalidades mundiais. Fique conectado tamb\u00e9m nas redes sociais.","sameAs":["http:\/\/www.portalmf.com.br\/","https:\/\/www.facebook.com\/portalmfoficial","https:\/\/www.instagram.com\/portalmf\/","https:\/\/x.com\/https:\/\/x.com\/portalmfoficial","https:\/\/www.youtube.com\/@portalmfoficial"],"url":"https:\/\/portalmf.com.br\/index.php\/author\/junior\/"}]}},"_links":{"self":[{"href":"https:\/\/portalmf.com.br\/index.php\/wp-json\/wp\/v2\/posts\/7757"}],"collection":[{"href":"https:\/\/portalmf.com.br\/index.php\/wp-json\/wp\/v2\/posts"}],"about":[{"href":"https:\/\/portalmf.com.br\/index.php\/wp-json\/wp\/v2\/types\/post"}],"author":[{"embeddable":true,"href":"https:\/\/portalmf.com.br\/index.php\/wp-json\/wp\/v2\/users\/3"}],"replies":[{"embeddable":true,"href":"https:\/\/portalmf.com.br\/index.php\/wp-json\/wp\/v2\/comments?post=7757"}],"version-history":[{"count":1,"href":"https:\/\/portalmf.com.br\/index.php\/wp-json\/wp\/v2\/posts\/7757\/revisions"}],"predecessor-version":[{"id":7759,"href":"https:\/\/portalmf.com.br\/index.php\/wp-json\/wp\/v2\/posts\/7757\/revisions\/7759"}],"wp:featuredmedia":[{"embeddable":true,"href":"https:\/\/portalmf.com.br\/index.php\/wp-json\/wp\/v2\/media\/7758"}],"wp:attachment":[{"href":"https:\/\/portalmf.com.br\/index.php\/wp-json\/wp\/v2\/media?parent=7757"}],"wp:term":[{"taxonomy":"category","embeddable":true,"href":"https:\/\/portalmf.com.br\/index.php\/wp-json\/wp\/v2\/categories?post=7757"},{"taxonomy":"post_tag","embeddable":true,"href":"https:\/\/portalmf.com.br\/index.php\/wp-json\/wp\/v2\/tags?post=7757"}],"curies":[{"name":"wp","href":"https:\/\/api.w.org\/{rel}","templated":true}]}}