{"id":7751,"date":"2023-01-09T18:10:36","date_gmt":"2023-01-09T21:10:36","guid":{"rendered":"https:\/\/portalmf.com.br\/?p=7751"},"modified":"2023-01-09T18:10:38","modified_gmt":"2023-01-09T21:10:38","slug":"confira-quais-os-direitos-do-consumidor-durante-viagens-de-ferias","status":"publish","type":"post","link":"https:\/\/portalmf.com.br\/index.php\/2023\/01\/09\/confira-quais-os-direitos-do-consumidor-durante-viagens-de-ferias\/","title":{"rendered":"Confira quais os direitos do consumidor durante viagens de ferias"},"content":{"rendered":"\n<p>Planejar uma viagem pode ser bastante prazeroso desde o momento em que se escolhe o destino at\u00e9 a hora de finalmente chegar at\u00e9 ele. Entretanto, imprevistos podem acontecer no caminho e os consumidores devem estar cientes dos seus direitos em caso de voos cancelados, bagagens perdidas e outras situa\u00e7\u00f5es desagrad\u00e1veis.<\/p>\n\n\n\n<p>De acordo com as normas da Ag\u00eancia Nacional de Avia\u00e7\u00e3o Civil (Anac), em caso de atraso ou cancelamento dos voos, \u00e9 dever da companhia a\u00e9rea oferecer assist\u00eancia material aos passageiros, que pode ir de acesso gratuito a meios de comunica\u00e7\u00e3o, como liga\u00e7\u00f5es e uso de internet, at\u00e9 alimenta\u00e7\u00e3o e hospedagem, de acordo com o tempo do atraso.&nbsp;<\/p>\n\n\n\n<p>Se o atraso for durar mais de quatro horas, ou o voo tenha sido cancelado dentro do prazo de 72h antes da partida, o consumidor tem direito \u00e0 reacomoda\u00e7\u00e3o em outra aeronave, remarca\u00e7\u00e3o da viagem que havia comprado passagem ou o reembolso integral do valor investido. O mesmo vale para casos de&nbsp;<em>overbooking&nbsp;<\/em>\u2013 quando a companhia a\u00e9rea comercializa mais passagens do que h\u00e1 assentos dispon\u00edveis.&nbsp;<\/p>\n\n\n\n<p>Segundo o artigo 6\u00b0 do C\u00f3digo de Defesa do Consumidor, informa\u00e7\u00e3o clara \u00e9 um dos princ\u00edpios que devem ser seguidos \u00e0 risca por todas as empresas, portanto informa\u00e7\u00f5es sobre hor\u00e1rios, tempo de dura\u00e7\u00e3o da viagem, pontos de conex\u00e3o, entre outros, devem ser fornecidas sempre que solicitadas.&nbsp;<\/p>\n\n\n\n<p>Se tudo deu certo com seu voo, mas a mala n\u00e3o chegou ao seu destino, a resolu\u00e7\u00e3o 400 da Anac d\u00e1 \u00e0 companhia a\u00e9rea um prazo de 7 a 21 dias para resolu\u00e7\u00e3o do problema, a depender se o voo \u00e9 nacional ou internacional.<\/p>\n\n\n\n<p>Ap\u00f3s a data, o consumidor tem direito a receber uma indeniza\u00e7\u00e3o por perdas e danos. Se a mala foi danificada ou violada, um comunicado por escrito poder\u00e1 ser registrado at\u00e9 sete dias ap\u00f3s o recebimento da bagagem.&nbsp;<\/p>\n\n\n\n<p>O advogado e docente do curso de Direito da Est\u00e1cio, Fernando Gomes, orienta que os usu\u00e1rios de servi\u00e7os de transporte, principalmente a\u00e9reo, devem ficar atentos aos documentos e recibos que as empresas fornecem, como&nbsp;<em>tickets&nbsp;<\/em>entregues quando se despacha a bagagem. Esse tipo de material pode vir a ser prova importante para instruir uma demanda judicial para a cobran\u00e7a de eventuais indeniza\u00e7\u00f5es.&nbsp;<\/p>\n\n\n\n<p>\u201cOutra informa\u00e7\u00e3o interessante diz respeito \u00e0 possibilidade de o pr\u00f3prio consumidor \u2013 jamais um terceiro \u2013 poder gravar a conversa presencial com os atendentes das companhias a\u00e9reas e utilizar isso como prova em processos judiciais, uma vez que, em v\u00e1rios casos, nenhum documento \u00e9 fornecido\u201d, alerta o especialista.<\/p>\n\n\n\n<p>Fernando lembra tamb\u00e9m que existem postos do Juizado Especial (antigo &#8220;pequenas causas&#8221;) no aeroportos exclusivos para a tratativa de demandas envolvendo problemas com companhias a\u00e9reas. \u201cEsse \u00e9 um \u00f3timo meio para buscar a solu\u00e7\u00e3o do conflito e de r\u00e1pido acesso ao consumidor porque dispensa a presen\u00e7a de advogado nas causas de baixa complexidade\u201d, esclarece.<\/p>\n\n\n\n<p>Caso n\u00e3o haja solu\u00e7\u00e3o direta com a companhia a\u00e9rea ou por meio da Anac, o cidad\u00e3o pode buscar abrir uma a\u00e7\u00e3o judicial para tentar reembolso ou algum outro tipo de indeniza\u00e7\u00e3o.<\/p>\n","protected":false},"excerpt":{"rendered":"<p>Planejar uma viagem pode ser bastante prazeroso desde o momento em que se escolhe o destino at\u00e9 a hora de finalmente chegar at\u00e9 ele. Entretanto, imprevistos podem acontecer no caminho e os consumidores devem estar cientes dos seus direitos em caso de voos cancelados, bagagens perdidas e outras situa\u00e7\u00f5es desagrad\u00e1veis. De acordo com as normas [&hellip;]<\/p>\n","protected":false},"author":3,"featured_media":7752,"comment_status":"open","ping_status":"open","sticky":false,"template":"","format":"standard","meta":{"_monsterinsights_skip_tracking":false,"_monsterinsights_sitenote_active":false,"_monsterinsights_sitenote_note":"","_monsterinsights_sitenote_category":0,"footnotes":""},"categories":[34],"tags":[],"yoast_head":"<!-- This site is optimized with the Yoast SEO plugin v22.9 - https:\/\/yoast.com\/wordpress\/plugins\/seo\/ -->\n<title>Confira quais os direitos do consumidor durante viagens de ferias - Portal MF<\/title>\n<meta name=\"robots\" content=\"index, follow, max-snippet:-1, max-image-preview:large, max-video-preview:-1\" \/>\n<link rel=\"canonical\" href=\"https:\/\/portalmf.com.br\/index.php\/2023\/01\/09\/confira-quais-os-direitos-do-consumidor-durante-viagens-de-ferias\/\" \/>\n<meta property=\"og:locale\" content=\"pt_BR\" \/>\n<meta property=\"og:type\" content=\"article\" \/>\n<meta property=\"og:title\" content=\"Confira quais os direitos do consumidor durante viagens de ferias - Portal MF\" \/>\n<meta property=\"og:description\" content=\"Planejar uma viagem pode ser bastante prazeroso desde o momento em que se escolhe o destino at\u00e9 a hora de finalmente chegar at\u00e9 ele. Entretanto, imprevistos podem acontecer no caminho e os consumidores devem estar cientes dos seus direitos em caso de voos cancelados, bagagens perdidas e outras situa\u00e7\u00f5es desagrad\u00e1veis. De acordo com as normas [&hellip;]\" \/>\n<meta property=\"og:url\" content=\"https:\/\/portalmf.com.br\/index.php\/2023\/01\/09\/confira-quais-os-direitos-do-consumidor-durante-viagens-de-ferias\/\" \/>\n<meta property=\"og:site_name\" content=\"Portal MF\" \/>\n<meta property=\"article:author\" content=\"https:\/\/www.facebook.com\/portalmfoficial\" \/>\n<meta property=\"article:published_time\" content=\"2023-01-09T21:10:36+00:00\" \/>\n<meta property=\"article:modified_time\" content=\"2023-01-09T21:10:38+00:00\" \/>\n<meta property=\"og:image\" content=\"https:\/\/portalmf.com.br\/wp-content\/uploads\/2023\/01\/1_passport_2733068_1920-137824.jpg\" \/>\n\t<meta property=\"og:image:width\" content=\"800\" \/>\n\t<meta property=\"og:image:height\" content=\"533\" \/>\n\t<meta property=\"og:image:type\" content=\"image\/jpeg\" \/>\n<meta name=\"author\" content=\"Reda\u00e7\u00e3o Portal MF\" \/>\n<meta name=\"twitter:card\" content=\"summary_large_image\" \/>\n<meta name=\"twitter:creator\" content=\"@https:\/\/x.com\/portalmfoficial\" \/>\n<meta name=\"twitter:label1\" content=\"Escrito por\" \/>\n\t<meta name=\"twitter:data1\" content=\"Reda\u00e7\u00e3o Portal MF\" \/>\n\t<meta name=\"twitter:label2\" content=\"Est. tempo de leitura\" \/>\n\t<meta name=\"twitter:data2\" content=\"3 minutos\" \/>\n<script type=\"application\/ld+json\" class=\"yoast-schema-graph\">{\"@context\":\"https:\/\/schema.org\",\"@graph\":[{\"@type\":\"WebPage\",\"@id\":\"https:\/\/portalmf.com.br\/index.php\/2023\/01\/09\/confira-quais-os-direitos-do-consumidor-durante-viagens-de-ferias\/\",\"url\":\"https:\/\/portalmf.com.br\/index.php\/2023\/01\/09\/confira-quais-os-direitos-do-consumidor-durante-viagens-de-ferias\/\",\"name\":\"Confira quais os direitos do consumidor durante viagens de ferias - Portal MF\",\"isPartOf\":{\"@id\":\"https:\/\/portalmf.com.br\/#website\"},\"primaryImageOfPage\":{\"@id\":\"https:\/\/portalmf.com.br\/index.php\/2023\/01\/09\/confira-quais-os-direitos-do-consumidor-durante-viagens-de-ferias\/#primaryimage\"},\"image\":{\"@id\":\"https:\/\/portalmf.com.br\/index.php\/2023\/01\/09\/confira-quais-os-direitos-do-consumidor-durante-viagens-de-ferias\/#primaryimage\"},\"thumbnailUrl\":\"https:\/\/portalmf.com.br\/wp-content\/uploads\/2023\/01\/1_passport_2733068_1920-137824.jpg\",\"datePublished\":\"2023-01-09T21:10:36+00:00\",\"dateModified\":\"2023-01-09T21:10:38+00:00\",\"author\":{\"@id\":\"https:\/\/portalmf.com.br\/#\/schema\/person\/9ec101baf56233e53520c26de5d6f6f0\"},\"breadcrumb\":{\"@id\":\"https:\/\/portalmf.com.br\/index.php\/2023\/01\/09\/confira-quais-os-direitos-do-consumidor-durante-viagens-de-ferias\/#breadcrumb\"},\"inLanguage\":\"pt-BR\",\"potentialAction\":[{\"@type\":\"ReadAction\",\"target\":[\"https:\/\/portalmf.com.br\/index.php\/2023\/01\/09\/confira-quais-os-direitos-do-consumidor-durante-viagens-de-ferias\/\"]}]},{\"@type\":\"ImageObject\",\"inLanguage\":\"pt-BR\",\"@id\":\"https:\/\/portalmf.com.br\/index.php\/2023\/01\/09\/confira-quais-os-direitos-do-consumidor-durante-viagens-de-ferias\/#primaryimage\",\"url\":\"https:\/\/portalmf.com.br\/wp-content\/uploads\/2023\/01\/1_passport_2733068_1920-137824.jpg\",\"contentUrl\":\"https:\/\/portalmf.com.br\/wp-content\/uploads\/2023\/01\/1_passport_2733068_1920-137824.jpg\",\"width\":800,\"height\":533},{\"@type\":\"BreadcrumbList\",\"@id\":\"https:\/\/portalmf.com.br\/index.php\/2023\/01\/09\/confira-quais-os-direitos-do-consumidor-durante-viagens-de-ferias\/#breadcrumb\",\"itemListElement\":[{\"@type\":\"ListItem\",\"position\":1,\"name\":\"In\u00edcio\",\"item\":\"https:\/\/portalmf.com.br\/\"},{\"@type\":\"ListItem\",\"position\":2,\"name\":\"Confira quais os direitos do consumidor durante viagens de ferias\"}]},{\"@type\":\"WebSite\",\"@id\":\"https:\/\/portalmf.com.br\/#website\",\"url\":\"https:\/\/portalmf.com.br\/\",\"name\":\"Portal MF\",\"description\":\"Voc\u00ea conectado com a informa\u00e7\u00e3o\",\"potentialAction\":[{\"@type\":\"SearchAction\",\"target\":{\"@type\":\"EntryPoint\",\"urlTemplate\":\"https:\/\/portalmf.com.br\/?s={search_term_string}\"},\"query-input\":\"required name=search_term_string\"}],\"inLanguage\":\"pt-BR\"},{\"@type\":\"Person\",\"@id\":\"https:\/\/portalmf.com.br\/#\/schema\/person\/9ec101baf56233e53520c26de5d6f6f0\",\"name\":\"Reda\u00e7\u00e3o Portal MF\",\"image\":{\"@type\":\"ImageObject\",\"inLanguage\":\"pt-BR\",\"@id\":\"https:\/\/portalmf.com.br\/#\/schema\/person\/image\/\",\"url\":\"https:\/\/secure.gravatar.com\/avatar\/41b9aaeb2100835f7c64362330f74c7f?s=96&d=mm&r=g\",\"contentUrl\":\"https:\/\/secure.gravatar.com\/avatar\/41b9aaeb2100835f7c64362330f74c7f?s=96&d=mm&r=g\",\"caption\":\"Reda\u00e7\u00e3o Portal MF\"},\"description\":\"Sejam bem-vindos o portal de informa\u00e7\u00f5es de entretenimento de Feira de Santana, desde 2006 realiza coberturas dos principais eventos com entrevistas exclusivas com as principais personalidades mundiais. Fique conectado tamb\u00e9m nas redes sociais.\",\"sameAs\":[\"http:\/\/www.portalmf.com.br\/\",\"https:\/\/www.facebook.com\/portalmfoficial\",\"https:\/\/www.instagram.com\/portalmf\/\",\"https:\/\/x.com\/https:\/\/x.com\/portalmfoficial\",\"https:\/\/www.youtube.com\/@portalmfoficial\"],\"url\":\"https:\/\/portalmf.com.br\/index.php\/author\/junior\/\"}]}<\/script>\n<!-- \/ Yoast SEO plugin. -->","yoast_head_json":{"title":"Confira quais os direitos do consumidor durante viagens de ferias - Portal MF","robots":{"index":"index","follow":"follow","max-snippet":"max-snippet:-1","max-image-preview":"max-image-preview:large","max-video-preview":"max-video-preview:-1"},"canonical":"https:\/\/portalmf.com.br\/index.php\/2023\/01\/09\/confira-quais-os-direitos-do-consumidor-durante-viagens-de-ferias\/","og_locale":"pt_BR","og_type":"article","og_title":"Confira quais os direitos do consumidor durante viagens de ferias - Portal MF","og_description":"Planejar uma viagem pode ser bastante prazeroso desde o momento em que se escolhe o destino at\u00e9 a hora de finalmente chegar at\u00e9 ele. Entretanto, imprevistos podem acontecer no caminho e os consumidores devem estar cientes dos seus direitos em caso de voos cancelados, bagagens perdidas e outras situa\u00e7\u00f5es desagrad\u00e1veis. De acordo com as normas [&hellip;]","og_url":"https:\/\/portalmf.com.br\/index.php\/2023\/01\/09\/confira-quais-os-direitos-do-consumidor-durante-viagens-de-ferias\/","og_site_name":"Portal MF","article_author":"https:\/\/www.facebook.com\/portalmfoficial","article_published_time":"2023-01-09T21:10:36+00:00","article_modified_time":"2023-01-09T21:10:38+00:00","og_image":[{"width":800,"height":533,"url":"https:\/\/portalmf.com.br\/wp-content\/uploads\/2023\/01\/1_passport_2733068_1920-137824.jpg","type":"image\/jpeg"}],"author":"Reda\u00e7\u00e3o Portal MF","twitter_card":"summary_large_image","twitter_creator":"@https:\/\/x.com\/portalmfoficial","twitter_misc":{"Escrito por":"Reda\u00e7\u00e3o Portal MF","Est. tempo de leitura":"3 minutos"},"schema":{"@context":"https:\/\/schema.org","@graph":[{"@type":"WebPage","@id":"https:\/\/portalmf.com.br\/index.php\/2023\/01\/09\/confira-quais-os-direitos-do-consumidor-durante-viagens-de-ferias\/","url":"https:\/\/portalmf.com.br\/index.php\/2023\/01\/09\/confira-quais-os-direitos-do-consumidor-durante-viagens-de-ferias\/","name":"Confira quais os direitos do consumidor durante viagens de ferias - Portal MF","isPartOf":{"@id":"https:\/\/portalmf.com.br\/#website"},"primaryImageOfPage":{"@id":"https:\/\/portalmf.com.br\/index.php\/2023\/01\/09\/confira-quais-os-direitos-do-consumidor-durante-viagens-de-ferias\/#primaryimage"},"image":{"@id":"https:\/\/portalmf.com.br\/index.php\/2023\/01\/09\/confira-quais-os-direitos-do-consumidor-durante-viagens-de-ferias\/#primaryimage"},"thumbnailUrl":"https:\/\/portalmf.com.br\/wp-content\/uploads\/2023\/01\/1_passport_2733068_1920-137824.jpg","datePublished":"2023-01-09T21:10:36+00:00","dateModified":"2023-01-09T21:10:38+00:00","author":{"@id":"https:\/\/portalmf.com.br\/#\/schema\/person\/9ec101baf56233e53520c26de5d6f6f0"},"breadcrumb":{"@id":"https:\/\/portalmf.com.br\/index.php\/2023\/01\/09\/confira-quais-os-direitos-do-consumidor-durante-viagens-de-ferias\/#breadcrumb"},"inLanguage":"pt-BR","potentialAction":[{"@type":"ReadAction","target":["https:\/\/portalmf.com.br\/index.php\/2023\/01\/09\/confira-quais-os-direitos-do-consumidor-durante-viagens-de-ferias\/"]}]},{"@type":"ImageObject","inLanguage":"pt-BR","@id":"https:\/\/portalmf.com.br\/index.php\/2023\/01\/09\/confira-quais-os-direitos-do-consumidor-durante-viagens-de-ferias\/#primaryimage","url":"https:\/\/portalmf.com.br\/wp-content\/uploads\/2023\/01\/1_passport_2733068_1920-137824.jpg","contentUrl":"https:\/\/portalmf.com.br\/wp-content\/uploads\/2023\/01\/1_passport_2733068_1920-137824.jpg","width":800,"height":533},{"@type":"BreadcrumbList","@id":"https:\/\/portalmf.com.br\/index.php\/2023\/01\/09\/confira-quais-os-direitos-do-consumidor-durante-viagens-de-ferias\/#breadcrumb","itemListElement":[{"@type":"ListItem","position":1,"name":"In\u00edcio","item":"https:\/\/portalmf.com.br\/"},{"@type":"ListItem","position":2,"name":"Confira quais os direitos do consumidor durante viagens de ferias"}]},{"@type":"WebSite","@id":"https:\/\/portalmf.com.br\/#website","url":"https:\/\/portalmf.com.br\/","name":"Portal MF","description":"Voc\u00ea conectado com a informa\u00e7\u00e3o","potentialAction":[{"@type":"SearchAction","target":{"@type":"EntryPoint","urlTemplate":"https:\/\/portalmf.com.br\/?s={search_term_string}"},"query-input":"required name=search_term_string"}],"inLanguage":"pt-BR"},{"@type":"Person","@id":"https:\/\/portalmf.com.br\/#\/schema\/person\/9ec101baf56233e53520c26de5d6f6f0","name":"Reda\u00e7\u00e3o Portal MF","image":{"@type":"ImageObject","inLanguage":"pt-BR","@id":"https:\/\/portalmf.com.br\/#\/schema\/person\/image\/","url":"https:\/\/secure.gravatar.com\/avatar\/41b9aaeb2100835f7c64362330f74c7f?s=96&d=mm&r=g","contentUrl":"https:\/\/secure.gravatar.com\/avatar\/41b9aaeb2100835f7c64362330f74c7f?s=96&d=mm&r=g","caption":"Reda\u00e7\u00e3o Portal MF"},"description":"Sejam bem-vindos o portal de informa\u00e7\u00f5es de entretenimento de Feira de Santana, desde 2006 realiza coberturas dos principais eventos com entrevistas exclusivas com as principais personalidades mundiais. Fique conectado tamb\u00e9m nas redes sociais.","sameAs":["http:\/\/www.portalmf.com.br\/","https:\/\/www.facebook.com\/portalmfoficial","https:\/\/www.instagram.com\/portalmf\/","https:\/\/x.com\/https:\/\/x.com\/portalmfoficial","https:\/\/www.youtube.com\/@portalmfoficial"],"url":"https:\/\/portalmf.com.br\/index.php\/author\/junior\/"}]}},"_links":{"self":[{"href":"https:\/\/portalmf.com.br\/index.php\/wp-json\/wp\/v2\/posts\/7751"}],"collection":[{"href":"https:\/\/portalmf.com.br\/index.php\/wp-json\/wp\/v2\/posts"}],"about":[{"href":"https:\/\/portalmf.com.br\/index.php\/wp-json\/wp\/v2\/types\/post"}],"author":[{"embeddable":true,"href":"https:\/\/portalmf.com.br\/index.php\/wp-json\/wp\/v2\/users\/3"}],"replies":[{"embeddable":true,"href":"https:\/\/portalmf.com.br\/index.php\/wp-json\/wp\/v2\/comments?post=7751"}],"version-history":[{"count":1,"href":"https:\/\/portalmf.com.br\/index.php\/wp-json\/wp\/v2\/posts\/7751\/revisions"}],"predecessor-version":[{"id":7753,"href":"https:\/\/portalmf.com.br\/index.php\/wp-json\/wp\/v2\/posts\/7751\/revisions\/7753"}],"wp:featuredmedia":[{"embeddable":true,"href":"https:\/\/portalmf.com.br\/index.php\/wp-json\/wp\/v2\/media\/7752"}],"wp:attachment":[{"href":"https:\/\/portalmf.com.br\/index.php\/wp-json\/wp\/v2\/media?parent=7751"}],"wp:term":[{"taxonomy":"category","embeddable":true,"href":"https:\/\/portalmf.com.br\/index.php\/wp-json\/wp\/v2\/categories?post=7751"},{"taxonomy":"post_tag","embeddable":true,"href":"https:\/\/portalmf.com.br\/index.php\/wp-json\/wp\/v2\/tags?post=7751"}],"curies":[{"name":"wp","href":"https:\/\/api.w.org\/{rel}","templated":true}]}}