{"id":7742,"date":"2023-01-09T18:00:42","date_gmt":"2023-01-09T21:00:42","guid":{"rendered":"https:\/\/portalmf.com.br\/?p=7742"},"modified":"2023-01-09T18:00:44","modified_gmt":"2023-01-09T21:00:44","slug":"cantor-jeffinho-lanca-cd-e-single-clima-frio","status":"publish","type":"post","link":"https:\/\/portalmf.com.br\/index.php\/2023\/01\/09\/cantor-jeffinho-lanca-cd-e-single-clima-frio\/","title":{"rendered":"Cantor Jeffinho lan\u00e7a CD e single \u201cClima Frio\u201d"},"content":{"rendered":"\n<p>O cantor Jefinho s\u00f3 tem motivos para comemorar neste in\u00edcio de 2023. Dando todo o g\u00e1s na sua carreira solo, o artista \u2013 que \u00e9 uma revela\u00e7\u00e3o no cen\u00e1rio da sofr\u00eancia na Bahia \u2013 acaba de lan\u00e7ar seu mais novo CD, intitulado \u201cQuem n\u00e3o Chora, n\u00e3o Ama!\u201d, junto com um single de trabalho. A can\u00e7\u00e3o in\u00e9dita, \u201cClima Frio!\u201d, uma composi\u00e7\u00e3o de Saymon Marques, Jos\u00e9 Roque e Macenna, promete vir como um dos destaques da esta\u00e7\u00e3o mais quente do ano. O single, um arrocha, cheio de sofr\u00eancia, com batida f\u00e1cil e viciante, traz a hist\u00f3ria de um rapaz que apesar de estar sofrendo por ter se afastado da mulher que ama, prefere continuar separado, porque ser\u00e1 melhor para os dois. Para escutar n\u00e3o somente a nova m\u00fasica, mas tamb\u00e9m o CD na \u00edntegra, basta acessar\u00a0<a href=\"https:\/\/www.suamusica.com.br\/JefinhoOficial\/quem-nao-chora-nao-ama-jefinho\" target=\"_blank\" rel=\"noreferrer noopener\">https:\/\/www.suamusica.com.br\/JefinhoOficial\/quem-nao-chora-nao-ama-jefinho<\/a>. <\/p>\n\n\n\n<p><em>\u201cHoje eu comemoro mais um momento muito especial da minha carreira. Esse CD, assim como a nova m\u00fasica, \u00e9 divertido e gostoso de ouvir! Eu espero que todo mundo curta, aprenda a letra e saia cantando muito por a\u00ed! Se preparem para a sofr\u00eancia!\u201d<\/em>, comenta Jefinho.<br><br><strong>Conhe\u00e7a o cantor<br><br><\/strong>Jefinho &#8211; que \u00e9 nascido em Quijingue, cidade do interior da Bahia &#8211; foi inserido no mundo da m\u00fasica aos 9 anos, sob a influ\u00eancia do tio Ivanilson, que j\u00e1 era m\u00fasico, guitarrista, e tinha uma trajet\u00f3ria fazendo parte de um grupo local. Depois de ouvi-lo cantando, o tio percebeu o talento do sobrinho e come\u00e7ou a lev\u00e1-lo para os ensaios da sua banda. \u00a0Gradativamente, Jefinho come\u00e7ou a cantar junto com o grupo e a participar de shows de calouros. Com tempo, e o talento, a partir dos 15 anos, Jefinho se encantou de vez pela m\u00fasica e deu o pontap\u00e9 na carreira profissional. Depois disso, ele participou de alguns grupos como o Desejo a Dois (arrocha), Forroz\u00e3o sem Vergonha, Amor Mania, Trem do Forr\u00f3, e por \u00faltimo, em 2019, antes de iniciar a carreira solo, a banda Namoro Online.<\/p>\n","protected":false},"excerpt":{"rendered":"<p>O cantor Jefinho s\u00f3 tem motivos para comemorar neste in\u00edcio de 2023. Dando todo o g\u00e1s na sua carreira solo, o artista \u2013 que \u00e9 uma revela\u00e7\u00e3o no cen\u00e1rio da sofr\u00eancia na Bahia \u2013 acaba de lan\u00e7ar seu mais novo CD, intitulado \u201cQuem n\u00e3o Chora, n\u00e3o Ama!\u201d, junto com um single de trabalho. A can\u00e7\u00e3o [&hellip;]<\/p>\n","protected":false},"author":3,"featured_media":7743,"comment_status":"open","ping_status":"open","sticky":false,"template":"","format":"standard","meta":{"_monsterinsights_skip_tracking":false,"_monsterinsights_sitenote_active":false,"_monsterinsights_sitenote_note":"","_monsterinsights_sitenote_category":0,"footnotes":""},"categories":[36],"tags":[],"yoast_head":"<!-- This site is optimized with the Yoast SEO plugin v22.9 - https:\/\/yoast.com\/wordpress\/plugins\/seo\/ -->\n<title>Cantor Jeffinho lan\u00e7a CD e single \u201cClima Frio\u201d - Portal MF<\/title>\n<meta name=\"robots\" content=\"index, follow, max-snippet:-1, max-image-preview:large, max-video-preview:-1\" \/>\n<link rel=\"canonical\" href=\"https:\/\/portalmf.com.br\/index.php\/2023\/01\/09\/cantor-jeffinho-lanca-cd-e-single-clima-frio\/\" \/>\n<meta property=\"og:locale\" content=\"pt_BR\" \/>\n<meta property=\"og:type\" content=\"article\" \/>\n<meta property=\"og:title\" content=\"Cantor Jeffinho lan\u00e7a CD e single \u201cClima Frio\u201d - Portal MF\" \/>\n<meta property=\"og:description\" content=\"O cantor Jefinho s\u00f3 tem motivos para comemorar neste in\u00edcio de 2023. Dando todo o g\u00e1s na sua carreira solo, o artista \u2013 que \u00e9 uma revela\u00e7\u00e3o no cen\u00e1rio da sofr\u00eancia na Bahia \u2013 acaba de lan\u00e7ar seu mais novo CD, intitulado \u201cQuem n\u00e3o Chora, n\u00e3o Ama!\u201d, junto com um single de trabalho. A can\u00e7\u00e3o [&hellip;]\" \/>\n<meta property=\"og:url\" content=\"https:\/\/portalmf.com.br\/index.php\/2023\/01\/09\/cantor-jeffinho-lanca-cd-e-single-clima-frio\/\" \/>\n<meta property=\"og:site_name\" content=\"Portal MF\" \/>\n<meta property=\"article:author\" content=\"https:\/\/www.facebook.com\/portalmfoficial\" \/>\n<meta property=\"article:published_time\" content=\"2023-01-09T21:00:42+00:00\" \/>\n<meta property=\"article:modified_time\" content=\"2023-01-09T21:00:44+00:00\" \/>\n<meta property=\"og:image\" content=\"https:\/\/portalmf.com.br\/wp-content\/uploads\/2023\/01\/Jefinho-acaba-de-lancar-seu-novo-trabalho.jpg\" \/>\n\t<meta property=\"og:image:width\" content=\"1333\" \/>\n\t<meta property=\"og:image:height\" content=\"931\" \/>\n\t<meta property=\"og:image:type\" content=\"image\/jpeg\" \/>\n<meta name=\"author\" content=\"Reda\u00e7\u00e3o Portal MF\" \/>\n<meta name=\"twitter:card\" content=\"summary_large_image\" \/>\n<meta name=\"twitter:creator\" content=\"@https:\/\/x.com\/portalmfoficial\" \/>\n<meta name=\"twitter:label1\" content=\"Escrito por\" \/>\n\t<meta name=\"twitter:data1\" content=\"Reda\u00e7\u00e3o Portal MF\" \/>\n\t<meta name=\"twitter:label2\" content=\"Est. tempo de leitura\" \/>\n\t<meta name=\"twitter:data2\" content=\"2 minutos\" \/>\n<script type=\"application\/ld+json\" class=\"yoast-schema-graph\">{\"@context\":\"https:\/\/schema.org\",\"@graph\":[{\"@type\":\"WebPage\",\"@id\":\"https:\/\/portalmf.com.br\/index.php\/2023\/01\/09\/cantor-jeffinho-lanca-cd-e-single-clima-frio\/\",\"url\":\"https:\/\/portalmf.com.br\/index.php\/2023\/01\/09\/cantor-jeffinho-lanca-cd-e-single-clima-frio\/\",\"name\":\"Cantor Jeffinho lan\u00e7a CD e single \u201cClima Frio\u201d - Portal MF\",\"isPartOf\":{\"@id\":\"https:\/\/portalmf.com.br\/#website\"},\"primaryImageOfPage\":{\"@id\":\"https:\/\/portalmf.com.br\/index.php\/2023\/01\/09\/cantor-jeffinho-lanca-cd-e-single-clima-frio\/#primaryimage\"},\"image\":{\"@id\":\"https:\/\/portalmf.com.br\/index.php\/2023\/01\/09\/cantor-jeffinho-lanca-cd-e-single-clima-frio\/#primaryimage\"},\"thumbnailUrl\":\"https:\/\/portalmf.com.br\/wp-content\/uploads\/2023\/01\/Jefinho-acaba-de-lancar-seu-novo-trabalho.jpg\",\"datePublished\":\"2023-01-09T21:00:42+00:00\",\"dateModified\":\"2023-01-09T21:00:44+00:00\",\"author\":{\"@id\":\"https:\/\/portalmf.com.br\/#\/schema\/person\/9ec101baf56233e53520c26de5d6f6f0\"},\"breadcrumb\":{\"@id\":\"https:\/\/portalmf.com.br\/index.php\/2023\/01\/09\/cantor-jeffinho-lanca-cd-e-single-clima-frio\/#breadcrumb\"},\"inLanguage\":\"pt-BR\",\"potentialAction\":[{\"@type\":\"ReadAction\",\"target\":[\"https:\/\/portalmf.com.br\/index.php\/2023\/01\/09\/cantor-jeffinho-lanca-cd-e-single-clima-frio\/\"]}]},{\"@type\":\"ImageObject\",\"inLanguage\":\"pt-BR\",\"@id\":\"https:\/\/portalmf.com.br\/index.php\/2023\/01\/09\/cantor-jeffinho-lanca-cd-e-single-clima-frio\/#primaryimage\",\"url\":\"https:\/\/portalmf.com.br\/wp-content\/uploads\/2023\/01\/Jefinho-acaba-de-lancar-seu-novo-trabalho.jpg\",\"contentUrl\":\"https:\/\/portalmf.com.br\/wp-content\/uploads\/2023\/01\/Jefinho-acaba-de-lancar-seu-novo-trabalho.jpg\",\"width\":1333,\"height\":931},{\"@type\":\"BreadcrumbList\",\"@id\":\"https:\/\/portalmf.com.br\/index.php\/2023\/01\/09\/cantor-jeffinho-lanca-cd-e-single-clima-frio\/#breadcrumb\",\"itemListElement\":[{\"@type\":\"ListItem\",\"position\":1,\"name\":\"In\u00edcio\",\"item\":\"https:\/\/portalmf.com.br\/\"},{\"@type\":\"ListItem\",\"position\":2,\"name\":\"Cantor Jeffinho lan\u00e7a CD e single \u201cClima Frio\u201d\"}]},{\"@type\":\"WebSite\",\"@id\":\"https:\/\/portalmf.com.br\/#website\",\"url\":\"https:\/\/portalmf.com.br\/\",\"name\":\"Portal MF\",\"description\":\"Voc\u00ea conectado com a informa\u00e7\u00e3o\",\"potentialAction\":[{\"@type\":\"SearchAction\",\"target\":{\"@type\":\"EntryPoint\",\"urlTemplate\":\"https:\/\/portalmf.com.br\/?s={search_term_string}\"},\"query-input\":\"required name=search_term_string\"}],\"inLanguage\":\"pt-BR\"},{\"@type\":\"Person\",\"@id\":\"https:\/\/portalmf.com.br\/#\/schema\/person\/9ec101baf56233e53520c26de5d6f6f0\",\"name\":\"Reda\u00e7\u00e3o Portal MF\",\"image\":{\"@type\":\"ImageObject\",\"inLanguage\":\"pt-BR\",\"@id\":\"https:\/\/portalmf.com.br\/#\/schema\/person\/image\/\",\"url\":\"https:\/\/secure.gravatar.com\/avatar\/41b9aaeb2100835f7c64362330f74c7f?s=96&d=mm&r=g\",\"contentUrl\":\"https:\/\/secure.gravatar.com\/avatar\/41b9aaeb2100835f7c64362330f74c7f?s=96&d=mm&r=g\",\"caption\":\"Reda\u00e7\u00e3o Portal MF\"},\"description\":\"Sejam bem-vindos o portal de informa\u00e7\u00f5es de entretenimento de Feira de Santana, desde 2006 realiza coberturas dos principais eventos com entrevistas exclusivas com as principais personalidades mundiais. Fique conectado tamb\u00e9m nas redes sociais.\",\"sameAs\":[\"http:\/\/www.portalmf.com.br\/\",\"https:\/\/www.facebook.com\/portalmfoficial\",\"https:\/\/www.instagram.com\/portalmf\/\",\"https:\/\/x.com\/https:\/\/x.com\/portalmfoficial\",\"https:\/\/www.youtube.com\/@portalmfoficial\"],\"url\":\"https:\/\/portalmf.com.br\/index.php\/author\/junior\/\"}]}<\/script>\n<!-- \/ Yoast SEO plugin. -->","yoast_head_json":{"title":"Cantor Jeffinho lan\u00e7a CD e single \u201cClima Frio\u201d - Portal MF","robots":{"index":"index","follow":"follow","max-snippet":"max-snippet:-1","max-image-preview":"max-image-preview:large","max-video-preview":"max-video-preview:-1"},"canonical":"https:\/\/portalmf.com.br\/index.php\/2023\/01\/09\/cantor-jeffinho-lanca-cd-e-single-clima-frio\/","og_locale":"pt_BR","og_type":"article","og_title":"Cantor Jeffinho lan\u00e7a CD e single \u201cClima Frio\u201d - Portal MF","og_description":"O cantor Jefinho s\u00f3 tem motivos para comemorar neste in\u00edcio de 2023. Dando todo o g\u00e1s na sua carreira solo, o artista \u2013 que \u00e9 uma revela\u00e7\u00e3o no cen\u00e1rio da sofr\u00eancia na Bahia \u2013 acaba de lan\u00e7ar seu mais novo CD, intitulado \u201cQuem n\u00e3o Chora, n\u00e3o Ama!\u201d, junto com um single de trabalho. A can\u00e7\u00e3o [&hellip;]","og_url":"https:\/\/portalmf.com.br\/index.php\/2023\/01\/09\/cantor-jeffinho-lanca-cd-e-single-clima-frio\/","og_site_name":"Portal MF","article_author":"https:\/\/www.facebook.com\/portalmfoficial","article_published_time":"2023-01-09T21:00:42+00:00","article_modified_time":"2023-01-09T21:00:44+00:00","og_image":[{"width":1333,"height":931,"url":"https:\/\/portalmf.com.br\/wp-content\/uploads\/2023\/01\/Jefinho-acaba-de-lancar-seu-novo-trabalho.jpg","type":"image\/jpeg"}],"author":"Reda\u00e7\u00e3o Portal MF","twitter_card":"summary_large_image","twitter_creator":"@https:\/\/x.com\/portalmfoficial","twitter_misc":{"Escrito por":"Reda\u00e7\u00e3o Portal MF","Est. tempo de leitura":"2 minutos"},"schema":{"@context":"https:\/\/schema.org","@graph":[{"@type":"WebPage","@id":"https:\/\/portalmf.com.br\/index.php\/2023\/01\/09\/cantor-jeffinho-lanca-cd-e-single-clima-frio\/","url":"https:\/\/portalmf.com.br\/index.php\/2023\/01\/09\/cantor-jeffinho-lanca-cd-e-single-clima-frio\/","name":"Cantor Jeffinho lan\u00e7a CD e single \u201cClima Frio\u201d - Portal MF","isPartOf":{"@id":"https:\/\/portalmf.com.br\/#website"},"primaryImageOfPage":{"@id":"https:\/\/portalmf.com.br\/index.php\/2023\/01\/09\/cantor-jeffinho-lanca-cd-e-single-clima-frio\/#primaryimage"},"image":{"@id":"https:\/\/portalmf.com.br\/index.php\/2023\/01\/09\/cantor-jeffinho-lanca-cd-e-single-clima-frio\/#primaryimage"},"thumbnailUrl":"https:\/\/portalmf.com.br\/wp-content\/uploads\/2023\/01\/Jefinho-acaba-de-lancar-seu-novo-trabalho.jpg","datePublished":"2023-01-09T21:00:42+00:00","dateModified":"2023-01-09T21:00:44+00:00","author":{"@id":"https:\/\/portalmf.com.br\/#\/schema\/person\/9ec101baf56233e53520c26de5d6f6f0"},"breadcrumb":{"@id":"https:\/\/portalmf.com.br\/index.php\/2023\/01\/09\/cantor-jeffinho-lanca-cd-e-single-clima-frio\/#breadcrumb"},"inLanguage":"pt-BR","potentialAction":[{"@type":"ReadAction","target":["https:\/\/portalmf.com.br\/index.php\/2023\/01\/09\/cantor-jeffinho-lanca-cd-e-single-clima-frio\/"]}]},{"@type":"ImageObject","inLanguage":"pt-BR","@id":"https:\/\/portalmf.com.br\/index.php\/2023\/01\/09\/cantor-jeffinho-lanca-cd-e-single-clima-frio\/#primaryimage","url":"https:\/\/portalmf.com.br\/wp-content\/uploads\/2023\/01\/Jefinho-acaba-de-lancar-seu-novo-trabalho.jpg","contentUrl":"https:\/\/portalmf.com.br\/wp-content\/uploads\/2023\/01\/Jefinho-acaba-de-lancar-seu-novo-trabalho.jpg","width":1333,"height":931},{"@type":"BreadcrumbList","@id":"https:\/\/portalmf.com.br\/index.php\/2023\/01\/09\/cantor-jeffinho-lanca-cd-e-single-clima-frio\/#breadcrumb","itemListElement":[{"@type":"ListItem","position":1,"name":"In\u00edcio","item":"https:\/\/portalmf.com.br\/"},{"@type":"ListItem","position":2,"name":"Cantor Jeffinho lan\u00e7a CD e single \u201cClima Frio\u201d"}]},{"@type":"WebSite","@id":"https:\/\/portalmf.com.br\/#website","url":"https:\/\/portalmf.com.br\/","name":"Portal MF","description":"Voc\u00ea conectado com a informa\u00e7\u00e3o","potentialAction":[{"@type":"SearchAction","target":{"@type":"EntryPoint","urlTemplate":"https:\/\/portalmf.com.br\/?s={search_term_string}"},"query-input":"required name=search_term_string"}],"inLanguage":"pt-BR"},{"@type":"Person","@id":"https:\/\/portalmf.com.br\/#\/schema\/person\/9ec101baf56233e53520c26de5d6f6f0","name":"Reda\u00e7\u00e3o Portal MF","image":{"@type":"ImageObject","inLanguage":"pt-BR","@id":"https:\/\/portalmf.com.br\/#\/schema\/person\/image\/","url":"https:\/\/secure.gravatar.com\/avatar\/41b9aaeb2100835f7c64362330f74c7f?s=96&d=mm&r=g","contentUrl":"https:\/\/secure.gravatar.com\/avatar\/41b9aaeb2100835f7c64362330f74c7f?s=96&d=mm&r=g","caption":"Reda\u00e7\u00e3o Portal MF"},"description":"Sejam bem-vindos o portal de informa\u00e7\u00f5es de entretenimento de Feira de Santana, desde 2006 realiza coberturas dos principais eventos com entrevistas exclusivas com as principais personalidades mundiais. Fique conectado tamb\u00e9m nas redes sociais.","sameAs":["http:\/\/www.portalmf.com.br\/","https:\/\/www.facebook.com\/portalmfoficial","https:\/\/www.instagram.com\/portalmf\/","https:\/\/x.com\/https:\/\/x.com\/portalmfoficial","https:\/\/www.youtube.com\/@portalmfoficial"],"url":"https:\/\/portalmf.com.br\/index.php\/author\/junior\/"}]}},"_links":{"self":[{"href":"https:\/\/portalmf.com.br\/index.php\/wp-json\/wp\/v2\/posts\/7742"}],"collection":[{"href":"https:\/\/portalmf.com.br\/index.php\/wp-json\/wp\/v2\/posts"}],"about":[{"href":"https:\/\/portalmf.com.br\/index.php\/wp-json\/wp\/v2\/types\/post"}],"author":[{"embeddable":true,"href":"https:\/\/portalmf.com.br\/index.php\/wp-json\/wp\/v2\/users\/3"}],"replies":[{"embeddable":true,"href":"https:\/\/portalmf.com.br\/index.php\/wp-json\/wp\/v2\/comments?post=7742"}],"version-history":[{"count":1,"href":"https:\/\/portalmf.com.br\/index.php\/wp-json\/wp\/v2\/posts\/7742\/revisions"}],"predecessor-version":[{"id":7744,"href":"https:\/\/portalmf.com.br\/index.php\/wp-json\/wp\/v2\/posts\/7742\/revisions\/7744"}],"wp:featuredmedia":[{"embeddable":true,"href":"https:\/\/portalmf.com.br\/index.php\/wp-json\/wp\/v2\/media\/7743"}],"wp:attachment":[{"href":"https:\/\/portalmf.com.br\/index.php\/wp-json\/wp\/v2\/media?parent=7742"}],"wp:term":[{"taxonomy":"category","embeddable":true,"href":"https:\/\/portalmf.com.br\/index.php\/wp-json\/wp\/v2\/categories?post=7742"},{"taxonomy":"post_tag","embeddable":true,"href":"https:\/\/portalmf.com.br\/index.php\/wp-json\/wp\/v2\/tags?post=7742"}],"curies":[{"name":"wp","href":"https:\/\/api.w.org\/{rel}","templated":true}]}}