{"id":7740,"date":"2023-01-09T06:55:00","date_gmt":"2023-01-09T09:55:00","guid":{"rendered":"https:\/\/portalmf.com.br\/?p=7740"},"modified":"2023-01-09T17:56:29","modified_gmt":"2023-01-09T20:56:29","slug":"festa-a-moquecada-anuncia-virada-de-lote-para-esta-quinta-feira-12","status":"publish","type":"post","link":"https:\/\/portalmf.com.br\/index.php\/2023\/01\/09\/festa-a-moquecada-anuncia-virada-de-lote-para-esta-quinta-feira-12\/","title":{"rendered":"Festa \u201cA Moquecada\u201d\u00a0anuncia virada de lote para esta quinta-feira (12)"},"content":{"rendered":"\n<p>A festa \u201cA Moquecada\u201d promete uma mistura de boa m\u00fasica, alto astral e gastronomia, trazendo como protagonista um dos pratos mais amados do nosso estado, que \u00e9 a moqueca baiana.\u00a0 O evento, que acontece no dia 21 de janeiro, s\u00e1bado, na Pupileira, ser\u00e1 All Inclusive, com direito a um buffet com diversos tipos de moqueca, al\u00e9m de outras del\u00edcias da gastronomia regional; cerveja Eisenbahn, vodka Ketel One, whisky Johnnie Walker Red Label e Blonde, gin Tanqueray, \u00e1gua e refrigerante. Mas quem ainda n\u00e3o adquiriu o acesso, precisa ficar ligado!\u00a0<\/p>\n\n\n\n<p><strong>Nesta quinta-feira, dia 12 de janeiro, tem virada de lote e os valores j\u00e1 ser\u00e3o outros!<\/strong>\u00a0<\/p>\n\n\n\n<p>O evento ter\u00e1 como atra\u00e7\u00f5es musicais Jau, Negra Cor e Batifun. Os ingressos est\u00e3o \u00e0 venda na loja da Diva, no Piso L1 do Salvador Shopping, e no site da Ticket Maker. <\/p>\n\n\n\n<p>A festa A Moquecada \u00e9 uma realiza\u00e7\u00e3o da Diva Entretenimento e tem tudo para se tornar um dos eventos mais badalados do ver\u00e3o soteropolitano.<\/p>\n","protected":false},"excerpt":{"rendered":"<p>A festa \u201cA Moquecada\u201d promete uma mistura de boa m\u00fasica, alto astral e gastronomia, trazendo como protagonista um dos pratos mais amados do nosso estado, que \u00e9 a moqueca baiana.\u00a0 O evento, que acontece no dia 21 de janeiro, s\u00e1bado, na Pupileira, ser\u00e1 All Inclusive, com direito a um buffet com diversos tipos de moqueca, [&hellip;]<\/p>\n","protected":false},"author":3,"featured_media":7214,"comment_status":"open","ping_status":"open","sticky":false,"template":"","format":"standard","meta":{"_monsterinsights_skip_tracking":false,"_monsterinsights_sitenote_active":false,"_monsterinsights_sitenote_note":"","_monsterinsights_sitenote_category":0,"footnotes":""},"categories":[45],"tags":[],"yoast_head":"<!-- This site is optimized with the Yoast SEO plugin v22.9 - https:\/\/yoast.com\/wordpress\/plugins\/seo\/ -->\n<title>Festa \u201cA Moquecada\u201d\u00a0anuncia virada de lote para esta quinta-feira (12) - Portal MF<\/title>\n<meta name=\"robots\" content=\"index, follow, max-snippet:-1, max-image-preview:large, max-video-preview:-1\" \/>\n<link rel=\"canonical\" href=\"https:\/\/portalmf.com.br\/index.php\/2023\/01\/09\/festa-a-moquecada-anuncia-virada-de-lote-para-esta-quinta-feira-12\/\" \/>\n<meta property=\"og:locale\" content=\"pt_BR\" \/>\n<meta property=\"og:type\" content=\"article\" \/>\n<meta property=\"og:title\" content=\"Festa \u201cA Moquecada\u201d\u00a0anuncia virada de lote para esta quinta-feira (12) - Portal MF\" \/>\n<meta property=\"og:description\" content=\"A festa \u201cA Moquecada\u201d promete uma mistura de boa m\u00fasica, alto astral e gastronomia, trazendo como protagonista um dos pratos mais amados do nosso estado, que \u00e9 a moqueca baiana.\u00a0 O evento, que acontece no dia 21 de janeiro, s\u00e1bado, na Pupileira, ser\u00e1 All Inclusive, com direito a um buffet com diversos tipos de moqueca, [&hellip;]\" \/>\n<meta property=\"og:url\" content=\"https:\/\/portalmf.com.br\/index.php\/2023\/01\/09\/festa-a-moquecada-anuncia-virada-de-lote-para-esta-quinta-feira-12\/\" \/>\n<meta property=\"og:site_name\" content=\"Portal MF\" \/>\n<meta property=\"article:author\" content=\"https:\/\/www.facebook.com\/portalmfoficial\" \/>\n<meta property=\"article:published_time\" content=\"2023-01-09T09:55:00+00:00\" \/>\n<meta property=\"article:modified_time\" content=\"2023-01-09T20:56:29+00:00\" \/>\n<meta property=\"og:image\" content=\"https:\/\/portalmf.com.br\/wp-content\/uploads\/2022\/12\/JAU.jpeg\" \/>\n\t<meta property=\"og:image:width\" content=\"1600\" \/>\n\t<meta property=\"og:image:height\" content=\"752\" \/>\n\t<meta property=\"og:image:type\" content=\"image\/jpeg\" \/>\n<meta name=\"author\" content=\"Reda\u00e7\u00e3o Portal MF\" \/>\n<meta name=\"twitter:card\" content=\"summary_large_image\" \/>\n<meta name=\"twitter:creator\" content=\"@https:\/\/x.com\/portalmfoficial\" \/>\n<meta name=\"twitter:label1\" content=\"Escrito por\" \/>\n\t<meta name=\"twitter:data1\" content=\"Reda\u00e7\u00e3o Portal MF\" \/>\n\t<meta name=\"twitter:label2\" content=\"Est. tempo de leitura\" \/>\n\t<meta name=\"twitter:data2\" content=\"1 minuto\" \/>\n<script type=\"application\/ld+json\" class=\"yoast-schema-graph\">{\"@context\":\"https:\/\/schema.org\",\"@graph\":[{\"@type\":\"WebPage\",\"@id\":\"https:\/\/portalmf.com.br\/index.php\/2023\/01\/09\/festa-a-moquecada-anuncia-virada-de-lote-para-esta-quinta-feira-12\/\",\"url\":\"https:\/\/portalmf.com.br\/index.php\/2023\/01\/09\/festa-a-moquecada-anuncia-virada-de-lote-para-esta-quinta-feira-12\/\",\"name\":\"Festa \u201cA Moquecada\u201d\u00a0anuncia virada de lote para esta quinta-feira (12) - Portal MF\",\"isPartOf\":{\"@id\":\"https:\/\/portalmf.com.br\/#website\"},\"primaryImageOfPage\":{\"@id\":\"https:\/\/portalmf.com.br\/index.php\/2023\/01\/09\/festa-a-moquecada-anuncia-virada-de-lote-para-esta-quinta-feira-12\/#primaryimage\"},\"image\":{\"@id\":\"https:\/\/portalmf.com.br\/index.php\/2023\/01\/09\/festa-a-moquecada-anuncia-virada-de-lote-para-esta-quinta-feira-12\/#primaryimage\"},\"thumbnailUrl\":\"https:\/\/portalmf.com.br\/wp-content\/uploads\/2022\/12\/JAU.jpeg\",\"datePublished\":\"2023-01-09T09:55:00+00:00\",\"dateModified\":\"2023-01-09T20:56:29+00:00\",\"author\":{\"@id\":\"https:\/\/portalmf.com.br\/#\/schema\/person\/9ec101baf56233e53520c26de5d6f6f0\"},\"breadcrumb\":{\"@id\":\"https:\/\/portalmf.com.br\/index.php\/2023\/01\/09\/festa-a-moquecada-anuncia-virada-de-lote-para-esta-quinta-feira-12\/#breadcrumb\"},\"inLanguage\":\"pt-BR\",\"potentialAction\":[{\"@type\":\"ReadAction\",\"target\":[\"https:\/\/portalmf.com.br\/index.php\/2023\/01\/09\/festa-a-moquecada-anuncia-virada-de-lote-para-esta-quinta-feira-12\/\"]}]},{\"@type\":\"ImageObject\",\"inLanguage\":\"pt-BR\",\"@id\":\"https:\/\/portalmf.com.br\/index.php\/2023\/01\/09\/festa-a-moquecada-anuncia-virada-de-lote-para-esta-quinta-feira-12\/#primaryimage\",\"url\":\"https:\/\/portalmf.com.br\/wp-content\/uploads\/2022\/12\/JAU.jpeg\",\"contentUrl\":\"https:\/\/portalmf.com.br\/wp-content\/uploads\/2022\/12\/JAU.jpeg\",\"width\":1600,\"height\":752},{\"@type\":\"BreadcrumbList\",\"@id\":\"https:\/\/portalmf.com.br\/index.php\/2023\/01\/09\/festa-a-moquecada-anuncia-virada-de-lote-para-esta-quinta-feira-12\/#breadcrumb\",\"itemListElement\":[{\"@type\":\"ListItem\",\"position\":1,\"name\":\"In\u00edcio\",\"item\":\"https:\/\/portalmf.com.br\/\"},{\"@type\":\"ListItem\",\"position\":2,\"name\":\"Festa \u201cA Moquecada\u201d\u00a0anuncia virada de lote para esta quinta-feira (12)\"}]},{\"@type\":\"WebSite\",\"@id\":\"https:\/\/portalmf.com.br\/#website\",\"url\":\"https:\/\/portalmf.com.br\/\",\"name\":\"Portal MF\",\"description\":\"Voc\u00ea conectado com a informa\u00e7\u00e3o\",\"potentialAction\":[{\"@type\":\"SearchAction\",\"target\":{\"@type\":\"EntryPoint\",\"urlTemplate\":\"https:\/\/portalmf.com.br\/?s={search_term_string}\"},\"query-input\":\"required name=search_term_string\"}],\"inLanguage\":\"pt-BR\"},{\"@type\":\"Person\",\"@id\":\"https:\/\/portalmf.com.br\/#\/schema\/person\/9ec101baf56233e53520c26de5d6f6f0\",\"name\":\"Reda\u00e7\u00e3o Portal MF\",\"image\":{\"@type\":\"ImageObject\",\"inLanguage\":\"pt-BR\",\"@id\":\"https:\/\/portalmf.com.br\/#\/schema\/person\/image\/\",\"url\":\"https:\/\/secure.gravatar.com\/avatar\/41b9aaeb2100835f7c64362330f74c7f?s=96&d=mm&r=g\",\"contentUrl\":\"https:\/\/secure.gravatar.com\/avatar\/41b9aaeb2100835f7c64362330f74c7f?s=96&d=mm&r=g\",\"caption\":\"Reda\u00e7\u00e3o Portal MF\"},\"description\":\"Sejam bem-vindos o portal de informa\u00e7\u00f5es de entretenimento de Feira de Santana, desde 2006 realiza coberturas dos principais eventos com entrevistas exclusivas com as principais personalidades mundiais. Fique conectado tamb\u00e9m nas redes sociais.\",\"sameAs\":[\"http:\/\/www.portalmf.com.br\/\",\"https:\/\/www.facebook.com\/portalmfoficial\",\"https:\/\/www.instagram.com\/portalmf\/\",\"https:\/\/x.com\/https:\/\/x.com\/portalmfoficial\",\"https:\/\/www.youtube.com\/@portalmfoficial\"],\"url\":\"https:\/\/portalmf.com.br\/index.php\/author\/junior\/\"}]}<\/script>\n<!-- \/ Yoast SEO plugin. -->","yoast_head_json":{"title":"Festa \u201cA Moquecada\u201d\u00a0anuncia virada de lote para esta quinta-feira (12) - Portal MF","robots":{"index":"index","follow":"follow","max-snippet":"max-snippet:-1","max-image-preview":"max-image-preview:large","max-video-preview":"max-video-preview:-1"},"canonical":"https:\/\/portalmf.com.br\/index.php\/2023\/01\/09\/festa-a-moquecada-anuncia-virada-de-lote-para-esta-quinta-feira-12\/","og_locale":"pt_BR","og_type":"article","og_title":"Festa \u201cA Moquecada\u201d\u00a0anuncia virada de lote para esta quinta-feira (12) - Portal MF","og_description":"A festa \u201cA Moquecada\u201d promete uma mistura de boa m\u00fasica, alto astral e gastronomia, trazendo como protagonista um dos pratos mais amados do nosso estado, que \u00e9 a moqueca baiana.\u00a0 O evento, que acontece no dia 21 de janeiro, s\u00e1bado, na Pupileira, ser\u00e1 All Inclusive, com direito a um buffet com diversos tipos de moqueca, [&hellip;]","og_url":"https:\/\/portalmf.com.br\/index.php\/2023\/01\/09\/festa-a-moquecada-anuncia-virada-de-lote-para-esta-quinta-feira-12\/","og_site_name":"Portal MF","article_author":"https:\/\/www.facebook.com\/portalmfoficial","article_published_time":"2023-01-09T09:55:00+00:00","article_modified_time":"2023-01-09T20:56:29+00:00","og_image":[{"width":1600,"height":752,"url":"https:\/\/portalmf.com.br\/wp-content\/uploads\/2022\/12\/JAU.jpeg","type":"image\/jpeg"}],"author":"Reda\u00e7\u00e3o Portal MF","twitter_card":"summary_large_image","twitter_creator":"@https:\/\/x.com\/portalmfoficial","twitter_misc":{"Escrito por":"Reda\u00e7\u00e3o Portal MF","Est. tempo de leitura":"1 minuto"},"schema":{"@context":"https:\/\/schema.org","@graph":[{"@type":"WebPage","@id":"https:\/\/portalmf.com.br\/index.php\/2023\/01\/09\/festa-a-moquecada-anuncia-virada-de-lote-para-esta-quinta-feira-12\/","url":"https:\/\/portalmf.com.br\/index.php\/2023\/01\/09\/festa-a-moquecada-anuncia-virada-de-lote-para-esta-quinta-feira-12\/","name":"Festa \u201cA Moquecada\u201d\u00a0anuncia virada de lote para esta quinta-feira (12) - Portal MF","isPartOf":{"@id":"https:\/\/portalmf.com.br\/#website"},"primaryImageOfPage":{"@id":"https:\/\/portalmf.com.br\/index.php\/2023\/01\/09\/festa-a-moquecada-anuncia-virada-de-lote-para-esta-quinta-feira-12\/#primaryimage"},"image":{"@id":"https:\/\/portalmf.com.br\/index.php\/2023\/01\/09\/festa-a-moquecada-anuncia-virada-de-lote-para-esta-quinta-feira-12\/#primaryimage"},"thumbnailUrl":"https:\/\/portalmf.com.br\/wp-content\/uploads\/2022\/12\/JAU.jpeg","datePublished":"2023-01-09T09:55:00+00:00","dateModified":"2023-01-09T20:56:29+00:00","author":{"@id":"https:\/\/portalmf.com.br\/#\/schema\/person\/9ec101baf56233e53520c26de5d6f6f0"},"breadcrumb":{"@id":"https:\/\/portalmf.com.br\/index.php\/2023\/01\/09\/festa-a-moquecada-anuncia-virada-de-lote-para-esta-quinta-feira-12\/#breadcrumb"},"inLanguage":"pt-BR","potentialAction":[{"@type":"ReadAction","target":["https:\/\/portalmf.com.br\/index.php\/2023\/01\/09\/festa-a-moquecada-anuncia-virada-de-lote-para-esta-quinta-feira-12\/"]}]},{"@type":"ImageObject","inLanguage":"pt-BR","@id":"https:\/\/portalmf.com.br\/index.php\/2023\/01\/09\/festa-a-moquecada-anuncia-virada-de-lote-para-esta-quinta-feira-12\/#primaryimage","url":"https:\/\/portalmf.com.br\/wp-content\/uploads\/2022\/12\/JAU.jpeg","contentUrl":"https:\/\/portalmf.com.br\/wp-content\/uploads\/2022\/12\/JAU.jpeg","width":1600,"height":752},{"@type":"BreadcrumbList","@id":"https:\/\/portalmf.com.br\/index.php\/2023\/01\/09\/festa-a-moquecada-anuncia-virada-de-lote-para-esta-quinta-feira-12\/#breadcrumb","itemListElement":[{"@type":"ListItem","position":1,"name":"In\u00edcio","item":"https:\/\/portalmf.com.br\/"},{"@type":"ListItem","position":2,"name":"Festa \u201cA Moquecada\u201d\u00a0anuncia virada de lote para esta quinta-feira (12)"}]},{"@type":"WebSite","@id":"https:\/\/portalmf.com.br\/#website","url":"https:\/\/portalmf.com.br\/","name":"Portal MF","description":"Voc\u00ea conectado com a informa\u00e7\u00e3o","potentialAction":[{"@type":"SearchAction","target":{"@type":"EntryPoint","urlTemplate":"https:\/\/portalmf.com.br\/?s={search_term_string}"},"query-input":"required name=search_term_string"}],"inLanguage":"pt-BR"},{"@type":"Person","@id":"https:\/\/portalmf.com.br\/#\/schema\/person\/9ec101baf56233e53520c26de5d6f6f0","name":"Reda\u00e7\u00e3o Portal MF","image":{"@type":"ImageObject","inLanguage":"pt-BR","@id":"https:\/\/portalmf.com.br\/#\/schema\/person\/image\/","url":"https:\/\/secure.gravatar.com\/avatar\/41b9aaeb2100835f7c64362330f74c7f?s=96&d=mm&r=g","contentUrl":"https:\/\/secure.gravatar.com\/avatar\/41b9aaeb2100835f7c64362330f74c7f?s=96&d=mm&r=g","caption":"Reda\u00e7\u00e3o Portal MF"},"description":"Sejam bem-vindos o portal de informa\u00e7\u00f5es de entretenimento de Feira de Santana, desde 2006 realiza coberturas dos principais eventos com entrevistas exclusivas com as principais personalidades mundiais. Fique conectado tamb\u00e9m nas redes sociais.","sameAs":["http:\/\/www.portalmf.com.br\/","https:\/\/www.facebook.com\/portalmfoficial","https:\/\/www.instagram.com\/portalmf\/","https:\/\/x.com\/https:\/\/x.com\/portalmfoficial","https:\/\/www.youtube.com\/@portalmfoficial"],"url":"https:\/\/portalmf.com.br\/index.php\/author\/junior\/"}]}},"_links":{"self":[{"href":"https:\/\/portalmf.com.br\/index.php\/wp-json\/wp\/v2\/posts\/7740"}],"collection":[{"href":"https:\/\/portalmf.com.br\/index.php\/wp-json\/wp\/v2\/posts"}],"about":[{"href":"https:\/\/portalmf.com.br\/index.php\/wp-json\/wp\/v2\/types\/post"}],"author":[{"embeddable":true,"href":"https:\/\/portalmf.com.br\/index.php\/wp-json\/wp\/v2\/users\/3"}],"replies":[{"embeddable":true,"href":"https:\/\/portalmf.com.br\/index.php\/wp-json\/wp\/v2\/comments?post=7740"}],"version-history":[{"count":1,"href":"https:\/\/portalmf.com.br\/index.php\/wp-json\/wp\/v2\/posts\/7740\/revisions"}],"predecessor-version":[{"id":7741,"href":"https:\/\/portalmf.com.br\/index.php\/wp-json\/wp\/v2\/posts\/7740\/revisions\/7741"}],"wp:featuredmedia":[{"embeddable":true,"href":"https:\/\/portalmf.com.br\/index.php\/wp-json\/wp\/v2\/media\/7214"}],"wp:attachment":[{"href":"https:\/\/portalmf.com.br\/index.php\/wp-json\/wp\/v2\/media?parent=7740"}],"wp:term":[{"taxonomy":"category","embeddable":true,"href":"https:\/\/portalmf.com.br\/index.php\/wp-json\/wp\/v2\/categories?post=7740"},{"taxonomy":"post_tag","embeddable":true,"href":"https:\/\/portalmf.com.br\/index.php\/wp-json\/wp\/v2\/tags?post=7740"}],"curies":[{"name":"wp","href":"https:\/\/api.w.org\/{rel}","templated":true}]}}