{"id":7725,"date":"2023-01-09T17:36:20","date_gmt":"2023-01-09T20:36:20","guid":{"rendered":"https:\/\/portalmf.com.br\/?p=7725"},"modified":"2023-01-09T17:36:21","modified_gmt":"2023-01-09T20:36:21","slug":"alline-calandrini-reforca-o-time-de-comentaristas-do-sportv","status":"publish","type":"post","link":"https:\/\/portalmf.com.br\/index.php\/2023\/01\/09\/alline-calandrini-reforca-o-time-de-comentaristas-do-sportv\/","title":{"rendered":"Alline Calandrini refor\u00e7a o time de comentaristas do sportv"},"content":{"rendered":"\n<p>O m\u00eas de janeiro no futebol tradicionalmente chega recheado de novidades em rela\u00e7\u00e3o \u00e0s contrata\u00e7\u00f5es nos clubes brasileiros. E com time da Globo n\u00e3o \u00e9 diferente. A comentarista Alline Calandrini \u00e9 o mais novo refor\u00e7o para as transmiss\u00f5es dos jogos masculinos e femininos no sportv a partir deste come\u00e7o de ano. A chegada da nova profissional refor\u00e7a o compromisso da Globo em investir cada vez mais na diversidade da equipe e no aumento da presen\u00e7a feminina nas coberturas esportivas. &nbsp;<\/p>\n\n\n\n<p>A ex-zagueira da sele\u00e7\u00e3o brasileira \u00e9 natural do Macap\u00e1, capital do Amap\u00e1, e formada em jornalismo. Alline chegou a conciliar a faculdade com a carreira de atleta at\u00e9 se aposentar dos gramados, em 2018, quando atuava pelo Corinthians \u2013 tamb\u00e9m teve duas passagens marcantes pelo Santos. Ela trabalhou na Band at\u00e9 o fim do ano passado. &#8220;\u00c9 um momento de realiza\u00e7\u00e3o profissional. Fazer parte da maior empresa de comunica\u00e7\u00e3o brasileira, que cada vez mais est\u00e1 buscando vozes com representatividades em uma sociedade em constante reconstru\u00e7\u00e3o de ideologias, \u00e9 motivo de orgulho&#8221;, ressalta Alline Calandrini. \u201cEu sendo uma mulher que \u00e9 ex-jogadora de futebol, nortista, jornalista e gay, estou otimista de que com muita humildade, estudo e conhecimento, poderei somar n\u00e3o s\u00f3 com o Esporte da Globo, mas com toda sociedade, levando informa\u00e7\u00f5es e inspira\u00e7\u00f5es para outras mulheres\u201d.<\/p>\n\n\n\n<p>Em 2023 a Globo ir\u00e1 cobrir em suas plataformas grandes competi\u00e7\u00f5es. As novidades s\u00e3o a Copa do Mundo Feminina, que acontece entre julho e agosto, na Austr\u00e1lia e Nova Zel\u00e2ndia, e a Copa Libertadores masculina, que se juntam a um portf\u00f3lio que j\u00e1 contava com o Campeonato Brasileiro Feminino \u2013 que em 2023 tamb\u00e9m passa a ser exibido tamb\u00e9m na tv aberta \u2013;Brasileir\u00e3o e a Copa do Brasil entre os homens; as Supercopas feminina e masculina; al\u00e9m de alguns dos principais estaduais do pa\u00eds, como Paulista, Ga\u00facho e Mineiro.&nbsp; &nbsp; &nbsp; &nbsp; &nbsp;&nbsp;<\/p>\n\n\n\n<p><strong>Bate-bola \u2013 Alline Calandrini<\/strong><\/p>\n\n\n\n<p><strong>Voc\u00ea foi uma zagueira que chegou a atuar na sele\u00e7\u00e3o brasileira e, paralelamente a isso, cursou a faculdade de jornalismo. Como se deu esse processo de transi\u00e7\u00e3o dos gramados para a fun\u00e7\u00e3o de comentarista?<\/strong><\/p>\n\n\n\n<p>Em 2015 eu voltei ao Santos, onde fiquei at\u00e9 2017. Tive operar o joelho duas vezes seguidas (no total, foram tr\u00eas cirurgias na carreira). O fato de ter me lesionado e ficado duas temporadas sem jogar foi determinante para priorizar o final da minha faculdade de jornalismo. Em 2018 me transferi para o Corinthians pensando como atleta e na transi\u00e7\u00e3o de carreira. Tive dificuldade em retomar o n\u00edvel que tinha antes das les\u00f5es. Ent\u00e3o alguns convites de atuar na \u00e1rea do jornalismo apareceram. S\u00f3 que o Corinthians, naturalmente, n\u00e3o me liberava, pois eu ainda era um atleta. Precisei optar em continuar jogando ou se jogar em outro grande objetivo, que era o de migrar e fazer a ponte profissional, j\u00e1 formada em jornalismo. A Band me abriu as portas e o clube foi super acolhedor nesta transi\u00e7\u00e3o.&nbsp;<\/p>\n\n\n\n<p><strong>O que representa para voc\u00ea chegar \u00e0 Globo neste momento e como tem visto o investimento que a empresa tem feito em refor\u00e7ar a presen\u00e7a feminina nas transmiss\u00f5es?<\/strong><\/p>\n\n\n\n<p>Integrar esta equipe neste momento, com certeza, \u00e9 um ponto primordial na minha carreira. Estamos na busca por equidade no esporte em um espa\u00e7o que era predominantemente ocupado por homens. Hoje posso somar com demais mulheres e vencer as barreiras do machismo e de outros preconceitos. Otimismo \u00e9 o sentimento que sinto nesse momento.<\/p>\n","protected":false},"excerpt":{"rendered":"<p>O m\u00eas de janeiro no futebol tradicionalmente chega recheado de novidades em rela\u00e7\u00e3o \u00e0s contrata\u00e7\u00f5es nos clubes brasileiros. E com time da Globo n\u00e3o \u00e9 diferente. A comentarista Alline Calandrini \u00e9 o mais novo refor\u00e7o para as transmiss\u00f5es dos jogos masculinos e femininos no sportv a partir deste come\u00e7o de ano. A chegada da nova [&hellip;]<\/p>\n","protected":false},"author":3,"featured_media":7726,"comment_status":"open","ping_status":"open","sticky":false,"template":"","format":"standard","meta":{"_monsterinsights_skip_tracking":false,"_monsterinsights_sitenote_active":false,"_monsterinsights_sitenote_note":"","_monsterinsights_sitenote_category":0,"footnotes":""},"categories":[48,43],"tags":[],"yoast_head":"<!-- This site is optimized with the Yoast SEO plugin v22.9 - https:\/\/yoast.com\/wordpress\/plugins\/seo\/ -->\n<title>Alline Calandrini refor\u00e7a o time de comentaristas do sportv - Portal MF<\/title>\n<meta name=\"robots\" content=\"index, follow, max-snippet:-1, max-image-preview:large, max-video-preview:-1\" \/>\n<link rel=\"canonical\" href=\"https:\/\/portalmf.com.br\/index.php\/2023\/01\/09\/alline-calandrini-reforca-o-time-de-comentaristas-do-sportv\/\" \/>\n<meta property=\"og:locale\" content=\"pt_BR\" \/>\n<meta property=\"og:type\" content=\"article\" \/>\n<meta property=\"og:title\" content=\"Alline Calandrini refor\u00e7a o time de comentaristas do sportv - Portal MF\" \/>\n<meta property=\"og:description\" content=\"O m\u00eas de janeiro no futebol tradicionalmente chega recheado de novidades em rela\u00e7\u00e3o \u00e0s contrata\u00e7\u00f5es nos clubes brasileiros. E com time da Globo n\u00e3o \u00e9 diferente. A comentarista Alline Calandrini \u00e9 o mais novo refor\u00e7o para as transmiss\u00f5es dos jogos masculinos e femininos no sportv a partir deste come\u00e7o de ano. A chegada da nova [&hellip;]\" \/>\n<meta property=\"og:url\" content=\"https:\/\/portalmf.com.br\/index.php\/2023\/01\/09\/alline-calandrini-reforca-o-time-de-comentaristas-do-sportv\/\" \/>\n<meta property=\"og:site_name\" content=\"Portal MF\" \/>\n<meta property=\"article:author\" content=\"https:\/\/www.facebook.com\/portalmfoficial\" \/>\n<meta property=\"article:published_time\" content=\"2023-01-09T20:36:20+00:00\" \/>\n<meta property=\"article:modified_time\" content=\"2023-01-09T20:36:21+00:00\" \/>\n<meta property=\"og:image\" content=\"https:\/\/portalmf.com.br\/wp-content\/uploads\/2023\/01\/Alline-Calandrini.jpg\" \/>\n\t<meta property=\"og:image:width\" content=\"984\" \/>\n\t<meta property=\"og:image:height\" content=\"717\" \/>\n\t<meta property=\"og:image:type\" content=\"image\/jpeg\" \/>\n<meta name=\"author\" content=\"Reda\u00e7\u00e3o Portal MF\" \/>\n<meta name=\"twitter:card\" content=\"summary_large_image\" \/>\n<meta name=\"twitter:creator\" content=\"@https:\/\/x.com\/portalmfoficial\" \/>\n<meta name=\"twitter:label1\" content=\"Escrito por\" \/>\n\t<meta name=\"twitter:data1\" content=\"Reda\u00e7\u00e3o Portal MF\" \/>\n\t<meta name=\"twitter:label2\" content=\"Est. tempo de leitura\" \/>\n\t<meta name=\"twitter:data2\" content=\"4 minutos\" \/>\n<script type=\"application\/ld+json\" class=\"yoast-schema-graph\">{\"@context\":\"https:\/\/schema.org\",\"@graph\":[{\"@type\":\"WebPage\",\"@id\":\"https:\/\/portalmf.com.br\/index.php\/2023\/01\/09\/alline-calandrini-reforca-o-time-de-comentaristas-do-sportv\/\",\"url\":\"https:\/\/portalmf.com.br\/index.php\/2023\/01\/09\/alline-calandrini-reforca-o-time-de-comentaristas-do-sportv\/\",\"name\":\"Alline Calandrini refor\u00e7a o time de comentaristas do sportv - Portal MF\",\"isPartOf\":{\"@id\":\"https:\/\/portalmf.com.br\/#website\"},\"primaryImageOfPage\":{\"@id\":\"https:\/\/portalmf.com.br\/index.php\/2023\/01\/09\/alline-calandrini-reforca-o-time-de-comentaristas-do-sportv\/#primaryimage\"},\"image\":{\"@id\":\"https:\/\/portalmf.com.br\/index.php\/2023\/01\/09\/alline-calandrini-reforca-o-time-de-comentaristas-do-sportv\/#primaryimage\"},\"thumbnailUrl\":\"https:\/\/portalmf.com.br\/wp-content\/uploads\/2023\/01\/Alline-Calandrini.jpg\",\"datePublished\":\"2023-01-09T20:36:20+00:00\",\"dateModified\":\"2023-01-09T20:36:21+00:00\",\"author\":{\"@id\":\"https:\/\/portalmf.com.br\/#\/schema\/person\/9ec101baf56233e53520c26de5d6f6f0\"},\"breadcrumb\":{\"@id\":\"https:\/\/portalmf.com.br\/index.php\/2023\/01\/09\/alline-calandrini-reforca-o-time-de-comentaristas-do-sportv\/#breadcrumb\"},\"inLanguage\":\"pt-BR\",\"potentialAction\":[{\"@type\":\"ReadAction\",\"target\":[\"https:\/\/portalmf.com.br\/index.php\/2023\/01\/09\/alline-calandrini-reforca-o-time-de-comentaristas-do-sportv\/\"]}]},{\"@type\":\"ImageObject\",\"inLanguage\":\"pt-BR\",\"@id\":\"https:\/\/portalmf.com.br\/index.php\/2023\/01\/09\/alline-calandrini-reforca-o-time-de-comentaristas-do-sportv\/#primaryimage\",\"url\":\"https:\/\/portalmf.com.br\/wp-content\/uploads\/2023\/01\/Alline-Calandrini.jpg\",\"contentUrl\":\"https:\/\/portalmf.com.br\/wp-content\/uploads\/2023\/01\/Alline-Calandrini.jpg\",\"width\":984,\"height\":717},{\"@type\":\"BreadcrumbList\",\"@id\":\"https:\/\/portalmf.com.br\/index.php\/2023\/01\/09\/alline-calandrini-reforca-o-time-de-comentaristas-do-sportv\/#breadcrumb\",\"itemListElement\":[{\"@type\":\"ListItem\",\"position\":1,\"name\":\"In\u00edcio\",\"item\":\"https:\/\/portalmf.com.br\/\"},{\"@type\":\"ListItem\",\"position\":2,\"name\":\"Alline Calandrini refor\u00e7a o time de comentaristas do sportv\"}]},{\"@type\":\"WebSite\",\"@id\":\"https:\/\/portalmf.com.br\/#website\",\"url\":\"https:\/\/portalmf.com.br\/\",\"name\":\"Portal MF\",\"description\":\"Voc\u00ea conectado com a informa\u00e7\u00e3o\",\"potentialAction\":[{\"@type\":\"SearchAction\",\"target\":{\"@type\":\"EntryPoint\",\"urlTemplate\":\"https:\/\/portalmf.com.br\/?s={search_term_string}\"},\"query-input\":\"required name=search_term_string\"}],\"inLanguage\":\"pt-BR\"},{\"@type\":\"Person\",\"@id\":\"https:\/\/portalmf.com.br\/#\/schema\/person\/9ec101baf56233e53520c26de5d6f6f0\",\"name\":\"Reda\u00e7\u00e3o Portal MF\",\"image\":{\"@type\":\"ImageObject\",\"inLanguage\":\"pt-BR\",\"@id\":\"https:\/\/portalmf.com.br\/#\/schema\/person\/image\/\",\"url\":\"https:\/\/secure.gravatar.com\/avatar\/41b9aaeb2100835f7c64362330f74c7f?s=96&d=mm&r=g\",\"contentUrl\":\"https:\/\/secure.gravatar.com\/avatar\/41b9aaeb2100835f7c64362330f74c7f?s=96&d=mm&r=g\",\"caption\":\"Reda\u00e7\u00e3o Portal MF\"},\"description\":\"Sejam bem-vindos o portal de informa\u00e7\u00f5es de entretenimento de Feira de Santana, desde 2006 realiza coberturas dos principais eventos com entrevistas exclusivas com as principais personalidades mundiais. Fique conectado tamb\u00e9m nas redes sociais.\",\"sameAs\":[\"http:\/\/www.portalmf.com.br\/\",\"https:\/\/www.facebook.com\/portalmfoficial\",\"https:\/\/www.instagram.com\/portalmf\/\",\"https:\/\/x.com\/https:\/\/x.com\/portalmfoficial\",\"https:\/\/www.youtube.com\/@portalmfoficial\"],\"url\":\"https:\/\/portalmf.com.br\/index.php\/author\/junior\/\"}]}<\/script>\n<!-- \/ Yoast SEO plugin. -->","yoast_head_json":{"title":"Alline Calandrini refor\u00e7a o time de comentaristas do sportv - Portal MF","robots":{"index":"index","follow":"follow","max-snippet":"max-snippet:-1","max-image-preview":"max-image-preview:large","max-video-preview":"max-video-preview:-1"},"canonical":"https:\/\/portalmf.com.br\/index.php\/2023\/01\/09\/alline-calandrini-reforca-o-time-de-comentaristas-do-sportv\/","og_locale":"pt_BR","og_type":"article","og_title":"Alline Calandrini refor\u00e7a o time de comentaristas do sportv - Portal MF","og_description":"O m\u00eas de janeiro no futebol tradicionalmente chega recheado de novidades em rela\u00e7\u00e3o \u00e0s contrata\u00e7\u00f5es nos clubes brasileiros. E com time da Globo n\u00e3o \u00e9 diferente. A comentarista Alline Calandrini \u00e9 o mais novo refor\u00e7o para as transmiss\u00f5es dos jogos masculinos e femininos no sportv a partir deste come\u00e7o de ano. A chegada da nova [&hellip;]","og_url":"https:\/\/portalmf.com.br\/index.php\/2023\/01\/09\/alline-calandrini-reforca-o-time-de-comentaristas-do-sportv\/","og_site_name":"Portal MF","article_author":"https:\/\/www.facebook.com\/portalmfoficial","article_published_time":"2023-01-09T20:36:20+00:00","article_modified_time":"2023-01-09T20:36:21+00:00","og_image":[{"width":984,"height":717,"url":"https:\/\/portalmf.com.br\/wp-content\/uploads\/2023\/01\/Alline-Calandrini.jpg","type":"image\/jpeg"}],"author":"Reda\u00e7\u00e3o Portal MF","twitter_card":"summary_large_image","twitter_creator":"@https:\/\/x.com\/portalmfoficial","twitter_misc":{"Escrito por":"Reda\u00e7\u00e3o Portal MF","Est. tempo de leitura":"4 minutos"},"schema":{"@context":"https:\/\/schema.org","@graph":[{"@type":"WebPage","@id":"https:\/\/portalmf.com.br\/index.php\/2023\/01\/09\/alline-calandrini-reforca-o-time-de-comentaristas-do-sportv\/","url":"https:\/\/portalmf.com.br\/index.php\/2023\/01\/09\/alline-calandrini-reforca-o-time-de-comentaristas-do-sportv\/","name":"Alline Calandrini refor\u00e7a o time de comentaristas do sportv - Portal MF","isPartOf":{"@id":"https:\/\/portalmf.com.br\/#website"},"primaryImageOfPage":{"@id":"https:\/\/portalmf.com.br\/index.php\/2023\/01\/09\/alline-calandrini-reforca-o-time-de-comentaristas-do-sportv\/#primaryimage"},"image":{"@id":"https:\/\/portalmf.com.br\/index.php\/2023\/01\/09\/alline-calandrini-reforca-o-time-de-comentaristas-do-sportv\/#primaryimage"},"thumbnailUrl":"https:\/\/portalmf.com.br\/wp-content\/uploads\/2023\/01\/Alline-Calandrini.jpg","datePublished":"2023-01-09T20:36:20+00:00","dateModified":"2023-01-09T20:36:21+00:00","author":{"@id":"https:\/\/portalmf.com.br\/#\/schema\/person\/9ec101baf56233e53520c26de5d6f6f0"},"breadcrumb":{"@id":"https:\/\/portalmf.com.br\/index.php\/2023\/01\/09\/alline-calandrini-reforca-o-time-de-comentaristas-do-sportv\/#breadcrumb"},"inLanguage":"pt-BR","potentialAction":[{"@type":"ReadAction","target":["https:\/\/portalmf.com.br\/index.php\/2023\/01\/09\/alline-calandrini-reforca-o-time-de-comentaristas-do-sportv\/"]}]},{"@type":"ImageObject","inLanguage":"pt-BR","@id":"https:\/\/portalmf.com.br\/index.php\/2023\/01\/09\/alline-calandrini-reforca-o-time-de-comentaristas-do-sportv\/#primaryimage","url":"https:\/\/portalmf.com.br\/wp-content\/uploads\/2023\/01\/Alline-Calandrini.jpg","contentUrl":"https:\/\/portalmf.com.br\/wp-content\/uploads\/2023\/01\/Alline-Calandrini.jpg","width":984,"height":717},{"@type":"BreadcrumbList","@id":"https:\/\/portalmf.com.br\/index.php\/2023\/01\/09\/alline-calandrini-reforca-o-time-de-comentaristas-do-sportv\/#breadcrumb","itemListElement":[{"@type":"ListItem","position":1,"name":"In\u00edcio","item":"https:\/\/portalmf.com.br\/"},{"@type":"ListItem","position":2,"name":"Alline Calandrini refor\u00e7a o time de comentaristas do sportv"}]},{"@type":"WebSite","@id":"https:\/\/portalmf.com.br\/#website","url":"https:\/\/portalmf.com.br\/","name":"Portal MF","description":"Voc\u00ea conectado com a informa\u00e7\u00e3o","potentialAction":[{"@type":"SearchAction","target":{"@type":"EntryPoint","urlTemplate":"https:\/\/portalmf.com.br\/?s={search_term_string}"},"query-input":"required name=search_term_string"}],"inLanguage":"pt-BR"},{"@type":"Person","@id":"https:\/\/portalmf.com.br\/#\/schema\/person\/9ec101baf56233e53520c26de5d6f6f0","name":"Reda\u00e7\u00e3o Portal MF","image":{"@type":"ImageObject","inLanguage":"pt-BR","@id":"https:\/\/portalmf.com.br\/#\/schema\/person\/image\/","url":"https:\/\/secure.gravatar.com\/avatar\/41b9aaeb2100835f7c64362330f74c7f?s=96&d=mm&r=g","contentUrl":"https:\/\/secure.gravatar.com\/avatar\/41b9aaeb2100835f7c64362330f74c7f?s=96&d=mm&r=g","caption":"Reda\u00e7\u00e3o Portal MF"},"description":"Sejam bem-vindos o portal de informa\u00e7\u00f5es de entretenimento de Feira de Santana, desde 2006 realiza coberturas dos principais eventos com entrevistas exclusivas com as principais personalidades mundiais. Fique conectado tamb\u00e9m nas redes sociais.","sameAs":["http:\/\/www.portalmf.com.br\/","https:\/\/www.facebook.com\/portalmfoficial","https:\/\/www.instagram.com\/portalmf\/","https:\/\/x.com\/https:\/\/x.com\/portalmfoficial","https:\/\/www.youtube.com\/@portalmfoficial"],"url":"https:\/\/portalmf.com.br\/index.php\/author\/junior\/"}]}},"_links":{"self":[{"href":"https:\/\/portalmf.com.br\/index.php\/wp-json\/wp\/v2\/posts\/7725"}],"collection":[{"href":"https:\/\/portalmf.com.br\/index.php\/wp-json\/wp\/v2\/posts"}],"about":[{"href":"https:\/\/portalmf.com.br\/index.php\/wp-json\/wp\/v2\/types\/post"}],"author":[{"embeddable":true,"href":"https:\/\/portalmf.com.br\/index.php\/wp-json\/wp\/v2\/users\/3"}],"replies":[{"embeddable":true,"href":"https:\/\/portalmf.com.br\/index.php\/wp-json\/wp\/v2\/comments?post=7725"}],"version-history":[{"count":1,"href":"https:\/\/portalmf.com.br\/index.php\/wp-json\/wp\/v2\/posts\/7725\/revisions"}],"predecessor-version":[{"id":7727,"href":"https:\/\/portalmf.com.br\/index.php\/wp-json\/wp\/v2\/posts\/7725\/revisions\/7727"}],"wp:featuredmedia":[{"embeddable":true,"href":"https:\/\/portalmf.com.br\/index.php\/wp-json\/wp\/v2\/media\/7726"}],"wp:attachment":[{"href":"https:\/\/portalmf.com.br\/index.php\/wp-json\/wp\/v2\/media?parent=7725"}],"wp:term":[{"taxonomy":"category","embeddable":true,"href":"https:\/\/portalmf.com.br\/index.php\/wp-json\/wp\/v2\/categories?post=7725"},{"taxonomy":"post_tag","embeddable":true,"href":"https:\/\/portalmf.com.br\/index.php\/wp-json\/wp\/v2\/tags?post=7725"}],"curies":[{"name":"wp","href":"https:\/\/api.w.org\/{rel}","templated":true}]}}