{"id":7722,"date":"2023-01-09T08:15:00","date_gmt":"2023-01-09T11:15:00","guid":{"rendered":"https:\/\/portalmf.com.br\/?p=7722"},"modified":"2023-01-09T17:17:27","modified_gmt":"2023-01-09T20:17:27","slug":"jornal-nacional-estreia-previsao-do-tempo-mais-tecnologica","status":"publish","type":"post","link":"https:\/\/portalmf.com.br\/index.php\/2023\/01\/09\/jornal-nacional-estreia-previsao-do-tempo-mais-tecnologica\/","title":{"rendered":"Jornal Nacional estreia previs\u00e3o do tempo mais tecnol\u00f3gica"},"content":{"rendered":"\n<p>Ainda em 1991, a Globo estreou, no \u2018Jornal Nacional\u2019, seu primeiro quadro dedicado \u00e0 meteorologia. De l\u00e1 para c\u00e1, a presta\u00e7\u00e3o de servi\u00e7o por parte da mediatech relacionado \u00e0s condi\u00e7\u00f5es clim\u00e1ticas vem evoluindo continuamente e ganhando cada vez mais espa\u00e7o na grade de programa\u00e7\u00e3o. Prova disso \u00e9 que, a partir desta segunda-feira, dia 9, o JN apresentar\u00e1 uma previs\u00e3o ainda mais did\u00e1tica e assertiva, com mais dados de \u00f3rg\u00e3os federais e avan\u00e7o tecnol\u00f3gico por meio de intelig\u00eancia de dados.&nbsp;<\/p>\n\n\n\n<p>&nbsp;As inova\u00e7\u00f5es incluem a utiliza\u00e7\u00e3o de imagens com alt\u00edssima resolu\u00e7\u00e3o e tempo de atualiza\u00e7\u00e3o infinitamente menor (de hora em hora para um intervalo de 5 minutos) oriundas dos sat\u00e9lites Goes 16 e Goes 16R \u2013 esse \u00faltimo geoestacion\u00e1rio, ou seja, que acompanha o movimento da Terra.&nbsp;<\/p>\n\n\n\n<p>As novidades tamb\u00e9m envolvem a automa\u00e7\u00e3o de processos e dashboards com cruzamento de dados dos principais centros de monitoramento e pesquisa do pa\u00eds: Centro de Previs\u00e3o de Tempo e Estudos Clim\u00e1ticos (Cptec\/INPE), Instituto Nacional de Meteorologia (Inmet), Centro Nacional de Monitoramento e Alertas de Desastres Naturais (Cemaden) e Climatempo. O cruzamento de dados em conjunto com a intelig\u00eancia anal\u00edtica de dados da Globo<em>&nbsp;<\/em>possibilita uma constru\u00e7\u00e3o estruturada com riqueza de detalhes na previs\u00e3o.&nbsp;<\/p>\n\n\n\n<p>&nbsp;\u201cO objetivo do projeto \u00e9 fortalecer a presta\u00e7\u00e3o desse servi\u00e7o no pa\u00eds. Para isso, \u00e9 fundamental o trabalho da Globo no tratamento dos dados dos \u00f3rg\u00e3os federais e da Climatempo em tempo real de forma integrada. H\u00e1 um detalhamento dos fatos e seus desdobramentos de forma estruturada para melhor assimila\u00e7\u00e3o por parte do p\u00fablico. A tecnologia est\u00e1 sendo utilizada a servi\u00e7o da informa\u00e7\u00e3o\u201d, afirma Djalma Albuquerque, coordenador do Centro de Design da Globo.&nbsp;<\/p>\n\n\n\n<p>&nbsp;Dentre os lan\u00e7amentos est\u00e3o tamb\u00e9m infogr\u00e1ficos hiper-realistas, com plano de fundo exclusivo para cada capital brasileira, e alertas emitidos ao p\u00fablico, contextualizados para eventos severos, dando destaque \u00e0 not\u00edcia. \u201cA tecnologia e o hiper-realismo empregados em cada arte facilitam muito a explica\u00e7\u00e3o de fen\u00f4menos meteorol\u00f3gicos, seus efeitos e suas consequ\u00eancias. Todas as mudan\u00e7as (e foram in\u00fameras) come\u00e7aram h\u00e1 mais de um ano, envolveram v\u00e1rios profissionais, e fico feliz por fazer parte disso tudo. Espero que todos gostem, entendam, informem-se conosco e, assim, tenhamos o tempo a nosso favor\u201d, afirma a jornalista Eliana Marques, respons\u00e1vel pela previs\u00e3o do tempo no JN.&nbsp;<\/p>\n\n\n\n<p>&nbsp;\u201cSurpreender e encantar. Essa \u00e9 nossa voca\u00e7\u00e3o e nosso compromisso com os telespectadores\u201d, finaliza Alexandre Arrabal, diretor do Centro de Design da Globo.&nbsp;<\/p>\n","protected":false},"excerpt":{"rendered":"<p>Ainda em 1991, a Globo estreou, no \u2018Jornal Nacional\u2019, seu primeiro quadro dedicado \u00e0 meteorologia. De l\u00e1 para c\u00e1, a presta\u00e7\u00e3o de servi\u00e7o por parte da mediatech relacionado \u00e0s condi\u00e7\u00f5es clim\u00e1ticas vem evoluindo continuamente e ganhando cada vez mais espa\u00e7o na grade de programa\u00e7\u00e3o. Prova disso \u00e9 que, a partir desta segunda-feira, dia 9, o [&hellip;]<\/p>\n","protected":false},"author":3,"featured_media":7723,"comment_status":"open","ping_status":"open","sticky":false,"template":"","format":"standard","meta":{"_monsterinsights_skip_tracking":false,"_monsterinsights_sitenote_active":false,"_monsterinsights_sitenote_note":"","_monsterinsights_sitenote_category":0,"footnotes":""},"categories":[43],"tags":[],"yoast_head":"<!-- This site is optimized with the Yoast SEO plugin v22.9 - https:\/\/yoast.com\/wordpress\/plugins\/seo\/ -->\n<title>Jornal Nacional estreia previs\u00e3o do tempo mais tecnol\u00f3gica - Portal MF<\/title>\n<meta name=\"robots\" content=\"index, follow, max-snippet:-1, max-image-preview:large, max-video-preview:-1\" \/>\n<link rel=\"canonical\" href=\"https:\/\/portalmf.com.br\/index.php\/2023\/01\/09\/jornal-nacional-estreia-previsao-do-tempo-mais-tecnologica\/\" \/>\n<meta property=\"og:locale\" content=\"pt_BR\" \/>\n<meta property=\"og:type\" content=\"article\" \/>\n<meta property=\"og:title\" content=\"Jornal Nacional estreia previs\u00e3o do tempo mais tecnol\u00f3gica - Portal MF\" \/>\n<meta property=\"og:description\" content=\"Ainda em 1991, a Globo estreou, no \u2018Jornal Nacional\u2019, seu primeiro quadro dedicado \u00e0 meteorologia. De l\u00e1 para c\u00e1, a presta\u00e7\u00e3o de servi\u00e7o por parte da mediatech relacionado \u00e0s condi\u00e7\u00f5es clim\u00e1ticas vem evoluindo continuamente e ganhando cada vez mais espa\u00e7o na grade de programa\u00e7\u00e3o. Prova disso \u00e9 que, a partir desta segunda-feira, dia 9, o [&hellip;]\" \/>\n<meta property=\"og:url\" content=\"https:\/\/portalmf.com.br\/index.php\/2023\/01\/09\/jornal-nacional-estreia-previsao-do-tempo-mais-tecnologica\/\" \/>\n<meta property=\"og:site_name\" content=\"Portal MF\" \/>\n<meta property=\"article:author\" content=\"https:\/\/www.facebook.com\/portalmfoficial\" \/>\n<meta property=\"article:published_time\" content=\"2023-01-09T11:15:00+00:00\" \/>\n<meta property=\"article:modified_time\" content=\"2023-01-09T20:17:27+00:00\" \/>\n<meta property=\"og:image\" content=\"https:\/\/portalmf.com.br\/wp-content\/uploads\/2023\/01\/assets_fotos_728_jornal-nacional-estreia-previsao-do-tempo-mais-tecnologica-84a07eb77ca8.jpg\" \/>\n\t<meta property=\"og:image:width\" content=\"954\" \/>\n\t<meta property=\"og:image:height\" content=\"535\" \/>\n\t<meta property=\"og:image:type\" content=\"image\/jpeg\" \/>\n<meta name=\"author\" content=\"Reda\u00e7\u00e3o Portal MF\" \/>\n<meta name=\"twitter:card\" content=\"summary_large_image\" \/>\n<meta name=\"twitter:creator\" content=\"@https:\/\/x.com\/portalmfoficial\" \/>\n<meta name=\"twitter:label1\" content=\"Escrito por\" \/>\n\t<meta name=\"twitter:data1\" content=\"Reda\u00e7\u00e3o Portal MF\" \/>\n\t<meta name=\"twitter:label2\" content=\"Est. tempo de leitura\" \/>\n\t<meta name=\"twitter:data2\" content=\"3 minutos\" \/>\n<script type=\"application\/ld+json\" class=\"yoast-schema-graph\">{\"@context\":\"https:\/\/schema.org\",\"@graph\":[{\"@type\":\"WebPage\",\"@id\":\"https:\/\/portalmf.com.br\/index.php\/2023\/01\/09\/jornal-nacional-estreia-previsao-do-tempo-mais-tecnologica\/\",\"url\":\"https:\/\/portalmf.com.br\/index.php\/2023\/01\/09\/jornal-nacional-estreia-previsao-do-tempo-mais-tecnologica\/\",\"name\":\"Jornal Nacional estreia previs\u00e3o do tempo mais tecnol\u00f3gica - Portal MF\",\"isPartOf\":{\"@id\":\"https:\/\/portalmf.com.br\/#website\"},\"primaryImageOfPage\":{\"@id\":\"https:\/\/portalmf.com.br\/index.php\/2023\/01\/09\/jornal-nacional-estreia-previsao-do-tempo-mais-tecnologica\/#primaryimage\"},\"image\":{\"@id\":\"https:\/\/portalmf.com.br\/index.php\/2023\/01\/09\/jornal-nacional-estreia-previsao-do-tempo-mais-tecnologica\/#primaryimage\"},\"thumbnailUrl\":\"https:\/\/portalmf.com.br\/wp-content\/uploads\/2023\/01\/assets_fotos_728_jornal-nacional-estreia-previsao-do-tempo-mais-tecnologica-84a07eb77ca8.jpg\",\"datePublished\":\"2023-01-09T11:15:00+00:00\",\"dateModified\":\"2023-01-09T20:17:27+00:00\",\"author\":{\"@id\":\"https:\/\/portalmf.com.br\/#\/schema\/person\/9ec101baf56233e53520c26de5d6f6f0\"},\"breadcrumb\":{\"@id\":\"https:\/\/portalmf.com.br\/index.php\/2023\/01\/09\/jornal-nacional-estreia-previsao-do-tempo-mais-tecnologica\/#breadcrumb\"},\"inLanguage\":\"pt-BR\",\"potentialAction\":[{\"@type\":\"ReadAction\",\"target\":[\"https:\/\/portalmf.com.br\/index.php\/2023\/01\/09\/jornal-nacional-estreia-previsao-do-tempo-mais-tecnologica\/\"]}]},{\"@type\":\"ImageObject\",\"inLanguage\":\"pt-BR\",\"@id\":\"https:\/\/portalmf.com.br\/index.php\/2023\/01\/09\/jornal-nacional-estreia-previsao-do-tempo-mais-tecnologica\/#primaryimage\",\"url\":\"https:\/\/portalmf.com.br\/wp-content\/uploads\/2023\/01\/assets_fotos_728_jornal-nacional-estreia-previsao-do-tempo-mais-tecnologica-84a07eb77ca8.jpg\",\"contentUrl\":\"https:\/\/portalmf.com.br\/wp-content\/uploads\/2023\/01\/assets_fotos_728_jornal-nacional-estreia-previsao-do-tempo-mais-tecnologica-84a07eb77ca8.jpg\",\"width\":954,\"height\":535,\"caption\":\"Nova previs\u00e3o do tempo 1\"},{\"@type\":\"BreadcrumbList\",\"@id\":\"https:\/\/portalmf.com.br\/index.php\/2023\/01\/09\/jornal-nacional-estreia-previsao-do-tempo-mais-tecnologica\/#breadcrumb\",\"itemListElement\":[{\"@type\":\"ListItem\",\"position\":1,\"name\":\"In\u00edcio\",\"item\":\"https:\/\/portalmf.com.br\/\"},{\"@type\":\"ListItem\",\"position\":2,\"name\":\"Jornal Nacional estreia previs\u00e3o do tempo mais tecnol\u00f3gica\"}]},{\"@type\":\"WebSite\",\"@id\":\"https:\/\/portalmf.com.br\/#website\",\"url\":\"https:\/\/portalmf.com.br\/\",\"name\":\"Portal MF\",\"description\":\"Voc\u00ea conectado com a informa\u00e7\u00e3o\",\"potentialAction\":[{\"@type\":\"SearchAction\",\"target\":{\"@type\":\"EntryPoint\",\"urlTemplate\":\"https:\/\/portalmf.com.br\/?s={search_term_string}\"},\"query-input\":\"required name=search_term_string\"}],\"inLanguage\":\"pt-BR\"},{\"@type\":\"Person\",\"@id\":\"https:\/\/portalmf.com.br\/#\/schema\/person\/9ec101baf56233e53520c26de5d6f6f0\",\"name\":\"Reda\u00e7\u00e3o Portal MF\",\"image\":{\"@type\":\"ImageObject\",\"inLanguage\":\"pt-BR\",\"@id\":\"https:\/\/portalmf.com.br\/#\/schema\/person\/image\/\",\"url\":\"https:\/\/secure.gravatar.com\/avatar\/41b9aaeb2100835f7c64362330f74c7f?s=96&d=mm&r=g\",\"contentUrl\":\"https:\/\/secure.gravatar.com\/avatar\/41b9aaeb2100835f7c64362330f74c7f?s=96&d=mm&r=g\",\"caption\":\"Reda\u00e7\u00e3o Portal MF\"},\"description\":\"Sejam bem-vindos o portal de informa\u00e7\u00f5es de entretenimento de Feira de Santana, desde 2006 realiza coberturas dos principais eventos com entrevistas exclusivas com as principais personalidades mundiais. Fique conectado tamb\u00e9m nas redes sociais.\",\"sameAs\":[\"http:\/\/www.portalmf.com.br\/\",\"https:\/\/www.facebook.com\/portalmfoficial\",\"https:\/\/www.instagram.com\/portalmf\/\",\"https:\/\/x.com\/https:\/\/x.com\/portalmfoficial\",\"https:\/\/www.youtube.com\/@portalmfoficial\"],\"url\":\"https:\/\/portalmf.com.br\/index.php\/author\/junior\/\"}]}<\/script>\n<!-- \/ Yoast SEO plugin. -->","yoast_head_json":{"title":"Jornal Nacional estreia previs\u00e3o do tempo mais tecnol\u00f3gica - Portal MF","robots":{"index":"index","follow":"follow","max-snippet":"max-snippet:-1","max-image-preview":"max-image-preview:large","max-video-preview":"max-video-preview:-1"},"canonical":"https:\/\/portalmf.com.br\/index.php\/2023\/01\/09\/jornal-nacional-estreia-previsao-do-tempo-mais-tecnologica\/","og_locale":"pt_BR","og_type":"article","og_title":"Jornal Nacional estreia previs\u00e3o do tempo mais tecnol\u00f3gica - Portal MF","og_description":"Ainda em 1991, a Globo estreou, no \u2018Jornal Nacional\u2019, seu primeiro quadro dedicado \u00e0 meteorologia. De l\u00e1 para c\u00e1, a presta\u00e7\u00e3o de servi\u00e7o por parte da mediatech relacionado \u00e0s condi\u00e7\u00f5es clim\u00e1ticas vem evoluindo continuamente e ganhando cada vez mais espa\u00e7o na grade de programa\u00e7\u00e3o. Prova disso \u00e9 que, a partir desta segunda-feira, dia 9, o [&hellip;]","og_url":"https:\/\/portalmf.com.br\/index.php\/2023\/01\/09\/jornal-nacional-estreia-previsao-do-tempo-mais-tecnologica\/","og_site_name":"Portal MF","article_author":"https:\/\/www.facebook.com\/portalmfoficial","article_published_time":"2023-01-09T11:15:00+00:00","article_modified_time":"2023-01-09T20:17:27+00:00","og_image":[{"width":954,"height":535,"url":"https:\/\/portalmf.com.br\/wp-content\/uploads\/2023\/01\/assets_fotos_728_jornal-nacional-estreia-previsao-do-tempo-mais-tecnologica-84a07eb77ca8.jpg","type":"image\/jpeg"}],"author":"Reda\u00e7\u00e3o Portal MF","twitter_card":"summary_large_image","twitter_creator":"@https:\/\/x.com\/portalmfoficial","twitter_misc":{"Escrito por":"Reda\u00e7\u00e3o Portal MF","Est. tempo de leitura":"3 minutos"},"schema":{"@context":"https:\/\/schema.org","@graph":[{"@type":"WebPage","@id":"https:\/\/portalmf.com.br\/index.php\/2023\/01\/09\/jornal-nacional-estreia-previsao-do-tempo-mais-tecnologica\/","url":"https:\/\/portalmf.com.br\/index.php\/2023\/01\/09\/jornal-nacional-estreia-previsao-do-tempo-mais-tecnologica\/","name":"Jornal Nacional estreia previs\u00e3o do tempo mais tecnol\u00f3gica - Portal MF","isPartOf":{"@id":"https:\/\/portalmf.com.br\/#website"},"primaryImageOfPage":{"@id":"https:\/\/portalmf.com.br\/index.php\/2023\/01\/09\/jornal-nacional-estreia-previsao-do-tempo-mais-tecnologica\/#primaryimage"},"image":{"@id":"https:\/\/portalmf.com.br\/index.php\/2023\/01\/09\/jornal-nacional-estreia-previsao-do-tempo-mais-tecnologica\/#primaryimage"},"thumbnailUrl":"https:\/\/portalmf.com.br\/wp-content\/uploads\/2023\/01\/assets_fotos_728_jornal-nacional-estreia-previsao-do-tempo-mais-tecnologica-84a07eb77ca8.jpg","datePublished":"2023-01-09T11:15:00+00:00","dateModified":"2023-01-09T20:17:27+00:00","author":{"@id":"https:\/\/portalmf.com.br\/#\/schema\/person\/9ec101baf56233e53520c26de5d6f6f0"},"breadcrumb":{"@id":"https:\/\/portalmf.com.br\/index.php\/2023\/01\/09\/jornal-nacional-estreia-previsao-do-tempo-mais-tecnologica\/#breadcrumb"},"inLanguage":"pt-BR","potentialAction":[{"@type":"ReadAction","target":["https:\/\/portalmf.com.br\/index.php\/2023\/01\/09\/jornal-nacional-estreia-previsao-do-tempo-mais-tecnologica\/"]}]},{"@type":"ImageObject","inLanguage":"pt-BR","@id":"https:\/\/portalmf.com.br\/index.php\/2023\/01\/09\/jornal-nacional-estreia-previsao-do-tempo-mais-tecnologica\/#primaryimage","url":"https:\/\/portalmf.com.br\/wp-content\/uploads\/2023\/01\/assets_fotos_728_jornal-nacional-estreia-previsao-do-tempo-mais-tecnologica-84a07eb77ca8.jpg","contentUrl":"https:\/\/portalmf.com.br\/wp-content\/uploads\/2023\/01\/assets_fotos_728_jornal-nacional-estreia-previsao-do-tempo-mais-tecnologica-84a07eb77ca8.jpg","width":954,"height":535,"caption":"Nova previs\u00e3o do tempo 1"},{"@type":"BreadcrumbList","@id":"https:\/\/portalmf.com.br\/index.php\/2023\/01\/09\/jornal-nacional-estreia-previsao-do-tempo-mais-tecnologica\/#breadcrumb","itemListElement":[{"@type":"ListItem","position":1,"name":"In\u00edcio","item":"https:\/\/portalmf.com.br\/"},{"@type":"ListItem","position":2,"name":"Jornal Nacional estreia previs\u00e3o do tempo mais tecnol\u00f3gica"}]},{"@type":"WebSite","@id":"https:\/\/portalmf.com.br\/#website","url":"https:\/\/portalmf.com.br\/","name":"Portal MF","description":"Voc\u00ea conectado com a informa\u00e7\u00e3o","potentialAction":[{"@type":"SearchAction","target":{"@type":"EntryPoint","urlTemplate":"https:\/\/portalmf.com.br\/?s={search_term_string}"},"query-input":"required name=search_term_string"}],"inLanguage":"pt-BR"},{"@type":"Person","@id":"https:\/\/portalmf.com.br\/#\/schema\/person\/9ec101baf56233e53520c26de5d6f6f0","name":"Reda\u00e7\u00e3o Portal MF","image":{"@type":"ImageObject","inLanguage":"pt-BR","@id":"https:\/\/portalmf.com.br\/#\/schema\/person\/image\/","url":"https:\/\/secure.gravatar.com\/avatar\/41b9aaeb2100835f7c64362330f74c7f?s=96&d=mm&r=g","contentUrl":"https:\/\/secure.gravatar.com\/avatar\/41b9aaeb2100835f7c64362330f74c7f?s=96&d=mm&r=g","caption":"Reda\u00e7\u00e3o Portal MF"},"description":"Sejam bem-vindos o portal de informa\u00e7\u00f5es de entretenimento de Feira de Santana, desde 2006 realiza coberturas dos principais eventos com entrevistas exclusivas com as principais personalidades mundiais. Fique conectado tamb\u00e9m nas redes sociais.","sameAs":["http:\/\/www.portalmf.com.br\/","https:\/\/www.facebook.com\/portalmfoficial","https:\/\/www.instagram.com\/portalmf\/","https:\/\/x.com\/https:\/\/x.com\/portalmfoficial","https:\/\/www.youtube.com\/@portalmfoficial"],"url":"https:\/\/portalmf.com.br\/index.php\/author\/junior\/"}]}},"_links":{"self":[{"href":"https:\/\/portalmf.com.br\/index.php\/wp-json\/wp\/v2\/posts\/7722"}],"collection":[{"href":"https:\/\/portalmf.com.br\/index.php\/wp-json\/wp\/v2\/posts"}],"about":[{"href":"https:\/\/portalmf.com.br\/index.php\/wp-json\/wp\/v2\/types\/post"}],"author":[{"embeddable":true,"href":"https:\/\/portalmf.com.br\/index.php\/wp-json\/wp\/v2\/users\/3"}],"replies":[{"embeddable":true,"href":"https:\/\/portalmf.com.br\/index.php\/wp-json\/wp\/v2\/comments?post=7722"}],"version-history":[{"count":1,"href":"https:\/\/portalmf.com.br\/index.php\/wp-json\/wp\/v2\/posts\/7722\/revisions"}],"predecessor-version":[{"id":7724,"href":"https:\/\/portalmf.com.br\/index.php\/wp-json\/wp\/v2\/posts\/7722\/revisions\/7724"}],"wp:featuredmedia":[{"embeddable":true,"href":"https:\/\/portalmf.com.br\/index.php\/wp-json\/wp\/v2\/media\/7723"}],"wp:attachment":[{"href":"https:\/\/portalmf.com.br\/index.php\/wp-json\/wp\/v2\/media?parent=7722"}],"wp:term":[{"taxonomy":"category","embeddable":true,"href":"https:\/\/portalmf.com.br\/index.php\/wp-json\/wp\/v2\/categories?post=7722"},{"taxonomy":"post_tag","embeddable":true,"href":"https:\/\/portalmf.com.br\/index.php\/wp-json\/wp\/v2\/tags?post=7722"}],"curies":[{"name":"wp","href":"https:\/\/api.w.org\/{rel}","templated":true}]}}