{"id":7712,"date":"2023-01-09T17:05:14","date_gmt":"2023-01-09T20:05:14","guid":{"rendered":"https:\/\/portalmf.com.br\/?p=7712"},"modified":"2023-01-09T17:09:11","modified_gmt":"2023-01-09T20:09:11","slug":"ensaios-da-anitta-reune-quase-10-mil-pessoas-em-salvador","status":"publish","type":"post","link":"https:\/\/portalmf.com.br\/index.php\/2023\/01\/09\/ensaios-da-anitta-reune-quase-10-mil-pessoas-em-salvador\/","title":{"rendered":"Ensaios da Anitta re\u00fane quase 10 mil pessoas em Salvador"},"content":{"rendered":"\n<p>A cidade que respira Carnaval parou na noite de s\u00e1bado (07) para acompanhar a estreia do \u201cEnsaios da Anitta\u201d. A festa reuniu quase 10 mil pessoas no Centro de Conven\u00e7\u00f5es, em uma \u00e1rea de frente para o mar, com todo o clima que j\u00e1 \u00e9 marca registrada de Salvador. E foi uma verdadeira pr\u00e9via do que ser\u00e1 o Carnaval da Bahia neste ano. Em mais de 4 horas de show, Anitta mostrou ao p\u00fablico suas novidades, cantou cl\u00e1ssicos de sua carreira, mas tamb\u00e9m trouxe no repert\u00f3rio m\u00fasicas do Ax\u00e9 que s\u00e3o nacionalmente conhecidas. <\/p>\n\n\n\n<p>Com figurino inspirado em Tieta do Agreste, personagem do livro hom\u00f4nimo do escritor baiano Jorge Amado, a cantora refor\u00e7ou o tema de seu Carnaval, que \u00e9 \u201cGuerreiras\u201d e tem o objetivo de homenagear mulheres fortes e inspiradoras.<\/p>\n\n\n\n<figure class=\"wp-block-image size-full\"><img fetchpriority=\"high\" decoding=\"async\" width=\"849\" height=\"676\" src=\"https:\/\/portalmf.com.br\/wp-content\/uploads\/2023\/01\/Ensaios-da-Anitta-7.jpg\" alt=\"\" class=\"wp-image-7717\" srcset=\"https:\/\/portalmf.com.br\/wp-content\/uploads\/2023\/01\/Ensaios-da-Anitta-7.jpg 849w, https:\/\/portalmf.com.br\/wp-content\/uploads\/2023\/01\/Ensaios-da-Anitta-7-300x239.jpg 300w, https:\/\/portalmf.com.br\/wp-content\/uploads\/2023\/01\/Ensaios-da-Anitta-7-768x612.jpg 768w, https:\/\/portalmf.com.br\/wp-content\/uploads\/2023\/01\/Ensaios-da-Anitta-7-585x466.jpg 585w\" sizes=\"(max-width: 849px) 100vw, 849px\" \/><figcaption>Foto: S\u00e9rcio Freitas<\/figcaption><\/figure>\n\n\n\n<p><br>Durante a apresenta\u00e7\u00e3o, ela recebeu amigos para participa\u00e7\u00f5es especiais. O primeiro a subir ao palco foi Xanddy Harmonia, que encantou o p\u00fablico e colocou a anfitri\u00e3 para cair no pagode. Depois, teve toda a irrever\u00eancia de M\u00e1rcio Victor, vocalista do Psirico. Se o clima j\u00e1 era de pr\u00e9via de Carnaval, com a chegada da Timbalada, tudo se fortaleceu. Teve \u201cvolta do Ghetto\u201d e ainda o \u201cbatismo\u201d de Anitta, que foi pintada com as marcas t\u00e3o representativas dos tribais da Timbalada. Quem pensa que acabou, se engana! <\/p>\n\n\n\n<figure class=\"wp-block-gallery aligncenter has-nested-images columns-default is-cropped wp-block-gallery-1 is-layout-flex wp-block-gallery-is-layout-flex\">\n<figure class=\"wp-block-image size-large\"><img decoding=\"async\" width=\"1024\" height=\"682\" data-id=\"7716\" src=\"https:\/\/portalmf.com.br\/wp-content\/uploads\/2023\/01\/Ensaios-da-Anitta-6-1024x682.jpg\" alt=\"\" class=\"wp-image-7716\" srcset=\"https:\/\/portalmf.com.br\/wp-content\/uploads\/2023\/01\/Ensaios-da-Anitta-6-1024x682.jpg 1024w, https:\/\/portalmf.com.br\/wp-content\/uploads\/2023\/01\/Ensaios-da-Anitta-6-300x200.jpg 300w, https:\/\/portalmf.com.br\/wp-content\/uploads\/2023\/01\/Ensaios-da-Anitta-6-768x512.jpg 768w, https:\/\/portalmf.com.br\/wp-content\/uploads\/2023\/01\/Ensaios-da-Anitta-6-1536x1023.jpg 1536w, https:\/\/portalmf.com.br\/wp-content\/uploads\/2023\/01\/Ensaios-da-Anitta-6-1170x780.jpg 1170w, https:\/\/portalmf.com.br\/wp-content\/uploads\/2023\/01\/Ensaios-da-Anitta-6-585x390.jpg 585w, https:\/\/portalmf.com.br\/wp-content\/uploads\/2023\/01\/Ensaios-da-Anitta-6-263x175.jpg 263w, https:\/\/portalmf.com.br\/wp-content\/uploads\/2023\/01\/Ensaios-da-Anitta-6.jpg 1600w\" sizes=\"(max-width: 1024px) 100vw, 1024px\" \/><figcaption>Foto: S\u00e9rcio Freitas<\/figcaption><\/figure>\n\n\n\n<figure class=\"wp-block-image size-large\"><img decoding=\"async\" width=\"1280\" height=\"854\" data-id=\"7715\" src=\"https:\/\/portalmf.com.br\/wp-content\/uploads\/2023\/01\/Ensaios-da-Anitta-5.jpg\" alt=\"\" class=\"wp-image-7715\" srcset=\"https:\/\/portalmf.com.br\/wp-content\/uploads\/2023\/01\/Ensaios-da-Anitta-5.jpg 1280w, https:\/\/portalmf.com.br\/wp-content\/uploads\/2023\/01\/Ensaios-da-Anitta-5-300x200.jpg 300w, https:\/\/portalmf.com.br\/wp-content\/uploads\/2023\/01\/Ensaios-da-Anitta-5-1024x683.jpg 1024w, https:\/\/portalmf.com.br\/wp-content\/uploads\/2023\/01\/Ensaios-da-Anitta-5-768x512.jpg 768w, https:\/\/portalmf.com.br\/wp-content\/uploads\/2023\/01\/Ensaios-da-Anitta-5-1170x781.jpg 1170w, https:\/\/portalmf.com.br\/wp-content\/uploads\/2023\/01\/Ensaios-da-Anitta-5-585x390.jpg 585w, https:\/\/portalmf.com.br\/wp-content\/uploads\/2023\/01\/Ensaios-da-Anitta-5-263x175.jpg 263w\" sizes=\"(max-width: 1280px) 100vw, 1280px\" \/><figcaption>Foto: S\u00e9rcio Freitas<\/figcaption><\/figure>\n\n\n\n<figure class=\"wp-block-image size-large\"><img loading=\"lazy\" decoding=\"async\" width=\"1024\" height=\"683\" data-id=\"7713\" src=\"https:\/\/portalmf.com.br\/wp-content\/uploads\/2023\/01\/Marcio-Victor-faz-participacao-com-Anitta-em-Salvador-2-1.jpeg\" alt=\"\" class=\"wp-image-7713\" srcset=\"https:\/\/portalmf.com.br\/wp-content\/uploads\/2023\/01\/Marcio-Victor-faz-participacao-com-Anitta-em-Salvador-2-1.jpeg 1024w, https:\/\/portalmf.com.br\/wp-content\/uploads\/2023\/01\/Marcio-Victor-faz-participacao-com-Anitta-em-Salvador-2-1-300x200.jpeg 300w, https:\/\/portalmf.com.br\/wp-content\/uploads\/2023\/01\/Marcio-Victor-faz-participacao-com-Anitta-em-Salvador-2-1-768x512.jpeg 768w, https:\/\/portalmf.com.br\/wp-content\/uploads\/2023\/01\/Marcio-Victor-faz-participacao-com-Anitta-em-Salvador-2-1-585x390.jpeg 585w, https:\/\/portalmf.com.br\/wp-content\/uploads\/2023\/01\/Marcio-Victor-faz-participacao-com-Anitta-em-Salvador-2-1-263x175.jpeg 263w\" sizes=\"(max-width: 1024px) 100vw, 1024px\" \/><figcaption>Foto: S\u00e9rcio Freitas<\/figcaption><\/figure>\n\n\n\n<figure class=\"wp-block-image size-large\"><img loading=\"lazy\" decoding=\"async\" width=\"1280\" height=\"854\" data-id=\"7714\" src=\"https:\/\/portalmf.com.br\/wp-content\/uploads\/2023\/01\/Ensaios-da-Anitta-4.jpg\" alt=\"\" class=\"wp-image-7714\" srcset=\"https:\/\/portalmf.com.br\/wp-content\/uploads\/2023\/01\/Ensaios-da-Anitta-4.jpg 1280w, https:\/\/portalmf.com.br\/wp-content\/uploads\/2023\/01\/Ensaios-da-Anitta-4-300x200.jpg 300w, https:\/\/portalmf.com.br\/wp-content\/uploads\/2023\/01\/Ensaios-da-Anitta-4-1024x683.jpg 1024w, https:\/\/portalmf.com.br\/wp-content\/uploads\/2023\/01\/Ensaios-da-Anitta-4-768x512.jpg 768w, https:\/\/portalmf.com.br\/wp-content\/uploads\/2023\/01\/Ensaios-da-Anitta-4-1170x781.jpg 1170w, https:\/\/portalmf.com.br\/wp-content\/uploads\/2023\/01\/Ensaios-da-Anitta-4-585x390.jpg 585w, https:\/\/portalmf.com.br\/wp-content\/uploads\/2023\/01\/Ensaios-da-Anitta-4-263x175.jpg 263w\" sizes=\"(max-width: 1280px) 100vw, 1280px\" \/><figcaption>Foto: S\u00e9rcio Freitas<\/figcaption><\/figure>\n<\/figure>\n\n\n\n<p>O \u201cEnsaios da Anitta\u201d em Salvador foi palco tamb\u00e9m para um pedido de casamento entre f\u00e3s, com direito a juras de amor ajoelhado e troca de alian\u00e7as. <\/p>\n\n\n\n<blockquote class=\"instagram-media\" data-instgrm-permalink=\"https:\/\/www.instagram.com\/reel\/CnKzQeNpdhn\/?utm_source=ig_embed&amp;utm_campaign=loading\" data-instgrm-version=\"14\" style=\" background:#FFF; border:0; border-radius:3px; box-shadow:0 0 1px 0 rgba(0,0,0,0.5),0 1px 10px 0 rgba(0,0,0,0.15); margin: 1px; max-width:540px; min-width:326px; padding:0; width:99.375%; width:-webkit-calc(100% - 2px); width:calc(100% - 2px);\"><div style=\"padding:16px;\"> <a href=\"https:\/\/www.instagram.com\/reel\/CnKzQeNpdhn\/?utm_source=ig_embed&amp;utm_campaign=loading\" style=\" background:#FFFFFF; line-height:0; padding:0 0; text-align:center; text-decoration:none; width:100%;\" target=\"_blank\" rel=\"noopener\"> <div style=\" display: flex; flex-direction: row; align-items: center;\"> <div style=\"background-color: #F4F4F4; border-radius: 50%; flex-grow: 0; height: 40px; margin-right: 14px; width: 40px;\"><\/div> <div style=\"display: flex; flex-direction: column; flex-grow: 1; justify-content: center;\"> <div style=\" background-color: #F4F4F4; border-radius: 4px; flex-grow: 0; height: 14px; margin-bottom: 6px; width: 100px;\"><\/div> <div style=\" background-color: #F4F4F4; border-radius: 4px; flex-grow: 0; height: 14px; width: 60px;\"><\/div><\/div><\/div><div style=\"padding: 19% 0;\"><\/div> <div style=\"display:block; height:50px; margin:0 auto 12px; width:50px;\"><svg width=\"50px\" height=\"50px\" viewBox=\"0 0 60 60\" version=\"1.1\" xmlns=\"https:\/\/www.w3.org\/2000\/svg\" xmlns:xlink=\"https:\/\/www.w3.org\/1999\/xlink\"><g stroke=\"none\" stroke-width=\"1\" fill=\"none\" fill-rule=\"evenodd\"><g transform=\"translate(-511.000000, -20.000000)\" fill=\"#000000\"><g><path d=\"M556.869,30.41 C554.814,30.41 553.148,32.076 553.148,34.131 C553.148,36.186 554.814,37.852 556.869,37.852 C558.924,37.852 560.59,36.186 560.59,34.131 C560.59,32.076 558.924,30.41 556.869,30.41 M541,60.657 C535.114,60.657 530.342,55.887 530.342,50 C530.342,44.114 535.114,39.342 541,39.342 C546.887,39.342 551.658,44.114 551.658,50 C551.658,55.887 546.887,60.657 541,60.657 M541,33.886 C532.1,33.886 524.886,41.1 524.886,50 C524.886,58.899 532.1,66.113 541,66.113 C549.9,66.113 557.115,58.899 557.115,50 C557.115,41.1 549.9,33.886 541,33.886 M565.378,62.101 C565.244,65.022 564.756,66.606 564.346,67.663 C563.803,69.06 563.154,70.057 562.106,71.106 C561.058,72.155 560.06,72.803 558.662,73.347 C557.607,73.757 556.021,74.244 553.102,74.378 C549.944,74.521 548.997,74.552 541,74.552 C533.003,74.552 532.056,74.521 528.898,74.378 C525.979,74.244 524.393,73.757 523.338,73.347 C521.94,72.803 520.942,72.155 519.894,71.106 C518.846,70.057 518.197,69.06 517.654,67.663 C517.244,66.606 516.755,65.022 516.623,62.101 C516.479,58.943 516.448,57.996 516.448,50 C516.448,42.003 516.479,41.056 516.623,37.899 C516.755,34.978 517.244,33.391 517.654,32.338 C518.197,30.938 518.846,29.942 519.894,28.894 C520.942,27.846 521.94,27.196 523.338,26.654 C524.393,26.244 525.979,25.756 528.898,25.623 C532.057,25.479 533.004,25.448 541,25.448 C548.997,25.448 549.943,25.479 553.102,25.623 C556.021,25.756 557.607,26.244 558.662,26.654 C560.06,27.196 561.058,27.846 562.106,28.894 C563.154,29.942 563.803,30.938 564.346,32.338 C564.756,33.391 565.244,34.978 565.378,37.899 C565.522,41.056 565.552,42.003 565.552,50 C565.552,57.996 565.522,58.943 565.378,62.101 M570.82,37.631 C570.674,34.438 570.167,32.258 569.425,30.349 C568.659,28.377 567.633,26.702 565.965,25.035 C564.297,23.368 562.623,22.342 560.652,21.575 C558.743,20.834 556.562,20.326 553.369,20.18 C550.169,20.033 549.148,20 541,20 C532.853,20 531.831,20.033 528.631,20.18 C525.438,20.326 523.257,20.834 521.349,21.575 C519.376,22.342 517.703,23.368 516.035,25.035 C514.368,26.702 513.342,28.377 512.574,30.349 C511.834,32.258 511.326,34.438 511.181,37.631 C511.035,40.831 511,41.851 511,50 C511,58.147 511.035,59.17 511.181,62.369 C511.326,65.562 511.834,67.743 512.574,69.651 C513.342,71.625 514.368,73.296 516.035,74.965 C517.703,76.634 519.376,77.658 521.349,78.425 C523.257,79.167 525.438,79.673 528.631,79.82 C531.831,79.965 532.853,80.001 541,80.001 C549.148,80.001 550.169,79.965 553.369,79.82 C556.562,79.673 558.743,79.167 560.652,78.425 C562.623,77.658 564.297,76.634 565.965,74.965 C567.633,73.296 568.659,71.625 569.425,69.651 C570.167,67.743 570.674,65.562 570.82,62.369 C570.966,59.17 571,58.147 571,50 C571,41.851 570.966,40.831 570.82,37.631\"><\/path><\/g><\/g><\/g><\/svg><\/div><div style=\"padding-top: 8px;\"> <div style=\" color:#3897f0; font-family:Arial,sans-serif; font-size:14px; font-style:normal; font-weight:550; line-height:18px;\">Ver essa foto no Instagram<\/div><\/div><div style=\"padding: 12.5% 0;\"><\/div> <div style=\"display: flex; flex-direction: row; margin-bottom: 14px; align-items: center;\"><div> <div style=\"background-color: #F4F4F4; border-radius: 50%; height: 12.5px; width: 12.5px; transform: translateX(0px) translateY(7px);\"><\/div> <div style=\"background-color: #F4F4F4; height: 12.5px; transform: rotate(-45deg) translateX(3px) translateY(1px); width: 12.5px; flex-grow: 0; margin-right: 14px; margin-left: 2px;\"><\/div> <div style=\"background-color: #F4F4F4; border-radius: 50%; height: 12.5px; width: 12.5px; transform: translateX(9px) translateY(-18px);\"><\/div><\/div><div style=\"margin-left: 8px;\"> <div style=\" background-color: #F4F4F4; border-radius: 50%; flex-grow: 0; height: 20px; width: 20px;\"><\/div> <div style=\" width: 0; height: 0; border-top: 2px solid transparent; border-left: 6px solid #f4f4f4; border-bottom: 2px solid transparent; transform: translateX(16px) translateY(-4px) rotate(30deg)\"><\/div><\/div><div style=\"margin-left: auto;\"> <div style=\" width: 0px; border-top: 8px solid #F4F4F4; border-right: 8px solid transparent; transform: translateY(16px);\"><\/div> <div style=\" background-color: #F4F4F4; flex-grow: 0; height: 12px; width: 16px; transform: translateY(-4px);\"><\/div> <div style=\" width: 0; height: 0; border-top: 8px solid #F4F4F4; border-left: 8px solid transparent; transform: translateY(-4px) translateX(8px);\"><\/div><\/div><\/div> <div style=\"display: flex; flex-direction: column; flex-grow: 1; justify-content: center; margin-bottom: 24px;\"> <div style=\" background-color: #F4F4F4; border-radius: 4px; flex-grow: 0; height: 14px; margin-bottom: 6px; width: 224px;\"><\/div> <div style=\" background-color: #F4F4F4; border-radius: 4px; flex-grow: 0; height: 14px; width: 144px;\"><\/div><\/div><\/a><p style=\" color:#c9c8cd; font-family:Arial,sans-serif; font-size:14px; line-height:17px; margin-bottom:0; margin-top:8px; overflow:hidden; padding:8px 0 7px; text-align:center; text-overflow:ellipsis; white-space:nowrap;\"><a href=\"https:\/\/www.instagram.com\/reel\/CnKzQeNpdhn\/?utm_source=ig_embed&amp;utm_campaign=loading\" style=\" color:#c9c8cd; font-family:Arial,sans-serif; font-size:14px; font-style:normal; font-weight:normal; line-height:17px; text-decoration:none;\" target=\"_blank\" rel=\"noopener\">Uma publica\u00e7\u00e3o compartilhada por Artur Moreno e Radame\u0301s Keller (@fofoquei)<\/a><\/p><\/div><\/blockquote> <script async=\"\" src=\"\/\/www.instagram.com\/embed.js\"><\/script>\n\n\n\n<p><em>\u201cFoi incr\u00edvel! Abrimos a programa\u00e7\u00e3o de Ensaios com casa cheia, p\u00fablico animado, clima de Carnaval e aquela energia l\u00e1 em cima. Estou muito feliz\u201d,<\/em> disse Anitta. Ainda durante a noite, a cantora confirmou que volta a Salvador durante o Carnaval, com seu bloco.<\/p>\n","protected":false},"excerpt":{"rendered":"<p>A cidade que respira Carnaval parou na noite de s\u00e1bado (07) para acompanhar a estreia do \u201cEnsaios da Anitta\u201d. A festa reuniu quase 10 mil pessoas no Centro de Conven\u00e7\u00f5es, em uma \u00e1rea de frente para o mar, com todo o clima que j\u00e1 \u00e9 marca registrada de Salvador. E foi uma verdadeira pr\u00e9via do [&hellip;]<\/p>\n","protected":false},"author":3,"featured_media":7718,"comment_status":"open","ping_status":"open","sticky":false,"template":"","format":"standard","meta":{"_monsterinsights_skip_tracking":false,"_monsterinsights_sitenote_active":false,"_monsterinsights_sitenote_note":"","_monsterinsights_sitenote_category":0,"footnotes":""},"categories":[44,47,45],"tags":[],"yoast_head":"<!-- This site is optimized with the Yoast SEO plugin v22.9 - https:\/\/yoast.com\/wordpress\/plugins\/seo\/ -->\n<title>Ensaios da Anitta re\u00fane quase 10 mil pessoas em Salvador - Portal MF<\/title>\n<meta name=\"robots\" content=\"index, follow, max-snippet:-1, max-image-preview:large, max-video-preview:-1\" \/>\n<link rel=\"canonical\" href=\"https:\/\/portalmf.com.br\/index.php\/2023\/01\/09\/ensaios-da-anitta-reune-quase-10-mil-pessoas-em-salvador\/\" \/>\n<meta property=\"og:locale\" content=\"pt_BR\" \/>\n<meta property=\"og:type\" content=\"article\" \/>\n<meta property=\"og:title\" content=\"Ensaios da Anitta re\u00fane quase 10 mil pessoas em Salvador - Portal MF\" \/>\n<meta property=\"og:description\" content=\"A cidade que respira Carnaval parou na noite de s\u00e1bado (07) para acompanhar a estreia do \u201cEnsaios da Anitta\u201d. A festa reuniu quase 10 mil pessoas no Centro de Conven\u00e7\u00f5es, em uma \u00e1rea de frente para o mar, com todo o clima que j\u00e1 \u00e9 marca registrada de Salvador. E foi uma verdadeira pr\u00e9via do [&hellip;]\" \/>\n<meta property=\"og:url\" content=\"https:\/\/portalmf.com.br\/index.php\/2023\/01\/09\/ensaios-da-anitta-reune-quase-10-mil-pessoas-em-salvador\/\" \/>\n<meta property=\"og:site_name\" content=\"Portal MF\" \/>\n<meta property=\"article:author\" content=\"https:\/\/www.facebook.com\/portalmfoficial\" \/>\n<meta property=\"article:published_time\" content=\"2023-01-09T20:05:14+00:00\" \/>\n<meta property=\"article:modified_time\" content=\"2023-01-09T20:09:11+00:00\" \/>\n<meta property=\"og:image\" content=\"https:\/\/portalmf.com.br\/wp-content\/uploads\/2023\/01\/Ensaios-da-Anitta-1.jpg\" \/>\n\t<meta property=\"og:image:width\" content=\"1600\" \/>\n\t<meta property=\"og:image:height\" content=\"1066\" \/>\n\t<meta property=\"og:image:type\" content=\"image\/jpeg\" \/>\n<meta name=\"author\" content=\"Reda\u00e7\u00e3o Portal MF\" \/>\n<meta name=\"twitter:card\" content=\"summary_large_image\" \/>\n<meta name=\"twitter:creator\" content=\"@https:\/\/x.com\/portalmfoficial\" \/>\n<meta name=\"twitter:label1\" content=\"Escrito por\" \/>\n\t<meta name=\"twitter:data1\" content=\"Reda\u00e7\u00e3o Portal MF\" \/>\n\t<meta name=\"twitter:label2\" content=\"Est. tempo de leitura\" \/>\n\t<meta name=\"twitter:data2\" content=\"3 minutos\" \/>\n<script type=\"application\/ld+json\" class=\"yoast-schema-graph\">{\"@context\":\"https:\/\/schema.org\",\"@graph\":[{\"@type\":\"WebPage\",\"@id\":\"https:\/\/portalmf.com.br\/index.php\/2023\/01\/09\/ensaios-da-anitta-reune-quase-10-mil-pessoas-em-salvador\/\",\"url\":\"https:\/\/portalmf.com.br\/index.php\/2023\/01\/09\/ensaios-da-anitta-reune-quase-10-mil-pessoas-em-salvador\/\",\"name\":\"Ensaios da Anitta re\u00fane quase 10 mil pessoas em Salvador - Portal MF\",\"isPartOf\":{\"@id\":\"https:\/\/portalmf.com.br\/#website\"},\"primaryImageOfPage\":{\"@id\":\"https:\/\/portalmf.com.br\/index.php\/2023\/01\/09\/ensaios-da-anitta-reune-quase-10-mil-pessoas-em-salvador\/#primaryimage\"},\"image\":{\"@id\":\"https:\/\/portalmf.com.br\/index.php\/2023\/01\/09\/ensaios-da-anitta-reune-quase-10-mil-pessoas-em-salvador\/#primaryimage\"},\"thumbnailUrl\":\"https:\/\/portalmf.com.br\/wp-content\/uploads\/2023\/01\/Ensaios-da-Anitta-1.jpg\",\"datePublished\":\"2023-01-09T20:05:14+00:00\",\"dateModified\":\"2023-01-09T20:09:11+00:00\",\"author\":{\"@id\":\"https:\/\/portalmf.com.br\/#\/schema\/person\/9ec101baf56233e53520c26de5d6f6f0\"},\"breadcrumb\":{\"@id\":\"https:\/\/portalmf.com.br\/index.php\/2023\/01\/09\/ensaios-da-anitta-reune-quase-10-mil-pessoas-em-salvador\/#breadcrumb\"},\"inLanguage\":\"pt-BR\",\"potentialAction\":[{\"@type\":\"ReadAction\",\"target\":[\"https:\/\/portalmf.com.br\/index.php\/2023\/01\/09\/ensaios-da-anitta-reune-quase-10-mil-pessoas-em-salvador\/\"]}]},{\"@type\":\"ImageObject\",\"inLanguage\":\"pt-BR\",\"@id\":\"https:\/\/portalmf.com.br\/index.php\/2023\/01\/09\/ensaios-da-anitta-reune-quase-10-mil-pessoas-em-salvador\/#primaryimage\",\"url\":\"https:\/\/portalmf.com.br\/wp-content\/uploads\/2023\/01\/Ensaios-da-Anitta-1.jpg\",\"contentUrl\":\"https:\/\/portalmf.com.br\/wp-content\/uploads\/2023\/01\/Ensaios-da-Anitta-1.jpg\",\"width\":1600,\"height\":1066,\"caption\":\"Foto: S\u00e9rcio Freitas\"},{\"@type\":\"BreadcrumbList\",\"@id\":\"https:\/\/portalmf.com.br\/index.php\/2023\/01\/09\/ensaios-da-anitta-reune-quase-10-mil-pessoas-em-salvador\/#breadcrumb\",\"itemListElement\":[{\"@type\":\"ListItem\",\"position\":1,\"name\":\"In\u00edcio\",\"item\":\"https:\/\/portalmf.com.br\/\"},{\"@type\":\"ListItem\",\"position\":2,\"name\":\"Ensaios da Anitta re\u00fane quase 10 mil pessoas em Salvador\"}]},{\"@type\":\"WebSite\",\"@id\":\"https:\/\/portalmf.com.br\/#website\",\"url\":\"https:\/\/portalmf.com.br\/\",\"name\":\"Portal MF\",\"description\":\"Voc\u00ea conectado com a informa\u00e7\u00e3o\",\"potentialAction\":[{\"@type\":\"SearchAction\",\"target\":{\"@type\":\"EntryPoint\",\"urlTemplate\":\"https:\/\/portalmf.com.br\/?s={search_term_string}\"},\"query-input\":\"required name=search_term_string\"}],\"inLanguage\":\"pt-BR\"},{\"@type\":\"Person\",\"@id\":\"https:\/\/portalmf.com.br\/#\/schema\/person\/9ec101baf56233e53520c26de5d6f6f0\",\"name\":\"Reda\u00e7\u00e3o Portal MF\",\"image\":{\"@type\":\"ImageObject\",\"inLanguage\":\"pt-BR\",\"@id\":\"https:\/\/portalmf.com.br\/#\/schema\/person\/image\/\",\"url\":\"https:\/\/secure.gravatar.com\/avatar\/41b9aaeb2100835f7c64362330f74c7f?s=96&d=mm&r=g\",\"contentUrl\":\"https:\/\/secure.gravatar.com\/avatar\/41b9aaeb2100835f7c64362330f74c7f?s=96&d=mm&r=g\",\"caption\":\"Reda\u00e7\u00e3o Portal MF\"},\"description\":\"Sejam bem-vindos o portal de informa\u00e7\u00f5es de entretenimento de Feira de Santana, desde 2006 realiza coberturas dos principais eventos com entrevistas exclusivas com as principais personalidades mundiais. Fique conectado tamb\u00e9m nas redes sociais.\",\"sameAs\":[\"http:\/\/www.portalmf.com.br\/\",\"https:\/\/www.facebook.com\/portalmfoficial\",\"https:\/\/www.instagram.com\/portalmf\/\",\"https:\/\/x.com\/https:\/\/x.com\/portalmfoficial\",\"https:\/\/www.youtube.com\/@portalmfoficial\"],\"url\":\"https:\/\/portalmf.com.br\/index.php\/author\/junior\/\"}]}<\/script>\n<!-- \/ Yoast SEO plugin. -->","yoast_head_json":{"title":"Ensaios da Anitta re\u00fane quase 10 mil pessoas em Salvador - Portal MF","robots":{"index":"index","follow":"follow","max-snippet":"max-snippet:-1","max-image-preview":"max-image-preview:large","max-video-preview":"max-video-preview:-1"},"canonical":"https:\/\/portalmf.com.br\/index.php\/2023\/01\/09\/ensaios-da-anitta-reune-quase-10-mil-pessoas-em-salvador\/","og_locale":"pt_BR","og_type":"article","og_title":"Ensaios da Anitta re\u00fane quase 10 mil pessoas em Salvador - Portal MF","og_description":"A cidade que respira Carnaval parou na noite de s\u00e1bado (07) para acompanhar a estreia do \u201cEnsaios da Anitta\u201d. A festa reuniu quase 10 mil pessoas no Centro de Conven\u00e7\u00f5es, em uma \u00e1rea de frente para o mar, com todo o clima que j\u00e1 \u00e9 marca registrada de Salvador. E foi uma verdadeira pr\u00e9via do [&hellip;]","og_url":"https:\/\/portalmf.com.br\/index.php\/2023\/01\/09\/ensaios-da-anitta-reune-quase-10-mil-pessoas-em-salvador\/","og_site_name":"Portal MF","article_author":"https:\/\/www.facebook.com\/portalmfoficial","article_published_time":"2023-01-09T20:05:14+00:00","article_modified_time":"2023-01-09T20:09:11+00:00","og_image":[{"width":1600,"height":1066,"url":"https:\/\/portalmf.com.br\/wp-content\/uploads\/2023\/01\/Ensaios-da-Anitta-1.jpg","type":"image\/jpeg"}],"author":"Reda\u00e7\u00e3o Portal MF","twitter_card":"summary_large_image","twitter_creator":"@https:\/\/x.com\/portalmfoficial","twitter_misc":{"Escrito por":"Reda\u00e7\u00e3o Portal MF","Est. tempo de leitura":"3 minutos"},"schema":{"@context":"https:\/\/schema.org","@graph":[{"@type":"WebPage","@id":"https:\/\/portalmf.com.br\/index.php\/2023\/01\/09\/ensaios-da-anitta-reune-quase-10-mil-pessoas-em-salvador\/","url":"https:\/\/portalmf.com.br\/index.php\/2023\/01\/09\/ensaios-da-anitta-reune-quase-10-mil-pessoas-em-salvador\/","name":"Ensaios da Anitta re\u00fane quase 10 mil pessoas em Salvador - Portal MF","isPartOf":{"@id":"https:\/\/portalmf.com.br\/#website"},"primaryImageOfPage":{"@id":"https:\/\/portalmf.com.br\/index.php\/2023\/01\/09\/ensaios-da-anitta-reune-quase-10-mil-pessoas-em-salvador\/#primaryimage"},"image":{"@id":"https:\/\/portalmf.com.br\/index.php\/2023\/01\/09\/ensaios-da-anitta-reune-quase-10-mil-pessoas-em-salvador\/#primaryimage"},"thumbnailUrl":"https:\/\/portalmf.com.br\/wp-content\/uploads\/2023\/01\/Ensaios-da-Anitta-1.jpg","datePublished":"2023-01-09T20:05:14+00:00","dateModified":"2023-01-09T20:09:11+00:00","author":{"@id":"https:\/\/portalmf.com.br\/#\/schema\/person\/9ec101baf56233e53520c26de5d6f6f0"},"breadcrumb":{"@id":"https:\/\/portalmf.com.br\/index.php\/2023\/01\/09\/ensaios-da-anitta-reune-quase-10-mil-pessoas-em-salvador\/#breadcrumb"},"inLanguage":"pt-BR","potentialAction":[{"@type":"ReadAction","target":["https:\/\/portalmf.com.br\/index.php\/2023\/01\/09\/ensaios-da-anitta-reune-quase-10-mil-pessoas-em-salvador\/"]}]},{"@type":"ImageObject","inLanguage":"pt-BR","@id":"https:\/\/portalmf.com.br\/index.php\/2023\/01\/09\/ensaios-da-anitta-reune-quase-10-mil-pessoas-em-salvador\/#primaryimage","url":"https:\/\/portalmf.com.br\/wp-content\/uploads\/2023\/01\/Ensaios-da-Anitta-1.jpg","contentUrl":"https:\/\/portalmf.com.br\/wp-content\/uploads\/2023\/01\/Ensaios-da-Anitta-1.jpg","width":1600,"height":1066,"caption":"Foto: S\u00e9rcio Freitas"},{"@type":"BreadcrumbList","@id":"https:\/\/portalmf.com.br\/index.php\/2023\/01\/09\/ensaios-da-anitta-reune-quase-10-mil-pessoas-em-salvador\/#breadcrumb","itemListElement":[{"@type":"ListItem","position":1,"name":"In\u00edcio","item":"https:\/\/portalmf.com.br\/"},{"@type":"ListItem","position":2,"name":"Ensaios da Anitta re\u00fane quase 10 mil pessoas em Salvador"}]},{"@type":"WebSite","@id":"https:\/\/portalmf.com.br\/#website","url":"https:\/\/portalmf.com.br\/","name":"Portal MF","description":"Voc\u00ea conectado com a informa\u00e7\u00e3o","potentialAction":[{"@type":"SearchAction","target":{"@type":"EntryPoint","urlTemplate":"https:\/\/portalmf.com.br\/?s={search_term_string}"},"query-input":"required name=search_term_string"}],"inLanguage":"pt-BR"},{"@type":"Person","@id":"https:\/\/portalmf.com.br\/#\/schema\/person\/9ec101baf56233e53520c26de5d6f6f0","name":"Reda\u00e7\u00e3o Portal MF","image":{"@type":"ImageObject","inLanguage":"pt-BR","@id":"https:\/\/portalmf.com.br\/#\/schema\/person\/image\/","url":"https:\/\/secure.gravatar.com\/avatar\/41b9aaeb2100835f7c64362330f74c7f?s=96&d=mm&r=g","contentUrl":"https:\/\/secure.gravatar.com\/avatar\/41b9aaeb2100835f7c64362330f74c7f?s=96&d=mm&r=g","caption":"Reda\u00e7\u00e3o Portal MF"},"description":"Sejam bem-vindos o portal de informa\u00e7\u00f5es de entretenimento de Feira de Santana, desde 2006 realiza coberturas dos principais eventos com entrevistas exclusivas com as principais personalidades mundiais. Fique conectado tamb\u00e9m nas redes sociais.","sameAs":["http:\/\/www.portalmf.com.br\/","https:\/\/www.facebook.com\/portalmfoficial","https:\/\/www.instagram.com\/portalmf\/","https:\/\/x.com\/https:\/\/x.com\/portalmfoficial","https:\/\/www.youtube.com\/@portalmfoficial"],"url":"https:\/\/portalmf.com.br\/index.php\/author\/junior\/"}]}},"_links":{"self":[{"href":"https:\/\/portalmf.com.br\/index.php\/wp-json\/wp\/v2\/posts\/7712"}],"collection":[{"href":"https:\/\/portalmf.com.br\/index.php\/wp-json\/wp\/v2\/posts"}],"about":[{"href":"https:\/\/portalmf.com.br\/index.php\/wp-json\/wp\/v2\/types\/post"}],"author":[{"embeddable":true,"href":"https:\/\/portalmf.com.br\/index.php\/wp-json\/wp\/v2\/users\/3"}],"replies":[{"embeddable":true,"href":"https:\/\/portalmf.com.br\/index.php\/wp-json\/wp\/v2\/comments?post=7712"}],"version-history":[{"count":2,"href":"https:\/\/portalmf.com.br\/index.php\/wp-json\/wp\/v2\/posts\/7712\/revisions"}],"predecessor-version":[{"id":7721,"href":"https:\/\/portalmf.com.br\/index.php\/wp-json\/wp\/v2\/posts\/7712\/revisions\/7721"}],"wp:featuredmedia":[{"embeddable":true,"href":"https:\/\/portalmf.com.br\/index.php\/wp-json\/wp\/v2\/media\/7718"}],"wp:attachment":[{"href":"https:\/\/portalmf.com.br\/index.php\/wp-json\/wp\/v2\/media?parent=7712"}],"wp:term":[{"taxonomy":"category","embeddable":true,"href":"https:\/\/portalmf.com.br\/index.php\/wp-json\/wp\/v2\/categories?post=7712"},{"taxonomy":"post_tag","embeddable":true,"href":"https:\/\/portalmf.com.br\/index.php\/wp-json\/wp\/v2\/tags?post=7712"}],"curies":[{"name":"wp","href":"https:\/\/api.w.org\/{rel}","templated":true}]}}