{"id":7677,"date":"2023-01-08T18:29:15","date_gmt":"2023-01-08T21:29:15","guid":{"rendered":"https:\/\/portalmf.com.br\/?p=7677"},"modified":"2023-01-08T18:31:01","modified_gmt":"2023-01-08T21:31:01","slug":"lula-decreta-intervencao-federal-no-df","status":"publish","type":"post","link":"https:\/\/portalmf.com.br\/index.php\/2023\/01\/08\/lula-decreta-intervencao-federal-no-df\/","title":{"rendered":"Lula decreta interven\u00e7\u00e3o federal no DF"},"content":{"rendered":"\n<p>O presidente Luiz In\u00e1cio Lula da Silva anunciou, neste domingo (8), a decreta\u00e7\u00e3o de interven\u00e7\u00e3o federal no Distrito Federal, em resposta, aos atos antidemocr\u00e1ticos que invadiram e depredaram os pr\u00e9dios dos Tr\u00eas Poderes em Bras\u00edlia nesta tarde.<\/p>\n\n\n\n<p>A ordem vale at\u00e9 31 de janeiro. De acordo com o decreto, o objetivo \u00e9 \u201cp\u00f4r termo ao grave comprometimento da ordem p\u00fablica\u201d. O decreto nomeia Ricardo Garcia Cappelli para o cargo de interventor. \u201cO interventor fica subordinado ao Presidente da Rep\u00fablica e n\u00e3o est\u00e1 sujeito \u00e0s normas distritais que conflitarem com as medidas necess\u00e1rias \u00e0 execu\u00e7\u00e3o da interven\u00e7\u00e3o\u201d, diz o decreto.<\/p>\n\n\n\n<p>Lula, que est\u00e1 em Araraquara, no interior de S\u00e3o Paulo, para onde foi neste final de semana para acompanhar danos causados pelas chuvas na regi\u00e3o, falou a jornalistas nesta tarde depois que manifestantes bolsonaristas avan\u00e7aram pela Esplanada dos Minist\u00e9rios e invadiram o Congresso Nacional, em protestos antidemocr\u00e1ticos que contestam o resultado das elei\u00e7\u00f5es de outubro.<\/p>\n\n\n\n<figure class=\"wp-block-gallery has-nested-images columns-default is-cropped wp-block-gallery-1 is-layout-flex wp-block-gallery-is-layout-flex\">\n<figure class=\"wp-block-image size-large\"><img fetchpriority=\"high\" decoding=\"async\" width=\"762\" height=\"1024\" data-id=\"7681\" src=\"https:\/\/portalmf.com.br\/wp-content\/uploads\/2023\/01\/IMG-20230108-WA0086-762x1024.jpg\" alt=\"\" class=\"wp-image-7681\" srcset=\"https:\/\/portalmf.com.br\/wp-content\/uploads\/2023\/01\/IMG-20230108-WA0086-762x1024.jpg 762w, https:\/\/portalmf.com.br\/wp-content\/uploads\/2023\/01\/IMG-20230108-WA0086-223x300.jpg 223w, https:\/\/portalmf.com.br\/wp-content\/uploads\/2023\/01\/IMG-20230108-WA0086-768x1032.jpg 768w, https:\/\/portalmf.com.br\/wp-content\/uploads\/2023\/01\/IMG-20230108-WA0086-585x786.jpg 585w, https:\/\/portalmf.com.br\/wp-content\/uploads\/2023\/01\/IMG-20230108-WA0086.jpg 1000w\" sizes=\"(max-width: 762px) 100vw, 762px\" \/><\/figure>\n\n\n\n<figure class=\"wp-block-image size-large\"><img decoding=\"async\" width=\"723\" height=\"1024\" data-id=\"7682\" src=\"https:\/\/portalmf.com.br\/wp-content\/uploads\/2023\/01\/IMG-20230108-WA0087-723x1024.jpg\" alt=\"\" class=\"wp-image-7682\" srcset=\"https:\/\/portalmf.com.br\/wp-content\/uploads\/2023\/01\/IMG-20230108-WA0087-723x1024.jpg 723w, https:\/\/portalmf.com.br\/wp-content\/uploads\/2023\/01\/IMG-20230108-WA0087-212x300.jpg 212w, https:\/\/portalmf.com.br\/wp-content\/uploads\/2023\/01\/IMG-20230108-WA0087-768x1088.jpg 768w, https:\/\/portalmf.com.br\/wp-content\/uploads\/2023\/01\/IMG-20230108-WA0087-585x829.jpg 585w, https:\/\/portalmf.com.br\/wp-content\/uploads\/2023\/01\/IMG-20230108-WA0087.jpg 792w\" sizes=\"(max-width: 723px) 100vw, 723px\" \/><\/figure>\n<\/figure>\n\n\n\n<p>Com informa\u00e7\u00f5es da CNN Brasil<\/p>\n","protected":false},"excerpt":{"rendered":"<p>O presidente Luiz In\u00e1cio Lula da Silva anunciou, neste domingo (8), a decreta\u00e7\u00e3o de interven\u00e7\u00e3o federal no Distrito Federal, em resposta, aos atos antidemocr\u00e1ticos que invadiram e depredaram os pr\u00e9dios dos Tr\u00eas Poderes em Bras\u00edlia nesta tarde. A ordem vale at\u00e9 31 de janeiro. De acordo com o decreto, o objetivo \u00e9 \u201cp\u00f4r termo ao [&hellip;]<\/p>\n","protected":false},"author":3,"featured_media":7678,"comment_status":"open","ping_status":"open","sticky":false,"template":"","format":"standard","meta":{"_monsterinsights_skip_tracking":false,"_monsterinsights_sitenote_active":false,"_monsterinsights_sitenote_note":"","_monsterinsights_sitenote_category":0,"footnotes":""},"categories":[34],"tags":[],"yoast_head":"<!-- This site is optimized with the Yoast SEO plugin v22.9 - https:\/\/yoast.com\/wordpress\/plugins\/seo\/ -->\n<title>Lula decreta interven\u00e7\u00e3o federal no DF - Portal MF<\/title>\n<meta name=\"robots\" content=\"index, follow, max-snippet:-1, max-image-preview:large, max-video-preview:-1\" \/>\n<link rel=\"canonical\" href=\"https:\/\/portalmf.com.br\/index.php\/2023\/01\/08\/lula-decreta-intervencao-federal-no-df\/\" \/>\n<meta property=\"og:locale\" content=\"pt_BR\" \/>\n<meta property=\"og:type\" content=\"article\" \/>\n<meta property=\"og:title\" content=\"Lula decreta interven\u00e7\u00e3o federal no DF - Portal MF\" \/>\n<meta property=\"og:description\" content=\"O presidente Luiz In\u00e1cio Lula da Silva anunciou, neste domingo (8), a decreta\u00e7\u00e3o de interven\u00e7\u00e3o federal no Distrito Federal, em resposta, aos atos antidemocr\u00e1ticos que invadiram e depredaram os pr\u00e9dios dos Tr\u00eas Poderes em Bras\u00edlia nesta tarde. A ordem vale at\u00e9 31 de janeiro. De acordo com o decreto, o objetivo \u00e9 \u201cp\u00f4r termo ao [&hellip;]\" \/>\n<meta property=\"og:url\" content=\"https:\/\/portalmf.com.br\/index.php\/2023\/01\/08\/lula-decreta-intervencao-federal-no-df\/\" \/>\n<meta property=\"og:site_name\" content=\"Portal MF\" \/>\n<meta property=\"article:author\" content=\"https:\/\/www.facebook.com\/portalmfoficial\" \/>\n<meta property=\"article:published_time\" content=\"2023-01-08T21:29:15+00:00\" \/>\n<meta property=\"article:modified_time\" content=\"2023-01-08T21:31:01+00:00\" \/>\n<meta property=\"og:image\" content=\"https:\/\/portalmf.com.br\/wp-content\/uploads\/2023\/01\/manifestacao1_mcamgo_abr_080120231818-5.jpg\" \/>\n\t<meta property=\"og:image:width\" content=\"1170\" \/>\n\t<meta property=\"og:image:height\" content=\"700\" \/>\n\t<meta property=\"og:image:type\" content=\"image\/jpeg\" \/>\n<meta name=\"author\" content=\"Reda\u00e7\u00e3o Portal MF\" \/>\n<meta name=\"twitter:card\" content=\"summary_large_image\" \/>\n<meta name=\"twitter:creator\" content=\"@https:\/\/x.com\/portalmfoficial\" \/>\n<meta name=\"twitter:label1\" content=\"Escrito por\" \/>\n\t<meta name=\"twitter:data1\" content=\"Reda\u00e7\u00e3o Portal MF\" \/>\n\t<meta name=\"twitter:label2\" content=\"Est. tempo de leitura\" \/>\n\t<meta name=\"twitter:data2\" content=\"2 minutos\" \/>\n<script type=\"application\/ld+json\" class=\"yoast-schema-graph\">{\"@context\":\"https:\/\/schema.org\",\"@graph\":[{\"@type\":\"WebPage\",\"@id\":\"https:\/\/portalmf.com.br\/index.php\/2023\/01\/08\/lula-decreta-intervencao-federal-no-df\/\",\"url\":\"https:\/\/portalmf.com.br\/index.php\/2023\/01\/08\/lula-decreta-intervencao-federal-no-df\/\",\"name\":\"Lula decreta interven\u00e7\u00e3o federal no DF - Portal MF\",\"isPartOf\":{\"@id\":\"https:\/\/portalmf.com.br\/#website\"},\"primaryImageOfPage\":{\"@id\":\"https:\/\/portalmf.com.br\/index.php\/2023\/01\/08\/lula-decreta-intervencao-federal-no-df\/#primaryimage\"},\"image\":{\"@id\":\"https:\/\/portalmf.com.br\/index.php\/2023\/01\/08\/lula-decreta-intervencao-federal-no-df\/#primaryimage\"},\"thumbnailUrl\":\"https:\/\/portalmf.com.br\/wp-content\/uploads\/2023\/01\/manifestacao1_mcamgo_abr_080120231818-5.jpg\",\"datePublished\":\"2023-01-08T21:29:15+00:00\",\"dateModified\":\"2023-01-08T21:31:01+00:00\",\"author\":{\"@id\":\"https:\/\/portalmf.com.br\/#\/schema\/person\/9ec101baf56233e53520c26de5d6f6f0\"},\"breadcrumb\":{\"@id\":\"https:\/\/portalmf.com.br\/index.php\/2023\/01\/08\/lula-decreta-intervencao-federal-no-df\/#breadcrumb\"},\"inLanguage\":\"pt-BR\",\"potentialAction\":[{\"@type\":\"ReadAction\",\"target\":[\"https:\/\/portalmf.com.br\/index.php\/2023\/01\/08\/lula-decreta-intervencao-federal-no-df\/\"]}]},{\"@type\":\"ImageObject\",\"inLanguage\":\"pt-BR\",\"@id\":\"https:\/\/portalmf.com.br\/index.php\/2023\/01\/08\/lula-decreta-intervencao-federal-no-df\/#primaryimage\",\"url\":\"https:\/\/portalmf.com.br\/wp-content\/uploads\/2023\/01\/manifestacao1_mcamgo_abr_080120231818-5.jpg\",\"contentUrl\":\"https:\/\/portalmf.com.br\/wp-content\/uploads\/2023\/01\/manifestacao1_mcamgo_abr_080120231818-5.jpg\",\"width\":1170,\"height\":700,\"caption\":\"Manifestantes invadem Congresso, STF e Pal\u00e1cio do Planalto.\"},{\"@type\":\"BreadcrumbList\",\"@id\":\"https:\/\/portalmf.com.br\/index.php\/2023\/01\/08\/lula-decreta-intervencao-federal-no-df\/#breadcrumb\",\"itemListElement\":[{\"@type\":\"ListItem\",\"position\":1,\"name\":\"In\u00edcio\",\"item\":\"https:\/\/portalmf.com.br\/\"},{\"@type\":\"ListItem\",\"position\":2,\"name\":\"Lula decreta interven\u00e7\u00e3o federal no DF\"}]},{\"@type\":\"WebSite\",\"@id\":\"https:\/\/portalmf.com.br\/#website\",\"url\":\"https:\/\/portalmf.com.br\/\",\"name\":\"Portal MF\",\"description\":\"Voc\u00ea conectado com a informa\u00e7\u00e3o\",\"potentialAction\":[{\"@type\":\"SearchAction\",\"target\":{\"@type\":\"EntryPoint\",\"urlTemplate\":\"https:\/\/portalmf.com.br\/?s={search_term_string}\"},\"query-input\":\"required name=search_term_string\"}],\"inLanguage\":\"pt-BR\"},{\"@type\":\"Person\",\"@id\":\"https:\/\/portalmf.com.br\/#\/schema\/person\/9ec101baf56233e53520c26de5d6f6f0\",\"name\":\"Reda\u00e7\u00e3o Portal MF\",\"image\":{\"@type\":\"ImageObject\",\"inLanguage\":\"pt-BR\",\"@id\":\"https:\/\/portalmf.com.br\/#\/schema\/person\/image\/\",\"url\":\"https:\/\/secure.gravatar.com\/avatar\/41b9aaeb2100835f7c64362330f74c7f?s=96&d=mm&r=g\",\"contentUrl\":\"https:\/\/secure.gravatar.com\/avatar\/41b9aaeb2100835f7c64362330f74c7f?s=96&d=mm&r=g\",\"caption\":\"Reda\u00e7\u00e3o Portal MF\"},\"description\":\"Sejam bem-vindos o portal de informa\u00e7\u00f5es de entretenimento de Feira de Santana, desde 2006 realiza coberturas dos principais eventos com entrevistas exclusivas com as principais personalidades mundiais. Fique conectado tamb\u00e9m nas redes sociais.\",\"sameAs\":[\"http:\/\/www.portalmf.com.br\/\",\"https:\/\/www.facebook.com\/portalmfoficial\",\"https:\/\/www.instagram.com\/portalmf\/\",\"https:\/\/x.com\/https:\/\/x.com\/portalmfoficial\",\"https:\/\/www.youtube.com\/@portalmfoficial\"],\"url\":\"https:\/\/portalmf.com.br\/index.php\/author\/junior\/\"}]}<\/script>\n<!-- \/ Yoast SEO plugin. -->","yoast_head_json":{"title":"Lula decreta interven\u00e7\u00e3o federal no DF - Portal MF","robots":{"index":"index","follow":"follow","max-snippet":"max-snippet:-1","max-image-preview":"max-image-preview:large","max-video-preview":"max-video-preview:-1"},"canonical":"https:\/\/portalmf.com.br\/index.php\/2023\/01\/08\/lula-decreta-intervencao-federal-no-df\/","og_locale":"pt_BR","og_type":"article","og_title":"Lula decreta interven\u00e7\u00e3o federal no DF - Portal MF","og_description":"O presidente Luiz In\u00e1cio Lula da Silva anunciou, neste domingo (8), a decreta\u00e7\u00e3o de interven\u00e7\u00e3o federal no Distrito Federal, em resposta, aos atos antidemocr\u00e1ticos que invadiram e depredaram os pr\u00e9dios dos Tr\u00eas Poderes em Bras\u00edlia nesta tarde. A ordem vale at\u00e9 31 de janeiro. De acordo com o decreto, o objetivo \u00e9 \u201cp\u00f4r termo ao [&hellip;]","og_url":"https:\/\/portalmf.com.br\/index.php\/2023\/01\/08\/lula-decreta-intervencao-federal-no-df\/","og_site_name":"Portal MF","article_author":"https:\/\/www.facebook.com\/portalmfoficial","article_published_time":"2023-01-08T21:29:15+00:00","article_modified_time":"2023-01-08T21:31:01+00:00","og_image":[{"width":1170,"height":700,"url":"https:\/\/portalmf.com.br\/wp-content\/uploads\/2023\/01\/manifestacao1_mcamgo_abr_080120231818-5.jpg","type":"image\/jpeg"}],"author":"Reda\u00e7\u00e3o Portal MF","twitter_card":"summary_large_image","twitter_creator":"@https:\/\/x.com\/portalmfoficial","twitter_misc":{"Escrito por":"Reda\u00e7\u00e3o Portal MF","Est. tempo de leitura":"2 minutos"},"schema":{"@context":"https:\/\/schema.org","@graph":[{"@type":"WebPage","@id":"https:\/\/portalmf.com.br\/index.php\/2023\/01\/08\/lula-decreta-intervencao-federal-no-df\/","url":"https:\/\/portalmf.com.br\/index.php\/2023\/01\/08\/lula-decreta-intervencao-federal-no-df\/","name":"Lula decreta interven\u00e7\u00e3o federal no DF - Portal MF","isPartOf":{"@id":"https:\/\/portalmf.com.br\/#website"},"primaryImageOfPage":{"@id":"https:\/\/portalmf.com.br\/index.php\/2023\/01\/08\/lula-decreta-intervencao-federal-no-df\/#primaryimage"},"image":{"@id":"https:\/\/portalmf.com.br\/index.php\/2023\/01\/08\/lula-decreta-intervencao-federal-no-df\/#primaryimage"},"thumbnailUrl":"https:\/\/portalmf.com.br\/wp-content\/uploads\/2023\/01\/manifestacao1_mcamgo_abr_080120231818-5.jpg","datePublished":"2023-01-08T21:29:15+00:00","dateModified":"2023-01-08T21:31:01+00:00","author":{"@id":"https:\/\/portalmf.com.br\/#\/schema\/person\/9ec101baf56233e53520c26de5d6f6f0"},"breadcrumb":{"@id":"https:\/\/portalmf.com.br\/index.php\/2023\/01\/08\/lula-decreta-intervencao-federal-no-df\/#breadcrumb"},"inLanguage":"pt-BR","potentialAction":[{"@type":"ReadAction","target":["https:\/\/portalmf.com.br\/index.php\/2023\/01\/08\/lula-decreta-intervencao-federal-no-df\/"]}]},{"@type":"ImageObject","inLanguage":"pt-BR","@id":"https:\/\/portalmf.com.br\/index.php\/2023\/01\/08\/lula-decreta-intervencao-federal-no-df\/#primaryimage","url":"https:\/\/portalmf.com.br\/wp-content\/uploads\/2023\/01\/manifestacao1_mcamgo_abr_080120231818-5.jpg","contentUrl":"https:\/\/portalmf.com.br\/wp-content\/uploads\/2023\/01\/manifestacao1_mcamgo_abr_080120231818-5.jpg","width":1170,"height":700,"caption":"Manifestantes invadem Congresso, STF e Pal\u00e1cio do Planalto."},{"@type":"BreadcrumbList","@id":"https:\/\/portalmf.com.br\/index.php\/2023\/01\/08\/lula-decreta-intervencao-federal-no-df\/#breadcrumb","itemListElement":[{"@type":"ListItem","position":1,"name":"In\u00edcio","item":"https:\/\/portalmf.com.br\/"},{"@type":"ListItem","position":2,"name":"Lula decreta interven\u00e7\u00e3o federal no DF"}]},{"@type":"WebSite","@id":"https:\/\/portalmf.com.br\/#website","url":"https:\/\/portalmf.com.br\/","name":"Portal MF","description":"Voc\u00ea conectado com a informa\u00e7\u00e3o","potentialAction":[{"@type":"SearchAction","target":{"@type":"EntryPoint","urlTemplate":"https:\/\/portalmf.com.br\/?s={search_term_string}"},"query-input":"required name=search_term_string"}],"inLanguage":"pt-BR"},{"@type":"Person","@id":"https:\/\/portalmf.com.br\/#\/schema\/person\/9ec101baf56233e53520c26de5d6f6f0","name":"Reda\u00e7\u00e3o Portal MF","image":{"@type":"ImageObject","inLanguage":"pt-BR","@id":"https:\/\/portalmf.com.br\/#\/schema\/person\/image\/","url":"https:\/\/secure.gravatar.com\/avatar\/41b9aaeb2100835f7c64362330f74c7f?s=96&d=mm&r=g","contentUrl":"https:\/\/secure.gravatar.com\/avatar\/41b9aaeb2100835f7c64362330f74c7f?s=96&d=mm&r=g","caption":"Reda\u00e7\u00e3o Portal MF"},"description":"Sejam bem-vindos o portal de informa\u00e7\u00f5es de entretenimento de Feira de Santana, desde 2006 realiza coberturas dos principais eventos com entrevistas exclusivas com as principais personalidades mundiais. Fique conectado tamb\u00e9m nas redes sociais.","sameAs":["http:\/\/www.portalmf.com.br\/","https:\/\/www.facebook.com\/portalmfoficial","https:\/\/www.instagram.com\/portalmf\/","https:\/\/x.com\/https:\/\/x.com\/portalmfoficial","https:\/\/www.youtube.com\/@portalmfoficial"],"url":"https:\/\/portalmf.com.br\/index.php\/author\/junior\/"}]}},"_links":{"self":[{"href":"https:\/\/portalmf.com.br\/index.php\/wp-json\/wp\/v2\/posts\/7677"}],"collection":[{"href":"https:\/\/portalmf.com.br\/index.php\/wp-json\/wp\/v2\/posts"}],"about":[{"href":"https:\/\/portalmf.com.br\/index.php\/wp-json\/wp\/v2\/types\/post"}],"author":[{"embeddable":true,"href":"https:\/\/portalmf.com.br\/index.php\/wp-json\/wp\/v2\/users\/3"}],"replies":[{"embeddable":true,"href":"https:\/\/portalmf.com.br\/index.php\/wp-json\/wp\/v2\/comments?post=7677"}],"version-history":[{"count":2,"href":"https:\/\/portalmf.com.br\/index.php\/wp-json\/wp\/v2\/posts\/7677\/revisions"}],"predecessor-version":[{"id":7683,"href":"https:\/\/portalmf.com.br\/index.php\/wp-json\/wp\/v2\/posts\/7677\/revisions\/7683"}],"wp:featuredmedia":[{"embeddable":true,"href":"https:\/\/portalmf.com.br\/index.php\/wp-json\/wp\/v2\/media\/7678"}],"wp:attachment":[{"href":"https:\/\/portalmf.com.br\/index.php\/wp-json\/wp\/v2\/media?parent=7677"}],"wp:term":[{"taxonomy":"category","embeddable":true,"href":"https:\/\/portalmf.com.br\/index.php\/wp-json\/wp\/v2\/categories?post=7677"},{"taxonomy":"post_tag","embeddable":true,"href":"https:\/\/portalmf.com.br\/index.php\/wp-json\/wp\/v2\/tags?post=7677"}],"curies":[{"name":"wp","href":"https:\/\/api.w.org\/{rel}","templated":true}]}}