{"id":7674,"date":"2023-01-08T18:20:27","date_gmt":"2023-01-08T21:20:27","guid":{"rendered":"https:\/\/portalmf.com.br\/?p=7674"},"modified":"2023-01-08T18:20:29","modified_gmt":"2023-01-08T21:20:29","slug":"bolsonaristas-radicais-invadem-congresso-planalto-e-stf","status":"publish","type":"post","link":"https:\/\/portalmf.com.br\/index.php\/2023\/01\/08\/bolsonaristas-radicais-invadem-congresso-planalto-e-stf\/","title":{"rendered":"Bolsonaristas radicais invadem Congresso, Planalto e STF"},"content":{"rendered":"\n<p>Manifestantes apoiadores do ex-presidente Jair Bolsonaro inconformados com o resultado das elei\u00e7\u00f5es invadiram o Congresso Nacional, o Pal\u00e1cio do Planalto e o Supremo Tribunal Federal (STF). A invas\u00e3o come\u00e7ou ap\u00f3s a barreira formada por policiais militares na Esplanada dos Minist\u00e9rio, que estava fechada, ter sido rompida. O Congresso Nacional foi o primeiro a ser invadido, com os manifestantes ocupando a rampa e soltando foguetes. Depois eles\u00a0quebraram vidro do Sal\u00e3o Negro do Congresso e danificaram o plen\u00e1rio da Casa.\u00a0<img decoding=\"async\" src=\"https:\/\/agenciabrasil.ebc.com.br\/ebc.png?id=1502577&amp;o=node\"><img decoding=\"async\" src=\"https:\/\/agenciabrasil.ebc.com.br\/ebc.gif?id=1502577&amp;o=node\"><\/p>\n\n\n\n<p>Ap\u00f3s a depreda\u00e7\u00e3o&nbsp;no Congresso, eles invadiram o Pal\u00e1cio do Planalto e o Supremo Tribunal Federal (STF). No STF, quebraram vidros e m\u00f3veis.<\/p>\n\n\n\n<p>As imagens mostram que o efetivo de policiais militares que estava nas proximidades do Congresso Nacional usou<em>&nbsp;sprays<\/em>&nbsp;de pimenta em uma tentativa sem sucesso de conter os manifestantes que entoavam palavras de ordem golpistas.<\/p>\n\n\n\n<p>Via redes sociais, o ministro da Justi\u00e7a, Fl\u00e1vio Dino, disse que &#8220;essa absurda tentativa de impor a vontade pela for\u00e7a n\u00e3o vai prevalecer&#8221;. Ele acrescentou ter ouvido do governo do Distrito Federal que o efetivo seria refor\u00e7ado. &#8220;As for\u00e7as de que dispomos est\u00e3o agindo. Estou na sede do Minist\u00e9rio da Justi\u00e7a&#8221;, escreveu o ministro.<\/p>\n\n\n\n<p>Ex-ministro da Justi\u00e7a do governo Bolsonaro e atual secret\u00e1rio de Seguran\u00e7a P\u00fablica do Governo do Distrito Federal, Anderson Torres, que se encontra nos Estados Unidos, disse, via Twitter, ter determinado ao setor de opera\u00e7\u00f5es &#8220;provid\u00eancias imediatas para o restabelecimento da ordem no centro de Bras\u00edlia&#8221;.<\/p>\n\n\n\n<p>O ministro-chefe da Secretaria de Comunica\u00e7\u00e3o, Paulo Pimenta, disse nas redes sociais, que tem certeza que a maioria dos brasileiros quer uni\u00e3o e paz para que o Brasil siga em frente. \u201cEssa manifesta\u00e7\u00e3o \u00e9 de uma minoria golpista que n\u00e3o aceita o resultado da elei\u00e7\u00e3o e que prega a viol\u00eancia. Uma minoria violenta, que vai &nbsp;ser tratada com o rigor da lei\u201d.<\/p>\n\n\n\n<p>Presidente do Senado e do Congresso Nacional, Rodrigo Pacheco disse repudiar &#8220;veementemente esses atos antidemocr\u00e1ticos&#8221;, que, segundo ele, dever\u00e3o &#8220;sofrer o rigor da lei com urg\u00eancia&#8221;. A Pol\u00edcia Legislativa tamb\u00e9m est\u00e1 no local, na tentativa de conter a invas\u00e3o.<\/p>\n\n\n\n<p>&#8220;Conversei h\u00e1 pouco, por telefone, com o governador do Distrito Federal, Ibaneis Rocha, com quem venho mantendo contato permanente. O governador me informou que est\u00e1 concentrando os esfor\u00e7os de todo o aparato policial no sentido de controlar a situa\u00e7\u00e3o&#8221;, disse Pacheco.<\/p>\n\n\n\n<p>O presidente da C\u00e2mara publicou nas redes sociais que o Congresso Social jamais negou &#8220;voz a quem queira se manifestar pacificamente&#8221;. &#8220;Mas nunca dar\u00e1 espa\u00e7o para a baderna, a destrui\u00e7\u00e3o e vandalismo.&#8221; Na postagem, Lira diz que os respons\u00e1veis que &#8220;romoveram e acorbetaram esse ataque \u00e0 democracia brasileira e aos seus principais s\u00edmbolos devem ser identificados e punidos na forma da lei&#8221;.<\/p>\n\n\n\n<p>&#8220;A democracia pressup\u00f5e altern\u00e2ncia de poder, diverg\u00eancias de pontos de vista, mas n\u00e3o admite as cenas deprimentes que o Brasil \u00e9 supreendido nesse momento. Agiremos com rigor para preservar a liberdade, a democracia e o respeito \u00e0 Constitui\u00e7\u00e3o&#8221;, escreveu Lira.<\/p>\n\n\n\n<p>Com informa\u00e7\u00f5es da Ag\u00eancia Brasil <\/p>\n","protected":false},"excerpt":{"rendered":"<p>Manifestantes apoiadores do ex-presidente Jair Bolsonaro inconformados com o resultado das elei\u00e7\u00f5es invadiram o Congresso Nacional, o Pal\u00e1cio do Planalto e o Supremo Tribunal Federal (STF). A invas\u00e3o come\u00e7ou ap\u00f3s a barreira formada por policiais militares na Esplanada dos Minist\u00e9rio, que estava fechada, ter sido rompida. O Congresso Nacional foi o primeiro a ser invadido, [&hellip;]<\/p>\n","protected":false},"author":3,"featured_media":7675,"comment_status":"open","ping_status":"open","sticky":false,"template":"","format":"standard","meta":{"_monsterinsights_skip_tracking":false,"_monsterinsights_sitenote_active":false,"_monsterinsights_sitenote_note":"","_monsterinsights_sitenote_category":0,"footnotes":""},"categories":[34],"tags":[],"yoast_head":"<!-- This site is optimized with the Yoast SEO plugin v22.9 - https:\/\/yoast.com\/wordpress\/plugins\/seo\/ -->\n<title>Bolsonaristas radicais invadem Congresso, Planalto e STF - Portal MF<\/title>\n<meta name=\"robots\" content=\"index, follow, max-snippet:-1, max-image-preview:large, max-video-preview:-1\" \/>\n<link rel=\"canonical\" href=\"https:\/\/portalmf.com.br\/index.php\/2023\/01\/08\/bolsonaristas-radicais-invadem-congresso-planalto-e-stf\/\" \/>\n<meta property=\"og:locale\" content=\"pt_BR\" \/>\n<meta property=\"og:type\" content=\"article\" \/>\n<meta property=\"og:title\" content=\"Bolsonaristas radicais invadem Congresso, Planalto e STF - Portal MF\" \/>\n<meta property=\"og:description\" content=\"Manifestantes apoiadores do ex-presidente Jair Bolsonaro inconformados com o resultado das elei\u00e7\u00f5es invadiram o Congresso Nacional, o Pal\u00e1cio do Planalto e o Supremo Tribunal Federal (STF). A invas\u00e3o come\u00e7ou ap\u00f3s a barreira formada por policiais militares na Esplanada dos Minist\u00e9rio, que estava fechada, ter sido rompida. O Congresso Nacional foi o primeiro a ser invadido, [&hellip;]\" \/>\n<meta property=\"og:url\" content=\"https:\/\/portalmf.com.br\/index.php\/2023\/01\/08\/bolsonaristas-radicais-invadem-congresso-planalto-e-stf\/\" \/>\n<meta property=\"og:site_name\" content=\"Portal MF\" \/>\n<meta property=\"article:author\" content=\"https:\/\/www.facebook.com\/portalmfoficial\" \/>\n<meta property=\"article:published_time\" content=\"2023-01-08T21:20:27+00:00\" \/>\n<meta property=\"article:modified_time\" content=\"2023-01-08T21:20:29+00:00\" \/>\n<meta property=\"og:image\" content=\"https:\/\/portalmf.com.br\/wp-content\/uploads\/2023\/01\/manifestacao_mcamgo_abr_080120231818-9.jpg\" \/>\n\t<meta property=\"og:image:width\" content=\"1170\" \/>\n\t<meta property=\"og:image:height\" content=\"700\" \/>\n\t<meta property=\"og:image:type\" content=\"image\/jpeg\" \/>\n<meta name=\"author\" content=\"Reda\u00e7\u00e3o Portal MF\" \/>\n<meta name=\"twitter:card\" content=\"summary_large_image\" \/>\n<meta name=\"twitter:creator\" content=\"@https:\/\/x.com\/portalmfoficial\" \/>\n<meta name=\"twitter:label1\" content=\"Escrito por\" \/>\n\t<meta name=\"twitter:data1\" content=\"Reda\u00e7\u00e3o Portal MF\" \/>\n\t<meta name=\"twitter:label2\" content=\"Est. tempo de leitura\" \/>\n\t<meta name=\"twitter:data2\" content=\"4 minutos\" \/>\n<script type=\"application\/ld+json\" class=\"yoast-schema-graph\">{\"@context\":\"https:\/\/schema.org\",\"@graph\":[{\"@type\":\"WebPage\",\"@id\":\"https:\/\/portalmf.com.br\/index.php\/2023\/01\/08\/bolsonaristas-radicais-invadem-congresso-planalto-e-stf\/\",\"url\":\"https:\/\/portalmf.com.br\/index.php\/2023\/01\/08\/bolsonaristas-radicais-invadem-congresso-planalto-e-stf\/\",\"name\":\"Bolsonaristas radicais invadem Congresso, Planalto e STF - Portal MF\",\"isPartOf\":{\"@id\":\"https:\/\/portalmf.com.br\/#website\"},\"primaryImageOfPage\":{\"@id\":\"https:\/\/portalmf.com.br\/index.php\/2023\/01\/08\/bolsonaristas-radicais-invadem-congresso-planalto-e-stf\/#primaryimage\"},\"image\":{\"@id\":\"https:\/\/portalmf.com.br\/index.php\/2023\/01\/08\/bolsonaristas-radicais-invadem-congresso-planalto-e-stf\/#primaryimage\"},\"thumbnailUrl\":\"https:\/\/portalmf.com.br\/wp-content\/uploads\/2023\/01\/manifestacao_mcamgo_abr_080120231818-9.jpg\",\"datePublished\":\"2023-01-08T21:20:27+00:00\",\"dateModified\":\"2023-01-08T21:20:29+00:00\",\"author\":{\"@id\":\"https:\/\/portalmf.com.br\/#\/schema\/person\/9ec101baf56233e53520c26de5d6f6f0\"},\"breadcrumb\":{\"@id\":\"https:\/\/portalmf.com.br\/index.php\/2023\/01\/08\/bolsonaristas-radicais-invadem-congresso-planalto-e-stf\/#breadcrumb\"},\"inLanguage\":\"pt-BR\",\"potentialAction\":[{\"@type\":\"ReadAction\",\"target\":[\"https:\/\/portalmf.com.br\/index.php\/2023\/01\/08\/bolsonaristas-radicais-invadem-congresso-planalto-e-stf\/\"]}]},{\"@type\":\"ImageObject\",\"inLanguage\":\"pt-BR\",\"@id\":\"https:\/\/portalmf.com.br\/index.php\/2023\/01\/08\/bolsonaristas-radicais-invadem-congresso-planalto-e-stf\/#primaryimage\",\"url\":\"https:\/\/portalmf.com.br\/wp-content\/uploads\/2023\/01\/manifestacao_mcamgo_abr_080120231818-9.jpg\",\"contentUrl\":\"https:\/\/portalmf.com.br\/wp-content\/uploads\/2023\/01\/manifestacao_mcamgo_abr_080120231818-9.jpg\",\"width\":1170,\"height\":700,\"caption\":\"Manifestantes invadem Congresso, STF e Pal\u00e1cio do Planalto.\"},{\"@type\":\"BreadcrumbList\",\"@id\":\"https:\/\/portalmf.com.br\/index.php\/2023\/01\/08\/bolsonaristas-radicais-invadem-congresso-planalto-e-stf\/#breadcrumb\",\"itemListElement\":[{\"@type\":\"ListItem\",\"position\":1,\"name\":\"In\u00edcio\",\"item\":\"https:\/\/portalmf.com.br\/\"},{\"@type\":\"ListItem\",\"position\":2,\"name\":\"Bolsonaristas radicais invadem Congresso, Planalto e STF\"}]},{\"@type\":\"WebSite\",\"@id\":\"https:\/\/portalmf.com.br\/#website\",\"url\":\"https:\/\/portalmf.com.br\/\",\"name\":\"Portal MF\",\"description\":\"Voc\u00ea conectado com a informa\u00e7\u00e3o\",\"potentialAction\":[{\"@type\":\"SearchAction\",\"target\":{\"@type\":\"EntryPoint\",\"urlTemplate\":\"https:\/\/portalmf.com.br\/?s={search_term_string}\"},\"query-input\":\"required name=search_term_string\"}],\"inLanguage\":\"pt-BR\"},{\"@type\":\"Person\",\"@id\":\"https:\/\/portalmf.com.br\/#\/schema\/person\/9ec101baf56233e53520c26de5d6f6f0\",\"name\":\"Reda\u00e7\u00e3o Portal MF\",\"image\":{\"@type\":\"ImageObject\",\"inLanguage\":\"pt-BR\",\"@id\":\"https:\/\/portalmf.com.br\/#\/schema\/person\/image\/\",\"url\":\"https:\/\/secure.gravatar.com\/avatar\/41b9aaeb2100835f7c64362330f74c7f?s=96&d=mm&r=g\",\"contentUrl\":\"https:\/\/secure.gravatar.com\/avatar\/41b9aaeb2100835f7c64362330f74c7f?s=96&d=mm&r=g\",\"caption\":\"Reda\u00e7\u00e3o Portal MF\"},\"description\":\"Sejam bem-vindos o portal de informa\u00e7\u00f5es de entretenimento de Feira de Santana, desde 2006 realiza coberturas dos principais eventos com entrevistas exclusivas com as principais personalidades mundiais. Fique conectado tamb\u00e9m nas redes sociais.\",\"sameAs\":[\"http:\/\/www.portalmf.com.br\/\",\"https:\/\/www.facebook.com\/portalmfoficial\",\"https:\/\/www.instagram.com\/portalmf\/\",\"https:\/\/x.com\/https:\/\/x.com\/portalmfoficial\",\"https:\/\/www.youtube.com\/@portalmfoficial\"],\"url\":\"https:\/\/portalmf.com.br\/index.php\/author\/junior\/\"}]}<\/script>\n<!-- \/ Yoast SEO plugin. -->","yoast_head_json":{"title":"Bolsonaristas radicais invadem Congresso, Planalto e STF - Portal MF","robots":{"index":"index","follow":"follow","max-snippet":"max-snippet:-1","max-image-preview":"max-image-preview:large","max-video-preview":"max-video-preview:-1"},"canonical":"https:\/\/portalmf.com.br\/index.php\/2023\/01\/08\/bolsonaristas-radicais-invadem-congresso-planalto-e-stf\/","og_locale":"pt_BR","og_type":"article","og_title":"Bolsonaristas radicais invadem Congresso, Planalto e STF - Portal MF","og_description":"Manifestantes apoiadores do ex-presidente Jair Bolsonaro inconformados com o resultado das elei\u00e7\u00f5es invadiram o Congresso Nacional, o Pal\u00e1cio do Planalto e o Supremo Tribunal Federal (STF). A invas\u00e3o come\u00e7ou ap\u00f3s a barreira formada por policiais militares na Esplanada dos Minist\u00e9rio, que estava fechada, ter sido rompida. O Congresso Nacional foi o primeiro a ser invadido, [&hellip;]","og_url":"https:\/\/portalmf.com.br\/index.php\/2023\/01\/08\/bolsonaristas-radicais-invadem-congresso-planalto-e-stf\/","og_site_name":"Portal MF","article_author":"https:\/\/www.facebook.com\/portalmfoficial","article_published_time":"2023-01-08T21:20:27+00:00","article_modified_time":"2023-01-08T21:20:29+00:00","og_image":[{"width":1170,"height":700,"url":"https:\/\/portalmf.com.br\/wp-content\/uploads\/2023\/01\/manifestacao_mcamgo_abr_080120231818-9.jpg","type":"image\/jpeg"}],"author":"Reda\u00e7\u00e3o Portal MF","twitter_card":"summary_large_image","twitter_creator":"@https:\/\/x.com\/portalmfoficial","twitter_misc":{"Escrito por":"Reda\u00e7\u00e3o Portal MF","Est. tempo de leitura":"4 minutos"},"schema":{"@context":"https:\/\/schema.org","@graph":[{"@type":"WebPage","@id":"https:\/\/portalmf.com.br\/index.php\/2023\/01\/08\/bolsonaristas-radicais-invadem-congresso-planalto-e-stf\/","url":"https:\/\/portalmf.com.br\/index.php\/2023\/01\/08\/bolsonaristas-radicais-invadem-congresso-planalto-e-stf\/","name":"Bolsonaristas radicais invadem Congresso, Planalto e STF - Portal MF","isPartOf":{"@id":"https:\/\/portalmf.com.br\/#website"},"primaryImageOfPage":{"@id":"https:\/\/portalmf.com.br\/index.php\/2023\/01\/08\/bolsonaristas-radicais-invadem-congresso-planalto-e-stf\/#primaryimage"},"image":{"@id":"https:\/\/portalmf.com.br\/index.php\/2023\/01\/08\/bolsonaristas-radicais-invadem-congresso-planalto-e-stf\/#primaryimage"},"thumbnailUrl":"https:\/\/portalmf.com.br\/wp-content\/uploads\/2023\/01\/manifestacao_mcamgo_abr_080120231818-9.jpg","datePublished":"2023-01-08T21:20:27+00:00","dateModified":"2023-01-08T21:20:29+00:00","author":{"@id":"https:\/\/portalmf.com.br\/#\/schema\/person\/9ec101baf56233e53520c26de5d6f6f0"},"breadcrumb":{"@id":"https:\/\/portalmf.com.br\/index.php\/2023\/01\/08\/bolsonaristas-radicais-invadem-congresso-planalto-e-stf\/#breadcrumb"},"inLanguage":"pt-BR","potentialAction":[{"@type":"ReadAction","target":["https:\/\/portalmf.com.br\/index.php\/2023\/01\/08\/bolsonaristas-radicais-invadem-congresso-planalto-e-stf\/"]}]},{"@type":"ImageObject","inLanguage":"pt-BR","@id":"https:\/\/portalmf.com.br\/index.php\/2023\/01\/08\/bolsonaristas-radicais-invadem-congresso-planalto-e-stf\/#primaryimage","url":"https:\/\/portalmf.com.br\/wp-content\/uploads\/2023\/01\/manifestacao_mcamgo_abr_080120231818-9.jpg","contentUrl":"https:\/\/portalmf.com.br\/wp-content\/uploads\/2023\/01\/manifestacao_mcamgo_abr_080120231818-9.jpg","width":1170,"height":700,"caption":"Manifestantes invadem Congresso, STF e Pal\u00e1cio do Planalto."},{"@type":"BreadcrumbList","@id":"https:\/\/portalmf.com.br\/index.php\/2023\/01\/08\/bolsonaristas-radicais-invadem-congresso-planalto-e-stf\/#breadcrumb","itemListElement":[{"@type":"ListItem","position":1,"name":"In\u00edcio","item":"https:\/\/portalmf.com.br\/"},{"@type":"ListItem","position":2,"name":"Bolsonaristas radicais invadem Congresso, Planalto e STF"}]},{"@type":"WebSite","@id":"https:\/\/portalmf.com.br\/#website","url":"https:\/\/portalmf.com.br\/","name":"Portal MF","description":"Voc\u00ea conectado com a informa\u00e7\u00e3o","potentialAction":[{"@type":"SearchAction","target":{"@type":"EntryPoint","urlTemplate":"https:\/\/portalmf.com.br\/?s={search_term_string}"},"query-input":"required name=search_term_string"}],"inLanguage":"pt-BR"},{"@type":"Person","@id":"https:\/\/portalmf.com.br\/#\/schema\/person\/9ec101baf56233e53520c26de5d6f6f0","name":"Reda\u00e7\u00e3o Portal MF","image":{"@type":"ImageObject","inLanguage":"pt-BR","@id":"https:\/\/portalmf.com.br\/#\/schema\/person\/image\/","url":"https:\/\/secure.gravatar.com\/avatar\/41b9aaeb2100835f7c64362330f74c7f?s=96&d=mm&r=g","contentUrl":"https:\/\/secure.gravatar.com\/avatar\/41b9aaeb2100835f7c64362330f74c7f?s=96&d=mm&r=g","caption":"Reda\u00e7\u00e3o Portal MF"},"description":"Sejam bem-vindos o portal de informa\u00e7\u00f5es de entretenimento de Feira de Santana, desde 2006 realiza coberturas dos principais eventos com entrevistas exclusivas com as principais personalidades mundiais. Fique conectado tamb\u00e9m nas redes sociais.","sameAs":["http:\/\/www.portalmf.com.br\/","https:\/\/www.facebook.com\/portalmfoficial","https:\/\/www.instagram.com\/portalmf\/","https:\/\/x.com\/https:\/\/x.com\/portalmfoficial","https:\/\/www.youtube.com\/@portalmfoficial"],"url":"https:\/\/portalmf.com.br\/index.php\/author\/junior\/"}]}},"_links":{"self":[{"href":"https:\/\/portalmf.com.br\/index.php\/wp-json\/wp\/v2\/posts\/7674"}],"collection":[{"href":"https:\/\/portalmf.com.br\/index.php\/wp-json\/wp\/v2\/posts"}],"about":[{"href":"https:\/\/portalmf.com.br\/index.php\/wp-json\/wp\/v2\/types\/post"}],"author":[{"embeddable":true,"href":"https:\/\/portalmf.com.br\/index.php\/wp-json\/wp\/v2\/users\/3"}],"replies":[{"embeddable":true,"href":"https:\/\/portalmf.com.br\/index.php\/wp-json\/wp\/v2\/comments?post=7674"}],"version-history":[{"count":1,"href":"https:\/\/portalmf.com.br\/index.php\/wp-json\/wp\/v2\/posts\/7674\/revisions"}],"predecessor-version":[{"id":7676,"href":"https:\/\/portalmf.com.br\/index.php\/wp-json\/wp\/v2\/posts\/7674\/revisions\/7676"}],"wp:featuredmedia":[{"embeddable":true,"href":"https:\/\/portalmf.com.br\/index.php\/wp-json\/wp\/v2\/media\/7675"}],"wp:attachment":[{"href":"https:\/\/portalmf.com.br\/index.php\/wp-json\/wp\/v2\/media?parent=7674"}],"wp:term":[{"taxonomy":"category","embeddable":true,"href":"https:\/\/portalmf.com.br\/index.php\/wp-json\/wp\/v2\/categories?post=7674"},{"taxonomy":"post_tag","embeddable":true,"href":"https:\/\/portalmf.com.br\/index.php\/wp-json\/wp\/v2\/tags?post=7674"}],"curies":[{"name":"wp","href":"https:\/\/api.w.org\/{rel}","templated":true}]}}