{"id":7664,"date":"2023-01-06T16:06:53","date_gmt":"2023-01-06T19:06:53","guid":{"rendered":"https:\/\/portalmf.com.br\/?p=7664"},"modified":"2023-01-06T16:06:54","modified_gmt":"2023-01-06T19:06:54","slug":"thiaguinho-abre-temporada-de-2023-celebrando-a-volta-da-tardezinha","status":"publish","type":"post","link":"https:\/\/portalmf.com.br\/index.php\/2023\/01\/06\/thiaguinho-abre-temporada-de-2023-celebrando-a-volta-da-tardezinha\/","title":{"rendered":"Thiaguinho abre temporada de 2023 celebrando a volta da Tardezinha"},"content":{"rendered":"\n<p>Thiaguinho come\u00e7ou o ano com novidades. O cantor lan\u00e7ou nesta sexta-feira (6) o single Delirante. A m\u00fasica n\u00e3o s\u00f3 abre a temporada de 2023 do artista como celebra o retorno da Tardezinha.<\/p>\n\n\n\n<p>O projeto, criado h\u00e1 seis anos, retorna as estradas do pa\u00eds a partir de abril. Salvador, terra natal da atual namorada do artista, a ex-BBB Carol Peixinho, est\u00e1 no roteiro da atra\u00e7\u00e3o.<\/p>\n\n\n\n<p><em>\u201c\u00c9 uma m\u00fasica composta por artistas que admiro, alguns deles s\u00e3o parceiros de longa data. \u201cDelirante\u201d grudou na minha cabe\u00e7a instantaneamente, \u00e9 uma faixa que faz a gente querer dan\u00e7ar na hora e que narra um momento de leveza, de alegria. Me conquistou na hora\u201d<\/em>, disse ele em entrevista ao<strong>\u00a0site iBahia<\/strong>.<\/p>\n\n\n\n<p>O Tardezinha vai passar por 25 cidades. Al\u00e9m de Salvador, o projeto vai receber o calor do p\u00fablico no Rio de Janeiro, S\u00e3o Paulo, Belo Horizonte, Curitiba, Fortaleza e muito mais.<\/p>\n\n\n\n<p>Sobre o processo de grava\u00e7\u00e3o do novo clipe, ele destacou:&nbsp;<em>\u201cGravamos o videoclipe no Rio Beach Club, no Rio de Janeiro, espa\u00e7o que foi palco da Tardezinha diversas vezes. Escolhemos esse local especial exatamente na inten\u00e7\u00e3o de relembrar o p\u00fablico do tipo de energia que queremos transmitir nos novos shows. Para acender a nostalgia de quem viveu esses momentos incr\u00edveis com a gente e dar um gostinho da Tardezinha para os que ainda v\u00e3o comparecer\u201d<\/em>.<\/p>\n\n\n\n<p>O carinho que Thiaguinho tem pela Bahia \u00e9 difenciado. De acordo com o pr\u00f3prio artista, a&nbsp;<em>\u201cenergia\u201d&nbsp;<\/em>dos baianos sempre o deixa ainda mais extasiado.&nbsp;<em>\u201cO p\u00fablico da Bahia sempre me recebe de bra\u00e7os abertos e energia l\u00e1 em cima. Adoro me apresentar por a\u00ed e em breve estaremos juntos novamente, j\u00e1 temos um show muito especial marcado para o dia 20 de fevereiro, no Camarote Salvador\u201d<\/em>.<\/p>\n\n\n\n<figure class=\"wp-block-embed is-type-video is-provider-youtube wp-block-embed-youtube wp-embed-aspect-16-9 wp-has-aspect-ratio\"><div class=\"wp-block-embed__wrapper\">\n<iframe title=\"Thiaguinho - Delirante (V\u00eddeo Oficial)\" width=\"696\" height=\"392\" src=\"https:\/\/www.youtube.com\/embed\/_4duHYo_W1A?feature=oembed\" frameborder=\"0\" allow=\"accelerometer; autoplay; clipboard-write; encrypted-media; gyroscope; picture-in-picture; web-share\" allowfullscreen><\/iframe>\n<\/div><\/figure>\n","protected":false},"excerpt":{"rendered":"<p>Thiaguinho come\u00e7ou o ano com novidades. O cantor lan\u00e7ou nesta sexta-feira (6) o single Delirante. A m\u00fasica n\u00e3o s\u00f3 abre a temporada de 2023 do artista como celebra o retorno da Tardezinha. O projeto, criado h\u00e1 seis anos, retorna as estradas do pa\u00eds a partir de abril. Salvador, terra natal da atual namorada do artista, [&hellip;]<\/p>\n","protected":false},"author":3,"featured_media":7665,"comment_status":"open","ping_status":"open","sticky":false,"template":"","format":"standard","meta":{"_monsterinsights_skip_tracking":false,"_monsterinsights_sitenote_active":false,"_monsterinsights_sitenote_note":"","_monsterinsights_sitenote_category":0,"footnotes":""},"categories":[47],"tags":[],"yoast_head":"<!-- This site is optimized with the Yoast SEO plugin v22.9 - https:\/\/yoast.com\/wordpress\/plugins\/seo\/ -->\n<title>Thiaguinho abre temporada de 2023 celebrando a volta da Tardezinha - Portal MF<\/title>\n<meta name=\"robots\" content=\"index, follow, max-snippet:-1, max-image-preview:large, max-video-preview:-1\" \/>\n<link rel=\"canonical\" href=\"https:\/\/portalmf.com.br\/index.php\/2023\/01\/06\/thiaguinho-abre-temporada-de-2023-celebrando-a-volta-da-tardezinha\/\" \/>\n<meta property=\"og:locale\" content=\"pt_BR\" \/>\n<meta property=\"og:type\" content=\"article\" \/>\n<meta property=\"og:title\" content=\"Thiaguinho abre temporada de 2023 celebrando a volta da Tardezinha - Portal MF\" \/>\n<meta property=\"og:description\" content=\"Thiaguinho come\u00e7ou o ano com novidades. O cantor lan\u00e7ou nesta sexta-feira (6) o single Delirante. A m\u00fasica n\u00e3o s\u00f3 abre a temporada de 2023 do artista como celebra o retorno da Tardezinha. O projeto, criado h\u00e1 seis anos, retorna as estradas do pa\u00eds a partir de abril. Salvador, terra natal da atual namorada do artista, [&hellip;]\" \/>\n<meta property=\"og:url\" content=\"https:\/\/portalmf.com.br\/index.php\/2023\/01\/06\/thiaguinho-abre-temporada-de-2023-celebrando-a-volta-da-tardezinha\/\" \/>\n<meta property=\"og:site_name\" content=\"Portal MF\" \/>\n<meta property=\"article:author\" content=\"https:\/\/www.facebook.com\/portalmfoficial\" \/>\n<meta property=\"article:published_time\" content=\"2023-01-06T19:06:53+00:00\" \/>\n<meta property=\"article:modified_time\" content=\"2023-01-06T19:06:54+00:00\" \/>\n<meta property=\"og:image\" content=\"https:\/\/portalmf.com.br\/wp-content\/uploads\/2023\/01\/4351382_5901c06864c3bea.jpg\" \/>\n\t<meta property=\"og:image:width\" content=\"700\" \/>\n\t<meta property=\"og:image:height\" content=\"466\" \/>\n\t<meta property=\"og:image:type\" content=\"image\/jpeg\" \/>\n<meta name=\"author\" content=\"Reda\u00e7\u00e3o Portal MF\" \/>\n<meta name=\"twitter:card\" content=\"summary_large_image\" \/>\n<meta name=\"twitter:creator\" content=\"@https:\/\/x.com\/portalmfoficial\" \/>\n<meta name=\"twitter:label1\" content=\"Escrito por\" \/>\n\t<meta name=\"twitter:data1\" content=\"Reda\u00e7\u00e3o Portal MF\" \/>\n\t<meta name=\"twitter:label2\" content=\"Est. tempo de leitura\" \/>\n\t<meta name=\"twitter:data2\" content=\"2 minutos\" \/>\n<script type=\"application\/ld+json\" class=\"yoast-schema-graph\">{\"@context\":\"https:\/\/schema.org\",\"@graph\":[{\"@type\":\"WebPage\",\"@id\":\"https:\/\/portalmf.com.br\/index.php\/2023\/01\/06\/thiaguinho-abre-temporada-de-2023-celebrando-a-volta-da-tardezinha\/\",\"url\":\"https:\/\/portalmf.com.br\/index.php\/2023\/01\/06\/thiaguinho-abre-temporada-de-2023-celebrando-a-volta-da-tardezinha\/\",\"name\":\"Thiaguinho abre temporada de 2023 celebrando a volta da Tardezinha - Portal MF\",\"isPartOf\":{\"@id\":\"https:\/\/portalmf.com.br\/#website\"},\"primaryImageOfPage\":{\"@id\":\"https:\/\/portalmf.com.br\/index.php\/2023\/01\/06\/thiaguinho-abre-temporada-de-2023-celebrando-a-volta-da-tardezinha\/#primaryimage\"},\"image\":{\"@id\":\"https:\/\/portalmf.com.br\/index.php\/2023\/01\/06\/thiaguinho-abre-temporada-de-2023-celebrando-a-volta-da-tardezinha\/#primaryimage\"},\"thumbnailUrl\":\"https:\/\/portalmf.com.br\/wp-content\/uploads\/2023\/01\/4351382_5901c06864c3bea.jpg\",\"datePublished\":\"2023-01-06T19:06:53+00:00\",\"dateModified\":\"2023-01-06T19:06:54+00:00\",\"author\":{\"@id\":\"https:\/\/portalmf.com.br\/#\/schema\/person\/9ec101baf56233e53520c26de5d6f6f0\"},\"breadcrumb\":{\"@id\":\"https:\/\/portalmf.com.br\/index.php\/2023\/01\/06\/thiaguinho-abre-temporada-de-2023-celebrando-a-volta-da-tardezinha\/#breadcrumb\"},\"inLanguage\":\"pt-BR\",\"potentialAction\":[{\"@type\":\"ReadAction\",\"target\":[\"https:\/\/portalmf.com.br\/index.php\/2023\/01\/06\/thiaguinho-abre-temporada-de-2023-celebrando-a-volta-da-tardezinha\/\"]}]},{\"@type\":\"ImageObject\",\"inLanguage\":\"pt-BR\",\"@id\":\"https:\/\/portalmf.com.br\/index.php\/2023\/01\/06\/thiaguinho-abre-temporada-de-2023-celebrando-a-volta-da-tardezinha\/#primaryimage\",\"url\":\"https:\/\/portalmf.com.br\/wp-content\/uploads\/2023\/01\/4351382_5901c06864c3bea.jpg\",\"contentUrl\":\"https:\/\/portalmf.com.br\/wp-content\/uploads\/2023\/01\/4351382_5901c06864c3bea.jpg\",\"width\":700,\"height\":466},{\"@type\":\"BreadcrumbList\",\"@id\":\"https:\/\/portalmf.com.br\/index.php\/2023\/01\/06\/thiaguinho-abre-temporada-de-2023-celebrando-a-volta-da-tardezinha\/#breadcrumb\",\"itemListElement\":[{\"@type\":\"ListItem\",\"position\":1,\"name\":\"In\u00edcio\",\"item\":\"https:\/\/portalmf.com.br\/\"},{\"@type\":\"ListItem\",\"position\":2,\"name\":\"Thiaguinho abre temporada de 2023 celebrando a volta da Tardezinha\"}]},{\"@type\":\"WebSite\",\"@id\":\"https:\/\/portalmf.com.br\/#website\",\"url\":\"https:\/\/portalmf.com.br\/\",\"name\":\"Portal MF\",\"description\":\"Voc\u00ea conectado com a informa\u00e7\u00e3o\",\"potentialAction\":[{\"@type\":\"SearchAction\",\"target\":{\"@type\":\"EntryPoint\",\"urlTemplate\":\"https:\/\/portalmf.com.br\/?s={search_term_string}\"},\"query-input\":\"required name=search_term_string\"}],\"inLanguage\":\"pt-BR\"},{\"@type\":\"Person\",\"@id\":\"https:\/\/portalmf.com.br\/#\/schema\/person\/9ec101baf56233e53520c26de5d6f6f0\",\"name\":\"Reda\u00e7\u00e3o Portal MF\",\"image\":{\"@type\":\"ImageObject\",\"inLanguage\":\"pt-BR\",\"@id\":\"https:\/\/portalmf.com.br\/#\/schema\/person\/image\/\",\"url\":\"https:\/\/secure.gravatar.com\/avatar\/41b9aaeb2100835f7c64362330f74c7f?s=96&d=mm&r=g\",\"contentUrl\":\"https:\/\/secure.gravatar.com\/avatar\/41b9aaeb2100835f7c64362330f74c7f?s=96&d=mm&r=g\",\"caption\":\"Reda\u00e7\u00e3o Portal MF\"},\"description\":\"Sejam bem-vindos o portal de informa\u00e7\u00f5es de entretenimento de Feira de Santana, desde 2006 realiza coberturas dos principais eventos com entrevistas exclusivas com as principais personalidades mundiais. Fique conectado tamb\u00e9m nas redes sociais.\",\"sameAs\":[\"http:\/\/www.portalmf.com.br\/\",\"https:\/\/www.facebook.com\/portalmfoficial\",\"https:\/\/www.instagram.com\/portalmf\/\",\"https:\/\/x.com\/https:\/\/x.com\/portalmfoficial\",\"https:\/\/www.youtube.com\/@portalmfoficial\"],\"url\":\"https:\/\/portalmf.com.br\/index.php\/author\/junior\/\"}]}<\/script>\n<!-- \/ Yoast SEO plugin. -->","yoast_head_json":{"title":"Thiaguinho abre temporada de 2023 celebrando a volta da Tardezinha - Portal MF","robots":{"index":"index","follow":"follow","max-snippet":"max-snippet:-1","max-image-preview":"max-image-preview:large","max-video-preview":"max-video-preview:-1"},"canonical":"https:\/\/portalmf.com.br\/index.php\/2023\/01\/06\/thiaguinho-abre-temporada-de-2023-celebrando-a-volta-da-tardezinha\/","og_locale":"pt_BR","og_type":"article","og_title":"Thiaguinho abre temporada de 2023 celebrando a volta da Tardezinha - Portal MF","og_description":"Thiaguinho come\u00e7ou o ano com novidades. O cantor lan\u00e7ou nesta sexta-feira (6) o single Delirante. A m\u00fasica n\u00e3o s\u00f3 abre a temporada de 2023 do artista como celebra o retorno da Tardezinha. O projeto, criado h\u00e1 seis anos, retorna as estradas do pa\u00eds a partir de abril. Salvador, terra natal da atual namorada do artista, [&hellip;]","og_url":"https:\/\/portalmf.com.br\/index.php\/2023\/01\/06\/thiaguinho-abre-temporada-de-2023-celebrando-a-volta-da-tardezinha\/","og_site_name":"Portal MF","article_author":"https:\/\/www.facebook.com\/portalmfoficial","article_published_time":"2023-01-06T19:06:53+00:00","article_modified_time":"2023-01-06T19:06:54+00:00","og_image":[{"width":700,"height":466,"url":"https:\/\/portalmf.com.br\/wp-content\/uploads\/2023\/01\/4351382_5901c06864c3bea.jpg","type":"image\/jpeg"}],"author":"Reda\u00e7\u00e3o Portal MF","twitter_card":"summary_large_image","twitter_creator":"@https:\/\/x.com\/portalmfoficial","twitter_misc":{"Escrito por":"Reda\u00e7\u00e3o Portal MF","Est. tempo de leitura":"2 minutos"},"schema":{"@context":"https:\/\/schema.org","@graph":[{"@type":"WebPage","@id":"https:\/\/portalmf.com.br\/index.php\/2023\/01\/06\/thiaguinho-abre-temporada-de-2023-celebrando-a-volta-da-tardezinha\/","url":"https:\/\/portalmf.com.br\/index.php\/2023\/01\/06\/thiaguinho-abre-temporada-de-2023-celebrando-a-volta-da-tardezinha\/","name":"Thiaguinho abre temporada de 2023 celebrando a volta da Tardezinha - Portal MF","isPartOf":{"@id":"https:\/\/portalmf.com.br\/#website"},"primaryImageOfPage":{"@id":"https:\/\/portalmf.com.br\/index.php\/2023\/01\/06\/thiaguinho-abre-temporada-de-2023-celebrando-a-volta-da-tardezinha\/#primaryimage"},"image":{"@id":"https:\/\/portalmf.com.br\/index.php\/2023\/01\/06\/thiaguinho-abre-temporada-de-2023-celebrando-a-volta-da-tardezinha\/#primaryimage"},"thumbnailUrl":"https:\/\/portalmf.com.br\/wp-content\/uploads\/2023\/01\/4351382_5901c06864c3bea.jpg","datePublished":"2023-01-06T19:06:53+00:00","dateModified":"2023-01-06T19:06:54+00:00","author":{"@id":"https:\/\/portalmf.com.br\/#\/schema\/person\/9ec101baf56233e53520c26de5d6f6f0"},"breadcrumb":{"@id":"https:\/\/portalmf.com.br\/index.php\/2023\/01\/06\/thiaguinho-abre-temporada-de-2023-celebrando-a-volta-da-tardezinha\/#breadcrumb"},"inLanguage":"pt-BR","potentialAction":[{"@type":"ReadAction","target":["https:\/\/portalmf.com.br\/index.php\/2023\/01\/06\/thiaguinho-abre-temporada-de-2023-celebrando-a-volta-da-tardezinha\/"]}]},{"@type":"ImageObject","inLanguage":"pt-BR","@id":"https:\/\/portalmf.com.br\/index.php\/2023\/01\/06\/thiaguinho-abre-temporada-de-2023-celebrando-a-volta-da-tardezinha\/#primaryimage","url":"https:\/\/portalmf.com.br\/wp-content\/uploads\/2023\/01\/4351382_5901c06864c3bea.jpg","contentUrl":"https:\/\/portalmf.com.br\/wp-content\/uploads\/2023\/01\/4351382_5901c06864c3bea.jpg","width":700,"height":466},{"@type":"BreadcrumbList","@id":"https:\/\/portalmf.com.br\/index.php\/2023\/01\/06\/thiaguinho-abre-temporada-de-2023-celebrando-a-volta-da-tardezinha\/#breadcrumb","itemListElement":[{"@type":"ListItem","position":1,"name":"In\u00edcio","item":"https:\/\/portalmf.com.br\/"},{"@type":"ListItem","position":2,"name":"Thiaguinho abre temporada de 2023 celebrando a volta da Tardezinha"}]},{"@type":"WebSite","@id":"https:\/\/portalmf.com.br\/#website","url":"https:\/\/portalmf.com.br\/","name":"Portal MF","description":"Voc\u00ea conectado com a informa\u00e7\u00e3o","potentialAction":[{"@type":"SearchAction","target":{"@type":"EntryPoint","urlTemplate":"https:\/\/portalmf.com.br\/?s={search_term_string}"},"query-input":"required name=search_term_string"}],"inLanguage":"pt-BR"},{"@type":"Person","@id":"https:\/\/portalmf.com.br\/#\/schema\/person\/9ec101baf56233e53520c26de5d6f6f0","name":"Reda\u00e7\u00e3o Portal MF","image":{"@type":"ImageObject","inLanguage":"pt-BR","@id":"https:\/\/portalmf.com.br\/#\/schema\/person\/image\/","url":"https:\/\/secure.gravatar.com\/avatar\/41b9aaeb2100835f7c64362330f74c7f?s=96&d=mm&r=g","contentUrl":"https:\/\/secure.gravatar.com\/avatar\/41b9aaeb2100835f7c64362330f74c7f?s=96&d=mm&r=g","caption":"Reda\u00e7\u00e3o Portal MF"},"description":"Sejam bem-vindos o portal de informa\u00e7\u00f5es de entretenimento de Feira de Santana, desde 2006 realiza coberturas dos principais eventos com entrevistas exclusivas com as principais personalidades mundiais. Fique conectado tamb\u00e9m nas redes sociais.","sameAs":["http:\/\/www.portalmf.com.br\/","https:\/\/www.facebook.com\/portalmfoficial","https:\/\/www.instagram.com\/portalmf\/","https:\/\/x.com\/https:\/\/x.com\/portalmfoficial","https:\/\/www.youtube.com\/@portalmfoficial"],"url":"https:\/\/portalmf.com.br\/index.php\/author\/junior\/"}]}},"_links":{"self":[{"href":"https:\/\/portalmf.com.br\/index.php\/wp-json\/wp\/v2\/posts\/7664"}],"collection":[{"href":"https:\/\/portalmf.com.br\/index.php\/wp-json\/wp\/v2\/posts"}],"about":[{"href":"https:\/\/portalmf.com.br\/index.php\/wp-json\/wp\/v2\/types\/post"}],"author":[{"embeddable":true,"href":"https:\/\/portalmf.com.br\/index.php\/wp-json\/wp\/v2\/users\/3"}],"replies":[{"embeddable":true,"href":"https:\/\/portalmf.com.br\/index.php\/wp-json\/wp\/v2\/comments?post=7664"}],"version-history":[{"count":1,"href":"https:\/\/portalmf.com.br\/index.php\/wp-json\/wp\/v2\/posts\/7664\/revisions"}],"predecessor-version":[{"id":7666,"href":"https:\/\/portalmf.com.br\/index.php\/wp-json\/wp\/v2\/posts\/7664\/revisions\/7666"}],"wp:featuredmedia":[{"embeddable":true,"href":"https:\/\/portalmf.com.br\/index.php\/wp-json\/wp\/v2\/media\/7665"}],"wp:attachment":[{"href":"https:\/\/portalmf.com.br\/index.php\/wp-json\/wp\/v2\/media?parent=7664"}],"wp:term":[{"taxonomy":"category","embeddable":true,"href":"https:\/\/portalmf.com.br\/index.php\/wp-json\/wp\/v2\/categories?post=7664"},{"taxonomy":"post_tag","embeddable":true,"href":"https:\/\/portalmf.com.br\/index.php\/wp-json\/wp\/v2\/tags?post=7664"}],"curies":[{"name":"wp","href":"https:\/\/api.w.org\/{rel}","templated":true}]}}