{"id":7660,"date":"2023-01-02T15:59:00","date_gmt":"2023-01-02T18:59:00","guid":{"rendered":"https:\/\/portalmf.com.br\/?p=7660"},"modified":"2023-01-06T16:00:40","modified_gmt":"2023-01-06T19:00:40","slug":"vozes-de-mestres-e-mestras-de-capoeira-da-bahia-ecoarao-a-partir-desta-sexta-feira-6","status":"publish","type":"post","link":"https:\/\/portalmf.com.br\/index.php\/2023\/01\/02\/vozes-de-mestres-e-mestras-de-capoeira-da-bahia-ecoarao-a-partir-desta-sexta-feira-6\/","title":{"rendered":"Vozes de mestres e mestras de capoeira da Bahia ecoar\u00e3o a partir desta sexta-feira (6)"},"content":{"rendered":"\n<p>Um total de 15 mestres(as) de capoeira que gravaram \u201cp\u00edlulas\u201d de um minuto sobre diferentes temas relacionados \u00e0 capoeira ser\u00e3o ouvidos(as) ao longo da programa\u00e7\u00e3o deste m\u00eas de janeiro da R\u00e1dio Nova Brasil FM (104,7 FM) a partir desta sexta-feira (6). Os programas fazem parte do Projeto \u2018Capoeira nas Ondas do R\u00e1dio\u2019, que est\u00e1 em sua segunda edi\u00e7\u00e3o. O objetivo \u00e9 salvaguardar, valorizar e preservar a hist\u00f3ria e a mem\u00f3ria da capoeira e de seus mestres e mestras; promover o acesso dos baianos a informa\u00e7\u00f5es sobre essa manifesta\u00e7\u00e3o cultural e difundir a luta-dan\u00e7a.<\/p>\n\n\n\n<p>A a\u00e7\u00e3o de cunho informativo e educativo \u00e9 protagonizada pelos(as) mestres(as) Gaj\u00e9, Curi\u00f3, Itapu\u00e3, Pel\u00e9 da Bomba, Nenel, Jararaca, Janja, Pregui\u00e7a, Patr\u00edcia, Nal, Macaco, Ded\u00e9, Lua Rasta, Tonho Mat\u00e9ria e Careca. O Projeto \u00e9 uma realiza\u00e7\u00e3o da Mar\u00e9 Cheia Produ\u00e7\u00f5es Criativas e Sustent\u00e1veis, com produ\u00e7\u00e3o da Colecult e conta com o apoio financeiro do Governo do Estado atrav\u00e9s do Fundo de Cultura, Secretaria da Fazenda, Centro de Culturas Populares e Identit\u00e1rias e Secretaria de Cultura da Bahia.<\/p>\n\n\n\n<p>Entre os temas abordados, destacam-se: \u201cMulheres na capoeira\u201d, \u201cA internacionaliza\u00e7\u00e3o da capoeira\u201d, \u201cA crian\u00e7a na capoeira\u201d, \u201cComposi\u00e7\u00e3o da bateria de capoeira Angola\u201d, \u201cQuem foi mestre Bimba\u201d, \u201cCapoeira e sua musicalidade\u201d, \u201cCapoeira Regional\u201d, \u201cO que \u00e9 uma ladainha\u201d, \u201cCapoeira como ferramenta de educa\u00e7\u00e3o\u201d, \u201cA diversidade na capoeira\u201d, \u201cCapoeira nas festas populares\u201d, \u201cCapoeira Angola\u201d, \u201cA capoeira de Santo Amaro\u201d , \u201cToque da \u00cduna\u201d dentre outros temas.<\/p>\n\n\n\n<p>Os mestres e mestras convidados(as) para abordar esses e outros temas de igual relev\u00e2ncia s\u00e3o de diferentes linhagens da capoeira, a fim de garantir a diversidade. Segundo a mestra em educa\u00e7\u00e3o curadora do Projeto, Franciane Simpl\u00edcio, professora de capoeira do Grupo Gangara mais conhecida como Bisonha, \u201co grande barato do projeto \u00e9 a valoriza\u00e7\u00e3o de mestres e mestras de capoeira enquanto cultura viva, detentores(as) de conhecimento e porta-vozes da sua pr\u00f3pria cultura\u201d, frisou. Cada mestre(a) participante do Projeto recebeu o valor de R$ 1 mil reais, como forma de incentivo e valoriza\u00e7\u00e3o do seu trabalho.<\/p>\n\n\n\n<p>Em 2018, a Mar\u00e9 Cheia Produ\u00e7\u00f5es Criativas e Sustent\u00e1veis realizou a primeira edi\u00e7\u00e3o do Projeto Capoeira nas Ondas do R\u00e1dio, atrav\u00e9s do Edital Capoeira Viva Salvador da Funda\u00e7\u00e3o Greg\u00f3rio de Mattos, com veicula\u00e7\u00e3o de programas durante dois meses pela R\u00e1dio Educadora FM 107. Naquela ocasi\u00e3o, os protagonistas foram pesquisadores da capoeira, tais como Neuber Leite, Pedro Abib, V\u00edtor Castro, Rosangela Ara\u00fajo, Antonio Liberac, Maria Luisa, Franciane Simpl\u00edcio, Paulo Magalh\u00e3es e Eduardo Correia, entre outros.<\/p>\n\n\n\n<p>A curadora de \u201cCapoeira nas Ondas do R\u00e1dio\u201d, Franciane Simpl\u00edcio, atuou como organizadora e\/ou pesquisadora de diversos livros, tais como: \u201cMaltas de Saia &#8211; hist\u00f3rias das mestras de capoeira da Bahia\u201d (2021), \u201cCapoeira em m\u00faltiplos olhares \u2013 estudos e pesquisas em jogo\u201d (editado em 2016 e relan\u00e7ado em 2020), \u201cPensando a capoeira \u2013 dimens\u00f5es e perspectivas\u201d (2015), \u201cA Capoeira em Salvador &#8211; Registro de mestres e institui\u00e7\u00f5es\u201d (2015) e \u201cMestres e capoeiras famosos da Bahia\u201d (2009).<\/p>\n","protected":false},"excerpt":{"rendered":"<p>Um total de 15 mestres(as) de capoeira que gravaram \u201cp\u00edlulas\u201d de um minuto sobre diferentes temas relacionados \u00e0 capoeira ser\u00e3o ouvidos(as) ao longo da programa\u00e7\u00e3o deste m\u00eas de janeiro da R\u00e1dio Nova Brasil FM (104,7 FM) a partir desta sexta-feira (6). Os programas fazem parte do Projeto \u2018Capoeira nas Ondas do R\u00e1dio\u2019, que est\u00e1 em [&hellip;]<\/p>\n","protected":false},"author":3,"featured_media":7661,"comment_status":"open","ping_status":"open","sticky":false,"template":"","format":"standard","meta":{"_monsterinsights_skip_tracking":false,"_monsterinsights_sitenote_active":false,"_monsterinsights_sitenote_note":"","_monsterinsights_sitenote_category":0,"footnotes":""},"categories":[40],"tags":[],"yoast_head":"<!-- This site is optimized with the Yoast SEO plugin v22.9 - https:\/\/yoast.com\/wordpress\/plugins\/seo\/ -->\n<title>Vozes de mestres e mestras de capoeira da Bahia ecoar\u00e3o a partir desta sexta-feira (6) - Portal MF<\/title>\n<meta name=\"robots\" content=\"index, follow, max-snippet:-1, max-image-preview:large, max-video-preview:-1\" \/>\n<link rel=\"canonical\" href=\"https:\/\/portalmf.com.br\/index.php\/2023\/01\/02\/vozes-de-mestres-e-mestras-de-capoeira-da-bahia-ecoarao-a-partir-desta-sexta-feira-6\/\" \/>\n<meta property=\"og:locale\" content=\"pt_BR\" \/>\n<meta property=\"og:type\" content=\"article\" \/>\n<meta property=\"og:title\" content=\"Vozes de mestres e mestras de capoeira da Bahia ecoar\u00e3o a partir desta sexta-feira (6) - Portal MF\" \/>\n<meta property=\"og:description\" content=\"Um total de 15 mestres(as) de capoeira que gravaram \u201cp\u00edlulas\u201d de um minuto sobre diferentes temas relacionados \u00e0 capoeira ser\u00e3o ouvidos(as) ao longo da programa\u00e7\u00e3o deste m\u00eas de janeiro da R\u00e1dio Nova Brasil FM (104,7 FM) a partir desta sexta-feira (6). Os programas fazem parte do Projeto \u2018Capoeira nas Ondas do R\u00e1dio\u2019, que est\u00e1 em [&hellip;]\" \/>\n<meta property=\"og:url\" content=\"https:\/\/portalmf.com.br\/index.php\/2023\/01\/02\/vozes-de-mestres-e-mestras-de-capoeira-da-bahia-ecoarao-a-partir-desta-sexta-feira-6\/\" \/>\n<meta property=\"og:site_name\" content=\"Portal MF\" \/>\n<meta property=\"article:author\" content=\"https:\/\/www.facebook.com\/portalmfoficial\" \/>\n<meta property=\"article:published_time\" content=\"2023-01-02T18:59:00+00:00\" \/>\n<meta property=\"article:modified_time\" content=\"2023-01-06T19:00:40+00:00\" \/>\n<meta property=\"og:image\" content=\"https:\/\/portalmf.com.br\/wp-content\/uploads\/2023\/01\/WhatsApp-Image-2023-01-06-at-11.00.58.jpeg\" \/>\n\t<meta property=\"og:image:width\" content=\"1280\" \/>\n\t<meta property=\"og:image:height\" content=\"960\" \/>\n\t<meta property=\"og:image:type\" content=\"image\/jpeg\" \/>\n<meta name=\"author\" content=\"Reda\u00e7\u00e3o Portal MF\" \/>\n<meta name=\"twitter:card\" content=\"summary_large_image\" \/>\n<meta name=\"twitter:creator\" content=\"@https:\/\/x.com\/portalmfoficial\" \/>\n<meta name=\"twitter:label1\" content=\"Escrito por\" \/>\n\t<meta name=\"twitter:data1\" content=\"Reda\u00e7\u00e3o Portal MF\" \/>\n\t<meta name=\"twitter:label2\" content=\"Est. tempo de leitura\" \/>\n\t<meta name=\"twitter:data2\" content=\"3 minutos\" \/>\n<script type=\"application\/ld+json\" class=\"yoast-schema-graph\">{\"@context\":\"https:\/\/schema.org\",\"@graph\":[{\"@type\":\"WebPage\",\"@id\":\"https:\/\/portalmf.com.br\/index.php\/2023\/01\/02\/vozes-de-mestres-e-mestras-de-capoeira-da-bahia-ecoarao-a-partir-desta-sexta-feira-6\/\",\"url\":\"https:\/\/portalmf.com.br\/index.php\/2023\/01\/02\/vozes-de-mestres-e-mestras-de-capoeira-da-bahia-ecoarao-a-partir-desta-sexta-feira-6\/\",\"name\":\"Vozes de mestres e mestras de capoeira da Bahia ecoar\u00e3o a partir desta sexta-feira (6) - Portal MF\",\"isPartOf\":{\"@id\":\"https:\/\/portalmf.com.br\/#website\"},\"primaryImageOfPage\":{\"@id\":\"https:\/\/portalmf.com.br\/index.php\/2023\/01\/02\/vozes-de-mestres-e-mestras-de-capoeira-da-bahia-ecoarao-a-partir-desta-sexta-feira-6\/#primaryimage\"},\"image\":{\"@id\":\"https:\/\/portalmf.com.br\/index.php\/2023\/01\/02\/vozes-de-mestres-e-mestras-de-capoeira-da-bahia-ecoarao-a-partir-desta-sexta-feira-6\/#primaryimage\"},\"thumbnailUrl\":\"https:\/\/portalmf.com.br\/wp-content\/uploads\/2023\/01\/WhatsApp-Image-2023-01-06-at-11.00.58.jpeg\",\"datePublished\":\"2023-01-02T18:59:00+00:00\",\"dateModified\":\"2023-01-06T19:00:40+00:00\",\"author\":{\"@id\":\"https:\/\/portalmf.com.br\/#\/schema\/person\/9ec101baf56233e53520c26de5d6f6f0\"},\"breadcrumb\":{\"@id\":\"https:\/\/portalmf.com.br\/index.php\/2023\/01\/02\/vozes-de-mestres-e-mestras-de-capoeira-da-bahia-ecoarao-a-partir-desta-sexta-feira-6\/#breadcrumb\"},\"inLanguage\":\"pt-BR\",\"potentialAction\":[{\"@type\":\"ReadAction\",\"target\":[\"https:\/\/portalmf.com.br\/index.php\/2023\/01\/02\/vozes-de-mestres-e-mestras-de-capoeira-da-bahia-ecoarao-a-partir-desta-sexta-feira-6\/\"]}]},{\"@type\":\"ImageObject\",\"inLanguage\":\"pt-BR\",\"@id\":\"https:\/\/portalmf.com.br\/index.php\/2023\/01\/02\/vozes-de-mestres-e-mestras-de-capoeira-da-bahia-ecoarao-a-partir-desta-sexta-feira-6\/#primaryimage\",\"url\":\"https:\/\/portalmf.com.br\/wp-content\/uploads\/2023\/01\/WhatsApp-Image-2023-01-06-at-11.00.58.jpeg\",\"contentUrl\":\"https:\/\/portalmf.com.br\/wp-content\/uploads\/2023\/01\/WhatsApp-Image-2023-01-06-at-11.00.58.jpeg\",\"width\":1280,\"height\":960},{\"@type\":\"BreadcrumbList\",\"@id\":\"https:\/\/portalmf.com.br\/index.php\/2023\/01\/02\/vozes-de-mestres-e-mestras-de-capoeira-da-bahia-ecoarao-a-partir-desta-sexta-feira-6\/#breadcrumb\",\"itemListElement\":[{\"@type\":\"ListItem\",\"position\":1,\"name\":\"In\u00edcio\",\"item\":\"https:\/\/portalmf.com.br\/\"},{\"@type\":\"ListItem\",\"position\":2,\"name\":\"Vozes de mestres e mestras de capoeira da Bahia ecoar\u00e3o a partir desta sexta-feira (6)\"}]},{\"@type\":\"WebSite\",\"@id\":\"https:\/\/portalmf.com.br\/#website\",\"url\":\"https:\/\/portalmf.com.br\/\",\"name\":\"Portal MF\",\"description\":\"Voc\u00ea conectado com a informa\u00e7\u00e3o\",\"potentialAction\":[{\"@type\":\"SearchAction\",\"target\":{\"@type\":\"EntryPoint\",\"urlTemplate\":\"https:\/\/portalmf.com.br\/?s={search_term_string}\"},\"query-input\":\"required name=search_term_string\"}],\"inLanguage\":\"pt-BR\"},{\"@type\":\"Person\",\"@id\":\"https:\/\/portalmf.com.br\/#\/schema\/person\/9ec101baf56233e53520c26de5d6f6f0\",\"name\":\"Reda\u00e7\u00e3o Portal MF\",\"image\":{\"@type\":\"ImageObject\",\"inLanguage\":\"pt-BR\",\"@id\":\"https:\/\/portalmf.com.br\/#\/schema\/person\/image\/\",\"url\":\"https:\/\/secure.gravatar.com\/avatar\/41b9aaeb2100835f7c64362330f74c7f?s=96&d=mm&r=g\",\"contentUrl\":\"https:\/\/secure.gravatar.com\/avatar\/41b9aaeb2100835f7c64362330f74c7f?s=96&d=mm&r=g\",\"caption\":\"Reda\u00e7\u00e3o Portal MF\"},\"description\":\"Sejam bem-vindos o portal de informa\u00e7\u00f5es de entretenimento de Feira de Santana, desde 2006 realiza coberturas dos principais eventos com entrevistas exclusivas com as principais personalidades mundiais. Fique conectado tamb\u00e9m nas redes sociais.\",\"sameAs\":[\"http:\/\/www.portalmf.com.br\/\",\"https:\/\/www.facebook.com\/portalmfoficial\",\"https:\/\/www.instagram.com\/portalmf\/\",\"https:\/\/x.com\/https:\/\/x.com\/portalmfoficial\",\"https:\/\/www.youtube.com\/@portalmfoficial\"],\"url\":\"https:\/\/portalmf.com.br\/index.php\/author\/junior\/\"}]}<\/script>\n<!-- \/ Yoast SEO plugin. -->","yoast_head_json":{"title":"Vozes de mestres e mestras de capoeira da Bahia ecoar\u00e3o a partir desta sexta-feira (6) - Portal MF","robots":{"index":"index","follow":"follow","max-snippet":"max-snippet:-1","max-image-preview":"max-image-preview:large","max-video-preview":"max-video-preview:-1"},"canonical":"https:\/\/portalmf.com.br\/index.php\/2023\/01\/02\/vozes-de-mestres-e-mestras-de-capoeira-da-bahia-ecoarao-a-partir-desta-sexta-feira-6\/","og_locale":"pt_BR","og_type":"article","og_title":"Vozes de mestres e mestras de capoeira da Bahia ecoar\u00e3o a partir desta sexta-feira (6) - Portal MF","og_description":"Um total de 15 mestres(as) de capoeira que gravaram \u201cp\u00edlulas\u201d de um minuto sobre diferentes temas relacionados \u00e0 capoeira ser\u00e3o ouvidos(as) ao longo da programa\u00e7\u00e3o deste m\u00eas de janeiro da R\u00e1dio Nova Brasil FM (104,7 FM) a partir desta sexta-feira (6). Os programas fazem parte do Projeto \u2018Capoeira nas Ondas do R\u00e1dio\u2019, que est\u00e1 em [&hellip;]","og_url":"https:\/\/portalmf.com.br\/index.php\/2023\/01\/02\/vozes-de-mestres-e-mestras-de-capoeira-da-bahia-ecoarao-a-partir-desta-sexta-feira-6\/","og_site_name":"Portal MF","article_author":"https:\/\/www.facebook.com\/portalmfoficial","article_published_time":"2023-01-02T18:59:00+00:00","article_modified_time":"2023-01-06T19:00:40+00:00","og_image":[{"width":1280,"height":960,"url":"https:\/\/portalmf.com.br\/wp-content\/uploads\/2023\/01\/WhatsApp-Image-2023-01-06-at-11.00.58.jpeg","type":"image\/jpeg"}],"author":"Reda\u00e7\u00e3o Portal MF","twitter_card":"summary_large_image","twitter_creator":"@https:\/\/x.com\/portalmfoficial","twitter_misc":{"Escrito por":"Reda\u00e7\u00e3o Portal MF","Est. tempo de leitura":"3 minutos"},"schema":{"@context":"https:\/\/schema.org","@graph":[{"@type":"WebPage","@id":"https:\/\/portalmf.com.br\/index.php\/2023\/01\/02\/vozes-de-mestres-e-mestras-de-capoeira-da-bahia-ecoarao-a-partir-desta-sexta-feira-6\/","url":"https:\/\/portalmf.com.br\/index.php\/2023\/01\/02\/vozes-de-mestres-e-mestras-de-capoeira-da-bahia-ecoarao-a-partir-desta-sexta-feira-6\/","name":"Vozes de mestres e mestras de capoeira da Bahia ecoar\u00e3o a partir desta sexta-feira (6) - Portal MF","isPartOf":{"@id":"https:\/\/portalmf.com.br\/#website"},"primaryImageOfPage":{"@id":"https:\/\/portalmf.com.br\/index.php\/2023\/01\/02\/vozes-de-mestres-e-mestras-de-capoeira-da-bahia-ecoarao-a-partir-desta-sexta-feira-6\/#primaryimage"},"image":{"@id":"https:\/\/portalmf.com.br\/index.php\/2023\/01\/02\/vozes-de-mestres-e-mestras-de-capoeira-da-bahia-ecoarao-a-partir-desta-sexta-feira-6\/#primaryimage"},"thumbnailUrl":"https:\/\/portalmf.com.br\/wp-content\/uploads\/2023\/01\/WhatsApp-Image-2023-01-06-at-11.00.58.jpeg","datePublished":"2023-01-02T18:59:00+00:00","dateModified":"2023-01-06T19:00:40+00:00","author":{"@id":"https:\/\/portalmf.com.br\/#\/schema\/person\/9ec101baf56233e53520c26de5d6f6f0"},"breadcrumb":{"@id":"https:\/\/portalmf.com.br\/index.php\/2023\/01\/02\/vozes-de-mestres-e-mestras-de-capoeira-da-bahia-ecoarao-a-partir-desta-sexta-feira-6\/#breadcrumb"},"inLanguage":"pt-BR","potentialAction":[{"@type":"ReadAction","target":["https:\/\/portalmf.com.br\/index.php\/2023\/01\/02\/vozes-de-mestres-e-mestras-de-capoeira-da-bahia-ecoarao-a-partir-desta-sexta-feira-6\/"]}]},{"@type":"ImageObject","inLanguage":"pt-BR","@id":"https:\/\/portalmf.com.br\/index.php\/2023\/01\/02\/vozes-de-mestres-e-mestras-de-capoeira-da-bahia-ecoarao-a-partir-desta-sexta-feira-6\/#primaryimage","url":"https:\/\/portalmf.com.br\/wp-content\/uploads\/2023\/01\/WhatsApp-Image-2023-01-06-at-11.00.58.jpeg","contentUrl":"https:\/\/portalmf.com.br\/wp-content\/uploads\/2023\/01\/WhatsApp-Image-2023-01-06-at-11.00.58.jpeg","width":1280,"height":960},{"@type":"BreadcrumbList","@id":"https:\/\/portalmf.com.br\/index.php\/2023\/01\/02\/vozes-de-mestres-e-mestras-de-capoeira-da-bahia-ecoarao-a-partir-desta-sexta-feira-6\/#breadcrumb","itemListElement":[{"@type":"ListItem","position":1,"name":"In\u00edcio","item":"https:\/\/portalmf.com.br\/"},{"@type":"ListItem","position":2,"name":"Vozes de mestres e mestras de capoeira da Bahia ecoar\u00e3o a partir desta sexta-feira (6)"}]},{"@type":"WebSite","@id":"https:\/\/portalmf.com.br\/#website","url":"https:\/\/portalmf.com.br\/","name":"Portal MF","description":"Voc\u00ea conectado com a informa\u00e7\u00e3o","potentialAction":[{"@type":"SearchAction","target":{"@type":"EntryPoint","urlTemplate":"https:\/\/portalmf.com.br\/?s={search_term_string}"},"query-input":"required name=search_term_string"}],"inLanguage":"pt-BR"},{"@type":"Person","@id":"https:\/\/portalmf.com.br\/#\/schema\/person\/9ec101baf56233e53520c26de5d6f6f0","name":"Reda\u00e7\u00e3o Portal MF","image":{"@type":"ImageObject","inLanguage":"pt-BR","@id":"https:\/\/portalmf.com.br\/#\/schema\/person\/image\/","url":"https:\/\/secure.gravatar.com\/avatar\/41b9aaeb2100835f7c64362330f74c7f?s=96&d=mm&r=g","contentUrl":"https:\/\/secure.gravatar.com\/avatar\/41b9aaeb2100835f7c64362330f74c7f?s=96&d=mm&r=g","caption":"Reda\u00e7\u00e3o Portal MF"},"description":"Sejam bem-vindos o portal de informa\u00e7\u00f5es de entretenimento de Feira de Santana, desde 2006 realiza coberturas dos principais eventos com entrevistas exclusivas com as principais personalidades mundiais. Fique conectado tamb\u00e9m nas redes sociais.","sameAs":["http:\/\/www.portalmf.com.br\/","https:\/\/www.facebook.com\/portalmfoficial","https:\/\/www.instagram.com\/portalmf\/","https:\/\/x.com\/https:\/\/x.com\/portalmfoficial","https:\/\/www.youtube.com\/@portalmfoficial"],"url":"https:\/\/portalmf.com.br\/index.php\/author\/junior\/"}]}},"_links":{"self":[{"href":"https:\/\/portalmf.com.br\/index.php\/wp-json\/wp\/v2\/posts\/7660"}],"collection":[{"href":"https:\/\/portalmf.com.br\/index.php\/wp-json\/wp\/v2\/posts"}],"about":[{"href":"https:\/\/portalmf.com.br\/index.php\/wp-json\/wp\/v2\/types\/post"}],"author":[{"embeddable":true,"href":"https:\/\/portalmf.com.br\/index.php\/wp-json\/wp\/v2\/users\/3"}],"replies":[{"embeddable":true,"href":"https:\/\/portalmf.com.br\/index.php\/wp-json\/wp\/v2\/comments?post=7660"}],"version-history":[{"count":1,"href":"https:\/\/portalmf.com.br\/index.php\/wp-json\/wp\/v2\/posts\/7660\/revisions"}],"predecessor-version":[{"id":7662,"href":"https:\/\/portalmf.com.br\/index.php\/wp-json\/wp\/v2\/posts\/7660\/revisions\/7662"}],"wp:featuredmedia":[{"embeddable":true,"href":"https:\/\/portalmf.com.br\/index.php\/wp-json\/wp\/v2\/media\/7661"}],"wp:attachment":[{"href":"https:\/\/portalmf.com.br\/index.php\/wp-json\/wp\/v2\/media?parent=7660"}],"wp:term":[{"taxonomy":"category","embeddable":true,"href":"https:\/\/portalmf.com.br\/index.php\/wp-json\/wp\/v2\/categories?post=7660"},{"taxonomy":"post_tag","embeddable":true,"href":"https:\/\/portalmf.com.br\/index.php\/wp-json\/wp\/v2\/tags?post=7660"}],"curies":[{"name":"wp","href":"https:\/\/api.w.org\/{rel}","templated":true}]}}