{"id":7657,"date":"2023-01-06T15:58:46","date_gmt":"2023-01-06T18:58:46","guid":{"rendered":"https:\/\/portalmf.com.br\/?p=7657"},"modified":"2023-01-06T15:58:48","modified_gmt":"2023-01-06T18:58:48","slug":"confira-as-datas-de-lancamentos-dos-carros-da-temporada-2023-da-formula-1","status":"publish","type":"post","link":"https:\/\/portalmf.com.br\/index.php\/2023\/01\/06\/confira-as-datas-de-lancamentos-dos-carros-da-temporada-2023-da-formula-1\/","title":{"rendered":"Confira as datas de lan\u00e7amentos dos carros da temporada 2023 da F\u00f3rmula 1"},"content":{"rendered":"\n<p>Antes mesmo da primeira corrida de cada temporada, quem curte F\u00f3rmula 1 j\u00e1 est\u00e1 de olho no calend\u00e1rio. Afinal, o come\u00e7o do ano \u00e9 \u00e9poca de apresenta\u00e7\u00e3o dos novos carros.<\/p>\n\n\n\n<p>S\u00e3o semanas marcadas pelas curiosidades. Novos pilotos, novos patrocinadores, novas cores e novas linhas aerodin\u00e2micas: tudo \u00e9 visto pela primeira vez nas apresenta\u00e7\u00f5es.<\/p>\n\n\n\n<p>Em 2023, n\u00e3o deve ser diferente, e as equipe j\u00e1 come\u00e7aram a agendar as exibi\u00e7\u00f5es. A Aston Martin foi a primeira a definir uma data de lan\u00e7amento, e prometeu apresentar o AMR23 em 13 de fevereiro.<\/p>\n\n\n\n<p>J\u00e1 a Ferrari apresentar\u00e1 seu novo carro no dia seguinte. A equipe, no entanto, ainda n\u00e3o divulgou o nome do carro que suceder\u00e1 o F1-75 usado em 2022.<\/p>\n\n\n\n<p>Terceira equipe a divulgar uma data, a AlphaTauri mostrar\u00e1 o AT04 em 11 de fevereiro. O lan\u00e7amento ser\u00e1 feito em Nova York, nos Estados Unidos.<\/p>\n\n\n\n<p>Quarta a divulgar uma data, a Alpine apresentar\u00e1 o A532 em 16 de fevereiro, em Londres. A McLaren veio na sequ\u00eancia e marcou o lan\u00e7amento para o dia 13, mesma data da Aston Martin.<\/p>\n\n\n\n<p>Ap\u00f3s os lan\u00e7amentos, os carros dever\u00e3o estrear nos testes de pr\u00e9-temporada, no Bahrein. As sess\u00f5es acontecer\u00e3o entre 23 e 25 de fevereiro.<\/p>\n\n\n\n<p>Confira as datas de lan\u00e7amentos dos carros da temporada 2023 da F1:<\/p>\n\n\n\n<ul><li>11 de fevereiro: AlphaTauri<\/li><li>13 de fevereiro: Aston Martin e McLaren<\/li><li>14 de fevereiro: Ferrari<\/li><li>16 de fevereiro: Alpine<\/li><li>A definir: Red Bull, Mercedes, Alfa Romeo, Haas e Williams<\/li><\/ul>\n\n\n\n<p>Com informa\u00e7\u00f5es da Band<\/p>\n","protected":false},"excerpt":{"rendered":"<p>Antes mesmo da primeira corrida de cada temporada, quem curte F\u00f3rmula 1 j\u00e1 est\u00e1 de olho no calend\u00e1rio. Afinal, o come\u00e7o do ano \u00e9 \u00e9poca de apresenta\u00e7\u00e3o dos novos carros. S\u00e3o semanas marcadas pelas curiosidades. Novos pilotos, novos patrocinadores, novas cores e novas linhas aerodin\u00e2micas: tudo \u00e9 visto pela primeira vez nas apresenta\u00e7\u00f5es. Em 2023, [&hellip;]<\/p>\n","protected":false},"author":3,"featured_media":7658,"comment_status":"open","ping_status":"open","sticky":false,"template":"","format":"standard","meta":{"_monsterinsights_skip_tracking":false,"_monsterinsights_sitenote_active":false,"_monsterinsights_sitenote_note":"","_monsterinsights_sitenote_category":0,"footnotes":""},"categories":[42],"tags":[],"yoast_head":"<!-- This site is optimized with the Yoast SEO plugin v22.9 - https:\/\/yoast.com\/wordpress\/plugins\/seo\/ -->\n<title>Confira as datas de lan\u00e7amentos dos carros da temporada 2023 da F\u00f3rmula 1 - Portal MF<\/title>\n<meta name=\"robots\" content=\"index, follow, max-snippet:-1, max-image-preview:large, max-video-preview:-1\" \/>\n<link rel=\"canonical\" href=\"https:\/\/portalmf.com.br\/index.php\/2023\/01\/06\/confira-as-datas-de-lancamentos-dos-carros-da-temporada-2023-da-formula-1\/\" \/>\n<meta property=\"og:locale\" content=\"pt_BR\" \/>\n<meta property=\"og:type\" content=\"article\" \/>\n<meta property=\"og:title\" content=\"Confira as datas de lan\u00e7amentos dos carros da temporada 2023 da F\u00f3rmula 1 - Portal MF\" \/>\n<meta property=\"og:description\" content=\"Antes mesmo da primeira corrida de cada temporada, quem curte F\u00f3rmula 1 j\u00e1 est\u00e1 de olho no calend\u00e1rio. Afinal, o come\u00e7o do ano \u00e9 \u00e9poca de apresenta\u00e7\u00e3o dos novos carros. S\u00e3o semanas marcadas pelas curiosidades. Novos pilotos, novos patrocinadores, novas cores e novas linhas aerodin\u00e2micas: tudo \u00e9 visto pela primeira vez nas apresenta\u00e7\u00f5es. Em 2023, [&hellip;]\" \/>\n<meta property=\"og:url\" content=\"https:\/\/portalmf.com.br\/index.php\/2023\/01\/06\/confira-as-datas-de-lancamentos-dos-carros-da-temporada-2023-da-formula-1\/\" \/>\n<meta property=\"og:site_name\" content=\"Portal MF\" \/>\n<meta property=\"article:author\" content=\"https:\/\/www.facebook.com\/portalmfoficial\" \/>\n<meta property=\"article:published_time\" content=\"2023-01-06T18:58:46+00:00\" \/>\n<meta property=\"article:modified_time\" content=\"2023-01-06T18:58:48+00:00\" \/>\n<meta property=\"og:image\" content=\"https:\/\/portalmf.com.br\/wp-content\/uploads\/2023\/01\/F1.jpg\" \/>\n\t<meta property=\"og:image:width\" content=\"2000\" \/>\n\t<meta property=\"og:image:height\" content=\"1335\" \/>\n\t<meta property=\"og:image:type\" content=\"image\/jpeg\" \/>\n<meta name=\"author\" content=\"Reda\u00e7\u00e3o Portal MF\" \/>\n<meta name=\"twitter:card\" content=\"summary_large_image\" \/>\n<meta name=\"twitter:creator\" content=\"@https:\/\/x.com\/portalmfoficial\" \/>\n<meta name=\"twitter:label1\" content=\"Escrito por\" \/>\n\t<meta name=\"twitter:data1\" content=\"Reda\u00e7\u00e3o Portal MF\" \/>\n\t<meta name=\"twitter:label2\" content=\"Est. tempo de leitura\" \/>\n\t<meta name=\"twitter:data2\" content=\"2 minutos\" \/>\n<script type=\"application\/ld+json\" class=\"yoast-schema-graph\">{\"@context\":\"https:\/\/schema.org\",\"@graph\":[{\"@type\":\"WebPage\",\"@id\":\"https:\/\/portalmf.com.br\/index.php\/2023\/01\/06\/confira-as-datas-de-lancamentos-dos-carros-da-temporada-2023-da-formula-1\/\",\"url\":\"https:\/\/portalmf.com.br\/index.php\/2023\/01\/06\/confira-as-datas-de-lancamentos-dos-carros-da-temporada-2023-da-formula-1\/\",\"name\":\"Confira as datas de lan\u00e7amentos dos carros da temporada 2023 da F\u00f3rmula 1 - Portal MF\",\"isPartOf\":{\"@id\":\"https:\/\/portalmf.com.br\/#website\"},\"primaryImageOfPage\":{\"@id\":\"https:\/\/portalmf.com.br\/index.php\/2023\/01\/06\/confira-as-datas-de-lancamentos-dos-carros-da-temporada-2023-da-formula-1\/#primaryimage\"},\"image\":{\"@id\":\"https:\/\/portalmf.com.br\/index.php\/2023\/01\/06\/confira-as-datas-de-lancamentos-dos-carros-da-temporada-2023-da-formula-1\/#primaryimage\"},\"thumbnailUrl\":\"https:\/\/portalmf.com.br\/wp-content\/uploads\/2023\/01\/F1.jpg\",\"datePublished\":\"2023-01-06T18:58:46+00:00\",\"dateModified\":\"2023-01-06T18:58:48+00:00\",\"author\":{\"@id\":\"https:\/\/portalmf.com.br\/#\/schema\/person\/9ec101baf56233e53520c26de5d6f6f0\"},\"breadcrumb\":{\"@id\":\"https:\/\/portalmf.com.br\/index.php\/2023\/01\/06\/confira-as-datas-de-lancamentos-dos-carros-da-temporada-2023-da-formula-1\/#breadcrumb\"},\"inLanguage\":\"pt-BR\",\"potentialAction\":[{\"@type\":\"ReadAction\",\"target\":[\"https:\/\/portalmf.com.br\/index.php\/2023\/01\/06\/confira-as-datas-de-lancamentos-dos-carros-da-temporada-2023-da-formula-1\/\"]}]},{\"@type\":\"ImageObject\",\"inLanguage\":\"pt-BR\",\"@id\":\"https:\/\/portalmf.com.br\/index.php\/2023\/01\/06\/confira-as-datas-de-lancamentos-dos-carros-da-temporada-2023-da-formula-1\/#primaryimage\",\"url\":\"https:\/\/portalmf.com.br\/wp-content\/uploads\/2023\/01\/F1.jpg\",\"contentUrl\":\"https:\/\/portalmf.com.br\/wp-content\/uploads\/2023\/01\/F1.jpg\",\"width\":2000,\"height\":1335},{\"@type\":\"BreadcrumbList\",\"@id\":\"https:\/\/portalmf.com.br\/index.php\/2023\/01\/06\/confira-as-datas-de-lancamentos-dos-carros-da-temporada-2023-da-formula-1\/#breadcrumb\",\"itemListElement\":[{\"@type\":\"ListItem\",\"position\":1,\"name\":\"In\u00edcio\",\"item\":\"https:\/\/portalmf.com.br\/\"},{\"@type\":\"ListItem\",\"position\":2,\"name\":\"Confira as datas de lan\u00e7amentos dos carros da temporada 2023 da F\u00f3rmula 1\"}]},{\"@type\":\"WebSite\",\"@id\":\"https:\/\/portalmf.com.br\/#website\",\"url\":\"https:\/\/portalmf.com.br\/\",\"name\":\"Portal MF\",\"description\":\"Voc\u00ea conectado com a informa\u00e7\u00e3o\",\"potentialAction\":[{\"@type\":\"SearchAction\",\"target\":{\"@type\":\"EntryPoint\",\"urlTemplate\":\"https:\/\/portalmf.com.br\/?s={search_term_string}\"},\"query-input\":\"required name=search_term_string\"}],\"inLanguage\":\"pt-BR\"},{\"@type\":\"Person\",\"@id\":\"https:\/\/portalmf.com.br\/#\/schema\/person\/9ec101baf56233e53520c26de5d6f6f0\",\"name\":\"Reda\u00e7\u00e3o Portal MF\",\"image\":{\"@type\":\"ImageObject\",\"inLanguage\":\"pt-BR\",\"@id\":\"https:\/\/portalmf.com.br\/#\/schema\/person\/image\/\",\"url\":\"https:\/\/secure.gravatar.com\/avatar\/41b9aaeb2100835f7c64362330f74c7f?s=96&d=mm&r=g\",\"contentUrl\":\"https:\/\/secure.gravatar.com\/avatar\/41b9aaeb2100835f7c64362330f74c7f?s=96&d=mm&r=g\",\"caption\":\"Reda\u00e7\u00e3o Portal MF\"},\"description\":\"Sejam bem-vindos o portal de informa\u00e7\u00f5es de entretenimento de Feira de Santana, desde 2006 realiza coberturas dos principais eventos com entrevistas exclusivas com as principais personalidades mundiais. Fique conectado tamb\u00e9m nas redes sociais.\",\"sameAs\":[\"http:\/\/www.portalmf.com.br\/\",\"https:\/\/www.facebook.com\/portalmfoficial\",\"https:\/\/www.instagram.com\/portalmf\/\",\"https:\/\/x.com\/https:\/\/x.com\/portalmfoficial\",\"https:\/\/www.youtube.com\/@portalmfoficial\"],\"url\":\"https:\/\/portalmf.com.br\/index.php\/author\/junior\/\"}]}<\/script>\n<!-- \/ Yoast SEO plugin. -->","yoast_head_json":{"title":"Confira as datas de lan\u00e7amentos dos carros da temporada 2023 da F\u00f3rmula 1 - Portal MF","robots":{"index":"index","follow":"follow","max-snippet":"max-snippet:-1","max-image-preview":"max-image-preview:large","max-video-preview":"max-video-preview:-1"},"canonical":"https:\/\/portalmf.com.br\/index.php\/2023\/01\/06\/confira-as-datas-de-lancamentos-dos-carros-da-temporada-2023-da-formula-1\/","og_locale":"pt_BR","og_type":"article","og_title":"Confira as datas de lan\u00e7amentos dos carros da temporada 2023 da F\u00f3rmula 1 - Portal MF","og_description":"Antes mesmo da primeira corrida de cada temporada, quem curte F\u00f3rmula 1 j\u00e1 est\u00e1 de olho no calend\u00e1rio. Afinal, o come\u00e7o do ano \u00e9 \u00e9poca de apresenta\u00e7\u00e3o dos novos carros. S\u00e3o semanas marcadas pelas curiosidades. Novos pilotos, novos patrocinadores, novas cores e novas linhas aerodin\u00e2micas: tudo \u00e9 visto pela primeira vez nas apresenta\u00e7\u00f5es. Em 2023, [&hellip;]","og_url":"https:\/\/portalmf.com.br\/index.php\/2023\/01\/06\/confira-as-datas-de-lancamentos-dos-carros-da-temporada-2023-da-formula-1\/","og_site_name":"Portal MF","article_author":"https:\/\/www.facebook.com\/portalmfoficial","article_published_time":"2023-01-06T18:58:46+00:00","article_modified_time":"2023-01-06T18:58:48+00:00","og_image":[{"width":2000,"height":1335,"url":"https:\/\/portalmf.com.br\/wp-content\/uploads\/2023\/01\/F1.jpg","type":"image\/jpeg"}],"author":"Reda\u00e7\u00e3o Portal MF","twitter_card":"summary_large_image","twitter_creator":"@https:\/\/x.com\/portalmfoficial","twitter_misc":{"Escrito por":"Reda\u00e7\u00e3o Portal MF","Est. tempo de leitura":"2 minutos"},"schema":{"@context":"https:\/\/schema.org","@graph":[{"@type":"WebPage","@id":"https:\/\/portalmf.com.br\/index.php\/2023\/01\/06\/confira-as-datas-de-lancamentos-dos-carros-da-temporada-2023-da-formula-1\/","url":"https:\/\/portalmf.com.br\/index.php\/2023\/01\/06\/confira-as-datas-de-lancamentos-dos-carros-da-temporada-2023-da-formula-1\/","name":"Confira as datas de lan\u00e7amentos dos carros da temporada 2023 da F\u00f3rmula 1 - Portal MF","isPartOf":{"@id":"https:\/\/portalmf.com.br\/#website"},"primaryImageOfPage":{"@id":"https:\/\/portalmf.com.br\/index.php\/2023\/01\/06\/confira-as-datas-de-lancamentos-dos-carros-da-temporada-2023-da-formula-1\/#primaryimage"},"image":{"@id":"https:\/\/portalmf.com.br\/index.php\/2023\/01\/06\/confira-as-datas-de-lancamentos-dos-carros-da-temporada-2023-da-formula-1\/#primaryimage"},"thumbnailUrl":"https:\/\/portalmf.com.br\/wp-content\/uploads\/2023\/01\/F1.jpg","datePublished":"2023-01-06T18:58:46+00:00","dateModified":"2023-01-06T18:58:48+00:00","author":{"@id":"https:\/\/portalmf.com.br\/#\/schema\/person\/9ec101baf56233e53520c26de5d6f6f0"},"breadcrumb":{"@id":"https:\/\/portalmf.com.br\/index.php\/2023\/01\/06\/confira-as-datas-de-lancamentos-dos-carros-da-temporada-2023-da-formula-1\/#breadcrumb"},"inLanguage":"pt-BR","potentialAction":[{"@type":"ReadAction","target":["https:\/\/portalmf.com.br\/index.php\/2023\/01\/06\/confira-as-datas-de-lancamentos-dos-carros-da-temporada-2023-da-formula-1\/"]}]},{"@type":"ImageObject","inLanguage":"pt-BR","@id":"https:\/\/portalmf.com.br\/index.php\/2023\/01\/06\/confira-as-datas-de-lancamentos-dos-carros-da-temporada-2023-da-formula-1\/#primaryimage","url":"https:\/\/portalmf.com.br\/wp-content\/uploads\/2023\/01\/F1.jpg","contentUrl":"https:\/\/portalmf.com.br\/wp-content\/uploads\/2023\/01\/F1.jpg","width":2000,"height":1335},{"@type":"BreadcrumbList","@id":"https:\/\/portalmf.com.br\/index.php\/2023\/01\/06\/confira-as-datas-de-lancamentos-dos-carros-da-temporada-2023-da-formula-1\/#breadcrumb","itemListElement":[{"@type":"ListItem","position":1,"name":"In\u00edcio","item":"https:\/\/portalmf.com.br\/"},{"@type":"ListItem","position":2,"name":"Confira as datas de lan\u00e7amentos dos carros da temporada 2023 da F\u00f3rmula 1"}]},{"@type":"WebSite","@id":"https:\/\/portalmf.com.br\/#website","url":"https:\/\/portalmf.com.br\/","name":"Portal MF","description":"Voc\u00ea conectado com a informa\u00e7\u00e3o","potentialAction":[{"@type":"SearchAction","target":{"@type":"EntryPoint","urlTemplate":"https:\/\/portalmf.com.br\/?s={search_term_string}"},"query-input":"required name=search_term_string"}],"inLanguage":"pt-BR"},{"@type":"Person","@id":"https:\/\/portalmf.com.br\/#\/schema\/person\/9ec101baf56233e53520c26de5d6f6f0","name":"Reda\u00e7\u00e3o Portal MF","image":{"@type":"ImageObject","inLanguage":"pt-BR","@id":"https:\/\/portalmf.com.br\/#\/schema\/person\/image\/","url":"https:\/\/secure.gravatar.com\/avatar\/41b9aaeb2100835f7c64362330f74c7f?s=96&d=mm&r=g","contentUrl":"https:\/\/secure.gravatar.com\/avatar\/41b9aaeb2100835f7c64362330f74c7f?s=96&d=mm&r=g","caption":"Reda\u00e7\u00e3o Portal MF"},"description":"Sejam bem-vindos o portal de informa\u00e7\u00f5es de entretenimento de Feira de Santana, desde 2006 realiza coberturas dos principais eventos com entrevistas exclusivas com as principais personalidades mundiais. Fique conectado tamb\u00e9m nas redes sociais.","sameAs":["http:\/\/www.portalmf.com.br\/","https:\/\/www.facebook.com\/portalmfoficial","https:\/\/www.instagram.com\/portalmf\/","https:\/\/x.com\/https:\/\/x.com\/portalmfoficial","https:\/\/www.youtube.com\/@portalmfoficial"],"url":"https:\/\/portalmf.com.br\/index.php\/author\/junior\/"}]}},"_links":{"self":[{"href":"https:\/\/portalmf.com.br\/index.php\/wp-json\/wp\/v2\/posts\/7657"}],"collection":[{"href":"https:\/\/portalmf.com.br\/index.php\/wp-json\/wp\/v2\/posts"}],"about":[{"href":"https:\/\/portalmf.com.br\/index.php\/wp-json\/wp\/v2\/types\/post"}],"author":[{"embeddable":true,"href":"https:\/\/portalmf.com.br\/index.php\/wp-json\/wp\/v2\/users\/3"}],"replies":[{"embeddable":true,"href":"https:\/\/portalmf.com.br\/index.php\/wp-json\/wp\/v2\/comments?post=7657"}],"version-history":[{"count":1,"href":"https:\/\/portalmf.com.br\/index.php\/wp-json\/wp\/v2\/posts\/7657\/revisions"}],"predecessor-version":[{"id":7659,"href":"https:\/\/portalmf.com.br\/index.php\/wp-json\/wp\/v2\/posts\/7657\/revisions\/7659"}],"wp:featuredmedia":[{"embeddable":true,"href":"https:\/\/portalmf.com.br\/index.php\/wp-json\/wp\/v2\/media\/7658"}],"wp:attachment":[{"href":"https:\/\/portalmf.com.br\/index.php\/wp-json\/wp\/v2\/media?parent=7657"}],"wp:term":[{"taxonomy":"category","embeddable":true,"href":"https:\/\/portalmf.com.br\/index.php\/wp-json\/wp\/v2\/categories?post=7657"},{"taxonomy":"post_tag","embeddable":true,"href":"https:\/\/portalmf.com.br\/index.php\/wp-json\/wp\/v2\/tags?post=7657"}],"curies":[{"name":"wp","href":"https:\/\/api.w.org\/{rel}","templated":true}]}}