{"id":7654,"date":"2023-01-06T15:54:52","date_gmt":"2023-01-06T18:54:52","guid":{"rendered":"https:\/\/portalmf.com.br\/?p=7654"},"modified":"2023-01-06T15:54:53","modified_gmt":"2023-01-06T18:54:53","slug":"gerson-afirma-estar-feliz-com-retorno-ao-flamengo","status":"publish","type":"post","link":"https:\/\/portalmf.com.br\/index.php\/2023\/01\/06\/gerson-afirma-estar-feliz-com-retorno-ao-flamengo\/","title":{"rendered":"Gerson afirma estar feliz com retorno ao Flamengo"},"content":{"rendered":"\n<p>\u201cEstou muito feliz de estar de volta \u00e0 minha casa\u201d, foi com estas palavras que o meio-campista Gerson iniciou a sua apresenta\u00e7\u00e3o oficial no Flamengo, nesta quinta-feira (5) no Ninho do Urubu, no Rio de Janeiro. O jogador de 25 anos estava no Olympique de Marseille (Fran\u00e7a).<\/p>\n\n\n\n<p>\u201cGra\u00e7as a Deus tudo aconteceu bem e estou muito feliz por estar de volta \u00e0 minha casa. J\u00e1 comecei a treinar e agora \u00e9 s\u00f3 esperar para jogar no Maracan\u00e3, pois j\u00e1 estava com muita saudade\u201d, afirmou o jogador, que firmou v\u00ednculo com o Rubro-Negro at\u00e9 o final de 2027.<\/p>\n\n\n\n<figure class=\"wp-block-embed is-type-rich is-provider-twitter wp-block-embed-twitter\"><div class=\"wp-block-embed__wrapper\">\n<blockquote class=\"twitter-tweet\" data-width=\"550\" data-dnt=\"true\"><p lang=\"pt\" dir=\"ltr\">SORRISO NO ROSTO E <a href=\"https:\/\/twitter.com\/hashtag\/TudoDeNovo?src=hash&amp;ref_src=twsrc%5Etfw\">#TudoDeNovo<\/a>!<br><br>VAPO, <a href=\"https:\/\/twitter.com\/GersonSantos08?ref_src=twsrc%5Etfw\">@GersonSantos08<\/a>! \ud83c\udccf\ud83d\udd34\u26ab<a href=\"https:\/\/twitter.com\/hashtag\/CRF?src=hash&amp;ref_src=twsrc%5Etfw\">#CRF<\/a> <br><br>\ud83d\udcf8: <a href=\"https:\/\/twitter.com\/mcortesdasilva8?ref_src=twsrc%5Etfw\">@mcortesdasilva8<\/a> \/CRF <a href=\"https:\/\/t.co\/lj48jXbJie\">pic.twitter.com\/lj48jXbJie<\/a><\/p>&mdash; Flamengo (@Flamengo) <a href=\"https:\/\/twitter.com\/Flamengo\/status\/1611080482615091229?ref_src=twsrc%5Etfw\">January 5, 2023<\/a><\/blockquote><script async src=\"https:\/\/platform.twitter.com\/widgets.js\" charset=\"utf-8\"><\/script>\n<\/div><\/figure>\n\n\n\n<p>Na entrevista, Gerson falou da experi\u00eancia de atuar no futebol franc\u00eas: \u201c\u00c9 sempre bom ter aprendizados na vida, eu aprendi muitas coisas novas l\u00e1. Como coringa aprendi novas fun\u00e7\u00f5es, e espero que a minha volta seja a melhor poss\u00edvel\u201d. Pelo Flamengo o meio-campista conquistou t\u00edtulos importantes, como a Copa Libertadores de 2019, o Campeonato Brasileiro de 2020, as edi\u00e7\u00f5es 2020 e 2021 da Supercopa do Brasil e a Recopa Sul-Americana de 2020.<\/p>\n\n\n\n<h2 class=\"wp-block-heading\">Luis Su\u00e1rez no Gr\u00eamio<\/h2>\n\n\n\n<p>Outra equipe a apresentar um refor\u00e7o de peso foi o Gr\u00eamio. Na noite da \u00faltima quarta-feira (4) o Tricolor Ga\u00facho promoveu uma grande festa na sua Arena em Porto Alegre para celebrar a chegada do atacante uruguaio Luis Su\u00e1rez.<\/p>\n\n\n\n<p>O jogador com passagens por equipes como Nacional (Uruguai), Ajax (Holanda), Liverpool (Inglaterra), Barcelona (Espanha) e Atl\u00e9tico de Madrid (Espanha) foi saudado por cerca de 32 mil entusiasmados gremistas.<\/p>\n\n\n\n<figure class=\"wp-block-embed is-type-rich is-provider-twitter wp-block-embed-twitter\"><div class=\"wp-block-embed__wrapper\">\n<blockquote class=\"twitter-tweet\" data-width=\"550\" data-dnt=\"true\"><p lang=\"pt\" dir=\"ltr\">Quem mais ficou assim? \ud83e\udd79\ud83d\udc99<br><br>\ud83d\udcf8: <a href=\"https:\/\/twitter.com\/lucasuebel?ref_src=twsrc%5Etfw\">@lucasuebel<\/a> | Gr\u00eamio FBPA <a href=\"https:\/\/t.co\/lpsTYFiizQ\">pic.twitter.com\/lpsTYFiizQ<\/a><\/p>&mdash; Gr\u00eamio FBPA (@Gremio) <a href=\"https:\/\/twitter.com\/Gremio\/status\/1610817260309946369?ref_src=twsrc%5Etfw\">January 5, 2023<\/a><\/blockquote><script async src=\"https:\/\/platform.twitter.com\/widgets.js\" charset=\"utf-8\"><\/script>\n<\/div><\/figure>\n\n\n\n<p>Em entrevista coletiva ap\u00f3s a festa, Su\u00e1rez expressou o contentamento por assinar com o Gr\u00eamio: \u201cEscolhi o Gr\u00eamio porque gosto de desafios. Ser\u00e1 uma grande oportunidade e sei que posso jogar em um grande time da Am\u00e9rica do Sul. Vou prometer \u00e0 torcida companheirismo, atitude dentro de campo, muita vontade e, claro, gols. O Gr\u00eamio tem uma equipe incr\u00edvel e um treinador incr\u00edvel. Vou defender as tr\u00eas cores como um torcedor do Gr\u00eamio. Quero ganhar muitas coisas aqui\u201d.<\/p>\n\n\n\n<p>Com informa\u00e7\u00f5es da Ag\u00eancia Brasil<\/p>\n","protected":false},"excerpt":{"rendered":"<p>\u201cEstou muito feliz de estar de volta \u00e0 minha casa\u201d, foi com estas palavras que o meio-campista Gerson iniciou a sua apresenta\u00e7\u00e3o oficial no Flamengo, nesta quinta-feira (5) no Ninho do Urubu, no Rio de Janeiro. O jogador de 25 anos estava no Olympique de Marseille (Fran\u00e7a). \u201cGra\u00e7as a Deus tudo aconteceu bem e estou [&hellip;]<\/p>\n","protected":false},"author":3,"featured_media":7655,"comment_status":"open","ping_status":"open","sticky":false,"template":"","format":"standard","meta":{"_monsterinsights_skip_tracking":false,"_monsterinsights_sitenote_active":false,"_monsterinsights_sitenote_note":"","_monsterinsights_sitenote_category":0,"footnotes":""},"categories":[42],"tags":[],"yoast_head":"<!-- This site is optimized with the Yoast SEO plugin v22.9 - https:\/\/yoast.com\/wordpress\/plugins\/seo\/ -->\n<title>Gerson afirma estar feliz com retorno ao Flamengo - Portal MF<\/title>\n<meta name=\"robots\" content=\"index, follow, max-snippet:-1, max-image-preview:large, max-video-preview:-1\" \/>\n<link rel=\"canonical\" href=\"https:\/\/portalmf.com.br\/index.php\/2023\/01\/06\/gerson-afirma-estar-feliz-com-retorno-ao-flamengo\/\" \/>\n<meta property=\"og:locale\" content=\"pt_BR\" \/>\n<meta property=\"og:type\" content=\"article\" \/>\n<meta property=\"og:title\" content=\"Gerson afirma estar feliz com retorno ao Flamengo - Portal MF\" \/>\n<meta property=\"og:description\" content=\"\u201cEstou muito feliz de estar de volta \u00e0 minha casa\u201d, foi com estas palavras que o meio-campista Gerson iniciou a sua apresenta\u00e7\u00e3o oficial no Flamengo, nesta quinta-feira (5) no Ninho do Urubu, no Rio de Janeiro. O jogador de 25 anos estava no Olympique de Marseille (Fran\u00e7a). \u201cGra\u00e7as a Deus tudo aconteceu bem e estou [&hellip;]\" \/>\n<meta property=\"og:url\" content=\"https:\/\/portalmf.com.br\/index.php\/2023\/01\/06\/gerson-afirma-estar-feliz-com-retorno-ao-flamengo\/\" \/>\n<meta property=\"og:site_name\" content=\"Portal MF\" \/>\n<meta property=\"article:author\" content=\"https:\/\/www.facebook.com\/portalmfoficial\" \/>\n<meta property=\"article:published_time\" content=\"2023-01-06T18:54:52+00:00\" \/>\n<meta property=\"article:modified_time\" content=\"2023-01-06T18:54:53+00:00\" \/>\n<meta property=\"og:image\" content=\"https:\/\/portalmf.com.br\/wp-content\/uploads\/2023\/01\/flu1jyuxeaa57wi.jpg\" \/>\n\t<meta property=\"og:image:width\" content=\"1170\" \/>\n\t<meta property=\"og:image:height\" content=\"700\" \/>\n\t<meta property=\"og:image:type\" content=\"image\/jpeg\" \/>\n<meta name=\"author\" content=\"Reda\u00e7\u00e3o Portal MF\" \/>\n<meta name=\"twitter:card\" content=\"summary_large_image\" \/>\n<meta name=\"twitter:creator\" content=\"@https:\/\/x.com\/portalmfoficial\" \/>\n<meta name=\"twitter:label1\" content=\"Escrito por\" \/>\n\t<meta name=\"twitter:data1\" content=\"Reda\u00e7\u00e3o Portal MF\" \/>\n\t<meta name=\"twitter:label2\" content=\"Est. tempo de leitura\" \/>\n\t<meta name=\"twitter:data2\" content=\"2 minutos\" \/>\n<script type=\"application\/ld+json\" class=\"yoast-schema-graph\">{\"@context\":\"https:\/\/schema.org\",\"@graph\":[{\"@type\":\"WebPage\",\"@id\":\"https:\/\/portalmf.com.br\/index.php\/2023\/01\/06\/gerson-afirma-estar-feliz-com-retorno-ao-flamengo\/\",\"url\":\"https:\/\/portalmf.com.br\/index.php\/2023\/01\/06\/gerson-afirma-estar-feliz-com-retorno-ao-flamengo\/\",\"name\":\"Gerson afirma estar feliz com retorno ao Flamengo - Portal MF\",\"isPartOf\":{\"@id\":\"https:\/\/portalmf.com.br\/#website\"},\"primaryImageOfPage\":{\"@id\":\"https:\/\/portalmf.com.br\/index.php\/2023\/01\/06\/gerson-afirma-estar-feliz-com-retorno-ao-flamengo\/#primaryimage\"},\"image\":{\"@id\":\"https:\/\/portalmf.com.br\/index.php\/2023\/01\/06\/gerson-afirma-estar-feliz-com-retorno-ao-flamengo\/#primaryimage\"},\"thumbnailUrl\":\"https:\/\/portalmf.com.br\/wp-content\/uploads\/2023\/01\/flu1jyuxeaa57wi.jpg\",\"datePublished\":\"2023-01-06T18:54:52+00:00\",\"dateModified\":\"2023-01-06T18:54:53+00:00\",\"author\":{\"@id\":\"https:\/\/portalmf.com.br\/#\/schema\/person\/9ec101baf56233e53520c26de5d6f6f0\"},\"breadcrumb\":{\"@id\":\"https:\/\/portalmf.com.br\/index.php\/2023\/01\/06\/gerson-afirma-estar-feliz-com-retorno-ao-flamengo\/#breadcrumb\"},\"inLanguage\":\"pt-BR\",\"potentialAction\":[{\"@type\":\"ReadAction\",\"target\":[\"https:\/\/portalmf.com.br\/index.php\/2023\/01\/06\/gerson-afirma-estar-feliz-com-retorno-ao-flamengo\/\"]}]},{\"@type\":\"ImageObject\",\"inLanguage\":\"pt-BR\",\"@id\":\"https:\/\/portalmf.com.br\/index.php\/2023\/01\/06\/gerson-afirma-estar-feliz-com-retorno-ao-flamengo\/#primaryimage\",\"url\":\"https:\/\/portalmf.com.br\/wp-content\/uploads\/2023\/01\/flu1jyuxeaa57wi.jpg\",\"contentUrl\":\"https:\/\/portalmf.com.br\/wp-content\/uploads\/2023\/01\/flu1jyuxeaa57wi.jpg\",\"width\":1170,\"height\":700,\"caption\":\"Foto: Marcelo Cortes\/CRF\/ Direitos reservados\"},{\"@type\":\"BreadcrumbList\",\"@id\":\"https:\/\/portalmf.com.br\/index.php\/2023\/01\/06\/gerson-afirma-estar-feliz-com-retorno-ao-flamengo\/#breadcrumb\",\"itemListElement\":[{\"@type\":\"ListItem\",\"position\":1,\"name\":\"In\u00edcio\",\"item\":\"https:\/\/portalmf.com.br\/\"},{\"@type\":\"ListItem\",\"position\":2,\"name\":\"Gerson afirma estar feliz com retorno ao Flamengo\"}]},{\"@type\":\"WebSite\",\"@id\":\"https:\/\/portalmf.com.br\/#website\",\"url\":\"https:\/\/portalmf.com.br\/\",\"name\":\"Portal MF\",\"description\":\"Voc\u00ea conectado com a informa\u00e7\u00e3o\",\"potentialAction\":[{\"@type\":\"SearchAction\",\"target\":{\"@type\":\"EntryPoint\",\"urlTemplate\":\"https:\/\/portalmf.com.br\/?s={search_term_string}\"},\"query-input\":\"required name=search_term_string\"}],\"inLanguage\":\"pt-BR\"},{\"@type\":\"Person\",\"@id\":\"https:\/\/portalmf.com.br\/#\/schema\/person\/9ec101baf56233e53520c26de5d6f6f0\",\"name\":\"Reda\u00e7\u00e3o Portal MF\",\"image\":{\"@type\":\"ImageObject\",\"inLanguage\":\"pt-BR\",\"@id\":\"https:\/\/portalmf.com.br\/#\/schema\/person\/image\/\",\"url\":\"https:\/\/secure.gravatar.com\/avatar\/41b9aaeb2100835f7c64362330f74c7f?s=96&d=mm&r=g\",\"contentUrl\":\"https:\/\/secure.gravatar.com\/avatar\/41b9aaeb2100835f7c64362330f74c7f?s=96&d=mm&r=g\",\"caption\":\"Reda\u00e7\u00e3o Portal MF\"},\"description\":\"Sejam bem-vindos o portal de informa\u00e7\u00f5es de entretenimento de Feira de Santana, desde 2006 realiza coberturas dos principais eventos com entrevistas exclusivas com as principais personalidades mundiais. Fique conectado tamb\u00e9m nas redes sociais.\",\"sameAs\":[\"http:\/\/www.portalmf.com.br\/\",\"https:\/\/www.facebook.com\/portalmfoficial\",\"https:\/\/www.instagram.com\/portalmf\/\",\"https:\/\/x.com\/https:\/\/x.com\/portalmfoficial\",\"https:\/\/www.youtube.com\/@portalmfoficial\"],\"url\":\"https:\/\/portalmf.com.br\/index.php\/author\/junior\/\"}]}<\/script>\n<!-- \/ Yoast SEO plugin. -->","yoast_head_json":{"title":"Gerson afirma estar feliz com retorno ao Flamengo - Portal MF","robots":{"index":"index","follow":"follow","max-snippet":"max-snippet:-1","max-image-preview":"max-image-preview:large","max-video-preview":"max-video-preview:-1"},"canonical":"https:\/\/portalmf.com.br\/index.php\/2023\/01\/06\/gerson-afirma-estar-feliz-com-retorno-ao-flamengo\/","og_locale":"pt_BR","og_type":"article","og_title":"Gerson afirma estar feliz com retorno ao Flamengo - Portal MF","og_description":"\u201cEstou muito feliz de estar de volta \u00e0 minha casa\u201d, foi com estas palavras que o meio-campista Gerson iniciou a sua apresenta\u00e7\u00e3o oficial no Flamengo, nesta quinta-feira (5) no Ninho do Urubu, no Rio de Janeiro. O jogador de 25 anos estava no Olympique de Marseille (Fran\u00e7a). \u201cGra\u00e7as a Deus tudo aconteceu bem e estou [&hellip;]","og_url":"https:\/\/portalmf.com.br\/index.php\/2023\/01\/06\/gerson-afirma-estar-feliz-com-retorno-ao-flamengo\/","og_site_name":"Portal MF","article_author":"https:\/\/www.facebook.com\/portalmfoficial","article_published_time":"2023-01-06T18:54:52+00:00","article_modified_time":"2023-01-06T18:54:53+00:00","og_image":[{"width":1170,"height":700,"url":"https:\/\/portalmf.com.br\/wp-content\/uploads\/2023\/01\/flu1jyuxeaa57wi.jpg","type":"image\/jpeg"}],"author":"Reda\u00e7\u00e3o Portal MF","twitter_card":"summary_large_image","twitter_creator":"@https:\/\/x.com\/portalmfoficial","twitter_misc":{"Escrito por":"Reda\u00e7\u00e3o Portal MF","Est. tempo de leitura":"2 minutos"},"schema":{"@context":"https:\/\/schema.org","@graph":[{"@type":"WebPage","@id":"https:\/\/portalmf.com.br\/index.php\/2023\/01\/06\/gerson-afirma-estar-feliz-com-retorno-ao-flamengo\/","url":"https:\/\/portalmf.com.br\/index.php\/2023\/01\/06\/gerson-afirma-estar-feliz-com-retorno-ao-flamengo\/","name":"Gerson afirma estar feliz com retorno ao Flamengo - Portal MF","isPartOf":{"@id":"https:\/\/portalmf.com.br\/#website"},"primaryImageOfPage":{"@id":"https:\/\/portalmf.com.br\/index.php\/2023\/01\/06\/gerson-afirma-estar-feliz-com-retorno-ao-flamengo\/#primaryimage"},"image":{"@id":"https:\/\/portalmf.com.br\/index.php\/2023\/01\/06\/gerson-afirma-estar-feliz-com-retorno-ao-flamengo\/#primaryimage"},"thumbnailUrl":"https:\/\/portalmf.com.br\/wp-content\/uploads\/2023\/01\/flu1jyuxeaa57wi.jpg","datePublished":"2023-01-06T18:54:52+00:00","dateModified":"2023-01-06T18:54:53+00:00","author":{"@id":"https:\/\/portalmf.com.br\/#\/schema\/person\/9ec101baf56233e53520c26de5d6f6f0"},"breadcrumb":{"@id":"https:\/\/portalmf.com.br\/index.php\/2023\/01\/06\/gerson-afirma-estar-feliz-com-retorno-ao-flamengo\/#breadcrumb"},"inLanguage":"pt-BR","potentialAction":[{"@type":"ReadAction","target":["https:\/\/portalmf.com.br\/index.php\/2023\/01\/06\/gerson-afirma-estar-feliz-com-retorno-ao-flamengo\/"]}]},{"@type":"ImageObject","inLanguage":"pt-BR","@id":"https:\/\/portalmf.com.br\/index.php\/2023\/01\/06\/gerson-afirma-estar-feliz-com-retorno-ao-flamengo\/#primaryimage","url":"https:\/\/portalmf.com.br\/wp-content\/uploads\/2023\/01\/flu1jyuxeaa57wi.jpg","contentUrl":"https:\/\/portalmf.com.br\/wp-content\/uploads\/2023\/01\/flu1jyuxeaa57wi.jpg","width":1170,"height":700,"caption":"Foto: Marcelo Cortes\/CRF\/ Direitos reservados"},{"@type":"BreadcrumbList","@id":"https:\/\/portalmf.com.br\/index.php\/2023\/01\/06\/gerson-afirma-estar-feliz-com-retorno-ao-flamengo\/#breadcrumb","itemListElement":[{"@type":"ListItem","position":1,"name":"In\u00edcio","item":"https:\/\/portalmf.com.br\/"},{"@type":"ListItem","position":2,"name":"Gerson afirma estar feliz com retorno ao Flamengo"}]},{"@type":"WebSite","@id":"https:\/\/portalmf.com.br\/#website","url":"https:\/\/portalmf.com.br\/","name":"Portal MF","description":"Voc\u00ea conectado com a informa\u00e7\u00e3o","potentialAction":[{"@type":"SearchAction","target":{"@type":"EntryPoint","urlTemplate":"https:\/\/portalmf.com.br\/?s={search_term_string}"},"query-input":"required name=search_term_string"}],"inLanguage":"pt-BR"},{"@type":"Person","@id":"https:\/\/portalmf.com.br\/#\/schema\/person\/9ec101baf56233e53520c26de5d6f6f0","name":"Reda\u00e7\u00e3o Portal MF","image":{"@type":"ImageObject","inLanguage":"pt-BR","@id":"https:\/\/portalmf.com.br\/#\/schema\/person\/image\/","url":"https:\/\/secure.gravatar.com\/avatar\/41b9aaeb2100835f7c64362330f74c7f?s=96&d=mm&r=g","contentUrl":"https:\/\/secure.gravatar.com\/avatar\/41b9aaeb2100835f7c64362330f74c7f?s=96&d=mm&r=g","caption":"Reda\u00e7\u00e3o Portal MF"},"description":"Sejam bem-vindos o portal de informa\u00e7\u00f5es de entretenimento de Feira de Santana, desde 2006 realiza coberturas dos principais eventos com entrevistas exclusivas com as principais personalidades mundiais. Fique conectado tamb\u00e9m nas redes sociais.","sameAs":["http:\/\/www.portalmf.com.br\/","https:\/\/www.facebook.com\/portalmfoficial","https:\/\/www.instagram.com\/portalmf\/","https:\/\/x.com\/https:\/\/x.com\/portalmfoficial","https:\/\/www.youtube.com\/@portalmfoficial"],"url":"https:\/\/portalmf.com.br\/index.php\/author\/junior\/"}]}},"_links":{"self":[{"href":"https:\/\/portalmf.com.br\/index.php\/wp-json\/wp\/v2\/posts\/7654"}],"collection":[{"href":"https:\/\/portalmf.com.br\/index.php\/wp-json\/wp\/v2\/posts"}],"about":[{"href":"https:\/\/portalmf.com.br\/index.php\/wp-json\/wp\/v2\/types\/post"}],"author":[{"embeddable":true,"href":"https:\/\/portalmf.com.br\/index.php\/wp-json\/wp\/v2\/users\/3"}],"replies":[{"embeddable":true,"href":"https:\/\/portalmf.com.br\/index.php\/wp-json\/wp\/v2\/comments?post=7654"}],"version-history":[{"count":1,"href":"https:\/\/portalmf.com.br\/index.php\/wp-json\/wp\/v2\/posts\/7654\/revisions"}],"predecessor-version":[{"id":7656,"href":"https:\/\/portalmf.com.br\/index.php\/wp-json\/wp\/v2\/posts\/7654\/revisions\/7656"}],"wp:featuredmedia":[{"embeddable":true,"href":"https:\/\/portalmf.com.br\/index.php\/wp-json\/wp\/v2\/media\/7655"}],"wp:attachment":[{"href":"https:\/\/portalmf.com.br\/index.php\/wp-json\/wp\/v2\/media?parent=7654"}],"wp:term":[{"taxonomy":"category","embeddable":true,"href":"https:\/\/portalmf.com.br\/index.php\/wp-json\/wp\/v2\/categories?post=7654"},{"taxonomy":"post_tag","embeddable":true,"href":"https:\/\/portalmf.com.br\/index.php\/wp-json\/wp\/v2\/tags?post=7654"}],"curies":[{"name":"wp","href":"https:\/\/api.w.org\/{rel}","templated":true}]}}