{"id":7648,"date":"2023-01-06T15:41:29","date_gmt":"2023-01-06T18:41:29","guid":{"rendered":"https:\/\/portalmf.com.br\/?p=7648"},"modified":"2023-01-06T15:41:30","modified_gmt":"2023-01-06T18:41:30","slug":"apos-um-hiato-de-12-anos-law-order-estreia-no-brasil-sua-21a-temporada","status":"publish","type":"post","link":"https:\/\/portalmf.com.br\/index.php\/2023\/01\/06\/apos-um-hiato-de-12-anos-law-order-estreia-no-brasil-sua-21a-temporada\/","title":{"rendered":"Ap\u00f3s um hiato de 12 anos \u2018Law &#038; Order\u2019 estreia no Brasil sua 21\u00aa temporada\u00a0"},"content":{"rendered":"\n<p>A 21\u00aa temporada do sucesso mundial \u2018Law &amp; Order\u2019 chega ao Globoplay marcando o retorno ap\u00f3s mais de 12 anos da \u00faltima exibi\u00e7\u00e3o in\u00e9dita. Famosa por se inspirar em casos de manchetes da vida real, a trama segue acompanhando crimes por meio de dois pontos de vista distintos: a investiga\u00e7\u00e3o policial sobre os crimes, e o julgamento, que processa juridicamente os supostos autores dos atos criminosos. A s\u00e9rie policial e jur\u00eddica fica dispon\u00edvel na plataforma a partir do dia 5 de janeiro para todos os assinantes.&nbsp;<\/p>\n\n\n\n<p>Do lend\u00e1rio produtor executivo e criador vencedor do Emmy, Dick Wolf, o original &#8220;Law &amp; Order&#8221; retorna para continuar seu legado hist\u00f3rico apresentando novas estrelas e presenteando o p\u00fablico com a volta de personagens ic\u00f4nicos como o promotor Jack McCoy (Sam Waterston) e o detetive Kevin Bernard (Anthony Anderson).&nbsp;<\/p>\n\n\n\n<p>A cada quinta-feira, o Globoplay disponibiliza 10 epis\u00f3dios de 60 minutos da nova temporada. As s\u00e9ries derivadas \u2018Law &amp; Order: Crime Organizado\u2019 e Law &amp; Order: SVU\u2019 seguem dispon\u00edveis na plataforma de streaming.&nbsp;<\/p>\n","protected":false},"excerpt":{"rendered":"<p>A 21\u00aa temporada do sucesso mundial \u2018Law &amp; Order\u2019 chega ao Globoplay marcando o retorno ap\u00f3s mais de 12 anos da \u00faltima exibi\u00e7\u00e3o in\u00e9dita. Famosa por se inspirar em casos de manchetes da vida real, a trama segue acompanhando crimes por meio de dois pontos de vista distintos: a investiga\u00e7\u00e3o policial sobre os crimes, e [&hellip;]<\/p>\n","protected":false},"author":3,"featured_media":7649,"comment_status":"open","ping_status":"open","sticky":false,"template":"","format":"standard","meta":{"_monsterinsights_skip_tracking":false,"_monsterinsights_sitenote_active":false,"_monsterinsights_sitenote_note":"","_monsterinsights_sitenote_category":0,"footnotes":""},"categories":[48,37],"tags":[],"yoast_head":"<!-- This site is optimized with the Yoast SEO plugin v22.9 - https:\/\/yoast.com\/wordpress\/plugins\/seo\/ -->\n<title>Ap\u00f3s um hiato de 12 anos \u2018Law &amp; Order\u2019 estreia no Brasil sua 21\u00aa temporada\u00a0 - Portal MF<\/title>\n<meta name=\"robots\" content=\"index, follow, max-snippet:-1, max-image-preview:large, max-video-preview:-1\" \/>\n<link rel=\"canonical\" href=\"https:\/\/portalmf.com.br\/index.php\/2023\/01\/06\/apos-um-hiato-de-12-anos-law-order-estreia-no-brasil-sua-21a-temporada\/\" \/>\n<meta property=\"og:locale\" content=\"pt_BR\" \/>\n<meta property=\"og:type\" content=\"article\" \/>\n<meta property=\"og:title\" content=\"Ap\u00f3s um hiato de 12 anos \u2018Law &amp; Order\u2019 estreia no Brasil sua 21\u00aa temporada\u00a0 - Portal MF\" \/>\n<meta property=\"og:description\" content=\"A 21\u00aa temporada do sucesso mundial \u2018Law &amp; Order\u2019 chega ao Globoplay marcando o retorno ap\u00f3s mais de 12 anos da \u00faltima exibi\u00e7\u00e3o in\u00e9dita. Famosa por se inspirar em casos de manchetes da vida real, a trama segue acompanhando crimes por meio de dois pontos de vista distintos: a investiga\u00e7\u00e3o policial sobre os crimes, e [&hellip;]\" \/>\n<meta property=\"og:url\" content=\"https:\/\/portalmf.com.br\/index.php\/2023\/01\/06\/apos-um-hiato-de-12-anos-law-order-estreia-no-brasil-sua-21a-temporada\/\" \/>\n<meta property=\"og:site_name\" content=\"Portal MF\" \/>\n<meta property=\"article:author\" content=\"https:\/\/www.facebook.com\/portalmfoficial\" \/>\n<meta property=\"article:published_time\" content=\"2023-01-06T18:41:29+00:00\" \/>\n<meta property=\"article:modified_time\" content=\"2023-01-06T18:41:30+00:00\" \/>\n<meta property=\"og:image\" content=\"https:\/\/portalmf.com.br\/wp-content\/uploads\/2023\/01\/assets_fotos_855_Law__Order-scaled.jpg\" \/>\n\t<meta property=\"og:image:width\" content=\"2560\" \/>\n\t<meta property=\"og:image:height\" content=\"1440\" \/>\n\t<meta property=\"og:image:type\" content=\"image\/jpeg\" \/>\n<meta name=\"author\" content=\"Reda\u00e7\u00e3o Portal MF\" \/>\n<meta name=\"twitter:card\" content=\"summary_large_image\" \/>\n<meta name=\"twitter:creator\" content=\"@https:\/\/x.com\/portalmfoficial\" \/>\n<meta name=\"twitter:label1\" content=\"Escrito por\" \/>\n\t<meta name=\"twitter:data1\" content=\"Reda\u00e7\u00e3o Portal MF\" \/>\n\t<meta name=\"twitter:label2\" content=\"Est. tempo de leitura\" \/>\n\t<meta name=\"twitter:data2\" content=\"1 minuto\" \/>\n<script type=\"application\/ld+json\" class=\"yoast-schema-graph\">{\"@context\":\"https:\/\/schema.org\",\"@graph\":[{\"@type\":\"WebPage\",\"@id\":\"https:\/\/portalmf.com.br\/index.php\/2023\/01\/06\/apos-um-hiato-de-12-anos-law-order-estreia-no-brasil-sua-21a-temporada\/\",\"url\":\"https:\/\/portalmf.com.br\/index.php\/2023\/01\/06\/apos-um-hiato-de-12-anos-law-order-estreia-no-brasil-sua-21a-temporada\/\",\"name\":\"Ap\u00f3s um hiato de 12 anos \u2018Law & Order\u2019 estreia no Brasil sua 21\u00aa temporada\u00a0 - Portal MF\",\"isPartOf\":{\"@id\":\"https:\/\/portalmf.com.br\/#website\"},\"primaryImageOfPage\":{\"@id\":\"https:\/\/portalmf.com.br\/index.php\/2023\/01\/06\/apos-um-hiato-de-12-anos-law-order-estreia-no-brasil-sua-21a-temporada\/#primaryimage\"},\"image\":{\"@id\":\"https:\/\/portalmf.com.br\/index.php\/2023\/01\/06\/apos-um-hiato-de-12-anos-law-order-estreia-no-brasil-sua-21a-temporada\/#primaryimage\"},\"thumbnailUrl\":\"https:\/\/portalmf.com.br\/wp-content\/uploads\/2023\/01\/assets_fotos_855_Law__Order-scaled.jpg\",\"datePublished\":\"2023-01-06T18:41:29+00:00\",\"dateModified\":\"2023-01-06T18:41:30+00:00\",\"author\":{\"@id\":\"https:\/\/portalmf.com.br\/#\/schema\/person\/9ec101baf56233e53520c26de5d6f6f0\"},\"breadcrumb\":{\"@id\":\"https:\/\/portalmf.com.br\/index.php\/2023\/01\/06\/apos-um-hiato-de-12-anos-law-order-estreia-no-brasil-sua-21a-temporada\/#breadcrumb\"},\"inLanguage\":\"pt-BR\",\"potentialAction\":[{\"@type\":\"ReadAction\",\"target\":[\"https:\/\/portalmf.com.br\/index.php\/2023\/01\/06\/apos-um-hiato-de-12-anos-law-order-estreia-no-brasil-sua-21a-temporada\/\"]}]},{\"@type\":\"ImageObject\",\"inLanguage\":\"pt-BR\",\"@id\":\"https:\/\/portalmf.com.br\/index.php\/2023\/01\/06\/apos-um-hiato-de-12-anos-law-order-estreia-no-brasil-sua-21a-temporada\/#primaryimage\",\"url\":\"https:\/\/portalmf.com.br\/wp-content\/uploads\/2023\/01\/assets_fotos_855_Law__Order-scaled.jpg\",\"contentUrl\":\"https:\/\/portalmf.com.br\/wp-content\/uploads\/2023\/01\/assets_fotos_855_Law__Order-scaled.jpg\",\"width\":2560,\"height\":1440,\"caption\":\"Foto: Divulga\u00e7\u00e3o\"},{\"@type\":\"BreadcrumbList\",\"@id\":\"https:\/\/portalmf.com.br\/index.php\/2023\/01\/06\/apos-um-hiato-de-12-anos-law-order-estreia-no-brasil-sua-21a-temporada\/#breadcrumb\",\"itemListElement\":[{\"@type\":\"ListItem\",\"position\":1,\"name\":\"In\u00edcio\",\"item\":\"https:\/\/portalmf.com.br\/\"},{\"@type\":\"ListItem\",\"position\":2,\"name\":\"Ap\u00f3s um hiato de 12 anos \u2018Law &#038; Order\u2019 estreia no Brasil sua 21\u00aa temporada\u00a0\"}]},{\"@type\":\"WebSite\",\"@id\":\"https:\/\/portalmf.com.br\/#website\",\"url\":\"https:\/\/portalmf.com.br\/\",\"name\":\"Portal MF\",\"description\":\"Voc\u00ea conectado com a informa\u00e7\u00e3o\",\"potentialAction\":[{\"@type\":\"SearchAction\",\"target\":{\"@type\":\"EntryPoint\",\"urlTemplate\":\"https:\/\/portalmf.com.br\/?s={search_term_string}\"},\"query-input\":\"required name=search_term_string\"}],\"inLanguage\":\"pt-BR\"},{\"@type\":\"Person\",\"@id\":\"https:\/\/portalmf.com.br\/#\/schema\/person\/9ec101baf56233e53520c26de5d6f6f0\",\"name\":\"Reda\u00e7\u00e3o Portal MF\",\"image\":{\"@type\":\"ImageObject\",\"inLanguage\":\"pt-BR\",\"@id\":\"https:\/\/portalmf.com.br\/#\/schema\/person\/image\/\",\"url\":\"https:\/\/secure.gravatar.com\/avatar\/41b9aaeb2100835f7c64362330f74c7f?s=96&d=mm&r=g\",\"contentUrl\":\"https:\/\/secure.gravatar.com\/avatar\/41b9aaeb2100835f7c64362330f74c7f?s=96&d=mm&r=g\",\"caption\":\"Reda\u00e7\u00e3o Portal MF\"},\"description\":\"Sejam bem-vindos o portal de informa\u00e7\u00f5es de entretenimento de Feira de Santana, desde 2006 realiza coberturas dos principais eventos com entrevistas exclusivas com as principais personalidades mundiais. Fique conectado tamb\u00e9m nas redes sociais.\",\"sameAs\":[\"http:\/\/www.portalmf.com.br\/\",\"https:\/\/www.facebook.com\/portalmfoficial\",\"https:\/\/www.instagram.com\/portalmf\/\",\"https:\/\/x.com\/https:\/\/x.com\/portalmfoficial\",\"https:\/\/www.youtube.com\/@portalmfoficial\"],\"url\":\"https:\/\/portalmf.com.br\/index.php\/author\/junior\/\"}]}<\/script>\n<!-- \/ Yoast SEO plugin. -->","yoast_head_json":{"title":"Ap\u00f3s um hiato de 12 anos \u2018Law & Order\u2019 estreia no Brasil sua 21\u00aa temporada\u00a0 - Portal MF","robots":{"index":"index","follow":"follow","max-snippet":"max-snippet:-1","max-image-preview":"max-image-preview:large","max-video-preview":"max-video-preview:-1"},"canonical":"https:\/\/portalmf.com.br\/index.php\/2023\/01\/06\/apos-um-hiato-de-12-anos-law-order-estreia-no-brasil-sua-21a-temporada\/","og_locale":"pt_BR","og_type":"article","og_title":"Ap\u00f3s um hiato de 12 anos \u2018Law & Order\u2019 estreia no Brasil sua 21\u00aa temporada\u00a0 - Portal MF","og_description":"A 21\u00aa temporada do sucesso mundial \u2018Law &amp; Order\u2019 chega ao Globoplay marcando o retorno ap\u00f3s mais de 12 anos da \u00faltima exibi\u00e7\u00e3o in\u00e9dita. Famosa por se inspirar em casos de manchetes da vida real, a trama segue acompanhando crimes por meio de dois pontos de vista distintos: a investiga\u00e7\u00e3o policial sobre os crimes, e [&hellip;]","og_url":"https:\/\/portalmf.com.br\/index.php\/2023\/01\/06\/apos-um-hiato-de-12-anos-law-order-estreia-no-brasil-sua-21a-temporada\/","og_site_name":"Portal MF","article_author":"https:\/\/www.facebook.com\/portalmfoficial","article_published_time":"2023-01-06T18:41:29+00:00","article_modified_time":"2023-01-06T18:41:30+00:00","og_image":[{"width":2560,"height":1440,"url":"https:\/\/portalmf.com.br\/wp-content\/uploads\/2023\/01\/assets_fotos_855_Law__Order-scaled.jpg","type":"image\/jpeg"}],"author":"Reda\u00e7\u00e3o Portal MF","twitter_card":"summary_large_image","twitter_creator":"@https:\/\/x.com\/portalmfoficial","twitter_misc":{"Escrito por":"Reda\u00e7\u00e3o Portal MF","Est. tempo de leitura":"1 minuto"},"schema":{"@context":"https:\/\/schema.org","@graph":[{"@type":"WebPage","@id":"https:\/\/portalmf.com.br\/index.php\/2023\/01\/06\/apos-um-hiato-de-12-anos-law-order-estreia-no-brasil-sua-21a-temporada\/","url":"https:\/\/portalmf.com.br\/index.php\/2023\/01\/06\/apos-um-hiato-de-12-anos-law-order-estreia-no-brasil-sua-21a-temporada\/","name":"Ap\u00f3s um hiato de 12 anos \u2018Law & Order\u2019 estreia no Brasil sua 21\u00aa temporada\u00a0 - Portal MF","isPartOf":{"@id":"https:\/\/portalmf.com.br\/#website"},"primaryImageOfPage":{"@id":"https:\/\/portalmf.com.br\/index.php\/2023\/01\/06\/apos-um-hiato-de-12-anos-law-order-estreia-no-brasil-sua-21a-temporada\/#primaryimage"},"image":{"@id":"https:\/\/portalmf.com.br\/index.php\/2023\/01\/06\/apos-um-hiato-de-12-anos-law-order-estreia-no-brasil-sua-21a-temporada\/#primaryimage"},"thumbnailUrl":"https:\/\/portalmf.com.br\/wp-content\/uploads\/2023\/01\/assets_fotos_855_Law__Order-scaled.jpg","datePublished":"2023-01-06T18:41:29+00:00","dateModified":"2023-01-06T18:41:30+00:00","author":{"@id":"https:\/\/portalmf.com.br\/#\/schema\/person\/9ec101baf56233e53520c26de5d6f6f0"},"breadcrumb":{"@id":"https:\/\/portalmf.com.br\/index.php\/2023\/01\/06\/apos-um-hiato-de-12-anos-law-order-estreia-no-brasil-sua-21a-temporada\/#breadcrumb"},"inLanguage":"pt-BR","potentialAction":[{"@type":"ReadAction","target":["https:\/\/portalmf.com.br\/index.php\/2023\/01\/06\/apos-um-hiato-de-12-anos-law-order-estreia-no-brasil-sua-21a-temporada\/"]}]},{"@type":"ImageObject","inLanguage":"pt-BR","@id":"https:\/\/portalmf.com.br\/index.php\/2023\/01\/06\/apos-um-hiato-de-12-anos-law-order-estreia-no-brasil-sua-21a-temporada\/#primaryimage","url":"https:\/\/portalmf.com.br\/wp-content\/uploads\/2023\/01\/assets_fotos_855_Law__Order-scaled.jpg","contentUrl":"https:\/\/portalmf.com.br\/wp-content\/uploads\/2023\/01\/assets_fotos_855_Law__Order-scaled.jpg","width":2560,"height":1440,"caption":"Foto: Divulga\u00e7\u00e3o"},{"@type":"BreadcrumbList","@id":"https:\/\/portalmf.com.br\/index.php\/2023\/01\/06\/apos-um-hiato-de-12-anos-law-order-estreia-no-brasil-sua-21a-temporada\/#breadcrumb","itemListElement":[{"@type":"ListItem","position":1,"name":"In\u00edcio","item":"https:\/\/portalmf.com.br\/"},{"@type":"ListItem","position":2,"name":"Ap\u00f3s um hiato de 12 anos \u2018Law &#038; Order\u2019 estreia no Brasil sua 21\u00aa temporada\u00a0"}]},{"@type":"WebSite","@id":"https:\/\/portalmf.com.br\/#website","url":"https:\/\/portalmf.com.br\/","name":"Portal MF","description":"Voc\u00ea conectado com a informa\u00e7\u00e3o","potentialAction":[{"@type":"SearchAction","target":{"@type":"EntryPoint","urlTemplate":"https:\/\/portalmf.com.br\/?s={search_term_string}"},"query-input":"required name=search_term_string"}],"inLanguage":"pt-BR"},{"@type":"Person","@id":"https:\/\/portalmf.com.br\/#\/schema\/person\/9ec101baf56233e53520c26de5d6f6f0","name":"Reda\u00e7\u00e3o Portal MF","image":{"@type":"ImageObject","inLanguage":"pt-BR","@id":"https:\/\/portalmf.com.br\/#\/schema\/person\/image\/","url":"https:\/\/secure.gravatar.com\/avatar\/41b9aaeb2100835f7c64362330f74c7f?s=96&d=mm&r=g","contentUrl":"https:\/\/secure.gravatar.com\/avatar\/41b9aaeb2100835f7c64362330f74c7f?s=96&d=mm&r=g","caption":"Reda\u00e7\u00e3o Portal MF"},"description":"Sejam bem-vindos o portal de informa\u00e7\u00f5es de entretenimento de Feira de Santana, desde 2006 realiza coberturas dos principais eventos com entrevistas exclusivas com as principais personalidades mundiais. Fique conectado tamb\u00e9m nas redes sociais.","sameAs":["http:\/\/www.portalmf.com.br\/","https:\/\/www.facebook.com\/portalmfoficial","https:\/\/www.instagram.com\/portalmf\/","https:\/\/x.com\/https:\/\/x.com\/portalmfoficial","https:\/\/www.youtube.com\/@portalmfoficial"],"url":"https:\/\/portalmf.com.br\/index.php\/author\/junior\/"}]}},"_links":{"self":[{"href":"https:\/\/portalmf.com.br\/index.php\/wp-json\/wp\/v2\/posts\/7648"}],"collection":[{"href":"https:\/\/portalmf.com.br\/index.php\/wp-json\/wp\/v2\/posts"}],"about":[{"href":"https:\/\/portalmf.com.br\/index.php\/wp-json\/wp\/v2\/types\/post"}],"author":[{"embeddable":true,"href":"https:\/\/portalmf.com.br\/index.php\/wp-json\/wp\/v2\/users\/3"}],"replies":[{"embeddable":true,"href":"https:\/\/portalmf.com.br\/index.php\/wp-json\/wp\/v2\/comments?post=7648"}],"version-history":[{"count":1,"href":"https:\/\/portalmf.com.br\/index.php\/wp-json\/wp\/v2\/posts\/7648\/revisions"}],"predecessor-version":[{"id":7650,"href":"https:\/\/portalmf.com.br\/index.php\/wp-json\/wp\/v2\/posts\/7648\/revisions\/7650"}],"wp:featuredmedia":[{"embeddable":true,"href":"https:\/\/portalmf.com.br\/index.php\/wp-json\/wp\/v2\/media\/7649"}],"wp:attachment":[{"href":"https:\/\/portalmf.com.br\/index.php\/wp-json\/wp\/v2\/media?parent=7648"}],"wp:term":[{"taxonomy":"category","embeddable":true,"href":"https:\/\/portalmf.com.br\/index.php\/wp-json\/wp\/v2\/categories?post=7648"},{"taxonomy":"post_tag","embeddable":true,"href":"https:\/\/portalmf.com.br\/index.php\/wp-json\/wp\/v2\/tags?post=7648"}],"curies":[{"name":"wp","href":"https:\/\/api.w.org\/{rel}","templated":true}]}}