{"id":7644,"date":"2023-01-06T15:31:19","date_gmt":"2023-01-06T18:31:19","guid":{"rendered":"https:\/\/portalmf.com.br\/?p=7644"},"modified":"2023-01-06T15:31:20","modified_gmt":"2023-01-06T18:31:20","slug":"segunda-temporada-de-as-five-estreia-no-dia-08-de-fevereiro","status":"publish","type":"post","link":"https:\/\/portalmf.com.br\/index.php\/2023\/01\/06\/segunda-temporada-de-as-five-estreia-no-dia-08-de-fevereiro\/","title":{"rendered":"Segunda temporada de \u2018As Five\u2019 estreia no dia 08 de fevereiro"},"content":{"rendered":"\n<p>O ano novo no Globoplay j\u00e1 come\u00e7a com novidade quentinha e muito aguardada pelo p\u00fablico: a segunda temporada da s\u00e9rie Original Globoplay \u2018As Five\u2019 estreia no dia 08 de fevereiro. Ellen (Heslaine Vieira), Lica (Manoela Aliperti), Ben\u00ea (Daphne Bozaski), Tina (Ana Hikari) e Keyla (Gabriela Medvedovski) retornam com os dilemas e desafios da vida adulta.&nbsp;<\/p>\n\n\n\n<p>A segunda temporada de \u201cAs Five\u201d contar\u00e1 com libera\u00e7\u00e3o de cap\u00edtulos semanais e o grande destaque da temporada vai para a entrada de Maura (Tamirys Ohanna), uma advogada que trabalha com Ellen e que se aproximar\u00e1 do quinteto. <\/p>\n\n\n\n<p>Al\u00e9m disso, a s\u00e9rie discutir\u00e1 temas como desigualdade social, racismo, orienta\u00e7\u00e3o sexual, religi\u00e3o e, claro, relacionamentos interpessoais.\u00a0\u00a0<\/p>\n\n\n\n<p>Criada por Cao Hamburger e escrita por Luna Grimberg, Maiara de Paula e Ma\u00edra Motta, com Vitor Brandt, \u00cdris Junges, Thays Berbe e Thais Fujinaga, a segunda temporada de \u2018As Five\u2019, original Globoplay, tem dire\u00e7\u00e3o art\u00edstica de Fabr\u00edcio Mamberti e dire\u00e7\u00e3o geral de Dainara Toffoli. <\/p>\n\n\n\n<p>A produ\u00e7\u00e3o executiva \u00e9 de Isabela Bellenzani (Est\u00fadios Globo), e a produ\u00e7\u00e3o, de Caio Gullane e Fabiano Gullane (Gullane Entretenimento). A dire\u00e7\u00e3o de g\u00eanero \u00e9 de Jos\u00e9 Luiz Villamarim.<\/p>\n\n\n<div class=\"wp-block-image\">\n<figure class=\"aligncenter size-large\"><img fetchpriority=\"high\" decoding=\"async\" width=\"683\" height=\"1024\" src=\"https:\/\/portalmf.com.br\/wp-content\/uploads\/2023\/01\/assets_fotos_1068_TVG_20220806_ASFIVE_T2_DT_37-683x1024.jpg\" alt=\"\" class=\"wp-image-7646\" srcset=\"https:\/\/portalmf.com.br\/wp-content\/uploads\/2023\/01\/assets_fotos_1068_TVG_20220806_ASFIVE_T2_DT_37-683x1024.jpg 683w, https:\/\/portalmf.com.br\/wp-content\/uploads\/2023\/01\/assets_fotos_1068_TVG_20220806_ASFIVE_T2_DT_37-200x300.jpg 200w, https:\/\/portalmf.com.br\/wp-content\/uploads\/2023\/01\/assets_fotos_1068_TVG_20220806_ASFIVE_T2_DT_37-768x1152.jpg 768w, https:\/\/portalmf.com.br\/wp-content\/uploads\/2023\/01\/assets_fotos_1068_TVG_20220806_ASFIVE_T2_DT_37-1024x1536.jpg 1024w, https:\/\/portalmf.com.br\/wp-content\/uploads\/2023\/01\/assets_fotos_1068_TVG_20220806_ASFIVE_T2_DT_37-1366x2048.jpg 1366w, https:\/\/portalmf.com.br\/wp-content\/uploads\/2023\/01\/assets_fotos_1068_TVG_20220806_ASFIVE_T2_DT_37-1920x2879.jpg 1920w, https:\/\/portalmf.com.br\/wp-content\/uploads\/2023\/01\/assets_fotos_1068_TVG_20220806_ASFIVE_T2_DT_37-1170x1755.jpg 1170w, https:\/\/portalmf.com.br\/wp-content\/uploads\/2023\/01\/assets_fotos_1068_TVG_20220806_ASFIVE_T2_DT_37-585x877.jpg 585w, https:\/\/portalmf.com.br\/wp-content\/uploads\/2023\/01\/assets_fotos_1068_TVG_20220806_ASFIVE_T2_DT_37-scaled.jpg 1707w\" sizes=\"(max-width: 683px) 100vw, 683px\" \/><figcaption>Ellen (Heslaine Vieira), Lica (Manoela Aliperti), Ben\u00ea (Daphne Bozaski), Tina (Ana Hikari) e Keyla (Gabriela Medvedovski) Foto; Globo \/ Daniela Toviansky<\/figcaption><\/figure><\/div>","protected":false},"excerpt":{"rendered":"<p>O ano novo no Globoplay j\u00e1 come\u00e7a com novidade quentinha e muito aguardada pelo p\u00fablico: a segunda temporada da s\u00e9rie Original Globoplay \u2018As Five\u2019 estreia no dia 08 de fevereiro. Ellen (Heslaine Vieira), Lica (Manoela Aliperti), Ben\u00ea (Daphne Bozaski), Tina (Ana Hikari) e Keyla (Gabriela Medvedovski) retornam com os dilemas e desafios da vida adulta.&nbsp; [&hellip;]<\/p>\n","protected":false},"author":3,"featured_media":7645,"comment_status":"open","ping_status":"open","sticky":false,"template":"","format":"standard","meta":{"_monsterinsights_skip_tracking":false,"_monsterinsights_sitenote_active":false,"_monsterinsights_sitenote_note":"","_monsterinsights_sitenote_category":0,"footnotes":""},"categories":[47,37],"tags":[],"yoast_head":"<!-- This site is optimized with the Yoast SEO plugin v22.9 - https:\/\/yoast.com\/wordpress\/plugins\/seo\/ -->\n<title>Segunda temporada de \u2018As Five\u2019 estreia no dia 08 de fevereiro - Portal MF<\/title>\n<meta name=\"robots\" content=\"index, follow, max-snippet:-1, max-image-preview:large, max-video-preview:-1\" \/>\n<link rel=\"canonical\" href=\"https:\/\/portalmf.com.br\/index.php\/2023\/01\/06\/segunda-temporada-de-as-five-estreia-no-dia-08-de-fevereiro\/\" \/>\n<meta property=\"og:locale\" content=\"pt_BR\" \/>\n<meta property=\"og:type\" content=\"article\" \/>\n<meta property=\"og:title\" content=\"Segunda temporada de \u2018As Five\u2019 estreia no dia 08 de fevereiro - Portal MF\" \/>\n<meta property=\"og:description\" content=\"O ano novo no Globoplay j\u00e1 come\u00e7a com novidade quentinha e muito aguardada pelo p\u00fablico: a segunda temporada da s\u00e9rie Original Globoplay \u2018As Five\u2019 estreia no dia 08 de fevereiro. Ellen (Heslaine Vieira), Lica (Manoela Aliperti), Ben\u00ea (Daphne Bozaski), Tina (Ana Hikari) e Keyla (Gabriela Medvedovski) retornam com os dilemas e desafios da vida adulta.&nbsp; [&hellip;]\" \/>\n<meta property=\"og:url\" content=\"https:\/\/portalmf.com.br\/index.php\/2023\/01\/06\/segunda-temporada-de-as-five-estreia-no-dia-08-de-fevereiro\/\" \/>\n<meta property=\"og:site_name\" content=\"Portal MF\" \/>\n<meta property=\"article:author\" content=\"https:\/\/www.facebook.com\/portalmfoficial\" \/>\n<meta property=\"article:published_time\" content=\"2023-01-06T18:31:19+00:00\" \/>\n<meta property=\"article:modified_time\" content=\"2023-01-06T18:31:20+00:00\" \/>\n<meta property=\"og:image\" content=\"https:\/\/portalmf.com.br\/wp-content\/uploads\/2023\/01\/assets_fotos_915_o-reencontro-de-keyla-ellen-lica-tina-e-bene-no-comeco-da-vida-adulta-879ad029086e.jpg\" \/>\n\t<meta property=\"og:image:width\" content=\"2362\" \/>\n\t<meta property=\"og:image:height\" content=\"1576\" \/>\n\t<meta property=\"og:image:type\" content=\"image\/jpeg\" \/>\n<meta name=\"author\" content=\"Reda\u00e7\u00e3o Portal MF\" \/>\n<meta name=\"twitter:card\" content=\"summary_large_image\" \/>\n<meta name=\"twitter:creator\" content=\"@https:\/\/x.com\/portalmfoficial\" \/>\n<meta name=\"twitter:label1\" content=\"Escrito por\" \/>\n\t<meta name=\"twitter:data1\" content=\"Reda\u00e7\u00e3o Portal MF\" \/>\n\t<meta name=\"twitter:label2\" content=\"Est. tempo de leitura\" \/>\n\t<meta name=\"twitter:data2\" content=\"2 minutos\" \/>\n<script type=\"application\/ld+json\" class=\"yoast-schema-graph\">{\"@context\":\"https:\/\/schema.org\",\"@graph\":[{\"@type\":\"WebPage\",\"@id\":\"https:\/\/portalmf.com.br\/index.php\/2023\/01\/06\/segunda-temporada-de-as-five-estreia-no-dia-08-de-fevereiro\/\",\"url\":\"https:\/\/portalmf.com.br\/index.php\/2023\/01\/06\/segunda-temporada-de-as-five-estreia-no-dia-08-de-fevereiro\/\",\"name\":\"Segunda temporada de \u2018As Five\u2019 estreia no dia 08 de fevereiro - Portal MF\",\"isPartOf\":{\"@id\":\"https:\/\/portalmf.com.br\/#website\"},\"primaryImageOfPage\":{\"@id\":\"https:\/\/portalmf.com.br\/index.php\/2023\/01\/06\/segunda-temporada-de-as-five-estreia-no-dia-08-de-fevereiro\/#primaryimage\"},\"image\":{\"@id\":\"https:\/\/portalmf.com.br\/index.php\/2023\/01\/06\/segunda-temporada-de-as-five-estreia-no-dia-08-de-fevereiro\/#primaryimage\"},\"thumbnailUrl\":\"https:\/\/portalmf.com.br\/wp-content\/uploads\/2023\/01\/assets_fotos_915_o-reencontro-de-keyla-ellen-lica-tina-e-bene-no-comeco-da-vida-adulta-879ad029086e.jpg\",\"datePublished\":\"2023-01-06T18:31:19+00:00\",\"dateModified\":\"2023-01-06T18:31:20+00:00\",\"author\":{\"@id\":\"https:\/\/portalmf.com.br\/#\/schema\/person\/9ec101baf56233e53520c26de5d6f6f0\"},\"breadcrumb\":{\"@id\":\"https:\/\/portalmf.com.br\/index.php\/2023\/01\/06\/segunda-temporada-de-as-five-estreia-no-dia-08-de-fevereiro\/#breadcrumb\"},\"inLanguage\":\"pt-BR\",\"potentialAction\":[{\"@type\":\"ReadAction\",\"target\":[\"https:\/\/portalmf.com.br\/index.php\/2023\/01\/06\/segunda-temporada-de-as-five-estreia-no-dia-08-de-fevereiro\/\"]}]},{\"@type\":\"ImageObject\",\"inLanguage\":\"pt-BR\",\"@id\":\"https:\/\/portalmf.com.br\/index.php\/2023\/01\/06\/segunda-temporada-de-as-five-estreia-no-dia-08-de-fevereiro\/#primaryimage\",\"url\":\"https:\/\/portalmf.com.br\/wp-content\/uploads\/2023\/01\/assets_fotos_915_o-reencontro-de-keyla-ellen-lica-tina-e-bene-no-comeco-da-vida-adulta-879ad029086e.jpg\",\"contentUrl\":\"https:\/\/portalmf.com.br\/wp-content\/uploads\/2023\/01\/assets_fotos_915_o-reencontro-de-keyla-ellen-lica-tina-e-bene-no-comeco-da-vida-adulta-879ad029086e.jpg\",\"width\":2362,\"height\":1576,\"caption\":\"Foto: Globo\/F\u00e1bio Rocha\"},{\"@type\":\"BreadcrumbList\",\"@id\":\"https:\/\/portalmf.com.br\/index.php\/2023\/01\/06\/segunda-temporada-de-as-five-estreia-no-dia-08-de-fevereiro\/#breadcrumb\",\"itemListElement\":[{\"@type\":\"ListItem\",\"position\":1,\"name\":\"In\u00edcio\",\"item\":\"https:\/\/portalmf.com.br\/\"},{\"@type\":\"ListItem\",\"position\":2,\"name\":\"Segunda temporada de \u2018As Five\u2019 estreia no dia 08 de fevereiro\"}]},{\"@type\":\"WebSite\",\"@id\":\"https:\/\/portalmf.com.br\/#website\",\"url\":\"https:\/\/portalmf.com.br\/\",\"name\":\"Portal MF\",\"description\":\"Voc\u00ea conectado com a informa\u00e7\u00e3o\",\"potentialAction\":[{\"@type\":\"SearchAction\",\"target\":{\"@type\":\"EntryPoint\",\"urlTemplate\":\"https:\/\/portalmf.com.br\/?s={search_term_string}\"},\"query-input\":\"required name=search_term_string\"}],\"inLanguage\":\"pt-BR\"},{\"@type\":\"Person\",\"@id\":\"https:\/\/portalmf.com.br\/#\/schema\/person\/9ec101baf56233e53520c26de5d6f6f0\",\"name\":\"Reda\u00e7\u00e3o Portal MF\",\"image\":{\"@type\":\"ImageObject\",\"inLanguage\":\"pt-BR\",\"@id\":\"https:\/\/portalmf.com.br\/#\/schema\/person\/image\/\",\"url\":\"https:\/\/secure.gravatar.com\/avatar\/41b9aaeb2100835f7c64362330f74c7f?s=96&d=mm&r=g\",\"contentUrl\":\"https:\/\/secure.gravatar.com\/avatar\/41b9aaeb2100835f7c64362330f74c7f?s=96&d=mm&r=g\",\"caption\":\"Reda\u00e7\u00e3o Portal MF\"},\"description\":\"Sejam bem-vindos o portal de informa\u00e7\u00f5es de entretenimento de Feira de Santana, desde 2006 realiza coberturas dos principais eventos com entrevistas exclusivas com as principais personalidades mundiais. Fique conectado tamb\u00e9m nas redes sociais.\",\"sameAs\":[\"http:\/\/www.portalmf.com.br\/\",\"https:\/\/www.facebook.com\/portalmfoficial\",\"https:\/\/www.instagram.com\/portalmf\/\",\"https:\/\/x.com\/https:\/\/x.com\/portalmfoficial\",\"https:\/\/www.youtube.com\/@portalmfoficial\"],\"url\":\"https:\/\/portalmf.com.br\/index.php\/author\/junior\/\"}]}<\/script>\n<!-- \/ Yoast SEO plugin. -->","yoast_head_json":{"title":"Segunda temporada de \u2018As Five\u2019 estreia no dia 08 de fevereiro - Portal MF","robots":{"index":"index","follow":"follow","max-snippet":"max-snippet:-1","max-image-preview":"max-image-preview:large","max-video-preview":"max-video-preview:-1"},"canonical":"https:\/\/portalmf.com.br\/index.php\/2023\/01\/06\/segunda-temporada-de-as-five-estreia-no-dia-08-de-fevereiro\/","og_locale":"pt_BR","og_type":"article","og_title":"Segunda temporada de \u2018As Five\u2019 estreia no dia 08 de fevereiro - Portal MF","og_description":"O ano novo no Globoplay j\u00e1 come\u00e7a com novidade quentinha e muito aguardada pelo p\u00fablico: a segunda temporada da s\u00e9rie Original Globoplay \u2018As Five\u2019 estreia no dia 08 de fevereiro. Ellen (Heslaine Vieira), Lica (Manoela Aliperti), Ben\u00ea (Daphne Bozaski), Tina (Ana Hikari) e Keyla (Gabriela Medvedovski) retornam com os dilemas e desafios da vida adulta.&nbsp; [&hellip;]","og_url":"https:\/\/portalmf.com.br\/index.php\/2023\/01\/06\/segunda-temporada-de-as-five-estreia-no-dia-08-de-fevereiro\/","og_site_name":"Portal MF","article_author":"https:\/\/www.facebook.com\/portalmfoficial","article_published_time":"2023-01-06T18:31:19+00:00","article_modified_time":"2023-01-06T18:31:20+00:00","og_image":[{"width":2362,"height":1576,"url":"https:\/\/portalmf.com.br\/wp-content\/uploads\/2023\/01\/assets_fotos_915_o-reencontro-de-keyla-ellen-lica-tina-e-bene-no-comeco-da-vida-adulta-879ad029086e.jpg","type":"image\/jpeg"}],"author":"Reda\u00e7\u00e3o Portal MF","twitter_card":"summary_large_image","twitter_creator":"@https:\/\/x.com\/portalmfoficial","twitter_misc":{"Escrito por":"Reda\u00e7\u00e3o Portal MF","Est. tempo de leitura":"2 minutos"},"schema":{"@context":"https:\/\/schema.org","@graph":[{"@type":"WebPage","@id":"https:\/\/portalmf.com.br\/index.php\/2023\/01\/06\/segunda-temporada-de-as-five-estreia-no-dia-08-de-fevereiro\/","url":"https:\/\/portalmf.com.br\/index.php\/2023\/01\/06\/segunda-temporada-de-as-five-estreia-no-dia-08-de-fevereiro\/","name":"Segunda temporada de \u2018As Five\u2019 estreia no dia 08 de fevereiro - Portal MF","isPartOf":{"@id":"https:\/\/portalmf.com.br\/#website"},"primaryImageOfPage":{"@id":"https:\/\/portalmf.com.br\/index.php\/2023\/01\/06\/segunda-temporada-de-as-five-estreia-no-dia-08-de-fevereiro\/#primaryimage"},"image":{"@id":"https:\/\/portalmf.com.br\/index.php\/2023\/01\/06\/segunda-temporada-de-as-five-estreia-no-dia-08-de-fevereiro\/#primaryimage"},"thumbnailUrl":"https:\/\/portalmf.com.br\/wp-content\/uploads\/2023\/01\/assets_fotos_915_o-reencontro-de-keyla-ellen-lica-tina-e-bene-no-comeco-da-vida-adulta-879ad029086e.jpg","datePublished":"2023-01-06T18:31:19+00:00","dateModified":"2023-01-06T18:31:20+00:00","author":{"@id":"https:\/\/portalmf.com.br\/#\/schema\/person\/9ec101baf56233e53520c26de5d6f6f0"},"breadcrumb":{"@id":"https:\/\/portalmf.com.br\/index.php\/2023\/01\/06\/segunda-temporada-de-as-five-estreia-no-dia-08-de-fevereiro\/#breadcrumb"},"inLanguage":"pt-BR","potentialAction":[{"@type":"ReadAction","target":["https:\/\/portalmf.com.br\/index.php\/2023\/01\/06\/segunda-temporada-de-as-five-estreia-no-dia-08-de-fevereiro\/"]}]},{"@type":"ImageObject","inLanguage":"pt-BR","@id":"https:\/\/portalmf.com.br\/index.php\/2023\/01\/06\/segunda-temporada-de-as-five-estreia-no-dia-08-de-fevereiro\/#primaryimage","url":"https:\/\/portalmf.com.br\/wp-content\/uploads\/2023\/01\/assets_fotos_915_o-reencontro-de-keyla-ellen-lica-tina-e-bene-no-comeco-da-vida-adulta-879ad029086e.jpg","contentUrl":"https:\/\/portalmf.com.br\/wp-content\/uploads\/2023\/01\/assets_fotos_915_o-reencontro-de-keyla-ellen-lica-tina-e-bene-no-comeco-da-vida-adulta-879ad029086e.jpg","width":2362,"height":1576,"caption":"Foto: Globo\/F\u00e1bio Rocha"},{"@type":"BreadcrumbList","@id":"https:\/\/portalmf.com.br\/index.php\/2023\/01\/06\/segunda-temporada-de-as-five-estreia-no-dia-08-de-fevereiro\/#breadcrumb","itemListElement":[{"@type":"ListItem","position":1,"name":"In\u00edcio","item":"https:\/\/portalmf.com.br\/"},{"@type":"ListItem","position":2,"name":"Segunda temporada de \u2018As Five\u2019 estreia no dia 08 de fevereiro"}]},{"@type":"WebSite","@id":"https:\/\/portalmf.com.br\/#website","url":"https:\/\/portalmf.com.br\/","name":"Portal MF","description":"Voc\u00ea conectado com a informa\u00e7\u00e3o","potentialAction":[{"@type":"SearchAction","target":{"@type":"EntryPoint","urlTemplate":"https:\/\/portalmf.com.br\/?s={search_term_string}"},"query-input":"required name=search_term_string"}],"inLanguage":"pt-BR"},{"@type":"Person","@id":"https:\/\/portalmf.com.br\/#\/schema\/person\/9ec101baf56233e53520c26de5d6f6f0","name":"Reda\u00e7\u00e3o Portal MF","image":{"@type":"ImageObject","inLanguage":"pt-BR","@id":"https:\/\/portalmf.com.br\/#\/schema\/person\/image\/","url":"https:\/\/secure.gravatar.com\/avatar\/41b9aaeb2100835f7c64362330f74c7f?s=96&d=mm&r=g","contentUrl":"https:\/\/secure.gravatar.com\/avatar\/41b9aaeb2100835f7c64362330f74c7f?s=96&d=mm&r=g","caption":"Reda\u00e7\u00e3o Portal MF"},"description":"Sejam bem-vindos o portal de informa\u00e7\u00f5es de entretenimento de Feira de Santana, desde 2006 realiza coberturas dos principais eventos com entrevistas exclusivas com as principais personalidades mundiais. Fique conectado tamb\u00e9m nas redes sociais.","sameAs":["http:\/\/www.portalmf.com.br\/","https:\/\/www.facebook.com\/portalmfoficial","https:\/\/www.instagram.com\/portalmf\/","https:\/\/x.com\/https:\/\/x.com\/portalmfoficial","https:\/\/www.youtube.com\/@portalmfoficial"],"url":"https:\/\/portalmf.com.br\/index.php\/author\/junior\/"}]}},"_links":{"self":[{"href":"https:\/\/portalmf.com.br\/index.php\/wp-json\/wp\/v2\/posts\/7644"}],"collection":[{"href":"https:\/\/portalmf.com.br\/index.php\/wp-json\/wp\/v2\/posts"}],"about":[{"href":"https:\/\/portalmf.com.br\/index.php\/wp-json\/wp\/v2\/types\/post"}],"author":[{"embeddable":true,"href":"https:\/\/portalmf.com.br\/index.php\/wp-json\/wp\/v2\/users\/3"}],"replies":[{"embeddable":true,"href":"https:\/\/portalmf.com.br\/index.php\/wp-json\/wp\/v2\/comments?post=7644"}],"version-history":[{"count":1,"href":"https:\/\/portalmf.com.br\/index.php\/wp-json\/wp\/v2\/posts\/7644\/revisions"}],"predecessor-version":[{"id":7647,"href":"https:\/\/portalmf.com.br\/index.php\/wp-json\/wp\/v2\/posts\/7644\/revisions\/7647"}],"wp:featuredmedia":[{"embeddable":true,"href":"https:\/\/portalmf.com.br\/index.php\/wp-json\/wp\/v2\/media\/7645"}],"wp:attachment":[{"href":"https:\/\/portalmf.com.br\/index.php\/wp-json\/wp\/v2\/media?parent=7644"}],"wp:term":[{"taxonomy":"category","embeddable":true,"href":"https:\/\/portalmf.com.br\/index.php\/wp-json\/wp\/v2\/categories?post=7644"},{"taxonomy":"post_tag","embeddable":true,"href":"https:\/\/portalmf.com.br\/index.php\/wp-json\/wp\/v2\/tags?post=7644"}],"curies":[{"name":"wp","href":"https:\/\/api.w.org\/{rel}","templated":true}]}}