{"id":7637,"date":"2023-01-06T15:11:27","date_gmt":"2023-01-06T18:11:27","guid":{"rendered":"https:\/\/portalmf.com.br\/?p=7637"},"modified":"2023-01-06T15:12:27","modified_gmt":"2023-01-06T18:12:27","slug":"imposto-de-renda-ipva-e-iptu-pressionam-orcamento-dos-brasileiros-nos-primeiros-meses-de-2023","status":"publish","type":"post","link":"https:\/\/portalmf.com.br\/index.php\/2023\/01\/06\/imposto-de-renda-ipva-e-iptu-pressionam-orcamento-dos-brasileiros-nos-primeiros-meses-de-2023\/","title":{"rendered":"Imposto de Renda, IPVA e IPTU pressionam or\u00e7amento dos brasileiros nos primeiros meses de 2023"},"content":{"rendered":"\n<p>Ano novo. Imposto velho. Se o m\u00eas de dezembro costuma trazer mais dinheiro ao bolso dos consumidores, gra\u00e7as ao d\u00e9cimo terceiro sal\u00e1rio e, em alguns casos, ao ter\u00e7o de f\u00e9rias, em janeiro ocorre o contr\u00e1rio. N\u00e3o que mais gastos se acumulem nesse m\u00eas, mas porque \u00e9 nessa hora que os mais esquecidos se lembram dos tributos que costumam vencer nos primeiros meses, como Imposto de Renda (IR), IPVA e IPTU. Isso para n\u00e3o falar de outras despesas bem espec\u00edficas no in\u00edcio do ano, como matr\u00edcula e material escolar.\u00a0<\/p>\n\n\n\n<p>Para evitar o aperto do or\u00e7amento dom\u00e9stico no primeiro semestre do ano \u00e9 preciso se planejar.&nbsp;Mas o que fazer quando os boletos desses impostos j\u00e1 t\u00eam data para vencer e n\u00e3o estavam no radar pessoal? O Brasil 61 conversou com especialistas para &nbsp;ajudar os contribuintes&nbsp;a entender quais s\u00e3o os tributos, qual a melhor forma de pag\u00e1-los e o que fazer para tentar, ao menos, ficar no &#8220;zero a zero&#8221; antes de se planejar para evitar essa preocupa\u00e7\u00e3o no ano que vem. &nbsp;<\/p>\n\n\n\n<h2 class=\"wp-block-heading\">IR, IPVA e IPTU<\/h2>\n\n\n\n<p>Antes de mais nada, o presidente da Comiss\u00e3o de Assuntos Tribut\u00e1rios da OAB-DF, Alberto Medeiros, recomenda que os contribuintes saibam quais s\u00e3o os impostos que devem declarar e pagar nos primeiros meses de 2023.&nbsp;<\/p>\n\n\n\n<p>H\u00e1 o Imposto de Renda (IR), que o cidad\u00e3o declara e, se preciso for, paga \u00e0 Receita Federal, normalmente entre mar\u00e7o e abril. Pessoas que receberam at\u00e9 R$ 28.559,70 no ano passado, o equivalente a R$ 2.380 por m\u00eas, est\u00e3o isentas (saiba mais abaixo).&nbsp;<\/p>\n\n\n\n<h2 class=\"wp-block-heading\">Al\u00edquotas de IPVA por estado&nbsp;<\/h2>\n\n\n\n<p>Mas al\u00e9m desse imposto que parte dos cidad\u00e3os deve declarar e pagar \u00e0 Uni\u00e3o, os contribuintes brasileiros devem ficar atentos ao pagamento do IPVA (Imposto sobre Propriedades de Ve\u00edculos Automotores). O IPVA \u00e9 cobrado pelos estados e cada um tem autonomia para definir a al\u00edquota do imposto (percentual) que incide sobre a base de c\u00e1lculo, geralmente o valor do ve\u00edculo pela tabela FIPE.&nbsp;<\/p>\n\n\n\n<p>No Distrito Federal, por exemplo, a al\u00edquota cobrada dos donos de autom\u00f3veis corresponde a 3% do valor do ve\u00edculo. Ou seja, a grosso modo, um modelo que esteja avaliado em R$ 45 mil vai gerar um IPVA em torno de R$ 1.350. J\u00e1 em S\u00e3o Paulo, a al\u00edquota para carros de passeio \u00e9 de 4%, enquanto no Acre \u00e9 de 2%. Confira a tabela abaixo.&nbsp;<\/p>\n\n\n\n<figure class=\"wp-block-table\"><table><tbody><tr><th>&nbsp;<\/th><th>Al\u00edquota (%)&nbsp;<\/th><\/tr><tr><th>Estado<\/th><th>Autom\u00f3vel<\/th><th>Motocicleta&nbsp;<\/th><th>Outros&nbsp;<\/th><\/tr><tr><td>Acre (AC)<\/td><td>2%<\/td><td>1%<\/td><td>De 1% a 2%<\/td><\/tr><tr><td>Alagoas (AL)<\/td><td>2,75%<\/td><td>2%<\/td><td>De 1% a 3,25%<\/td><\/tr><tr><td>Amap\u00e1 (AP)<\/td><td>3,0%<\/td><td>1,5%<\/td><td>De 1% a 3,5%<\/td><\/tr><tr><td>Amazonas (AM)<\/td><td>3,5%<\/td><td>2%<\/td><td>De 1% a 3,5%<\/td><\/tr><tr><td>Bahia (BA)<\/td><td>2,5%<\/td><td>1%<\/td><td>De 1% a 3%<\/td><\/tr><tr><td>Cear\u00e1 (CE)<\/td><td>2,5%<\/td><td>1%<\/td><td>De 1% a 3,5%<\/td><\/tr><tr><td>Distrito Federal (DF)<\/td><td>3,5%<\/td><td>2,5%<\/td><td>De 1% a 3,5%<\/td><\/tr><tr><td>Esp\u00edrito Santo (ES)<\/td><td>2,0%<\/td><td>1%<\/td><td>De 1% a 2,0%<\/td><\/tr><tr><td>Goi\u00e1s (GO)<\/td><td>3,75%<\/td><td>3%<\/td><td>De 1,25% a 3,75%<\/td><\/tr><tr><td>Maranh\u00e3o (MA)<\/td><td>2,5%<\/td><td>1%<\/td><td>De 1% a 2,5%<\/td><\/tr><tr><td>Mato Grosso (MT)<\/td><td>3%<\/td><td>3%<\/td><td>De 1% a 3%&nbsp;<\/td><\/tr><tr><td>Mato Grosso do Sul (MS)<\/td><td>3%<\/td><td>2%<\/td><td>De 1,5% a 4,5%<\/td><\/tr><tr><td>Minas Gerais (MG)<\/td><td>4%<\/td><td>2%<\/td><td>De 1% a 4%<\/td><\/tr><tr><td>Par\u00e1 (PA)<\/td><td>2,5%<\/td><td>1%&nbsp;<\/td><td>De 0,5% a 1%<\/td><\/tr><tr><td>Para\u00edba (PB)<\/td><td>1%<\/td><td>1%<\/td><td>De 1% a 2,5%<\/td><\/tr><tr><td>Paran\u00e1 (PR)<\/td><td>3,5%<\/td><td>3,5%<\/td><td>1%<\/td><\/tr><tr><td>Pernambuco (PE)<\/td><td>De 3% a 4%<\/td><td>De 1% a 3,5%<\/td><td>De 1% a 6%<\/td><\/tr><tr><td>Piau\u00ed (PI)<\/td><td>De 2,5% a 3%<\/td><td>2%<\/td><td>De 1% a 2,5%<\/td><\/tr><tr><td>Rio de Janeiro (RJ)<\/td><td>4%<\/td><td>2%<\/td><td>De 0,5% a 3%<\/td><\/tr><tr><td>Rio Grande do Norte (RN)<\/td><td>3%<\/td><td>2%<\/td><td>De 1% a 3%<\/td><\/tr><tr><td>Rio Grande do Sul (RS)<\/td><td>3%<\/td><td>2%<\/td><td>1%<\/td><\/tr><tr><td>Rond\u00f4nia (RO)<\/td><td>De 2% a 3%<\/td><td>2%<\/td><td>1%<\/td><\/tr><tr><td>Roraima (RR)<\/td><td>3%&nbsp;<\/td><td>2%<\/td><td>0,5% a 2%<\/td><\/tr><tr><td>Santa Catarina (SC)<\/td><td>2%<\/td><td>1%<\/td><td>1%<\/td><\/tr><tr><td>S\u00e3o Paulo (SP)<\/td><td>4%<\/td><td>2%<\/td><td>De 1% a 1,5%<\/td><\/tr><tr><td>Sergipe (SE)<\/td><td>De 2,5% a 3%&nbsp;<\/td><td>2%<\/td><td>De 1% a 3%<\/td><\/tr><tr><td>Tocantins (TO)<\/td><td>De 3% a 3.5%<\/td><td>De 2,5% a 3,5%<\/td><td>De 3% a 3,5%<\/td><\/tr><\/tbody><\/table><\/figure>\n\n\n\n<h2 class=\"wp-block-heading\">Datas de vencimento do IPVA por estado<\/h2>\n\n\n\n<p>Cada estado tamb\u00e9m define as pr\u00f3prias datas de vencimento do IPVA, que geralmente levam em conta o \u00faltimo n\u00famero da placa do ve\u00edculo. \u00c9 importante ficar atento a isso para n\u00e3o perder o prazo e pagar multa. Na Bahia, por exemplo, para quem tem carro com placa de final &#8220;1&#8221; e deseja dividir o pagamento do imposto, a primeira parcela vence j\u00e1 em 30 de mar\u00e7o. J\u00e1 no Rio Grande do Sul, o prazo limite para o pagamento \u00e9 a \u00faltima semana de abril.&nbsp;<\/p>\n\n\n\n<figure class=\"wp-block-table\"><table><tbody><tr><th><strong>Estado<\/strong><\/th><th><strong>\u00c0 vista (cota \u00fanica)<\/strong><\/th><th><strong>1\u00aa parcela<\/strong><\/th><th><strong>\u00daltima parcela<\/strong><\/th><\/tr><tr><td>Acre (AC)<\/td><td>Entre 31\/01 e 31\/08<\/td><td>Entre 31\/01 e 31\/08<\/td><td>31\/03 e 31\/10<\/td><\/tr><tr><td>Alagoas (AL)<\/td><td>Entre 28\/02 e 30\/06<\/td><td>Entre 28\/02 e 30\/06<\/td><td>31\/07 e 29\/11<\/td><\/tr><tr><td>Amap\u00e1 (AP)<\/td><td>15\/03<\/td><td>15\/03<\/td><td>15\/08<\/td><\/tr><tr><td>Amazonas (AM)<\/td><td>31\/03 e 31\/10<\/td><td>31\/03<\/td><td>31\/05 e 29\/12<\/td><\/tr><tr><td>Bahia (BA)<\/td><td>Entre 10\/02 e 30\/11<\/td><td>Entre 30\/03 e 28\/07<\/td><td>28\/07 e 30\/11<\/td><\/tr><tr><td>Cear\u00e1 (CE)<\/td><td>31\/01<\/td><td>10\/02<\/td><td>12\/06<\/td><\/tr><tr><td>Distrito Federal (DF)<\/td><td>Entre 13\/02 e 17\/03<\/td><td>Entre 13\/02 e 17\/03<\/td><td>10\/7 e 14\/07<\/td><\/tr><tr><td>Esp\u00edrito Santo (ES)<\/td><td>Entre 24\/04 e 28\/04<\/td><td>Entre 24\/04 e 28\/04<\/td><td>28\/09 e 04\/10<\/td><\/tr><tr><td>Goi\u00e1s (GO)<\/td><td>Entre 09\/01 e 20\/01<\/td><td>Entre 09\/01 e 20\/0<\/td><td>11\/09 e 20\/10<\/td><\/tr><tr><td>Maranh\u00e3o (MA)<\/td><td>Entre 06\/03 e 30\/03<\/td><td>Entre 06\/03 e 30\/03<\/td><td>05\/05 e 31\/05<\/td><\/tr><tr><td>Mato Grosso (MT)<\/td><td>Entre 22\/05 e 31\/05<\/td><td>31\/05<\/td><td>&nbsp;<\/td><\/tr><tr><td>Mato Grosso do Sul (MS)<\/td><td>31\/01<\/td><td>31\/01<\/td><td>31\/05<\/td><\/tr><tr><td>Minas Gerais (MG)<\/td><td>13\/03<\/td><td>13\/03<\/td><td>15\/05 a 19\/05<\/td><\/tr><tr><td>Par\u00e1 (PA)<\/td><td>Entre 06\/01 e 24\/11<\/td><td>Entre 06\/01 e 25\/09&nbsp;<\/td><td>03\/03 e 24\/11<\/td><\/tr><tr><td>Para\u00edba (PB)<\/td><td>Entre 31\/01 e 31\/10<\/td><td>Entre 31\/01 e 31\/10<\/td><td>31\/03 e 28\/12<\/td><\/tr><tr><td>Paran\u00e1 (PR)<\/td><td>Entre 19\/01 e 25\/01<\/td><td>Entre 19\/01 e 25\/01<\/td><td>Entre 18\/05 e 24\/05<\/td><\/tr><tr><td>Pernambuco (PE)<\/td><td>Entre 08\/02 e 28\/02<\/td><td>Entre 08\/02 e 28\/02<\/td><td>Entre 06\/04 e 26\/04<\/td><\/tr><tr><td>Piau\u00ed (PI)<\/td><td>Entre 31\/01 e 31\/03<\/td><td>31\/03<\/td><td>31\/05<\/td><\/tr><tr><td>Rio de Janeiro (RJ)<\/td><td>Entre 23\/01 e 03\/02<\/td><td>Entre 23\/01 e 03\/02<\/td><td>Entre 27\/03 e 18\/04<\/td><\/tr><tr><td>Rio Grande do Norte (RN)<\/td><td>Entre 10\/03 e 12\/06<\/td><td>Entre 10\/03 e 12\/06<\/td><td>Entre 11\/09 e 11\/12<\/td><\/tr><tr><td>Rio Grande do Sul (RS)<\/td><td>31\/03<\/td><td>Entre 24\/04 e 28\/04<\/td><td>30\/06<\/td><\/tr><tr><td>Rond\u00f4nia (RO)<\/td><td>Entre 31\/01 e 31\/08<\/td><td>&#8211;<\/td><td>&#8211;<\/td><\/tr><tr><td>Roraima (RR)<\/td><td>Entre 31\/03 e 29\/12<\/td><td>Entre 31\/03 e 31\/10<\/td><td>Entre 31\/03 e 29\/12<\/td><\/tr><tr><td>Santa Catarina (SC)<\/td><td>Entre 31\/01 e 31\/10<\/td><td>Entre 10\/01 e 10\/10<\/td><td>Entre 10\/03 e 10\/12<\/td><\/tr><tr><td>S\u00e3o Paulo (SP)<\/td><td>Entre 11\/01 e 24\/01<\/td><td>Entre 11\/01 e 24\/01<\/td><td>Entre 11\/05 e 24\/05<\/td><\/tr><tr><td>Sergipe (SE)<\/td><td>31\/03<\/td><td>&#8211;<\/td><td>&nbsp;<\/td><\/tr><tr><td>Tocantins (TO)<\/td><td>16\/01<\/td><td>16\/01<\/td><td>16\/10<\/td><\/tr><\/tbody><\/table><\/figure>\n\n\n\n<p>Al\u00e9m do IR pago \u00e0 Uni\u00e3o e do IPVA pago ao estado, o contribuinte tamb\u00e9m tem outra obriga\u00e7\u00e3o tribut\u00e1ria com a chegada do ano novo: o IPTU, Imposto Predial e Territorial Urbano. Esse imposto \u00e9 de compet\u00eancia dos munic\u00edpios, o que significa que cada uma das 5.570 cidades pode definir a pr\u00f3pria al\u00edquota que incidir\u00e1 sobre o valor do im\u00f3vel.&nbsp;<\/p>\n\n\n\n<p>&#8220;O IPTU \u00e9 um imposto em que a sua base de c\u00e1lculo, ou seja, o valor de mercado do im\u00f3vel, varia muito de munic\u00edpio para munic\u00edpio. Tem munic\u00edpio que tem esse valor mais atualizado e, portanto, o imposto que tem al\u00edquota igual a um outro munic\u00edpio vai ser maior, porque ele vai estar incidindo sobre uma base maior, e tem munic\u00edpio que essa base de valor dos im\u00f3veis est\u00e1 mais defasada. Ent\u00e3o, o imposto, apesar de ter al\u00edquota igual a um munic\u00edpio vizinho, \u00e0s vezes, vai representar menos no bolso do contribuinte&#8221;, explica Arnaldo Medeiros.&nbsp;<\/p>\n\n\n\n<p>Em Salvador, por exemplo, a al\u00edquota do IPTU varia entre 0,1% e 3%. Depende do tipo e do valor venal (valor de venda) do im\u00f3vel. No Rio de Janeiro varia entre 1% e 3%. &nbsp;<\/p>\n\n\n\n<p>&#8220;A Uni\u00e3o recolhe o Imposto de Renda; cada estado recolhe o IPVA e cada munic\u00edpio recolhe o IPTU&#8221;, resume Mateus Ribeiro, advogado especialista em impostos. Ele destaca que, ao contr\u00e1rio do IR, em que o consumidor tem que fazer a declara\u00e7\u00e3o \u00e0 Receita Federal, no caso do tributo estadual e do tributo municipal, o contribuinte tem &#8220;apenas&#8221; que pag\u00e1-los. Em geral, os carn\u00eas com os valores a serem pagos s\u00e3o enviados para o endere\u00e7o dos cidad\u00e3os. Esses boletos tamb\u00e9m podem ser acessados pela internet, no site do estado, se IPVA, ou da prefeitura, se IPTU.<\/p>\n\n\n\n<h2 class=\"wp-block-heading\">Finan\u00e7as em dia<\/h2>\n\n\n\n<p>Ciente de todos os impostos a serem pagos no in\u00edcio do ano, \u00e9 preciso colocar os valores e as datas de vencimento de cada um deles na planilha ou mesmo no caderninho. O educador financeiro J\u00f4natas Bueno afirma que, mesmo aqueles que n\u00e3o se planejaram com anteced\u00eancia para arcar com esses valores, podem fazer isso agora.&nbsp;<\/p>\n\n\n\n<p>&#8220;N\u00e3o existe o melhor momento para planejar. O melhor momento \u00e9 agora. Se a pessoa j\u00e1 fez, maravilha, mas geralmente o brasileiro n\u00e3o faz. Nenhum desses gastos que eu estou falando s\u00e3o imprevistos. Eles podem ter sido esquecidos, podem n\u00e3o ter sido contabilizados, mas todo ano acontecem&#8221;, diz.&nbsp;<\/p>\n\n\n\n<p>A primeira dica de J\u00f4natas \u00e9 listar os meses do ano e, ao lado, os gastos fixos, como aluguel, alimenta\u00e7\u00e3o, transporte e sa\u00fade, por exemplo. Entram tamb\u00e9m, nos meses em que ir\u00e3o ocorrer, as despesas pontuais, como impostos, renova\u00e7\u00f5es (seguro do carro, carteira de motorista, por exemplo), eventos e viagens.&nbsp;<\/p>\n\n\n\n<p>O segundo passo \u00e9 listar as receitas que devem entrar na conta a cada m\u00eas al\u00e9m do sal\u00e1rio. Ou seja, ter\u00e7o de f\u00e9rias, antecipa\u00e7\u00e3o do d\u00e9cimo terceiro sal\u00e1rio, restitui\u00e7\u00e3o do IR (em alguns casos), trabalhos extras.&nbsp;<\/p>\n\n\n\n<p>&#8220;Se a pessoa mapear essas despesas e as receitas extras ao longo dos pr\u00f3ximos 12 meses pode ser que d\u00ea at\u00e9 um certo casamento. No m\u00eas de fevereiro vai ter a despesa extra do IPTU, mas a pessoa faz anivers\u00e1rio em fevereiro e, de repente, o \u00f3rg\u00e3o em que ela trabalha ou a empresa paga o d\u00e9cimo terceiro ou uma parte. J\u00e1 salvou aquela despesa. O seguro do carro vai acontecer no m\u00eas de junho. No m\u00eas de junho a pessoa tem a restitui\u00e7\u00e3o de Imposto de Renda&#8221;, exemplifica. &nbsp;<\/p>\n\n\n\n<p>Outra dica do especialista \u00e9 tentar pagar o IPVA e o IPTU \u00e0 vista. &#8220;Geralmente, quando se tem o pagamento \u00e0 vista existe um desconto. Para quem tem dinheiro e n\u00e3o vai ficar negativo ao longo dos outros meses, vale a pena&#8221;. &nbsp;<\/p>\n\n\n\n<p>Na falta de dinheiro extra ou se ele tamb\u00e9m n\u00e3o \u00e9 suficiente para tapar o buraco, pode ser o caso de tentar cortar gastos e poupar para juntar dinheiro e pagar esses impostos mais \u00e0 frente, indica Bueno. Os estados e as prefeituras costumam dar a op\u00e7\u00e3o de os cidad\u00e3os parcelarem esses impostos. Assim, ganha-se tempo para cortar despesas e diminuir o impacto desses tributos no bolso ao longo dos meses.&nbsp;<\/p>\n\n\n\n<p>&#8220;Aquela despesa que ela mapeou que ia acontecer, por exemplo, em fevereiro no caso do IPVA e, em maio, no caso do IPTU, ela vai colocar quantas parcelas: cinco, seis parcelas? E a\u00ed ela refaz aquela tabelinha que ela fez no planejamento considerando essa despesa extra, dessa vez parcelada&#8221;, recomenda.&nbsp;<\/p>\n\n\n\n<h2 class=\"wp-block-heading\">Estrat\u00e9gia<\/h2>\n\n\n\n<p>A servidora p\u00fablica Carolina Ara\u00fajo, 48 anos, disse que separou parte do dinheiro da segunda parcela do d\u00e9cimo terceiro e do adiantamento de f\u00e9rias para pagar esses impostos que vencem no primeiro semestre. &#8220;Antes de come\u00e7ar a gastar com &nbsp;Natal, viagem, eu separo, para depois n\u00e3o ficar vermelho. Eu pego esse dinheiro extra e separo [o valor do] IPTU e do IPVA, que eu dou prioridade de pagar \u00e0 vista, porque tem um desconto bom&#8221;, explica.&nbsp;<\/p>\n\n\n\n<p>Carolina conta que tamb\u00e9m poupa para poder pagar a matr\u00edcula e o material escolar da filha. No planejamento financeiro que faz para o ano todo, ela anota todas essas despesas que, normalmente, ocorrem a cada 12 meses. Mais do que planejamento, ela conta com algumas estrat\u00e9gias para economizar com esses gastos. Al\u00e9m de pagar IPVA e IPTU \u00e0 vista, a servidora costuma comprar os livros de literatura j\u00e1 usados.&nbsp;<\/p>\n\n\n\n<p>&#8220;As m\u00e3es da escola se juntam e da\u00ed voc\u00ea compra o livro de literatura da crian\u00e7a do ano da frente. Isso economiza muito dinheiro mesmo. Um livro que sairia por cento e cinquenta reais, voc\u00ea compra por cinquenta. Era uma coisa que pesava muito pra mim&#8221;, conta. &nbsp;<\/p>\n\n\n\n<h2 class=\"wp-block-heading\">Aten\u00e7\u00e3o ao IR<\/h2>\n\n\n\n<p>O Imposto de Renda exige do consumidor alguns cuidados a mais, explicam os especialistas em tributa\u00e7\u00e3o. Como o prazo da declara\u00e7\u00e3o ocorre tradicionalmente entre mar\u00e7o e abril, a dica \u00e9 juntar os documentos que s\u00e3o exigidos pela Receita Federal para evitar a correria em cima da hora, diz Mateus Ribeiro, advogado especialista em impostos.&nbsp;<\/p>\n\n\n\n<p>Quanto mais cedo a pessoa declarar o IR, mais cedo ela poder\u00e1 receber a restitui\u00e7\u00e3o, que \u00e9 o valor que o Le\u00e3o devolve ao contribuinte caso o imposto retido na fonte pelo empregador ou recolhido pelo pr\u00f3prio cidad\u00e3o tenha sido maior do que o devido. O calend\u00e1rio de restitui\u00e7\u00e3o prioriza os idosos, as pessoas com defici\u00eancia e os professores. Depois disso, recebe antes quem declarou antes, explica Alberto Medeiros, presidente da Comiss\u00e3o de Assuntos Tribut\u00e1rios da OAB-DF.&nbsp;<\/p>\n\n\n\n<p>&#8220;Se o contribuinte foi diligente, entregou a declara\u00e7\u00e3o, e tiver direito \u00e0 restitui\u00e7\u00e3o, \u00e9 \u00f3bvio que esse contribuinte que entregou primeiro vai ter a restitui\u00e7\u00e3o processada primeiramente&#8221;.&nbsp;<\/p>\n\n\n\n<p>\u00c9 importante ficar atento aos gastos que podem ser deduzidos na hora declarar o IR, lembram os especialistas. Em 2022, as despesas com sa\u00fade puderam ser deduzidas sem limite. Os gastos com educa\u00e7\u00e3o tamb\u00e9m, mas estes foram limitados a R$ 3.561,50. Tamb\u00e9m foi poss\u00edvel abater at\u00e9 R$ 2.275,08 por dependente. Declarar esses gastos pode ajudar a diminuir o valor do imposto devido ou a aumentar a restitui\u00e7\u00e3o.&nbsp;<\/p>\n\n\n\n<p>&#8220;\u00c9 uma oportunidade de pagar menos imposto dentro do que a lei j\u00e1 oferece. Cada caso vai depender de uma an\u00e1lise espec\u00edfica. Ent\u00e3o, dois contribuintes que estejam numa mesma situa\u00e7\u00e3o podem pagar quest\u00f5es diferentes, seja porque um tem dependentes, gasto com sa\u00fade, com educa\u00e7\u00e3o e isso vai impactar, no final, quanto ele vai ter que pagar. Inclusive, depende da forma como ele quer fazer essa declara\u00e7\u00e3o, se \u00e9 uma declara\u00e7\u00e3o simplificada ou se \u00e9 uma declara\u00e7\u00e3o completa&#8221;, explica Mateus Ribeiro.&nbsp;<\/p>\n\n\n\n<p>Alberto Medeiros recomenda que as pessoas que t\u00eam um or\u00e7amento mais complexo e n\u00e3o conhecem muito bem o sistema de preenchimento das informa\u00e7\u00f5es busquem aux\u00edlio profissional. &#8220;Se ele tiver v\u00e1rias fontes de renda, despesas dedut\u00edveis, aplica\u00e7\u00e3o em bolsa, aplica\u00e7\u00e3o em mercado financeiro, etc., venda de im\u00f3vel no ano, tudo isso a gente recomenda que seja discutido com o advogado tributarista ou um contador especializado&#8221;.&nbsp;<\/p>\n\n\n\n<p>At\u00e9 o momento, a Receita Federal n\u00e3o indicou nenhuma mudan\u00e7a para o ano de 2023. Uma das promessas de campanha do governo do presidente Luiz In\u00e1cio Lula da Silva era corrigir a tabela do IR para isentar de declarar e pagar o imposto quem ganha at\u00e9 R$ 5 mil. Mas a revis\u00e3o n\u00e3o foi inclu\u00edda nas discuss\u00f5es sobre o or\u00e7amento para este ano. &nbsp;<\/p>\n\n\n\n<h2 class=\"wp-block-heading\">Peso da carga tribut\u00e1ria&nbsp;<\/h2>\n\n\n\n<p>O brasileiro pode at\u00e9 esquecer por um instante que o ano novo traz impostos velhos, como IR, IPVA e IPTU, mas o peso da carga tribut\u00e1ria sobre os pr\u00f3prios bolsos, este o contribuinte lembra e sente. Um estudo do Instituto Brasileiro de Planejamento e Tributa\u00e7\u00e3o (IBPT) mostra que, em 2022, os brasileiros terminaram de pagar os seus impostos no dia 29 de maio. Foram quase seis meses ininterruptos de trabalho apenas para acertar as contas com o Estado.&nbsp;<\/p>\n\n\n\n<p>O IBPT apontou, tamb\u00e9m, que mais de 40% do rendimento m\u00e9dio dos brasileiros \u00e9 comprometido apenas com o pagamento de tributos. Ou seja, a cada R$ 100 reais ganhos, mais de R$ 40 ficam com os fiscos.&nbsp;<\/p>\n\n\n\n<p>Fonte: Brasil 61<\/p>\n","protected":false},"excerpt":{"rendered":"<p>Ano novo. Imposto velho. Se o m\u00eas de dezembro costuma trazer mais dinheiro ao bolso dos consumidores, gra\u00e7as ao d\u00e9cimo terceiro sal\u00e1rio e, em alguns casos, ao ter\u00e7o de f\u00e9rias, em janeiro ocorre o contr\u00e1rio. N\u00e3o que mais gastos se acumulem nesse m\u00eas, mas porque \u00e9 nessa hora que os mais esquecidos se lembram dos [&hellip;]<\/p>\n","protected":false},"author":3,"featured_media":7638,"comment_status":"open","ping_status":"open","sticky":false,"template":"","format":"standard","meta":{"_monsterinsights_skip_tracking":false,"_monsterinsights_sitenote_active":false,"_monsterinsights_sitenote_note":"","_monsterinsights_sitenote_category":0,"footnotes":""},"categories":[34],"tags":[],"yoast_head":"<!-- This site is optimized with the Yoast SEO plugin v22.9 - https:\/\/yoast.com\/wordpress\/plugins\/seo\/ -->\n<title>Imposto de Renda, IPVA e IPTU pressionam or\u00e7amento dos brasileiros nos primeiros meses de 2023 - Portal MF<\/title>\n<meta name=\"robots\" content=\"index, follow, max-snippet:-1, max-image-preview:large, max-video-preview:-1\" \/>\n<link rel=\"canonical\" href=\"https:\/\/portalmf.com.br\/index.php\/2023\/01\/06\/imposto-de-renda-ipva-e-iptu-pressionam-orcamento-dos-brasileiros-nos-primeiros-meses-de-2023\/\" \/>\n<meta property=\"og:locale\" content=\"pt_BR\" \/>\n<meta property=\"og:type\" content=\"article\" \/>\n<meta property=\"og:title\" content=\"Imposto de Renda, IPVA e IPTU pressionam or\u00e7amento dos brasileiros nos primeiros meses de 2023 - Portal MF\" \/>\n<meta property=\"og:description\" content=\"Ano novo. Imposto velho. Se o m\u00eas de dezembro costuma trazer mais dinheiro ao bolso dos consumidores, gra\u00e7as ao d\u00e9cimo terceiro sal\u00e1rio e, em alguns casos, ao ter\u00e7o de f\u00e9rias, em janeiro ocorre o contr\u00e1rio. N\u00e3o que mais gastos se acumulem nesse m\u00eas, mas porque \u00e9 nessa hora que os mais esquecidos se lembram dos [&hellip;]\" \/>\n<meta property=\"og:url\" content=\"https:\/\/portalmf.com.br\/index.php\/2023\/01\/06\/imposto-de-renda-ipva-e-iptu-pressionam-orcamento-dos-brasileiros-nos-primeiros-meses-de-2023\/\" \/>\n<meta property=\"og:site_name\" content=\"Portal MF\" \/>\n<meta property=\"article:author\" content=\"https:\/\/www.facebook.com\/portalmfoficial\" \/>\n<meta property=\"article:published_time\" content=\"2023-01-06T18:11:27+00:00\" \/>\n<meta property=\"article:modified_time\" content=\"2023-01-06T18:12:27+00:00\" \/>\n<meta property=\"og:image\" content=\"https:\/\/portalmf.com.br\/wp-content\/uploads\/2023\/01\/mca_abr_21031913349.jpeg\" \/>\n\t<meta property=\"og:image:width\" content=\"1170\" \/>\n\t<meta property=\"og:image:height\" content=\"700\" \/>\n\t<meta property=\"og:image:type\" content=\"image\/jpeg\" \/>\n<meta name=\"author\" content=\"Reda\u00e7\u00e3o Portal MF\" \/>\n<meta name=\"twitter:card\" content=\"summary_large_image\" \/>\n<meta name=\"twitter:creator\" content=\"@https:\/\/x.com\/portalmfoficial\" \/>\n<meta name=\"twitter:label1\" content=\"Escrito por\" \/>\n\t<meta name=\"twitter:data1\" content=\"Reda\u00e7\u00e3o Portal MF\" \/>\n\t<meta name=\"twitter:label2\" content=\"Est. tempo de leitura\" \/>\n\t<meta name=\"twitter:data2\" content=\"14 minutos\" \/>\n<script type=\"application\/ld+json\" class=\"yoast-schema-graph\">{\"@context\":\"https:\/\/schema.org\",\"@graph\":[{\"@type\":\"WebPage\",\"@id\":\"https:\/\/portalmf.com.br\/index.php\/2023\/01\/06\/imposto-de-renda-ipva-e-iptu-pressionam-orcamento-dos-brasileiros-nos-primeiros-meses-de-2023\/\",\"url\":\"https:\/\/portalmf.com.br\/index.php\/2023\/01\/06\/imposto-de-renda-ipva-e-iptu-pressionam-orcamento-dos-brasileiros-nos-primeiros-meses-de-2023\/\",\"name\":\"Imposto de Renda, IPVA e IPTU pressionam or\u00e7amento dos brasileiros nos primeiros meses de 2023 - Portal MF\",\"isPartOf\":{\"@id\":\"https:\/\/portalmf.com.br\/#website\"},\"primaryImageOfPage\":{\"@id\":\"https:\/\/portalmf.com.br\/index.php\/2023\/01\/06\/imposto-de-renda-ipva-e-iptu-pressionam-orcamento-dos-brasileiros-nos-primeiros-meses-de-2023\/#primaryimage\"},\"image\":{\"@id\":\"https:\/\/portalmf.com.br\/index.php\/2023\/01\/06\/imposto-de-renda-ipva-e-iptu-pressionam-orcamento-dos-brasileiros-nos-primeiros-meses-de-2023\/#primaryimage\"},\"thumbnailUrl\":\"https:\/\/portalmf.com.br\/wp-content\/uploads\/2023\/01\/mca_abr_21031913349.jpeg\",\"datePublished\":\"2023-01-06T18:11:27+00:00\",\"dateModified\":\"2023-01-06T18:12:27+00:00\",\"author\":{\"@id\":\"https:\/\/portalmf.com.br\/#\/schema\/person\/9ec101baf56233e53520c26de5d6f6f0\"},\"breadcrumb\":{\"@id\":\"https:\/\/portalmf.com.br\/index.php\/2023\/01\/06\/imposto-de-renda-ipva-e-iptu-pressionam-orcamento-dos-brasileiros-nos-primeiros-meses-de-2023\/#breadcrumb\"},\"inLanguage\":\"pt-BR\",\"potentialAction\":[{\"@type\":\"ReadAction\",\"target\":[\"https:\/\/portalmf.com.br\/index.php\/2023\/01\/06\/imposto-de-renda-ipva-e-iptu-pressionam-orcamento-dos-brasileiros-nos-primeiros-meses-de-2023\/\"]}]},{\"@type\":\"ImageObject\",\"inLanguage\":\"pt-BR\",\"@id\":\"https:\/\/portalmf.com.br\/index.php\/2023\/01\/06\/imposto-de-renda-ipva-e-iptu-pressionam-orcamento-dos-brasileiros-nos-primeiros-meses-de-2023\/#primaryimage\",\"url\":\"https:\/\/portalmf.com.br\/wp-content\/uploads\/2023\/01\/mca_abr_21031913349.jpeg\",\"contentUrl\":\"https:\/\/portalmf.com.br\/wp-content\/uploads\/2023\/01\/mca_abr_21031913349.jpeg\",\"width\":1170,\"height\":700,\"caption\":\"IMPOSTO DE RENDA 201,Declara\u00e7\u00e3o IRPF 2019\"},{\"@type\":\"BreadcrumbList\",\"@id\":\"https:\/\/portalmf.com.br\/index.php\/2023\/01\/06\/imposto-de-renda-ipva-e-iptu-pressionam-orcamento-dos-brasileiros-nos-primeiros-meses-de-2023\/#breadcrumb\",\"itemListElement\":[{\"@type\":\"ListItem\",\"position\":1,\"name\":\"In\u00edcio\",\"item\":\"https:\/\/portalmf.com.br\/\"},{\"@type\":\"ListItem\",\"position\":2,\"name\":\"Imposto de Renda, IPVA e IPTU pressionam or\u00e7amento dos brasileiros nos primeiros meses de 2023\"}]},{\"@type\":\"WebSite\",\"@id\":\"https:\/\/portalmf.com.br\/#website\",\"url\":\"https:\/\/portalmf.com.br\/\",\"name\":\"Portal MF\",\"description\":\"Voc\u00ea conectado com a informa\u00e7\u00e3o\",\"potentialAction\":[{\"@type\":\"SearchAction\",\"target\":{\"@type\":\"EntryPoint\",\"urlTemplate\":\"https:\/\/portalmf.com.br\/?s={search_term_string}\"},\"query-input\":\"required name=search_term_string\"}],\"inLanguage\":\"pt-BR\"},{\"@type\":\"Person\",\"@id\":\"https:\/\/portalmf.com.br\/#\/schema\/person\/9ec101baf56233e53520c26de5d6f6f0\",\"name\":\"Reda\u00e7\u00e3o Portal MF\",\"image\":{\"@type\":\"ImageObject\",\"inLanguage\":\"pt-BR\",\"@id\":\"https:\/\/portalmf.com.br\/#\/schema\/person\/image\/\",\"url\":\"https:\/\/secure.gravatar.com\/avatar\/41b9aaeb2100835f7c64362330f74c7f?s=96&d=mm&r=g\",\"contentUrl\":\"https:\/\/secure.gravatar.com\/avatar\/41b9aaeb2100835f7c64362330f74c7f?s=96&d=mm&r=g\",\"caption\":\"Reda\u00e7\u00e3o Portal MF\"},\"description\":\"Sejam bem-vindos o portal de informa\u00e7\u00f5es de entretenimento de Feira de Santana, desde 2006 realiza coberturas dos principais eventos com entrevistas exclusivas com as principais personalidades mundiais. Fique conectado tamb\u00e9m nas redes sociais.\",\"sameAs\":[\"http:\/\/www.portalmf.com.br\/\",\"https:\/\/www.facebook.com\/portalmfoficial\",\"https:\/\/www.instagram.com\/portalmf\/\",\"https:\/\/x.com\/https:\/\/x.com\/portalmfoficial\",\"https:\/\/www.youtube.com\/@portalmfoficial\"],\"url\":\"https:\/\/portalmf.com.br\/index.php\/author\/junior\/\"}]}<\/script>\n<!-- \/ Yoast SEO plugin. -->","yoast_head_json":{"title":"Imposto de Renda, IPVA e IPTU pressionam or\u00e7amento dos brasileiros nos primeiros meses de 2023 - Portal MF","robots":{"index":"index","follow":"follow","max-snippet":"max-snippet:-1","max-image-preview":"max-image-preview:large","max-video-preview":"max-video-preview:-1"},"canonical":"https:\/\/portalmf.com.br\/index.php\/2023\/01\/06\/imposto-de-renda-ipva-e-iptu-pressionam-orcamento-dos-brasileiros-nos-primeiros-meses-de-2023\/","og_locale":"pt_BR","og_type":"article","og_title":"Imposto de Renda, IPVA e IPTU pressionam or\u00e7amento dos brasileiros nos primeiros meses de 2023 - Portal MF","og_description":"Ano novo. Imposto velho. Se o m\u00eas de dezembro costuma trazer mais dinheiro ao bolso dos consumidores, gra\u00e7as ao d\u00e9cimo terceiro sal\u00e1rio e, em alguns casos, ao ter\u00e7o de f\u00e9rias, em janeiro ocorre o contr\u00e1rio. N\u00e3o que mais gastos se acumulem nesse m\u00eas, mas porque \u00e9 nessa hora que os mais esquecidos se lembram dos [&hellip;]","og_url":"https:\/\/portalmf.com.br\/index.php\/2023\/01\/06\/imposto-de-renda-ipva-e-iptu-pressionam-orcamento-dos-brasileiros-nos-primeiros-meses-de-2023\/","og_site_name":"Portal MF","article_author":"https:\/\/www.facebook.com\/portalmfoficial","article_published_time":"2023-01-06T18:11:27+00:00","article_modified_time":"2023-01-06T18:12:27+00:00","og_image":[{"width":1170,"height":700,"url":"https:\/\/portalmf.com.br\/wp-content\/uploads\/2023\/01\/mca_abr_21031913349.jpeg","type":"image\/jpeg"}],"author":"Reda\u00e7\u00e3o Portal MF","twitter_card":"summary_large_image","twitter_creator":"@https:\/\/x.com\/portalmfoficial","twitter_misc":{"Escrito por":"Reda\u00e7\u00e3o Portal MF","Est. tempo de leitura":"14 minutos"},"schema":{"@context":"https:\/\/schema.org","@graph":[{"@type":"WebPage","@id":"https:\/\/portalmf.com.br\/index.php\/2023\/01\/06\/imposto-de-renda-ipva-e-iptu-pressionam-orcamento-dos-brasileiros-nos-primeiros-meses-de-2023\/","url":"https:\/\/portalmf.com.br\/index.php\/2023\/01\/06\/imposto-de-renda-ipva-e-iptu-pressionam-orcamento-dos-brasileiros-nos-primeiros-meses-de-2023\/","name":"Imposto de Renda, IPVA e IPTU pressionam or\u00e7amento dos brasileiros nos primeiros meses de 2023 - Portal MF","isPartOf":{"@id":"https:\/\/portalmf.com.br\/#website"},"primaryImageOfPage":{"@id":"https:\/\/portalmf.com.br\/index.php\/2023\/01\/06\/imposto-de-renda-ipva-e-iptu-pressionam-orcamento-dos-brasileiros-nos-primeiros-meses-de-2023\/#primaryimage"},"image":{"@id":"https:\/\/portalmf.com.br\/index.php\/2023\/01\/06\/imposto-de-renda-ipva-e-iptu-pressionam-orcamento-dos-brasileiros-nos-primeiros-meses-de-2023\/#primaryimage"},"thumbnailUrl":"https:\/\/portalmf.com.br\/wp-content\/uploads\/2023\/01\/mca_abr_21031913349.jpeg","datePublished":"2023-01-06T18:11:27+00:00","dateModified":"2023-01-06T18:12:27+00:00","author":{"@id":"https:\/\/portalmf.com.br\/#\/schema\/person\/9ec101baf56233e53520c26de5d6f6f0"},"breadcrumb":{"@id":"https:\/\/portalmf.com.br\/index.php\/2023\/01\/06\/imposto-de-renda-ipva-e-iptu-pressionam-orcamento-dos-brasileiros-nos-primeiros-meses-de-2023\/#breadcrumb"},"inLanguage":"pt-BR","potentialAction":[{"@type":"ReadAction","target":["https:\/\/portalmf.com.br\/index.php\/2023\/01\/06\/imposto-de-renda-ipva-e-iptu-pressionam-orcamento-dos-brasileiros-nos-primeiros-meses-de-2023\/"]}]},{"@type":"ImageObject","inLanguage":"pt-BR","@id":"https:\/\/portalmf.com.br\/index.php\/2023\/01\/06\/imposto-de-renda-ipva-e-iptu-pressionam-orcamento-dos-brasileiros-nos-primeiros-meses-de-2023\/#primaryimage","url":"https:\/\/portalmf.com.br\/wp-content\/uploads\/2023\/01\/mca_abr_21031913349.jpeg","contentUrl":"https:\/\/portalmf.com.br\/wp-content\/uploads\/2023\/01\/mca_abr_21031913349.jpeg","width":1170,"height":700,"caption":"IMPOSTO DE RENDA 201,Declara\u00e7\u00e3o IRPF 2019"},{"@type":"BreadcrumbList","@id":"https:\/\/portalmf.com.br\/index.php\/2023\/01\/06\/imposto-de-renda-ipva-e-iptu-pressionam-orcamento-dos-brasileiros-nos-primeiros-meses-de-2023\/#breadcrumb","itemListElement":[{"@type":"ListItem","position":1,"name":"In\u00edcio","item":"https:\/\/portalmf.com.br\/"},{"@type":"ListItem","position":2,"name":"Imposto de Renda, IPVA e IPTU pressionam or\u00e7amento dos brasileiros nos primeiros meses de 2023"}]},{"@type":"WebSite","@id":"https:\/\/portalmf.com.br\/#website","url":"https:\/\/portalmf.com.br\/","name":"Portal MF","description":"Voc\u00ea conectado com a informa\u00e7\u00e3o","potentialAction":[{"@type":"SearchAction","target":{"@type":"EntryPoint","urlTemplate":"https:\/\/portalmf.com.br\/?s={search_term_string}"},"query-input":"required name=search_term_string"}],"inLanguage":"pt-BR"},{"@type":"Person","@id":"https:\/\/portalmf.com.br\/#\/schema\/person\/9ec101baf56233e53520c26de5d6f6f0","name":"Reda\u00e7\u00e3o Portal MF","image":{"@type":"ImageObject","inLanguage":"pt-BR","@id":"https:\/\/portalmf.com.br\/#\/schema\/person\/image\/","url":"https:\/\/secure.gravatar.com\/avatar\/41b9aaeb2100835f7c64362330f74c7f?s=96&d=mm&r=g","contentUrl":"https:\/\/secure.gravatar.com\/avatar\/41b9aaeb2100835f7c64362330f74c7f?s=96&d=mm&r=g","caption":"Reda\u00e7\u00e3o Portal MF"},"description":"Sejam bem-vindos o portal de informa\u00e7\u00f5es de entretenimento de Feira de Santana, desde 2006 realiza coberturas dos principais eventos com entrevistas exclusivas com as principais personalidades mundiais. Fique conectado tamb\u00e9m nas redes sociais.","sameAs":["http:\/\/www.portalmf.com.br\/","https:\/\/www.facebook.com\/portalmfoficial","https:\/\/www.instagram.com\/portalmf\/","https:\/\/x.com\/https:\/\/x.com\/portalmfoficial","https:\/\/www.youtube.com\/@portalmfoficial"],"url":"https:\/\/portalmf.com.br\/index.php\/author\/junior\/"}]}},"_links":{"self":[{"href":"https:\/\/portalmf.com.br\/index.php\/wp-json\/wp\/v2\/posts\/7637"}],"collection":[{"href":"https:\/\/portalmf.com.br\/index.php\/wp-json\/wp\/v2\/posts"}],"about":[{"href":"https:\/\/portalmf.com.br\/index.php\/wp-json\/wp\/v2\/types\/post"}],"author":[{"embeddable":true,"href":"https:\/\/portalmf.com.br\/index.php\/wp-json\/wp\/v2\/users\/3"}],"replies":[{"embeddable":true,"href":"https:\/\/portalmf.com.br\/index.php\/wp-json\/wp\/v2\/comments?post=7637"}],"version-history":[{"count":2,"href":"https:\/\/portalmf.com.br\/index.php\/wp-json\/wp\/v2\/posts\/7637\/revisions"}],"predecessor-version":[{"id":7640,"href":"https:\/\/portalmf.com.br\/index.php\/wp-json\/wp\/v2\/posts\/7637\/revisions\/7640"}],"wp:featuredmedia":[{"embeddable":true,"href":"https:\/\/portalmf.com.br\/index.php\/wp-json\/wp\/v2\/media\/7638"}],"wp:attachment":[{"href":"https:\/\/portalmf.com.br\/index.php\/wp-json\/wp\/v2\/media?parent=7637"}],"wp:term":[{"taxonomy":"category","embeddable":true,"href":"https:\/\/portalmf.com.br\/index.php\/wp-json\/wp\/v2\/categories?post=7637"},{"taxonomy":"post_tag","embeddable":true,"href":"https:\/\/portalmf.com.br\/index.php\/wp-json\/wp\/v2\/tags?post=7637"}],"curies":[{"name":"wp","href":"https:\/\/api.w.org\/{rel}","templated":true}]}}