{"id":7632,"date":"2023-01-02T15:03:00","date_gmt":"2023-01-02T18:03:00","guid":{"rendered":"https:\/\/portalmf.com.br\/?p=7632"},"modified":"2023-01-06T15:04:53","modified_gmt":"2023-01-06T18:04:53","slug":"larissa-mello-anuncia-shows-em-salvador-neste-sabado-07","status":"publish","type":"post","link":"https:\/\/portalmf.com.br\/index.php\/2023\/01\/02\/larissa-mello-anuncia-shows-em-salvador-neste-sabado-07\/","title":{"rendered":"Larissa Mello anuncia shows em Salvador neste s\u00e1bado (07)"},"content":{"rendered":"\n<p>Depois de um final de ano agitado, com direito a lan\u00e7amento de um novo single, a cantora Larissa Mello acaba de confirmar os primeiros shows de 2023. Neste s\u00e1bado, dia 07 de janeiro, ela vai encarar uma dobradinha de apresenta\u00e7\u00f5es. Primeiro, no Espetto Baiano, localizado na Villa Jardim dos Namorados, a partir das 15 horas. Depois, Larissa comanda o palco do Cien Fuegos, no Rio Vermelho, \u00e0s 22 horas. <\/p>\n\n\n\n<p>Com um repert\u00f3rio recheado de sucessos nacionais, al\u00e9m do novo single autoral, \u201cPloc Ploc Vapo Vapo\u201d (<a href=\"https:\/\/onerpm.link\/309319016833\" target=\"_blank\" rel=\"noreferrer noopener\">https:\/\/onerpm.link\/309319016833<\/a>), Larissa Mello promete apresenta\u00e7\u00f5es para l\u00e1 de divertidas, com muita m\u00fasica boa, do jeito que tem que ser! <\/p>\n\n\n\n<p>Com uma carreira promissora, Larissa Mello, que ficou conhecida nacionalmente ap\u00f3s a sua participa\u00e7\u00e3o no programa The Voice Brasil, em 2015, promete que as novidades n\u00e3o v\u00e3o parar por a\u00ed, e que em\u00a0 breve vem o lan\u00e7amento de mais um single autoral.<\/p>\n\n\n\n<p>&#8212;<\/p>\n","protected":false},"excerpt":{"rendered":"<p>Depois de um final de ano agitado, com direito a lan\u00e7amento de um novo single, a cantora Larissa Mello acaba de confirmar os primeiros shows de 2023. Neste s\u00e1bado, dia 07 de janeiro, ela vai encarar uma dobradinha de apresenta\u00e7\u00f5es. Primeiro, no Espetto Baiano, localizado na Villa Jardim dos Namorados, a partir das 15 horas. [&hellip;]<\/p>\n","protected":false},"author":3,"featured_media":6520,"comment_status":"open","ping_status":"open","sticky":false,"template":"","format":"standard","meta":{"_monsterinsights_skip_tracking":false,"_monsterinsights_sitenote_active":false,"_monsterinsights_sitenote_note":"","_monsterinsights_sitenote_category":0,"footnotes":""},"categories":[36],"tags":[],"yoast_head":"<!-- This site is optimized with the Yoast SEO plugin v22.9 - https:\/\/yoast.com\/wordpress\/plugins\/seo\/ -->\n<title>Larissa Mello anuncia shows em Salvador neste s\u00e1bado (07) - Portal MF<\/title>\n<meta name=\"robots\" content=\"index, follow, max-snippet:-1, max-image-preview:large, max-video-preview:-1\" \/>\n<link rel=\"canonical\" href=\"https:\/\/portalmf.com.br\/index.php\/2023\/01\/02\/larissa-mello-anuncia-shows-em-salvador-neste-sabado-07\/\" \/>\n<meta property=\"og:locale\" content=\"pt_BR\" \/>\n<meta property=\"og:type\" content=\"article\" \/>\n<meta property=\"og:title\" content=\"Larissa Mello anuncia shows em Salvador neste s\u00e1bado (07) - Portal MF\" \/>\n<meta property=\"og:description\" content=\"Depois de um final de ano agitado, com direito a lan\u00e7amento de um novo single, a cantora Larissa Mello acaba de confirmar os primeiros shows de 2023. Neste s\u00e1bado, dia 07 de janeiro, ela vai encarar uma dobradinha de apresenta\u00e7\u00f5es. Primeiro, no Espetto Baiano, localizado na Villa Jardim dos Namorados, a partir das 15 horas. [&hellip;]\" \/>\n<meta property=\"og:url\" content=\"https:\/\/portalmf.com.br\/index.php\/2023\/01\/02\/larissa-mello-anuncia-shows-em-salvador-neste-sabado-07\/\" \/>\n<meta property=\"og:site_name\" content=\"Portal MF\" \/>\n<meta property=\"article:author\" content=\"https:\/\/www.facebook.com\/portalmfoficial\" \/>\n<meta property=\"article:published_time\" content=\"2023-01-02T18:03:00+00:00\" \/>\n<meta property=\"article:modified_time\" content=\"2023-01-06T18:04:53+00:00\" \/>\n<meta property=\"og:image\" content=\"https:\/\/portalmf.com.br\/wp-content\/uploads\/2022\/12\/Larissa-Mello_NOVA.jpg\" \/>\n\t<meta property=\"og:image:width\" content=\"1092\" \/>\n\t<meta property=\"og:image:height\" content=\"760\" \/>\n\t<meta property=\"og:image:type\" content=\"image\/jpeg\" \/>\n<meta name=\"author\" content=\"Reda\u00e7\u00e3o Portal MF\" \/>\n<meta name=\"twitter:card\" content=\"summary_large_image\" \/>\n<meta name=\"twitter:creator\" content=\"@https:\/\/x.com\/portalmfoficial\" \/>\n<meta name=\"twitter:label1\" content=\"Escrito por\" \/>\n\t<meta name=\"twitter:data1\" content=\"Reda\u00e7\u00e3o Portal MF\" \/>\n\t<meta name=\"twitter:label2\" content=\"Est. tempo de leitura\" \/>\n\t<meta name=\"twitter:data2\" content=\"1 minuto\" \/>\n<script type=\"application\/ld+json\" class=\"yoast-schema-graph\">{\"@context\":\"https:\/\/schema.org\",\"@graph\":[{\"@type\":\"WebPage\",\"@id\":\"https:\/\/portalmf.com.br\/index.php\/2023\/01\/02\/larissa-mello-anuncia-shows-em-salvador-neste-sabado-07\/\",\"url\":\"https:\/\/portalmf.com.br\/index.php\/2023\/01\/02\/larissa-mello-anuncia-shows-em-salvador-neste-sabado-07\/\",\"name\":\"Larissa Mello anuncia shows em Salvador neste s\u00e1bado (07) - Portal MF\",\"isPartOf\":{\"@id\":\"https:\/\/portalmf.com.br\/#website\"},\"primaryImageOfPage\":{\"@id\":\"https:\/\/portalmf.com.br\/index.php\/2023\/01\/02\/larissa-mello-anuncia-shows-em-salvador-neste-sabado-07\/#primaryimage\"},\"image\":{\"@id\":\"https:\/\/portalmf.com.br\/index.php\/2023\/01\/02\/larissa-mello-anuncia-shows-em-salvador-neste-sabado-07\/#primaryimage\"},\"thumbnailUrl\":\"https:\/\/portalmf.com.br\/wp-content\/uploads\/2022\/12\/Larissa-Mello_NOVA.jpg\",\"datePublished\":\"2023-01-02T18:03:00+00:00\",\"dateModified\":\"2023-01-06T18:04:53+00:00\",\"author\":{\"@id\":\"https:\/\/portalmf.com.br\/#\/schema\/person\/9ec101baf56233e53520c26de5d6f6f0\"},\"breadcrumb\":{\"@id\":\"https:\/\/portalmf.com.br\/index.php\/2023\/01\/02\/larissa-mello-anuncia-shows-em-salvador-neste-sabado-07\/#breadcrumb\"},\"inLanguage\":\"pt-BR\",\"potentialAction\":[{\"@type\":\"ReadAction\",\"target\":[\"https:\/\/portalmf.com.br\/index.php\/2023\/01\/02\/larissa-mello-anuncia-shows-em-salvador-neste-sabado-07\/\"]}]},{\"@type\":\"ImageObject\",\"inLanguage\":\"pt-BR\",\"@id\":\"https:\/\/portalmf.com.br\/index.php\/2023\/01\/02\/larissa-mello-anuncia-shows-em-salvador-neste-sabado-07\/#primaryimage\",\"url\":\"https:\/\/portalmf.com.br\/wp-content\/uploads\/2022\/12\/Larissa-Mello_NOVA.jpg\",\"contentUrl\":\"https:\/\/portalmf.com.br\/wp-content\/uploads\/2022\/12\/Larissa-Mello_NOVA.jpg\",\"width\":1092,\"height\":760},{\"@type\":\"BreadcrumbList\",\"@id\":\"https:\/\/portalmf.com.br\/index.php\/2023\/01\/02\/larissa-mello-anuncia-shows-em-salvador-neste-sabado-07\/#breadcrumb\",\"itemListElement\":[{\"@type\":\"ListItem\",\"position\":1,\"name\":\"In\u00edcio\",\"item\":\"https:\/\/portalmf.com.br\/\"},{\"@type\":\"ListItem\",\"position\":2,\"name\":\"Larissa Mello anuncia shows em Salvador neste s\u00e1bado (07)\"}]},{\"@type\":\"WebSite\",\"@id\":\"https:\/\/portalmf.com.br\/#website\",\"url\":\"https:\/\/portalmf.com.br\/\",\"name\":\"Portal MF\",\"description\":\"Voc\u00ea conectado com a informa\u00e7\u00e3o\",\"potentialAction\":[{\"@type\":\"SearchAction\",\"target\":{\"@type\":\"EntryPoint\",\"urlTemplate\":\"https:\/\/portalmf.com.br\/?s={search_term_string}\"},\"query-input\":\"required name=search_term_string\"}],\"inLanguage\":\"pt-BR\"},{\"@type\":\"Person\",\"@id\":\"https:\/\/portalmf.com.br\/#\/schema\/person\/9ec101baf56233e53520c26de5d6f6f0\",\"name\":\"Reda\u00e7\u00e3o Portal MF\",\"image\":{\"@type\":\"ImageObject\",\"inLanguage\":\"pt-BR\",\"@id\":\"https:\/\/portalmf.com.br\/#\/schema\/person\/image\/\",\"url\":\"https:\/\/secure.gravatar.com\/avatar\/41b9aaeb2100835f7c64362330f74c7f?s=96&d=mm&r=g\",\"contentUrl\":\"https:\/\/secure.gravatar.com\/avatar\/41b9aaeb2100835f7c64362330f74c7f?s=96&d=mm&r=g\",\"caption\":\"Reda\u00e7\u00e3o Portal MF\"},\"description\":\"Sejam bem-vindos o portal de informa\u00e7\u00f5es de entretenimento de Feira de Santana, desde 2006 realiza coberturas dos principais eventos com entrevistas exclusivas com as principais personalidades mundiais. Fique conectado tamb\u00e9m nas redes sociais.\",\"sameAs\":[\"http:\/\/www.portalmf.com.br\/\",\"https:\/\/www.facebook.com\/portalmfoficial\",\"https:\/\/www.instagram.com\/portalmf\/\",\"https:\/\/x.com\/https:\/\/x.com\/portalmfoficial\",\"https:\/\/www.youtube.com\/@portalmfoficial\"],\"url\":\"https:\/\/portalmf.com.br\/index.php\/author\/junior\/\"}]}<\/script>\n<!-- \/ Yoast SEO plugin. -->","yoast_head_json":{"title":"Larissa Mello anuncia shows em Salvador neste s\u00e1bado (07) - Portal MF","robots":{"index":"index","follow":"follow","max-snippet":"max-snippet:-1","max-image-preview":"max-image-preview:large","max-video-preview":"max-video-preview:-1"},"canonical":"https:\/\/portalmf.com.br\/index.php\/2023\/01\/02\/larissa-mello-anuncia-shows-em-salvador-neste-sabado-07\/","og_locale":"pt_BR","og_type":"article","og_title":"Larissa Mello anuncia shows em Salvador neste s\u00e1bado (07) - Portal MF","og_description":"Depois de um final de ano agitado, com direito a lan\u00e7amento de um novo single, a cantora Larissa Mello acaba de confirmar os primeiros shows de 2023. Neste s\u00e1bado, dia 07 de janeiro, ela vai encarar uma dobradinha de apresenta\u00e7\u00f5es. Primeiro, no Espetto Baiano, localizado na Villa Jardim dos Namorados, a partir das 15 horas. [&hellip;]","og_url":"https:\/\/portalmf.com.br\/index.php\/2023\/01\/02\/larissa-mello-anuncia-shows-em-salvador-neste-sabado-07\/","og_site_name":"Portal MF","article_author":"https:\/\/www.facebook.com\/portalmfoficial","article_published_time":"2023-01-02T18:03:00+00:00","article_modified_time":"2023-01-06T18:04:53+00:00","og_image":[{"width":1092,"height":760,"url":"https:\/\/portalmf.com.br\/wp-content\/uploads\/2022\/12\/Larissa-Mello_NOVA.jpg","type":"image\/jpeg"}],"author":"Reda\u00e7\u00e3o Portal MF","twitter_card":"summary_large_image","twitter_creator":"@https:\/\/x.com\/portalmfoficial","twitter_misc":{"Escrito por":"Reda\u00e7\u00e3o Portal MF","Est. tempo de leitura":"1 minuto"},"schema":{"@context":"https:\/\/schema.org","@graph":[{"@type":"WebPage","@id":"https:\/\/portalmf.com.br\/index.php\/2023\/01\/02\/larissa-mello-anuncia-shows-em-salvador-neste-sabado-07\/","url":"https:\/\/portalmf.com.br\/index.php\/2023\/01\/02\/larissa-mello-anuncia-shows-em-salvador-neste-sabado-07\/","name":"Larissa Mello anuncia shows em Salvador neste s\u00e1bado (07) - Portal MF","isPartOf":{"@id":"https:\/\/portalmf.com.br\/#website"},"primaryImageOfPage":{"@id":"https:\/\/portalmf.com.br\/index.php\/2023\/01\/02\/larissa-mello-anuncia-shows-em-salvador-neste-sabado-07\/#primaryimage"},"image":{"@id":"https:\/\/portalmf.com.br\/index.php\/2023\/01\/02\/larissa-mello-anuncia-shows-em-salvador-neste-sabado-07\/#primaryimage"},"thumbnailUrl":"https:\/\/portalmf.com.br\/wp-content\/uploads\/2022\/12\/Larissa-Mello_NOVA.jpg","datePublished":"2023-01-02T18:03:00+00:00","dateModified":"2023-01-06T18:04:53+00:00","author":{"@id":"https:\/\/portalmf.com.br\/#\/schema\/person\/9ec101baf56233e53520c26de5d6f6f0"},"breadcrumb":{"@id":"https:\/\/portalmf.com.br\/index.php\/2023\/01\/02\/larissa-mello-anuncia-shows-em-salvador-neste-sabado-07\/#breadcrumb"},"inLanguage":"pt-BR","potentialAction":[{"@type":"ReadAction","target":["https:\/\/portalmf.com.br\/index.php\/2023\/01\/02\/larissa-mello-anuncia-shows-em-salvador-neste-sabado-07\/"]}]},{"@type":"ImageObject","inLanguage":"pt-BR","@id":"https:\/\/portalmf.com.br\/index.php\/2023\/01\/02\/larissa-mello-anuncia-shows-em-salvador-neste-sabado-07\/#primaryimage","url":"https:\/\/portalmf.com.br\/wp-content\/uploads\/2022\/12\/Larissa-Mello_NOVA.jpg","contentUrl":"https:\/\/portalmf.com.br\/wp-content\/uploads\/2022\/12\/Larissa-Mello_NOVA.jpg","width":1092,"height":760},{"@type":"BreadcrumbList","@id":"https:\/\/portalmf.com.br\/index.php\/2023\/01\/02\/larissa-mello-anuncia-shows-em-salvador-neste-sabado-07\/#breadcrumb","itemListElement":[{"@type":"ListItem","position":1,"name":"In\u00edcio","item":"https:\/\/portalmf.com.br\/"},{"@type":"ListItem","position":2,"name":"Larissa Mello anuncia shows em Salvador neste s\u00e1bado (07)"}]},{"@type":"WebSite","@id":"https:\/\/portalmf.com.br\/#website","url":"https:\/\/portalmf.com.br\/","name":"Portal MF","description":"Voc\u00ea conectado com a informa\u00e7\u00e3o","potentialAction":[{"@type":"SearchAction","target":{"@type":"EntryPoint","urlTemplate":"https:\/\/portalmf.com.br\/?s={search_term_string}"},"query-input":"required name=search_term_string"}],"inLanguage":"pt-BR"},{"@type":"Person","@id":"https:\/\/portalmf.com.br\/#\/schema\/person\/9ec101baf56233e53520c26de5d6f6f0","name":"Reda\u00e7\u00e3o Portal MF","image":{"@type":"ImageObject","inLanguage":"pt-BR","@id":"https:\/\/portalmf.com.br\/#\/schema\/person\/image\/","url":"https:\/\/secure.gravatar.com\/avatar\/41b9aaeb2100835f7c64362330f74c7f?s=96&d=mm&r=g","contentUrl":"https:\/\/secure.gravatar.com\/avatar\/41b9aaeb2100835f7c64362330f74c7f?s=96&d=mm&r=g","caption":"Reda\u00e7\u00e3o Portal MF"},"description":"Sejam bem-vindos o portal de informa\u00e7\u00f5es de entretenimento de Feira de Santana, desde 2006 realiza coberturas dos principais eventos com entrevistas exclusivas com as principais personalidades mundiais. Fique conectado tamb\u00e9m nas redes sociais.","sameAs":["http:\/\/www.portalmf.com.br\/","https:\/\/www.facebook.com\/portalmfoficial","https:\/\/www.instagram.com\/portalmf\/","https:\/\/x.com\/https:\/\/x.com\/portalmfoficial","https:\/\/www.youtube.com\/@portalmfoficial"],"url":"https:\/\/portalmf.com.br\/index.php\/author\/junior\/"}]}},"_links":{"self":[{"href":"https:\/\/portalmf.com.br\/index.php\/wp-json\/wp\/v2\/posts\/7632"}],"collection":[{"href":"https:\/\/portalmf.com.br\/index.php\/wp-json\/wp\/v2\/posts"}],"about":[{"href":"https:\/\/portalmf.com.br\/index.php\/wp-json\/wp\/v2\/types\/post"}],"author":[{"embeddable":true,"href":"https:\/\/portalmf.com.br\/index.php\/wp-json\/wp\/v2\/users\/3"}],"replies":[{"embeddable":true,"href":"https:\/\/portalmf.com.br\/index.php\/wp-json\/wp\/v2\/comments?post=7632"}],"version-history":[{"count":1,"href":"https:\/\/portalmf.com.br\/index.php\/wp-json\/wp\/v2\/posts\/7632\/revisions"}],"predecessor-version":[{"id":7633,"href":"https:\/\/portalmf.com.br\/index.php\/wp-json\/wp\/v2\/posts\/7632\/revisions\/7633"}],"wp:featuredmedia":[{"embeddable":true,"href":"https:\/\/portalmf.com.br\/index.php\/wp-json\/wp\/v2\/media\/6520"}],"wp:attachment":[{"href":"https:\/\/portalmf.com.br\/index.php\/wp-json\/wp\/v2\/media?parent=7632"}],"wp:term":[{"taxonomy":"category","embeddable":true,"href":"https:\/\/portalmf.com.br\/index.php\/wp-json\/wp\/v2\/categories?post=7632"},{"taxonomy":"post_tag","embeddable":true,"href":"https:\/\/portalmf.com.br\/index.php\/wp-json\/wp\/v2\/tags?post=7632"}],"curies":[{"name":"wp","href":"https:\/\/api.w.org\/{rel}","templated":true}]}}