{"id":7627,"date":"2023-01-06T11:59:00","date_gmt":"2023-01-06T14:59:00","guid":{"rendered":"https:\/\/portalmf.com.br\/?p=7627"},"modified":"2023-01-06T15:00:51","modified_gmt":"2023-01-06T18:00:51","slug":"primeiro-sabado-do-verao-da-casa-rosa-e-com-magary-lord","status":"publish","type":"post","link":"https:\/\/portalmf.com.br\/index.php\/2023\/01\/06\/primeiro-sabado-do-verao-da-casa-rosa-e-com-magary-lord\/","title":{"rendered":"Primeiro s\u00e1bado do ver\u00e3o da Casa Rosa \u00e9 com Magary Lord"},"content":{"rendered":"\n<p>Quem sobe ao palco do P\u00e1tio Vira\u00e7\u00e3o da Casa Rosa no s\u00e1bado de 14 de janeiro, a partir das 22h, \u00e9 Magary Lord, atra\u00e7\u00e3o da programa\u00e7\u00e3o especial de ver\u00e3o do espa\u00e7o cultural localizado no bairro do Rio Vermelho. O artista apresenta seu inovador Black Semba, ritmo que tomou as ruas de Salvador e transformou o seu trabalho em sin\u00f4nimo de festa animada.<\/p>\n\n\n\n<p>Foi na batucada que Magary Lord come\u00e7ou sua rela\u00e7\u00e3o com a m\u00fasica. O grupo Caldo de Iai\u00e1, formado na fam\u00edlia, deu in\u00edcio \u00e0 carreira de um dos mais criativos percussionistas da atual gera\u00e7\u00e3o de m\u00fasicos baianos. Magary tem seu nome associado \u00e0s festas populares, toca o pr\u00f3prio ritmo que criou, numa mistura da Black Music com o Semba de Angola e mais um tanto de dend\u00ea nesse pulsante caldeir\u00e3o sonoro. As letras falam principalmente do cotidiano, do inusitado, do amor e ningu\u00e9m consegue ouvi-las parado, sem ousar um passo ou outro, tamanho \u00e9 o swing contagiante que sua m\u00fasica traz.<\/p>\n\n\n\n<p>Autor de m\u00fasicas gravadas por Ivete Sangalo, Seu Jorge, Arlindo Cruz, Cidade Negra e Margareth Menezes, tem entre seus sucessos hits como \u201cCirculou\u201d, gravado por Saulo, e \u201cInventando Moda\u201d, um dos mais conhecidos do seu repert\u00f3rio.<\/p>\n","protected":false},"excerpt":{"rendered":"<p>Quem sobe ao palco do P\u00e1tio Vira\u00e7\u00e3o da Casa Rosa no s\u00e1bado de 14 de janeiro, a partir das 22h, \u00e9 Magary Lord, atra\u00e7\u00e3o da programa\u00e7\u00e3o especial de ver\u00e3o do espa\u00e7o cultural localizado no bairro do Rio Vermelho. O artista apresenta seu inovador Black Semba, ritmo que tomou as ruas de Salvador e transformou o [&hellip;]<\/p>\n","protected":false},"author":3,"featured_media":7628,"comment_status":"open","ping_status":"open","sticky":false,"template":"","format":"standard","meta":{"_monsterinsights_skip_tracking":false,"_monsterinsights_sitenote_active":false,"_monsterinsights_sitenote_note":"","_monsterinsights_sitenote_category":0,"footnotes":""},"categories":[45],"tags":[],"yoast_head":"<!-- This site is optimized with the Yoast SEO plugin v22.9 - https:\/\/yoast.com\/wordpress\/plugins\/seo\/ -->\n<title>Primeiro s\u00e1bado do ver\u00e3o da Casa Rosa \u00e9 com Magary Lord - Portal MF<\/title>\n<meta name=\"robots\" content=\"index, follow, max-snippet:-1, max-image-preview:large, max-video-preview:-1\" \/>\n<link rel=\"canonical\" href=\"https:\/\/portalmf.com.br\/index.php\/2023\/01\/06\/primeiro-sabado-do-verao-da-casa-rosa-e-com-magary-lord\/\" \/>\n<meta property=\"og:locale\" content=\"pt_BR\" \/>\n<meta property=\"og:type\" content=\"article\" \/>\n<meta property=\"og:title\" content=\"Primeiro s\u00e1bado do ver\u00e3o da Casa Rosa \u00e9 com Magary Lord - Portal MF\" \/>\n<meta property=\"og:description\" content=\"Quem sobe ao palco do P\u00e1tio Vira\u00e7\u00e3o da Casa Rosa no s\u00e1bado de 14 de janeiro, a partir das 22h, \u00e9 Magary Lord, atra\u00e7\u00e3o da programa\u00e7\u00e3o especial de ver\u00e3o do espa\u00e7o cultural localizado no bairro do Rio Vermelho. O artista apresenta seu inovador Black Semba, ritmo que tomou as ruas de Salvador e transformou o [&hellip;]\" \/>\n<meta property=\"og:url\" content=\"https:\/\/portalmf.com.br\/index.php\/2023\/01\/06\/primeiro-sabado-do-verao-da-casa-rosa-e-com-magary-lord\/\" \/>\n<meta property=\"og:site_name\" content=\"Portal MF\" \/>\n<meta property=\"article:author\" content=\"https:\/\/www.facebook.com\/portalmfoficial\" \/>\n<meta property=\"article:published_time\" content=\"2023-01-06T14:59:00+00:00\" \/>\n<meta property=\"article:modified_time\" content=\"2023-01-06T18:00:51+00:00\" \/>\n<meta property=\"og:image\" content=\"https:\/\/portalmf.com.br\/wp-content\/uploads\/2023\/01\/Magary-Lord-Foto-divulgacao-2-scaled.jpeg\" \/>\n\t<meta property=\"og:image:width\" content=\"2524\" \/>\n\t<meta property=\"og:image:height\" content=\"2560\" \/>\n\t<meta property=\"og:image:type\" content=\"image\/jpeg\" \/>\n<meta name=\"author\" content=\"Reda\u00e7\u00e3o Portal MF\" \/>\n<meta name=\"twitter:card\" content=\"summary_large_image\" \/>\n<meta name=\"twitter:creator\" content=\"@https:\/\/x.com\/portalmfoficial\" \/>\n<meta name=\"twitter:label1\" content=\"Escrito por\" \/>\n\t<meta name=\"twitter:data1\" content=\"Reda\u00e7\u00e3o Portal MF\" \/>\n\t<meta name=\"twitter:label2\" content=\"Est. tempo de leitura\" \/>\n\t<meta name=\"twitter:data2\" content=\"2 minutos\" \/>\n<script type=\"application\/ld+json\" class=\"yoast-schema-graph\">{\"@context\":\"https:\/\/schema.org\",\"@graph\":[{\"@type\":\"WebPage\",\"@id\":\"https:\/\/portalmf.com.br\/index.php\/2023\/01\/06\/primeiro-sabado-do-verao-da-casa-rosa-e-com-magary-lord\/\",\"url\":\"https:\/\/portalmf.com.br\/index.php\/2023\/01\/06\/primeiro-sabado-do-verao-da-casa-rosa-e-com-magary-lord\/\",\"name\":\"Primeiro s\u00e1bado do ver\u00e3o da Casa Rosa \u00e9 com Magary Lord - Portal MF\",\"isPartOf\":{\"@id\":\"https:\/\/portalmf.com.br\/#website\"},\"primaryImageOfPage\":{\"@id\":\"https:\/\/portalmf.com.br\/index.php\/2023\/01\/06\/primeiro-sabado-do-verao-da-casa-rosa-e-com-magary-lord\/#primaryimage\"},\"image\":{\"@id\":\"https:\/\/portalmf.com.br\/index.php\/2023\/01\/06\/primeiro-sabado-do-verao-da-casa-rosa-e-com-magary-lord\/#primaryimage\"},\"thumbnailUrl\":\"https:\/\/portalmf.com.br\/wp-content\/uploads\/2023\/01\/Magary-Lord-Foto-divulgacao-2-scaled.jpeg\",\"datePublished\":\"2023-01-06T14:59:00+00:00\",\"dateModified\":\"2023-01-06T18:00:51+00:00\",\"author\":{\"@id\":\"https:\/\/portalmf.com.br\/#\/schema\/person\/9ec101baf56233e53520c26de5d6f6f0\"},\"breadcrumb\":{\"@id\":\"https:\/\/portalmf.com.br\/index.php\/2023\/01\/06\/primeiro-sabado-do-verao-da-casa-rosa-e-com-magary-lord\/#breadcrumb\"},\"inLanguage\":\"pt-BR\",\"potentialAction\":[{\"@type\":\"ReadAction\",\"target\":[\"https:\/\/portalmf.com.br\/index.php\/2023\/01\/06\/primeiro-sabado-do-verao-da-casa-rosa-e-com-magary-lord\/\"]}]},{\"@type\":\"ImageObject\",\"inLanguage\":\"pt-BR\",\"@id\":\"https:\/\/portalmf.com.br\/index.php\/2023\/01\/06\/primeiro-sabado-do-verao-da-casa-rosa-e-com-magary-lord\/#primaryimage\",\"url\":\"https:\/\/portalmf.com.br\/wp-content\/uploads\/2023\/01\/Magary-Lord-Foto-divulgacao-2-scaled.jpeg\",\"contentUrl\":\"https:\/\/portalmf.com.br\/wp-content\/uploads\/2023\/01\/Magary-Lord-Foto-divulgacao-2-scaled.jpeg\",\"width\":2524,\"height\":2560},{\"@type\":\"BreadcrumbList\",\"@id\":\"https:\/\/portalmf.com.br\/index.php\/2023\/01\/06\/primeiro-sabado-do-verao-da-casa-rosa-e-com-magary-lord\/#breadcrumb\",\"itemListElement\":[{\"@type\":\"ListItem\",\"position\":1,\"name\":\"In\u00edcio\",\"item\":\"https:\/\/portalmf.com.br\/\"},{\"@type\":\"ListItem\",\"position\":2,\"name\":\"Primeiro s\u00e1bado do ver\u00e3o da Casa Rosa \u00e9 com Magary Lord\"}]},{\"@type\":\"WebSite\",\"@id\":\"https:\/\/portalmf.com.br\/#website\",\"url\":\"https:\/\/portalmf.com.br\/\",\"name\":\"Portal MF\",\"description\":\"Voc\u00ea conectado com a informa\u00e7\u00e3o\",\"potentialAction\":[{\"@type\":\"SearchAction\",\"target\":{\"@type\":\"EntryPoint\",\"urlTemplate\":\"https:\/\/portalmf.com.br\/?s={search_term_string}\"},\"query-input\":\"required name=search_term_string\"}],\"inLanguage\":\"pt-BR\"},{\"@type\":\"Person\",\"@id\":\"https:\/\/portalmf.com.br\/#\/schema\/person\/9ec101baf56233e53520c26de5d6f6f0\",\"name\":\"Reda\u00e7\u00e3o Portal MF\",\"image\":{\"@type\":\"ImageObject\",\"inLanguage\":\"pt-BR\",\"@id\":\"https:\/\/portalmf.com.br\/#\/schema\/person\/image\/\",\"url\":\"https:\/\/secure.gravatar.com\/avatar\/41b9aaeb2100835f7c64362330f74c7f?s=96&d=mm&r=g\",\"contentUrl\":\"https:\/\/secure.gravatar.com\/avatar\/41b9aaeb2100835f7c64362330f74c7f?s=96&d=mm&r=g\",\"caption\":\"Reda\u00e7\u00e3o Portal MF\"},\"description\":\"Sejam bem-vindos o portal de informa\u00e7\u00f5es de entretenimento de Feira de Santana, desde 2006 realiza coberturas dos principais eventos com entrevistas exclusivas com as principais personalidades mundiais. Fique conectado tamb\u00e9m nas redes sociais.\",\"sameAs\":[\"http:\/\/www.portalmf.com.br\/\",\"https:\/\/www.facebook.com\/portalmfoficial\",\"https:\/\/www.instagram.com\/portalmf\/\",\"https:\/\/x.com\/https:\/\/x.com\/portalmfoficial\",\"https:\/\/www.youtube.com\/@portalmfoficial\"],\"url\":\"https:\/\/portalmf.com.br\/index.php\/author\/junior\/\"}]}<\/script>\n<!-- \/ Yoast SEO plugin. -->","yoast_head_json":{"title":"Primeiro s\u00e1bado do ver\u00e3o da Casa Rosa \u00e9 com Magary Lord - Portal MF","robots":{"index":"index","follow":"follow","max-snippet":"max-snippet:-1","max-image-preview":"max-image-preview:large","max-video-preview":"max-video-preview:-1"},"canonical":"https:\/\/portalmf.com.br\/index.php\/2023\/01\/06\/primeiro-sabado-do-verao-da-casa-rosa-e-com-magary-lord\/","og_locale":"pt_BR","og_type":"article","og_title":"Primeiro s\u00e1bado do ver\u00e3o da Casa Rosa \u00e9 com Magary Lord - Portal MF","og_description":"Quem sobe ao palco do P\u00e1tio Vira\u00e7\u00e3o da Casa Rosa no s\u00e1bado de 14 de janeiro, a partir das 22h, \u00e9 Magary Lord, atra\u00e7\u00e3o da programa\u00e7\u00e3o especial de ver\u00e3o do espa\u00e7o cultural localizado no bairro do Rio Vermelho. O artista apresenta seu inovador Black Semba, ritmo que tomou as ruas de Salvador e transformou o [&hellip;]","og_url":"https:\/\/portalmf.com.br\/index.php\/2023\/01\/06\/primeiro-sabado-do-verao-da-casa-rosa-e-com-magary-lord\/","og_site_name":"Portal MF","article_author":"https:\/\/www.facebook.com\/portalmfoficial","article_published_time":"2023-01-06T14:59:00+00:00","article_modified_time":"2023-01-06T18:00:51+00:00","og_image":[{"width":2524,"height":2560,"url":"https:\/\/portalmf.com.br\/wp-content\/uploads\/2023\/01\/Magary-Lord-Foto-divulgacao-2-scaled.jpeg","type":"image\/jpeg"}],"author":"Reda\u00e7\u00e3o Portal MF","twitter_card":"summary_large_image","twitter_creator":"@https:\/\/x.com\/portalmfoficial","twitter_misc":{"Escrito por":"Reda\u00e7\u00e3o Portal MF","Est. tempo de leitura":"2 minutos"},"schema":{"@context":"https:\/\/schema.org","@graph":[{"@type":"WebPage","@id":"https:\/\/portalmf.com.br\/index.php\/2023\/01\/06\/primeiro-sabado-do-verao-da-casa-rosa-e-com-magary-lord\/","url":"https:\/\/portalmf.com.br\/index.php\/2023\/01\/06\/primeiro-sabado-do-verao-da-casa-rosa-e-com-magary-lord\/","name":"Primeiro s\u00e1bado do ver\u00e3o da Casa Rosa \u00e9 com Magary Lord - Portal MF","isPartOf":{"@id":"https:\/\/portalmf.com.br\/#website"},"primaryImageOfPage":{"@id":"https:\/\/portalmf.com.br\/index.php\/2023\/01\/06\/primeiro-sabado-do-verao-da-casa-rosa-e-com-magary-lord\/#primaryimage"},"image":{"@id":"https:\/\/portalmf.com.br\/index.php\/2023\/01\/06\/primeiro-sabado-do-verao-da-casa-rosa-e-com-magary-lord\/#primaryimage"},"thumbnailUrl":"https:\/\/portalmf.com.br\/wp-content\/uploads\/2023\/01\/Magary-Lord-Foto-divulgacao-2-scaled.jpeg","datePublished":"2023-01-06T14:59:00+00:00","dateModified":"2023-01-06T18:00:51+00:00","author":{"@id":"https:\/\/portalmf.com.br\/#\/schema\/person\/9ec101baf56233e53520c26de5d6f6f0"},"breadcrumb":{"@id":"https:\/\/portalmf.com.br\/index.php\/2023\/01\/06\/primeiro-sabado-do-verao-da-casa-rosa-e-com-magary-lord\/#breadcrumb"},"inLanguage":"pt-BR","potentialAction":[{"@type":"ReadAction","target":["https:\/\/portalmf.com.br\/index.php\/2023\/01\/06\/primeiro-sabado-do-verao-da-casa-rosa-e-com-magary-lord\/"]}]},{"@type":"ImageObject","inLanguage":"pt-BR","@id":"https:\/\/portalmf.com.br\/index.php\/2023\/01\/06\/primeiro-sabado-do-verao-da-casa-rosa-e-com-magary-lord\/#primaryimage","url":"https:\/\/portalmf.com.br\/wp-content\/uploads\/2023\/01\/Magary-Lord-Foto-divulgacao-2-scaled.jpeg","contentUrl":"https:\/\/portalmf.com.br\/wp-content\/uploads\/2023\/01\/Magary-Lord-Foto-divulgacao-2-scaled.jpeg","width":2524,"height":2560},{"@type":"BreadcrumbList","@id":"https:\/\/portalmf.com.br\/index.php\/2023\/01\/06\/primeiro-sabado-do-verao-da-casa-rosa-e-com-magary-lord\/#breadcrumb","itemListElement":[{"@type":"ListItem","position":1,"name":"In\u00edcio","item":"https:\/\/portalmf.com.br\/"},{"@type":"ListItem","position":2,"name":"Primeiro s\u00e1bado do ver\u00e3o da Casa Rosa \u00e9 com Magary Lord"}]},{"@type":"WebSite","@id":"https:\/\/portalmf.com.br\/#website","url":"https:\/\/portalmf.com.br\/","name":"Portal MF","description":"Voc\u00ea conectado com a informa\u00e7\u00e3o","potentialAction":[{"@type":"SearchAction","target":{"@type":"EntryPoint","urlTemplate":"https:\/\/portalmf.com.br\/?s={search_term_string}"},"query-input":"required name=search_term_string"}],"inLanguage":"pt-BR"},{"@type":"Person","@id":"https:\/\/portalmf.com.br\/#\/schema\/person\/9ec101baf56233e53520c26de5d6f6f0","name":"Reda\u00e7\u00e3o Portal MF","image":{"@type":"ImageObject","inLanguage":"pt-BR","@id":"https:\/\/portalmf.com.br\/#\/schema\/person\/image\/","url":"https:\/\/secure.gravatar.com\/avatar\/41b9aaeb2100835f7c64362330f74c7f?s=96&d=mm&r=g","contentUrl":"https:\/\/secure.gravatar.com\/avatar\/41b9aaeb2100835f7c64362330f74c7f?s=96&d=mm&r=g","caption":"Reda\u00e7\u00e3o Portal MF"},"description":"Sejam bem-vindos o portal de informa\u00e7\u00f5es de entretenimento de Feira de Santana, desde 2006 realiza coberturas dos principais eventos com entrevistas exclusivas com as principais personalidades mundiais. Fique conectado tamb\u00e9m nas redes sociais.","sameAs":["http:\/\/www.portalmf.com.br\/","https:\/\/www.facebook.com\/portalmfoficial","https:\/\/www.instagram.com\/portalmf\/","https:\/\/x.com\/https:\/\/x.com\/portalmfoficial","https:\/\/www.youtube.com\/@portalmfoficial"],"url":"https:\/\/portalmf.com.br\/index.php\/author\/junior\/"}]}},"_links":{"self":[{"href":"https:\/\/portalmf.com.br\/index.php\/wp-json\/wp\/v2\/posts\/7627"}],"collection":[{"href":"https:\/\/portalmf.com.br\/index.php\/wp-json\/wp\/v2\/posts"}],"about":[{"href":"https:\/\/portalmf.com.br\/index.php\/wp-json\/wp\/v2\/types\/post"}],"author":[{"embeddable":true,"href":"https:\/\/portalmf.com.br\/index.php\/wp-json\/wp\/v2\/users\/3"}],"replies":[{"embeddable":true,"href":"https:\/\/portalmf.com.br\/index.php\/wp-json\/wp\/v2\/comments?post=7627"}],"version-history":[{"count":1,"href":"https:\/\/portalmf.com.br\/index.php\/wp-json\/wp\/v2\/posts\/7627\/revisions"}],"predecessor-version":[{"id":7629,"href":"https:\/\/portalmf.com.br\/index.php\/wp-json\/wp\/v2\/posts\/7627\/revisions\/7629"}],"wp:featuredmedia":[{"embeddable":true,"href":"https:\/\/portalmf.com.br\/index.php\/wp-json\/wp\/v2\/media\/7628"}],"wp:attachment":[{"href":"https:\/\/portalmf.com.br\/index.php\/wp-json\/wp\/v2\/media?parent=7627"}],"wp:term":[{"taxonomy":"category","embeddable":true,"href":"https:\/\/portalmf.com.br\/index.php\/wp-json\/wp\/v2\/categories?post=7627"},{"taxonomy":"post_tag","embeddable":true,"href":"https:\/\/portalmf.com.br\/index.php\/wp-json\/wp\/v2\/tags?post=7627"}],"curies":[{"name":"wp","href":"https:\/\/api.w.org\/{rel}","templated":true}]}}