{"id":7621,"date":"2023-01-06T14:54:59","date_gmt":"2023-01-06T17:54:59","guid":{"rendered":"https:\/\/portalmf.com.br\/?p=7621"},"modified":"2023-01-06T14:55:00","modified_gmt":"2023-01-06T17:55:00","slug":"municipios-baianos-vao-entrar-na-justica-contra-queda-de-receita","status":"publish","type":"post","link":"https:\/\/portalmf.com.br\/index.php\/2023\/01\/06\/municipios-baianos-vao-entrar-na-justica-contra-queda-de-receita\/","title":{"rendered":"Munic\u00edpios baianos v\u00e3o entrar na justi\u00e7a contra queda de receita"},"content":{"rendered":"\n<p>O Censo do IBGE \u00e9 a principal fonte de dados sobre a situa\u00e7\u00e3o de vida da popula\u00e7\u00e3o brasileira e \u00e9 a partir da contagem populacional feita pela pesquisa que \u00e9 poss\u00edvel definir pol\u00edticas p\u00fablicas nacional, estadual e municipal. A quest\u00e3o \u00e9 que dados coletados pela mega pesquisa at\u00e9 o momento est\u00e3o causando dor de cabe\u00e7a para os prefeitos. O Censo n\u00e3o foi conclu\u00eddo, mas 101 munic\u00edpios baianos j\u00e1 est\u00e3o enfrentando grande perda de arrecada\u00e7\u00e3o no Fundo de Participa\u00e7\u00e3o dos Munic\u00edpios (FPM), que ser\u00e1 repassado neste dia 10, por conta de diverg\u00eancia entre os dados de contagem populacional do Censo e os dessas prefeituras.<\/p>\n\n\n\n<p>Tudo isso porque no dia 28 de dezembro o Tribunal de Contas da Uni\u00e3o (TCU) publicou a Decis\u00e3o Normativa n\u00ba 201 com novos coeficientes para a divis\u00e3o do FPM tendo como base de c\u00e1lculo o Censo inacabado do IBGE. Na Bahia, apenas 83% dos domic\u00edlios foram recenseados e os dados populacionais enviados ao TCU foram com base em estimativas. A contagem populacional \u00e9 um dos par\u00e2metros utilizados pelo TCU no c\u00e1lculo de distribui\u00e7\u00e3o do FPM e outros repasses constitucionais.<\/p>\n\n\n\n<p><br>Com 80% dos munic\u00edpios baianos dependendo quase que exclusivamente da receita proveniente do FPM, a Uni\u00e3o dos Munic\u00edpios da Bahia (UPB) demonstra grande preocupa\u00e7\u00e3o com a medida e argumenta que a perda de recursos impacta diretamente na presta\u00e7\u00e3o de servi\u00e7os \u00e0 popula\u00e7\u00e3o e na manuten\u00e7\u00e3o de compromissos j\u00e1 assumidos com a contrata\u00e7\u00e3o de pessoal e fornecedores.<br>&#8220;\u00c9 uma perda complicada para o munic\u00edpio que \u00e9 pequeno. A gente calcula uma perda de quase R$500 mil por m\u00eas. Isso \u00e9 o que mant\u00e9m o hospital aberto com receita pr\u00f3pria. O Jur\u00eddico da UPB est\u00e1 nos dando todo o suporte, em contato com o jur\u00eddico do munic\u00edpio, para reunir todos os dados de comprova\u00e7\u00e3o, entrar com uma a\u00e7\u00e3o e ver se a gente consegue reverter essa situa\u00e7\u00e3o. N\u00e3o h\u00e1 justificativa para uma perda t\u00e3o grande nem no nosso munic\u00edpio, nem nas cidades da regi\u00e3o que est\u00e3o com a economia aquecida e n\u00famero de nascidos e crian\u00e7as matriculadas em crescimento&#8221;, refor\u00e7ou o prefeito de V\u00e1rzea da Ro\u00e7a, Danilo Salles.<\/p>\n\n\n\n<p><strong>UPB e CNM orientam munic\u00edpios a entrar na justi\u00e7a contra queda no coeficiente do FPM<\/strong><br><\/p>\n\n\n\n<p>Na manh\u00e3 desta quarta-feira (4), a Uni\u00e3o dos Munic\u00edpios da Bahia (UPB) participou de uma reuni\u00e3o com a Confedera\u00e7\u00e3o Nacional dos Munic\u00edpios (CNM) sobre o assunto que est\u00e1 tirando o sono dos gestores de todo o Brasil.<br><\/p>\n\n\n\n<p>Durante a reuni\u00e3o, a CNM apresentou um modelo de a\u00e7\u00e3o judicial com pedido de liminar que deve ser impetrada pelos munic\u00edpios na Justi\u00e7a Federal, citando o IBGE e a Uni\u00e3o, que \u00e9 quem responde pelo TCU. Como argumento o movimento municipalista sugere a decis\u00e3o como abrupta, publicada em 29 de dezembro com validade para 1\u00ba de janeiro, e que fere a Lei Complementar 165, que congelou os coeficientes at\u00e9 que um novo Censo Populacional fosse conclu\u00eddo \u2013 a previs\u00e3o \u00e9 que isso ocorra somente em fevereiro de 2023.<br><br>A reuni\u00e3o teve a participa\u00e7\u00e3o dos prefeitos baianos de forma virtual e, na sede da UPB, foi acompanhada pela equipe t\u00e9cnica da entidade e os prefeitos Danilo Salles, de V\u00e1rzea da Ro\u00e7a, Roberto Bruno, de Umburanas, Djalma dos Anjos, de Novo Horizonte, e Jos\u00e9 Mendon\u00e7a, de Heli\u00f3polis.<\/p>\n","protected":false},"excerpt":{"rendered":"<p>O Censo do IBGE \u00e9 a principal fonte de dados sobre a situa\u00e7\u00e3o de vida da popula\u00e7\u00e3o brasileira e \u00e9 a partir da contagem populacional feita pela pesquisa que \u00e9 poss\u00edvel definir pol\u00edticas p\u00fablicas nacional, estadual e municipal. A quest\u00e3o \u00e9 que dados coletados pela mega pesquisa at\u00e9 o momento est\u00e3o causando dor de cabe\u00e7a [&hellip;]<\/p>\n","protected":false},"author":3,"featured_media":7622,"comment_status":"open","ping_status":"open","sticky":false,"template":"","format":"standard","meta":{"_monsterinsights_skip_tracking":false,"_monsterinsights_sitenote_active":false,"_monsterinsights_sitenote_note":"","_monsterinsights_sitenote_category":0,"footnotes":""},"categories":[34],"tags":[],"yoast_head":"<!-- This site is optimized with the Yoast SEO plugin v22.9 - https:\/\/yoast.com\/wordpress\/plugins\/seo\/ -->\n<title>Munic\u00edpios baianos v\u00e3o entrar na justi\u00e7a contra queda de receita - Portal MF<\/title>\n<meta name=\"robots\" content=\"index, follow, max-snippet:-1, max-image-preview:large, max-video-preview:-1\" \/>\n<link rel=\"canonical\" href=\"https:\/\/portalmf.com.br\/index.php\/2023\/01\/06\/municipios-baianos-vao-entrar-na-justica-contra-queda-de-receita\/\" \/>\n<meta property=\"og:locale\" content=\"pt_BR\" \/>\n<meta property=\"og:type\" content=\"article\" \/>\n<meta property=\"og:title\" content=\"Munic\u00edpios baianos v\u00e3o entrar na justi\u00e7a contra queda de receita - Portal MF\" \/>\n<meta property=\"og:description\" content=\"O Censo do IBGE \u00e9 a principal fonte de dados sobre a situa\u00e7\u00e3o de vida da popula\u00e7\u00e3o brasileira e \u00e9 a partir da contagem populacional feita pela pesquisa que \u00e9 poss\u00edvel definir pol\u00edticas p\u00fablicas nacional, estadual e municipal. A quest\u00e3o \u00e9 que dados coletados pela mega pesquisa at\u00e9 o momento est\u00e3o causando dor de cabe\u00e7a [&hellip;]\" \/>\n<meta property=\"og:url\" content=\"https:\/\/portalmf.com.br\/index.php\/2023\/01\/06\/municipios-baianos-vao-entrar-na-justica-contra-queda-de-receita\/\" \/>\n<meta property=\"og:site_name\" content=\"Portal MF\" \/>\n<meta property=\"article:author\" content=\"https:\/\/www.facebook.com\/portalmfoficial\" \/>\n<meta property=\"article:published_time\" content=\"2023-01-06T17:54:59+00:00\" \/>\n<meta property=\"article:modified_time\" content=\"2023-01-06T17:55:00+00:00\" \/>\n<meta property=\"og:image\" content=\"https:\/\/portalmf.com.br\/wp-content\/uploads\/2023\/01\/REUNIAO_FPM.png\" \/>\n\t<meta property=\"og:image:width\" content=\"800\" \/>\n\t<meta property=\"og:image:height\" content=\"458\" \/>\n\t<meta property=\"og:image:type\" content=\"image\/png\" \/>\n<meta name=\"author\" content=\"Reda\u00e7\u00e3o Portal MF\" \/>\n<meta name=\"twitter:card\" content=\"summary_large_image\" \/>\n<meta name=\"twitter:creator\" content=\"@https:\/\/x.com\/portalmfoficial\" \/>\n<meta name=\"twitter:label1\" content=\"Escrito por\" \/>\n\t<meta name=\"twitter:data1\" content=\"Reda\u00e7\u00e3o Portal MF\" \/>\n\t<meta name=\"twitter:label2\" content=\"Est. tempo de leitura\" \/>\n\t<meta name=\"twitter:data2\" content=\"3 minutos\" \/>\n<script type=\"application\/ld+json\" class=\"yoast-schema-graph\">{\"@context\":\"https:\/\/schema.org\",\"@graph\":[{\"@type\":\"WebPage\",\"@id\":\"https:\/\/portalmf.com.br\/index.php\/2023\/01\/06\/municipios-baianos-vao-entrar-na-justica-contra-queda-de-receita\/\",\"url\":\"https:\/\/portalmf.com.br\/index.php\/2023\/01\/06\/municipios-baianos-vao-entrar-na-justica-contra-queda-de-receita\/\",\"name\":\"Munic\u00edpios baianos v\u00e3o entrar na justi\u00e7a contra queda de receita - Portal MF\",\"isPartOf\":{\"@id\":\"https:\/\/portalmf.com.br\/#website\"},\"primaryImageOfPage\":{\"@id\":\"https:\/\/portalmf.com.br\/index.php\/2023\/01\/06\/municipios-baianos-vao-entrar-na-justica-contra-queda-de-receita\/#primaryimage\"},\"image\":{\"@id\":\"https:\/\/portalmf.com.br\/index.php\/2023\/01\/06\/municipios-baianos-vao-entrar-na-justica-contra-queda-de-receita\/#primaryimage\"},\"thumbnailUrl\":\"https:\/\/portalmf.com.br\/wp-content\/uploads\/2023\/01\/REUNIAO_FPM.png\",\"datePublished\":\"2023-01-06T17:54:59+00:00\",\"dateModified\":\"2023-01-06T17:55:00+00:00\",\"author\":{\"@id\":\"https:\/\/portalmf.com.br\/#\/schema\/person\/9ec101baf56233e53520c26de5d6f6f0\"},\"breadcrumb\":{\"@id\":\"https:\/\/portalmf.com.br\/index.php\/2023\/01\/06\/municipios-baianos-vao-entrar-na-justica-contra-queda-de-receita\/#breadcrumb\"},\"inLanguage\":\"pt-BR\",\"potentialAction\":[{\"@type\":\"ReadAction\",\"target\":[\"https:\/\/portalmf.com.br\/index.php\/2023\/01\/06\/municipios-baianos-vao-entrar-na-justica-contra-queda-de-receita\/\"]}]},{\"@type\":\"ImageObject\",\"inLanguage\":\"pt-BR\",\"@id\":\"https:\/\/portalmf.com.br\/index.php\/2023\/01\/06\/municipios-baianos-vao-entrar-na-justica-contra-queda-de-receita\/#primaryimage\",\"url\":\"https:\/\/portalmf.com.br\/wp-content\/uploads\/2023\/01\/REUNIAO_FPM.png\",\"contentUrl\":\"https:\/\/portalmf.com.br\/wp-content\/uploads\/2023\/01\/REUNIAO_FPM.png\",\"width\":800,\"height\":458},{\"@type\":\"BreadcrumbList\",\"@id\":\"https:\/\/portalmf.com.br\/index.php\/2023\/01\/06\/municipios-baianos-vao-entrar-na-justica-contra-queda-de-receita\/#breadcrumb\",\"itemListElement\":[{\"@type\":\"ListItem\",\"position\":1,\"name\":\"In\u00edcio\",\"item\":\"https:\/\/portalmf.com.br\/\"},{\"@type\":\"ListItem\",\"position\":2,\"name\":\"Munic\u00edpios baianos v\u00e3o entrar na justi\u00e7a contra queda de receita\"}]},{\"@type\":\"WebSite\",\"@id\":\"https:\/\/portalmf.com.br\/#website\",\"url\":\"https:\/\/portalmf.com.br\/\",\"name\":\"Portal MF\",\"description\":\"Voc\u00ea conectado com a informa\u00e7\u00e3o\",\"potentialAction\":[{\"@type\":\"SearchAction\",\"target\":{\"@type\":\"EntryPoint\",\"urlTemplate\":\"https:\/\/portalmf.com.br\/?s={search_term_string}\"},\"query-input\":\"required name=search_term_string\"}],\"inLanguage\":\"pt-BR\"},{\"@type\":\"Person\",\"@id\":\"https:\/\/portalmf.com.br\/#\/schema\/person\/9ec101baf56233e53520c26de5d6f6f0\",\"name\":\"Reda\u00e7\u00e3o Portal MF\",\"image\":{\"@type\":\"ImageObject\",\"inLanguage\":\"pt-BR\",\"@id\":\"https:\/\/portalmf.com.br\/#\/schema\/person\/image\/\",\"url\":\"https:\/\/secure.gravatar.com\/avatar\/41b9aaeb2100835f7c64362330f74c7f?s=96&d=mm&r=g\",\"contentUrl\":\"https:\/\/secure.gravatar.com\/avatar\/41b9aaeb2100835f7c64362330f74c7f?s=96&d=mm&r=g\",\"caption\":\"Reda\u00e7\u00e3o Portal MF\"},\"description\":\"Sejam bem-vindos o portal de informa\u00e7\u00f5es de entretenimento de Feira de Santana, desde 2006 realiza coberturas dos principais eventos com entrevistas exclusivas com as principais personalidades mundiais. Fique conectado tamb\u00e9m nas redes sociais.\",\"sameAs\":[\"http:\/\/www.portalmf.com.br\/\",\"https:\/\/www.facebook.com\/portalmfoficial\",\"https:\/\/www.instagram.com\/portalmf\/\",\"https:\/\/x.com\/https:\/\/x.com\/portalmfoficial\",\"https:\/\/www.youtube.com\/@portalmfoficial\"],\"url\":\"https:\/\/portalmf.com.br\/index.php\/author\/junior\/\"}]}<\/script>\n<!-- \/ Yoast SEO plugin. -->","yoast_head_json":{"title":"Munic\u00edpios baianos v\u00e3o entrar na justi\u00e7a contra queda de receita - Portal MF","robots":{"index":"index","follow":"follow","max-snippet":"max-snippet:-1","max-image-preview":"max-image-preview:large","max-video-preview":"max-video-preview:-1"},"canonical":"https:\/\/portalmf.com.br\/index.php\/2023\/01\/06\/municipios-baianos-vao-entrar-na-justica-contra-queda-de-receita\/","og_locale":"pt_BR","og_type":"article","og_title":"Munic\u00edpios baianos v\u00e3o entrar na justi\u00e7a contra queda de receita - Portal MF","og_description":"O Censo do IBGE \u00e9 a principal fonte de dados sobre a situa\u00e7\u00e3o de vida da popula\u00e7\u00e3o brasileira e \u00e9 a partir da contagem populacional feita pela pesquisa que \u00e9 poss\u00edvel definir pol\u00edticas p\u00fablicas nacional, estadual e municipal. A quest\u00e3o \u00e9 que dados coletados pela mega pesquisa at\u00e9 o momento est\u00e3o causando dor de cabe\u00e7a [&hellip;]","og_url":"https:\/\/portalmf.com.br\/index.php\/2023\/01\/06\/municipios-baianos-vao-entrar-na-justica-contra-queda-de-receita\/","og_site_name":"Portal MF","article_author":"https:\/\/www.facebook.com\/portalmfoficial","article_published_time":"2023-01-06T17:54:59+00:00","article_modified_time":"2023-01-06T17:55:00+00:00","og_image":[{"width":800,"height":458,"url":"https:\/\/portalmf.com.br\/wp-content\/uploads\/2023\/01\/REUNIAO_FPM.png","type":"image\/png"}],"author":"Reda\u00e7\u00e3o Portal MF","twitter_card":"summary_large_image","twitter_creator":"@https:\/\/x.com\/portalmfoficial","twitter_misc":{"Escrito por":"Reda\u00e7\u00e3o Portal MF","Est. tempo de leitura":"3 minutos"},"schema":{"@context":"https:\/\/schema.org","@graph":[{"@type":"WebPage","@id":"https:\/\/portalmf.com.br\/index.php\/2023\/01\/06\/municipios-baianos-vao-entrar-na-justica-contra-queda-de-receita\/","url":"https:\/\/portalmf.com.br\/index.php\/2023\/01\/06\/municipios-baianos-vao-entrar-na-justica-contra-queda-de-receita\/","name":"Munic\u00edpios baianos v\u00e3o entrar na justi\u00e7a contra queda de receita - Portal MF","isPartOf":{"@id":"https:\/\/portalmf.com.br\/#website"},"primaryImageOfPage":{"@id":"https:\/\/portalmf.com.br\/index.php\/2023\/01\/06\/municipios-baianos-vao-entrar-na-justica-contra-queda-de-receita\/#primaryimage"},"image":{"@id":"https:\/\/portalmf.com.br\/index.php\/2023\/01\/06\/municipios-baianos-vao-entrar-na-justica-contra-queda-de-receita\/#primaryimage"},"thumbnailUrl":"https:\/\/portalmf.com.br\/wp-content\/uploads\/2023\/01\/REUNIAO_FPM.png","datePublished":"2023-01-06T17:54:59+00:00","dateModified":"2023-01-06T17:55:00+00:00","author":{"@id":"https:\/\/portalmf.com.br\/#\/schema\/person\/9ec101baf56233e53520c26de5d6f6f0"},"breadcrumb":{"@id":"https:\/\/portalmf.com.br\/index.php\/2023\/01\/06\/municipios-baianos-vao-entrar-na-justica-contra-queda-de-receita\/#breadcrumb"},"inLanguage":"pt-BR","potentialAction":[{"@type":"ReadAction","target":["https:\/\/portalmf.com.br\/index.php\/2023\/01\/06\/municipios-baianos-vao-entrar-na-justica-contra-queda-de-receita\/"]}]},{"@type":"ImageObject","inLanguage":"pt-BR","@id":"https:\/\/portalmf.com.br\/index.php\/2023\/01\/06\/municipios-baianos-vao-entrar-na-justica-contra-queda-de-receita\/#primaryimage","url":"https:\/\/portalmf.com.br\/wp-content\/uploads\/2023\/01\/REUNIAO_FPM.png","contentUrl":"https:\/\/portalmf.com.br\/wp-content\/uploads\/2023\/01\/REUNIAO_FPM.png","width":800,"height":458},{"@type":"BreadcrumbList","@id":"https:\/\/portalmf.com.br\/index.php\/2023\/01\/06\/municipios-baianos-vao-entrar-na-justica-contra-queda-de-receita\/#breadcrumb","itemListElement":[{"@type":"ListItem","position":1,"name":"In\u00edcio","item":"https:\/\/portalmf.com.br\/"},{"@type":"ListItem","position":2,"name":"Munic\u00edpios baianos v\u00e3o entrar na justi\u00e7a contra queda de receita"}]},{"@type":"WebSite","@id":"https:\/\/portalmf.com.br\/#website","url":"https:\/\/portalmf.com.br\/","name":"Portal MF","description":"Voc\u00ea conectado com a informa\u00e7\u00e3o","potentialAction":[{"@type":"SearchAction","target":{"@type":"EntryPoint","urlTemplate":"https:\/\/portalmf.com.br\/?s={search_term_string}"},"query-input":"required name=search_term_string"}],"inLanguage":"pt-BR"},{"@type":"Person","@id":"https:\/\/portalmf.com.br\/#\/schema\/person\/9ec101baf56233e53520c26de5d6f6f0","name":"Reda\u00e7\u00e3o Portal MF","image":{"@type":"ImageObject","inLanguage":"pt-BR","@id":"https:\/\/portalmf.com.br\/#\/schema\/person\/image\/","url":"https:\/\/secure.gravatar.com\/avatar\/41b9aaeb2100835f7c64362330f74c7f?s=96&d=mm&r=g","contentUrl":"https:\/\/secure.gravatar.com\/avatar\/41b9aaeb2100835f7c64362330f74c7f?s=96&d=mm&r=g","caption":"Reda\u00e7\u00e3o Portal MF"},"description":"Sejam bem-vindos o portal de informa\u00e7\u00f5es de entretenimento de Feira de Santana, desde 2006 realiza coberturas dos principais eventos com entrevistas exclusivas com as principais personalidades mundiais. Fique conectado tamb\u00e9m nas redes sociais.","sameAs":["http:\/\/www.portalmf.com.br\/","https:\/\/www.facebook.com\/portalmfoficial","https:\/\/www.instagram.com\/portalmf\/","https:\/\/x.com\/https:\/\/x.com\/portalmfoficial","https:\/\/www.youtube.com\/@portalmfoficial"],"url":"https:\/\/portalmf.com.br\/index.php\/author\/junior\/"}]}},"_links":{"self":[{"href":"https:\/\/portalmf.com.br\/index.php\/wp-json\/wp\/v2\/posts\/7621"}],"collection":[{"href":"https:\/\/portalmf.com.br\/index.php\/wp-json\/wp\/v2\/posts"}],"about":[{"href":"https:\/\/portalmf.com.br\/index.php\/wp-json\/wp\/v2\/types\/post"}],"author":[{"embeddable":true,"href":"https:\/\/portalmf.com.br\/index.php\/wp-json\/wp\/v2\/users\/3"}],"replies":[{"embeddable":true,"href":"https:\/\/portalmf.com.br\/index.php\/wp-json\/wp\/v2\/comments?post=7621"}],"version-history":[{"count":1,"href":"https:\/\/portalmf.com.br\/index.php\/wp-json\/wp\/v2\/posts\/7621\/revisions"}],"predecessor-version":[{"id":7623,"href":"https:\/\/portalmf.com.br\/index.php\/wp-json\/wp\/v2\/posts\/7621\/revisions\/7623"}],"wp:featuredmedia":[{"embeddable":true,"href":"https:\/\/portalmf.com.br\/index.php\/wp-json\/wp\/v2\/media\/7622"}],"wp:attachment":[{"href":"https:\/\/portalmf.com.br\/index.php\/wp-json\/wp\/v2\/media?parent=7621"}],"wp:term":[{"taxonomy":"category","embeddable":true,"href":"https:\/\/portalmf.com.br\/index.php\/wp-json\/wp\/v2\/categories?post=7621"},{"taxonomy":"post_tag","embeddable":true,"href":"https:\/\/portalmf.com.br\/index.php\/wp-json\/wp\/v2\/tags?post=7621"}],"curies":[{"name":"wp","href":"https:\/\/api.w.org\/{rel}","templated":true}]}}