{"id":7612,"date":"2023-01-06T11:46:19","date_gmt":"2023-01-06T14:46:19","guid":{"rendered":"https:\/\/portalmf.com.br\/?p=7612"},"modified":"2023-01-06T11:46:20","modified_gmt":"2023-01-06T14:46:20","slug":"rock-salles-lanca-sol-praia-e-sofrencia-para-agitar-o-verao-baiano","status":"publish","type":"post","link":"https:\/\/portalmf.com.br\/index.php\/2023\/01\/06\/rock-salles-lanca-sol-praia-e-sofrencia-para-agitar-o-verao-baiano\/","title":{"rendered":"Rock Salles lan\u00e7a \u2018Sol, Praia e Sofr\u00eancia\u2019 para agitar o ver\u00e3o baiano"},"content":{"rendered":"\n<p>Sol, Praia e Sofr\u00eancia. Al\u00e9m de ser uma combina\u00e7\u00e3o explosiva, \u00e9 tamb\u00e9m o novo \u00e1lbum do fen\u00f4meno do arrocha, o \u2018camel\u00f4 apaixonado\u2019, Rock Salles. Lan\u00e7ado na \u00faltima sexta-feira do ano (30), o projeto re\u00fane m\u00fasicas que prometem ser a trilha sonora do ver\u00e3o baiano, na voz do artista.<\/p>\n\n\n\n<p>S\u00e3o 21 m\u00fasicas e o \u00e1lbum j\u00e1 est\u00e1 dispon\u00edvel na plataforma digital \u2018Sua M\u00fasica\u2019. Pensado para trazer a vibe leve do ver\u00e3o e entregar um repert\u00f3rio repleto de m\u00fasicas marcantes para quem n\u00e3o abre m\u00e3o da boa sofr\u00eancia, o projeto tem a marca do Camel\u00f4 Apaixonado, e pode ser ouvido nos pared\u00f5es e em todos os eventos deste ver\u00e3o.<\/p>\n\n\n\n<p>\u201cO Sol, Praia e Sofr\u00eancia \u00e9 pra quem vai curtir esse ver\u00e3o com os amigos, com a fam\u00edlia, de casal, solteiro, em casa, na praia, na bagaceira, enfim\u2026 pra quem quer m\u00fasicas que embalem qualquer evento do ver\u00e3o. Produzimos com muito carinho, o repert\u00f3rio foi selecionado pensando nos nossos f\u00e3s, em quem nos acompanha e em quem vai nos conhecer agora tamb\u00e9m. Espero de cora\u00e7\u00e3o que todos curtam bastante, \u00e9 para voc\u00eas\u201d, disse Rock Salles.<\/p>\n\n\n\n<p>Conhe\u00e7a Rock Salles<\/p>\n\n\n\n<p>O artista \u00e9 a mais nova revela\u00e7\u00e3o do arrocha rom\u00e2ntico. Nascido em Tapero\u00e1, no interior da Bahia, o artista que ganhou repercuss\u00e3o com o timbre semelhante ao do cantor Silvanno Salles tem acumulado seguidores e se apresentado em grandes festas do estado.<\/p>\n\n\n\n<p>O artista ficou conhecido como &#8220;o camel\u00f4 apaixonado&#8221; por conta da sua profiss\u00e3o de origem e do romantismo que traz em seu repert\u00f3rio. Com uma voz marcante que mescla cl\u00e1ssicos do arrocha com sucessos atuais do sertanejo, hoje Rock Salles acumula milh\u00f5es de plays nas plataformas digitais. No SuaMusica, ele j\u00e1 ultrapassa 1,7 milh\u00f5es de execu\u00e7\u00f5es. Nos perfis do Instagram (rocksallesoficial) s\u00e3o mais de 126 mil seguidores e no TikTok (@rocksallesoficial_) s\u00e3o mais de 152k.<\/p>\n\n\n\n<p><a href=\"https:\/\/www.suamusica.com.br\/rockverao2023\">https:\/\/www.suamusica.com.br\/rockverao2023<\/a><\/p>\n","protected":false},"excerpt":{"rendered":"<p>Sol, Praia e Sofr\u00eancia. Al\u00e9m de ser uma combina\u00e7\u00e3o explosiva, \u00e9 tamb\u00e9m o novo \u00e1lbum do fen\u00f4meno do arrocha, o \u2018camel\u00f4 apaixonado\u2019, Rock Salles. Lan\u00e7ado na \u00faltima sexta-feira do ano (30), o projeto re\u00fane m\u00fasicas que prometem ser a trilha sonora do ver\u00e3o baiano, na voz do artista. S\u00e3o 21 m\u00fasicas e o \u00e1lbum j\u00e1 [&hellip;]<\/p>\n","protected":false},"author":3,"featured_media":7613,"comment_status":"open","ping_status":"open","sticky":false,"template":"","format":"standard","meta":{"_monsterinsights_skip_tracking":false,"_monsterinsights_sitenote_active":false,"_monsterinsights_sitenote_note":"","_monsterinsights_sitenote_category":0,"footnotes":""},"categories":[36],"tags":[],"yoast_head":"<!-- This site is optimized with the Yoast SEO plugin v22.9 - https:\/\/yoast.com\/wordpress\/plugins\/seo\/ -->\n<title>Rock Salles lan\u00e7a \u2018Sol, Praia e Sofr\u00eancia\u2019 para agitar o ver\u00e3o baiano - Portal MF<\/title>\n<meta name=\"robots\" content=\"index, follow, max-snippet:-1, max-image-preview:large, max-video-preview:-1\" \/>\n<link rel=\"canonical\" href=\"https:\/\/portalmf.com.br\/index.php\/2023\/01\/06\/rock-salles-lanca-sol-praia-e-sofrencia-para-agitar-o-verao-baiano\/\" \/>\n<meta property=\"og:locale\" content=\"pt_BR\" \/>\n<meta property=\"og:type\" content=\"article\" \/>\n<meta property=\"og:title\" content=\"Rock Salles lan\u00e7a \u2018Sol, Praia e Sofr\u00eancia\u2019 para agitar o ver\u00e3o baiano - Portal MF\" \/>\n<meta property=\"og:description\" content=\"Sol, Praia e Sofr\u00eancia. Al\u00e9m de ser uma combina\u00e7\u00e3o explosiva, \u00e9 tamb\u00e9m o novo \u00e1lbum do fen\u00f4meno do arrocha, o \u2018camel\u00f4 apaixonado\u2019, Rock Salles. Lan\u00e7ado na \u00faltima sexta-feira do ano (30), o projeto re\u00fane m\u00fasicas que prometem ser a trilha sonora do ver\u00e3o baiano, na voz do artista. S\u00e3o 21 m\u00fasicas e o \u00e1lbum j\u00e1 [&hellip;]\" \/>\n<meta property=\"og:url\" content=\"https:\/\/portalmf.com.br\/index.php\/2023\/01\/06\/rock-salles-lanca-sol-praia-e-sofrencia-para-agitar-o-verao-baiano\/\" \/>\n<meta property=\"og:site_name\" content=\"Portal MF\" \/>\n<meta property=\"article:author\" content=\"https:\/\/www.facebook.com\/portalmfoficial\" \/>\n<meta property=\"article:published_time\" content=\"2023-01-06T14:46:19+00:00\" \/>\n<meta property=\"article:modified_time\" content=\"2023-01-06T14:46:20+00:00\" \/>\n<meta property=\"og:image\" content=\"https:\/\/portalmf.com.br\/wp-content\/uploads\/2023\/01\/Rock-Salles.jpeg\" \/>\n\t<meta property=\"og:image:width\" content=\"843\" \/>\n\t<meta property=\"og:image:height\" content=\"590\" \/>\n\t<meta property=\"og:image:type\" content=\"image\/jpeg\" \/>\n<meta name=\"author\" content=\"Reda\u00e7\u00e3o Portal MF\" \/>\n<meta name=\"twitter:card\" content=\"summary_large_image\" \/>\n<meta name=\"twitter:creator\" content=\"@https:\/\/x.com\/portalmfoficial\" \/>\n<meta name=\"twitter:label1\" content=\"Escrito por\" \/>\n\t<meta name=\"twitter:data1\" content=\"Reda\u00e7\u00e3o Portal MF\" \/>\n\t<meta name=\"twitter:label2\" content=\"Est. tempo de leitura\" \/>\n\t<meta name=\"twitter:data2\" content=\"2 minutos\" \/>\n<script type=\"application\/ld+json\" class=\"yoast-schema-graph\">{\"@context\":\"https:\/\/schema.org\",\"@graph\":[{\"@type\":\"WebPage\",\"@id\":\"https:\/\/portalmf.com.br\/index.php\/2023\/01\/06\/rock-salles-lanca-sol-praia-e-sofrencia-para-agitar-o-verao-baiano\/\",\"url\":\"https:\/\/portalmf.com.br\/index.php\/2023\/01\/06\/rock-salles-lanca-sol-praia-e-sofrencia-para-agitar-o-verao-baiano\/\",\"name\":\"Rock Salles lan\u00e7a \u2018Sol, Praia e Sofr\u00eancia\u2019 para agitar o ver\u00e3o baiano - Portal MF\",\"isPartOf\":{\"@id\":\"https:\/\/portalmf.com.br\/#website\"},\"primaryImageOfPage\":{\"@id\":\"https:\/\/portalmf.com.br\/index.php\/2023\/01\/06\/rock-salles-lanca-sol-praia-e-sofrencia-para-agitar-o-verao-baiano\/#primaryimage\"},\"image\":{\"@id\":\"https:\/\/portalmf.com.br\/index.php\/2023\/01\/06\/rock-salles-lanca-sol-praia-e-sofrencia-para-agitar-o-verao-baiano\/#primaryimage\"},\"thumbnailUrl\":\"https:\/\/portalmf.com.br\/wp-content\/uploads\/2023\/01\/Rock-Salles.jpeg\",\"datePublished\":\"2023-01-06T14:46:19+00:00\",\"dateModified\":\"2023-01-06T14:46:20+00:00\",\"author\":{\"@id\":\"https:\/\/portalmf.com.br\/#\/schema\/person\/9ec101baf56233e53520c26de5d6f6f0\"},\"breadcrumb\":{\"@id\":\"https:\/\/portalmf.com.br\/index.php\/2023\/01\/06\/rock-salles-lanca-sol-praia-e-sofrencia-para-agitar-o-verao-baiano\/#breadcrumb\"},\"inLanguage\":\"pt-BR\",\"potentialAction\":[{\"@type\":\"ReadAction\",\"target\":[\"https:\/\/portalmf.com.br\/index.php\/2023\/01\/06\/rock-salles-lanca-sol-praia-e-sofrencia-para-agitar-o-verao-baiano\/\"]}]},{\"@type\":\"ImageObject\",\"inLanguage\":\"pt-BR\",\"@id\":\"https:\/\/portalmf.com.br\/index.php\/2023\/01\/06\/rock-salles-lanca-sol-praia-e-sofrencia-para-agitar-o-verao-baiano\/#primaryimage\",\"url\":\"https:\/\/portalmf.com.br\/wp-content\/uploads\/2023\/01\/Rock-Salles.jpeg\",\"contentUrl\":\"https:\/\/portalmf.com.br\/wp-content\/uploads\/2023\/01\/Rock-Salles.jpeg\",\"width\":843,\"height\":590},{\"@type\":\"BreadcrumbList\",\"@id\":\"https:\/\/portalmf.com.br\/index.php\/2023\/01\/06\/rock-salles-lanca-sol-praia-e-sofrencia-para-agitar-o-verao-baiano\/#breadcrumb\",\"itemListElement\":[{\"@type\":\"ListItem\",\"position\":1,\"name\":\"In\u00edcio\",\"item\":\"https:\/\/portalmf.com.br\/\"},{\"@type\":\"ListItem\",\"position\":2,\"name\":\"Rock Salles lan\u00e7a \u2018Sol, Praia e Sofr\u00eancia\u2019 para agitar o ver\u00e3o baiano\"}]},{\"@type\":\"WebSite\",\"@id\":\"https:\/\/portalmf.com.br\/#website\",\"url\":\"https:\/\/portalmf.com.br\/\",\"name\":\"Portal MF\",\"description\":\"Voc\u00ea conectado com a informa\u00e7\u00e3o\",\"potentialAction\":[{\"@type\":\"SearchAction\",\"target\":{\"@type\":\"EntryPoint\",\"urlTemplate\":\"https:\/\/portalmf.com.br\/?s={search_term_string}\"},\"query-input\":\"required name=search_term_string\"}],\"inLanguage\":\"pt-BR\"},{\"@type\":\"Person\",\"@id\":\"https:\/\/portalmf.com.br\/#\/schema\/person\/9ec101baf56233e53520c26de5d6f6f0\",\"name\":\"Reda\u00e7\u00e3o Portal MF\",\"image\":{\"@type\":\"ImageObject\",\"inLanguage\":\"pt-BR\",\"@id\":\"https:\/\/portalmf.com.br\/#\/schema\/person\/image\/\",\"url\":\"https:\/\/secure.gravatar.com\/avatar\/41b9aaeb2100835f7c64362330f74c7f?s=96&d=mm&r=g\",\"contentUrl\":\"https:\/\/secure.gravatar.com\/avatar\/41b9aaeb2100835f7c64362330f74c7f?s=96&d=mm&r=g\",\"caption\":\"Reda\u00e7\u00e3o Portal MF\"},\"description\":\"Sejam bem-vindos o portal de informa\u00e7\u00f5es de entretenimento de Feira de Santana, desde 2006 realiza coberturas dos principais eventos com entrevistas exclusivas com as principais personalidades mundiais. Fique conectado tamb\u00e9m nas redes sociais.\",\"sameAs\":[\"http:\/\/www.portalmf.com.br\/\",\"https:\/\/www.facebook.com\/portalmfoficial\",\"https:\/\/www.instagram.com\/portalmf\/\",\"https:\/\/x.com\/https:\/\/x.com\/portalmfoficial\",\"https:\/\/www.youtube.com\/@portalmfoficial\"],\"url\":\"https:\/\/portalmf.com.br\/index.php\/author\/junior\/\"}]}<\/script>\n<!-- \/ Yoast SEO plugin. -->","yoast_head_json":{"title":"Rock Salles lan\u00e7a \u2018Sol, Praia e Sofr\u00eancia\u2019 para agitar o ver\u00e3o baiano - Portal MF","robots":{"index":"index","follow":"follow","max-snippet":"max-snippet:-1","max-image-preview":"max-image-preview:large","max-video-preview":"max-video-preview:-1"},"canonical":"https:\/\/portalmf.com.br\/index.php\/2023\/01\/06\/rock-salles-lanca-sol-praia-e-sofrencia-para-agitar-o-verao-baiano\/","og_locale":"pt_BR","og_type":"article","og_title":"Rock Salles lan\u00e7a \u2018Sol, Praia e Sofr\u00eancia\u2019 para agitar o ver\u00e3o baiano - Portal MF","og_description":"Sol, Praia e Sofr\u00eancia. Al\u00e9m de ser uma combina\u00e7\u00e3o explosiva, \u00e9 tamb\u00e9m o novo \u00e1lbum do fen\u00f4meno do arrocha, o \u2018camel\u00f4 apaixonado\u2019, Rock Salles. Lan\u00e7ado na \u00faltima sexta-feira do ano (30), o projeto re\u00fane m\u00fasicas que prometem ser a trilha sonora do ver\u00e3o baiano, na voz do artista. S\u00e3o 21 m\u00fasicas e o \u00e1lbum j\u00e1 [&hellip;]","og_url":"https:\/\/portalmf.com.br\/index.php\/2023\/01\/06\/rock-salles-lanca-sol-praia-e-sofrencia-para-agitar-o-verao-baiano\/","og_site_name":"Portal MF","article_author":"https:\/\/www.facebook.com\/portalmfoficial","article_published_time":"2023-01-06T14:46:19+00:00","article_modified_time":"2023-01-06T14:46:20+00:00","og_image":[{"width":843,"height":590,"url":"https:\/\/portalmf.com.br\/wp-content\/uploads\/2023\/01\/Rock-Salles.jpeg","type":"image\/jpeg"}],"author":"Reda\u00e7\u00e3o Portal MF","twitter_card":"summary_large_image","twitter_creator":"@https:\/\/x.com\/portalmfoficial","twitter_misc":{"Escrito por":"Reda\u00e7\u00e3o Portal MF","Est. tempo de leitura":"2 minutos"},"schema":{"@context":"https:\/\/schema.org","@graph":[{"@type":"WebPage","@id":"https:\/\/portalmf.com.br\/index.php\/2023\/01\/06\/rock-salles-lanca-sol-praia-e-sofrencia-para-agitar-o-verao-baiano\/","url":"https:\/\/portalmf.com.br\/index.php\/2023\/01\/06\/rock-salles-lanca-sol-praia-e-sofrencia-para-agitar-o-verao-baiano\/","name":"Rock Salles lan\u00e7a \u2018Sol, Praia e Sofr\u00eancia\u2019 para agitar o ver\u00e3o baiano - Portal MF","isPartOf":{"@id":"https:\/\/portalmf.com.br\/#website"},"primaryImageOfPage":{"@id":"https:\/\/portalmf.com.br\/index.php\/2023\/01\/06\/rock-salles-lanca-sol-praia-e-sofrencia-para-agitar-o-verao-baiano\/#primaryimage"},"image":{"@id":"https:\/\/portalmf.com.br\/index.php\/2023\/01\/06\/rock-salles-lanca-sol-praia-e-sofrencia-para-agitar-o-verao-baiano\/#primaryimage"},"thumbnailUrl":"https:\/\/portalmf.com.br\/wp-content\/uploads\/2023\/01\/Rock-Salles.jpeg","datePublished":"2023-01-06T14:46:19+00:00","dateModified":"2023-01-06T14:46:20+00:00","author":{"@id":"https:\/\/portalmf.com.br\/#\/schema\/person\/9ec101baf56233e53520c26de5d6f6f0"},"breadcrumb":{"@id":"https:\/\/portalmf.com.br\/index.php\/2023\/01\/06\/rock-salles-lanca-sol-praia-e-sofrencia-para-agitar-o-verao-baiano\/#breadcrumb"},"inLanguage":"pt-BR","potentialAction":[{"@type":"ReadAction","target":["https:\/\/portalmf.com.br\/index.php\/2023\/01\/06\/rock-salles-lanca-sol-praia-e-sofrencia-para-agitar-o-verao-baiano\/"]}]},{"@type":"ImageObject","inLanguage":"pt-BR","@id":"https:\/\/portalmf.com.br\/index.php\/2023\/01\/06\/rock-salles-lanca-sol-praia-e-sofrencia-para-agitar-o-verao-baiano\/#primaryimage","url":"https:\/\/portalmf.com.br\/wp-content\/uploads\/2023\/01\/Rock-Salles.jpeg","contentUrl":"https:\/\/portalmf.com.br\/wp-content\/uploads\/2023\/01\/Rock-Salles.jpeg","width":843,"height":590},{"@type":"BreadcrumbList","@id":"https:\/\/portalmf.com.br\/index.php\/2023\/01\/06\/rock-salles-lanca-sol-praia-e-sofrencia-para-agitar-o-verao-baiano\/#breadcrumb","itemListElement":[{"@type":"ListItem","position":1,"name":"In\u00edcio","item":"https:\/\/portalmf.com.br\/"},{"@type":"ListItem","position":2,"name":"Rock Salles lan\u00e7a \u2018Sol, Praia e Sofr\u00eancia\u2019 para agitar o ver\u00e3o baiano"}]},{"@type":"WebSite","@id":"https:\/\/portalmf.com.br\/#website","url":"https:\/\/portalmf.com.br\/","name":"Portal MF","description":"Voc\u00ea conectado com a informa\u00e7\u00e3o","potentialAction":[{"@type":"SearchAction","target":{"@type":"EntryPoint","urlTemplate":"https:\/\/portalmf.com.br\/?s={search_term_string}"},"query-input":"required name=search_term_string"}],"inLanguage":"pt-BR"},{"@type":"Person","@id":"https:\/\/portalmf.com.br\/#\/schema\/person\/9ec101baf56233e53520c26de5d6f6f0","name":"Reda\u00e7\u00e3o Portal MF","image":{"@type":"ImageObject","inLanguage":"pt-BR","@id":"https:\/\/portalmf.com.br\/#\/schema\/person\/image\/","url":"https:\/\/secure.gravatar.com\/avatar\/41b9aaeb2100835f7c64362330f74c7f?s=96&d=mm&r=g","contentUrl":"https:\/\/secure.gravatar.com\/avatar\/41b9aaeb2100835f7c64362330f74c7f?s=96&d=mm&r=g","caption":"Reda\u00e7\u00e3o Portal MF"},"description":"Sejam bem-vindos o portal de informa\u00e7\u00f5es de entretenimento de Feira de Santana, desde 2006 realiza coberturas dos principais eventos com entrevistas exclusivas com as principais personalidades mundiais. Fique conectado tamb\u00e9m nas redes sociais.","sameAs":["http:\/\/www.portalmf.com.br\/","https:\/\/www.facebook.com\/portalmfoficial","https:\/\/www.instagram.com\/portalmf\/","https:\/\/x.com\/https:\/\/x.com\/portalmfoficial","https:\/\/www.youtube.com\/@portalmfoficial"],"url":"https:\/\/portalmf.com.br\/index.php\/author\/junior\/"}]}},"_links":{"self":[{"href":"https:\/\/portalmf.com.br\/index.php\/wp-json\/wp\/v2\/posts\/7612"}],"collection":[{"href":"https:\/\/portalmf.com.br\/index.php\/wp-json\/wp\/v2\/posts"}],"about":[{"href":"https:\/\/portalmf.com.br\/index.php\/wp-json\/wp\/v2\/types\/post"}],"author":[{"embeddable":true,"href":"https:\/\/portalmf.com.br\/index.php\/wp-json\/wp\/v2\/users\/3"}],"replies":[{"embeddable":true,"href":"https:\/\/portalmf.com.br\/index.php\/wp-json\/wp\/v2\/comments?post=7612"}],"version-history":[{"count":1,"href":"https:\/\/portalmf.com.br\/index.php\/wp-json\/wp\/v2\/posts\/7612\/revisions"}],"predecessor-version":[{"id":7614,"href":"https:\/\/portalmf.com.br\/index.php\/wp-json\/wp\/v2\/posts\/7612\/revisions\/7614"}],"wp:featuredmedia":[{"embeddable":true,"href":"https:\/\/portalmf.com.br\/index.php\/wp-json\/wp\/v2\/media\/7613"}],"wp:attachment":[{"href":"https:\/\/portalmf.com.br\/index.php\/wp-json\/wp\/v2\/media?parent=7612"}],"wp:term":[{"taxonomy":"category","embeddable":true,"href":"https:\/\/portalmf.com.br\/index.php\/wp-json\/wp\/v2\/categories?post=7612"},{"taxonomy":"post_tag","embeddable":true,"href":"https:\/\/portalmf.com.br\/index.php\/wp-json\/wp\/v2\/tags?post=7612"}],"curies":[{"name":"wp","href":"https:\/\/api.w.org\/{rel}","templated":true}]}}