{"id":7594,"date":"2023-01-05T17:47:03","date_gmt":"2023-01-05T20:47:03","guid":{"rendered":"https:\/\/portalmf.com.br\/?p=7594"},"modified":"2023-01-05T17:47:04","modified_gmt":"2023-01-05T20:47:04","slug":"confira-as-atracoes-da-festa-de-reis-de-tiquarucu","status":"publish","type":"post","link":"https:\/\/portalmf.com.br\/index.php\/2023\/01\/05\/confira-as-atracoes-da-festa-de-reis-de-tiquarucu\/","title":{"rendered":"Confira as atra\u00e7\u00f5es da Festa de Reis de Tiquaru\u00e7u"},"content":{"rendered":"\n<p>A banda Asas Livres e o cantor Naldinho s\u00e3o algumas das atra\u00e7\u00f5es da Festa de Reis de Tiquaru\u00e7u, que acontece neste final de semana. A Prefeitura de Feira de Santana, atrav\u00e9s da Secretaria de Cultura, Esporte e Lazer, divulgou a grade de atra\u00e7\u00f5es da festividade. Os shows musicais acontecer\u00e3o no palco montado na Pra\u00e7a de S\u00e3o Vicente, no s\u00e1bado (7) e domingo (8). A festa mais tradicional do munic\u00edpio, com mais de dois s\u00e9culos de exist\u00eancia, esteve paralisada durante dois anos, em virtude da pandemia da Covid-19.&nbsp;<\/p>\n\n\n\n<p>A parte religiosa ser\u00e1 iniciada nesta quinta-feira (05), com a abertura do tr\u00edduo, na igreja da localidade, e segue at\u00e9 domingo (8), quando ser\u00e1 realizada uma missa \u00e0s 10h. No domingo tamb\u00e9m acontece o cortejo do Desfile de Reis, principal manifesta\u00e7\u00e3o cultural da festividade. Confira abaixo a programa\u00e7\u00e3o completa de shows:<\/p>\n\n\n\n<p><strong>S\u00c1BADO\u00a0<\/strong><br><br><em>19:00 Beto Cardoso\u00a0<br>\u00a0<br>20:30 J\u00falio C\u00e9sar\u00a0<br>\u00a0<br>22:30 Naldinho\u00a0<br>\u00a0<br>00:30 Moises Almeida\u00a0<br>\u00a0<br>02:00 Mal\u00edcia sem Vergonha\u00a0<\/em><br><strong>DOMINGO\u00a0<\/strong><br><em>15:00 Reisado\u00a0<br>\u00a0<br>16:30 Asa Filho e Banda Chap\u00e9u de Couro\u00a0<br>\u00a0<br>18:30 Asas Livres\u00a0<br>\u00a0<br>20:30 Marcio Alves<\/em><\/p>\n","protected":false},"excerpt":{"rendered":"<p>A banda Asas Livres e o cantor Naldinho s\u00e3o algumas das atra\u00e7\u00f5es da Festa de Reis de Tiquaru\u00e7u, que acontece neste final de semana. A Prefeitura de Feira de Santana, atrav\u00e9s da Secretaria de Cultura, Esporte e Lazer, divulgou a grade de atra\u00e7\u00f5es da festividade. Os shows musicais acontecer\u00e3o no palco montado na Pra\u00e7a de [&hellip;]<\/p>\n","protected":false},"author":3,"featured_media":7595,"comment_status":"open","ping_status":"open","sticky":false,"template":"","format":"standard","meta":{"_monsterinsights_skip_tracking":false,"_monsterinsights_sitenote_active":false,"_monsterinsights_sitenote_note":"","_monsterinsights_sitenote_category":0,"footnotes":""},"categories":[47,45],"tags":[],"yoast_head":"<!-- This site is optimized with the Yoast SEO plugin v22.9 - https:\/\/yoast.com\/wordpress\/plugins\/seo\/ -->\n<title>Confira as atra\u00e7\u00f5es da Festa de Reis de Tiquaru\u00e7u - Portal MF<\/title>\n<meta name=\"robots\" content=\"index, follow, max-snippet:-1, max-image-preview:large, max-video-preview:-1\" \/>\n<link rel=\"canonical\" href=\"https:\/\/portalmf.com.br\/index.php\/2023\/01\/05\/confira-as-atracoes-da-festa-de-reis-de-tiquarucu\/\" \/>\n<meta property=\"og:locale\" content=\"pt_BR\" \/>\n<meta property=\"og:type\" content=\"article\" \/>\n<meta property=\"og:title\" content=\"Confira as atra\u00e7\u00f5es da Festa de Reis de Tiquaru\u00e7u - Portal MF\" \/>\n<meta property=\"og:description\" content=\"A banda Asas Livres e o cantor Naldinho s\u00e3o algumas das atra\u00e7\u00f5es da Festa de Reis de Tiquaru\u00e7u, que acontece neste final de semana. A Prefeitura de Feira de Santana, atrav\u00e9s da Secretaria de Cultura, Esporte e Lazer, divulgou a grade de atra\u00e7\u00f5es da festividade. Os shows musicais acontecer\u00e3o no palco montado na Pra\u00e7a de [&hellip;]\" \/>\n<meta property=\"og:url\" content=\"https:\/\/portalmf.com.br\/index.php\/2023\/01\/05\/confira-as-atracoes-da-festa-de-reis-de-tiquarucu\/\" \/>\n<meta property=\"og:site_name\" content=\"Portal MF\" \/>\n<meta property=\"article:author\" content=\"https:\/\/www.facebook.com\/portalmfoficial\" \/>\n<meta property=\"article:published_time\" content=\"2023-01-05T20:47:03+00:00\" \/>\n<meta property=\"article:modified_time\" content=\"2023-01-05T20:47:04+00:00\" \/>\n<meta property=\"og:image\" content=\"https:\/\/portalmf.com.br\/wp-content\/uploads\/2023\/01\/04012023171331.jpg\" \/>\n\t<meta property=\"og:image:width\" content=\"1306\" \/>\n\t<meta property=\"og:image:height\" content=\"706\" \/>\n\t<meta property=\"og:image:type\" content=\"image\/jpeg\" \/>\n<meta name=\"author\" content=\"Reda\u00e7\u00e3o Portal MF\" \/>\n<meta name=\"twitter:card\" content=\"summary_large_image\" \/>\n<meta name=\"twitter:creator\" content=\"@https:\/\/x.com\/portalmfoficial\" \/>\n<meta name=\"twitter:label1\" content=\"Escrito por\" \/>\n\t<meta name=\"twitter:data1\" content=\"Reda\u00e7\u00e3o Portal MF\" \/>\n\t<meta name=\"twitter:label2\" content=\"Est. tempo de leitura\" \/>\n\t<meta name=\"twitter:data2\" content=\"1 minuto\" \/>\n<script type=\"application\/ld+json\" class=\"yoast-schema-graph\">{\"@context\":\"https:\/\/schema.org\",\"@graph\":[{\"@type\":\"WebPage\",\"@id\":\"https:\/\/portalmf.com.br\/index.php\/2023\/01\/05\/confira-as-atracoes-da-festa-de-reis-de-tiquarucu\/\",\"url\":\"https:\/\/portalmf.com.br\/index.php\/2023\/01\/05\/confira-as-atracoes-da-festa-de-reis-de-tiquarucu\/\",\"name\":\"Confira as atra\u00e7\u00f5es da Festa de Reis de Tiquaru\u00e7u - Portal MF\",\"isPartOf\":{\"@id\":\"https:\/\/portalmf.com.br\/#website\"},\"primaryImageOfPage\":{\"@id\":\"https:\/\/portalmf.com.br\/index.php\/2023\/01\/05\/confira-as-atracoes-da-festa-de-reis-de-tiquarucu\/#primaryimage\"},\"image\":{\"@id\":\"https:\/\/portalmf.com.br\/index.php\/2023\/01\/05\/confira-as-atracoes-da-festa-de-reis-de-tiquarucu\/#primaryimage\"},\"thumbnailUrl\":\"https:\/\/portalmf.com.br\/wp-content\/uploads\/2023\/01\/04012023171331.jpg\",\"datePublished\":\"2023-01-05T20:47:03+00:00\",\"dateModified\":\"2023-01-05T20:47:04+00:00\",\"author\":{\"@id\":\"https:\/\/portalmf.com.br\/#\/schema\/person\/9ec101baf56233e53520c26de5d6f6f0\"},\"breadcrumb\":{\"@id\":\"https:\/\/portalmf.com.br\/index.php\/2023\/01\/05\/confira-as-atracoes-da-festa-de-reis-de-tiquarucu\/#breadcrumb\"},\"inLanguage\":\"pt-BR\",\"potentialAction\":[{\"@type\":\"ReadAction\",\"target\":[\"https:\/\/portalmf.com.br\/index.php\/2023\/01\/05\/confira-as-atracoes-da-festa-de-reis-de-tiquarucu\/\"]}]},{\"@type\":\"ImageObject\",\"inLanguage\":\"pt-BR\",\"@id\":\"https:\/\/portalmf.com.br\/index.php\/2023\/01\/05\/confira-as-atracoes-da-festa-de-reis-de-tiquarucu\/#primaryimage\",\"url\":\"https:\/\/portalmf.com.br\/wp-content\/uploads\/2023\/01\/04012023171331.jpg\",\"contentUrl\":\"https:\/\/portalmf.com.br\/wp-content\/uploads\/2023\/01\/04012023171331.jpg\",\"width\":1306,\"height\":706},{\"@type\":\"BreadcrumbList\",\"@id\":\"https:\/\/portalmf.com.br\/index.php\/2023\/01\/05\/confira-as-atracoes-da-festa-de-reis-de-tiquarucu\/#breadcrumb\",\"itemListElement\":[{\"@type\":\"ListItem\",\"position\":1,\"name\":\"In\u00edcio\",\"item\":\"https:\/\/portalmf.com.br\/\"},{\"@type\":\"ListItem\",\"position\":2,\"name\":\"Confira as atra\u00e7\u00f5es da Festa de Reis de Tiquaru\u00e7u\"}]},{\"@type\":\"WebSite\",\"@id\":\"https:\/\/portalmf.com.br\/#website\",\"url\":\"https:\/\/portalmf.com.br\/\",\"name\":\"Portal MF\",\"description\":\"Voc\u00ea conectado com a informa\u00e7\u00e3o\",\"potentialAction\":[{\"@type\":\"SearchAction\",\"target\":{\"@type\":\"EntryPoint\",\"urlTemplate\":\"https:\/\/portalmf.com.br\/?s={search_term_string}\"},\"query-input\":\"required name=search_term_string\"}],\"inLanguage\":\"pt-BR\"},{\"@type\":\"Person\",\"@id\":\"https:\/\/portalmf.com.br\/#\/schema\/person\/9ec101baf56233e53520c26de5d6f6f0\",\"name\":\"Reda\u00e7\u00e3o Portal MF\",\"image\":{\"@type\":\"ImageObject\",\"inLanguage\":\"pt-BR\",\"@id\":\"https:\/\/portalmf.com.br\/#\/schema\/person\/image\/\",\"url\":\"https:\/\/secure.gravatar.com\/avatar\/41b9aaeb2100835f7c64362330f74c7f?s=96&d=mm&r=g\",\"contentUrl\":\"https:\/\/secure.gravatar.com\/avatar\/41b9aaeb2100835f7c64362330f74c7f?s=96&d=mm&r=g\",\"caption\":\"Reda\u00e7\u00e3o Portal MF\"},\"description\":\"Sejam bem-vindos o portal de informa\u00e7\u00f5es de entretenimento de Feira de Santana, desde 2006 realiza coberturas dos principais eventos com entrevistas exclusivas com as principais personalidades mundiais. Fique conectado tamb\u00e9m nas redes sociais.\",\"sameAs\":[\"http:\/\/www.portalmf.com.br\/\",\"https:\/\/www.facebook.com\/portalmfoficial\",\"https:\/\/www.instagram.com\/portalmf\/\",\"https:\/\/x.com\/https:\/\/x.com\/portalmfoficial\",\"https:\/\/www.youtube.com\/@portalmfoficial\"],\"url\":\"https:\/\/portalmf.com.br\/index.php\/author\/junior\/\"}]}<\/script>\n<!-- \/ Yoast SEO plugin. -->","yoast_head_json":{"title":"Confira as atra\u00e7\u00f5es da Festa de Reis de Tiquaru\u00e7u - Portal MF","robots":{"index":"index","follow":"follow","max-snippet":"max-snippet:-1","max-image-preview":"max-image-preview:large","max-video-preview":"max-video-preview:-1"},"canonical":"https:\/\/portalmf.com.br\/index.php\/2023\/01\/05\/confira-as-atracoes-da-festa-de-reis-de-tiquarucu\/","og_locale":"pt_BR","og_type":"article","og_title":"Confira as atra\u00e7\u00f5es da Festa de Reis de Tiquaru\u00e7u - Portal MF","og_description":"A banda Asas Livres e o cantor Naldinho s\u00e3o algumas das atra\u00e7\u00f5es da Festa de Reis de Tiquaru\u00e7u, que acontece neste final de semana. A Prefeitura de Feira de Santana, atrav\u00e9s da Secretaria de Cultura, Esporte e Lazer, divulgou a grade de atra\u00e7\u00f5es da festividade. Os shows musicais acontecer\u00e3o no palco montado na Pra\u00e7a de [&hellip;]","og_url":"https:\/\/portalmf.com.br\/index.php\/2023\/01\/05\/confira-as-atracoes-da-festa-de-reis-de-tiquarucu\/","og_site_name":"Portal MF","article_author":"https:\/\/www.facebook.com\/portalmfoficial","article_published_time":"2023-01-05T20:47:03+00:00","article_modified_time":"2023-01-05T20:47:04+00:00","og_image":[{"width":1306,"height":706,"url":"https:\/\/portalmf.com.br\/wp-content\/uploads\/2023\/01\/04012023171331.jpg","type":"image\/jpeg"}],"author":"Reda\u00e7\u00e3o Portal MF","twitter_card":"summary_large_image","twitter_creator":"@https:\/\/x.com\/portalmfoficial","twitter_misc":{"Escrito por":"Reda\u00e7\u00e3o Portal MF","Est. tempo de leitura":"1 minuto"},"schema":{"@context":"https:\/\/schema.org","@graph":[{"@type":"WebPage","@id":"https:\/\/portalmf.com.br\/index.php\/2023\/01\/05\/confira-as-atracoes-da-festa-de-reis-de-tiquarucu\/","url":"https:\/\/portalmf.com.br\/index.php\/2023\/01\/05\/confira-as-atracoes-da-festa-de-reis-de-tiquarucu\/","name":"Confira as atra\u00e7\u00f5es da Festa de Reis de Tiquaru\u00e7u - Portal MF","isPartOf":{"@id":"https:\/\/portalmf.com.br\/#website"},"primaryImageOfPage":{"@id":"https:\/\/portalmf.com.br\/index.php\/2023\/01\/05\/confira-as-atracoes-da-festa-de-reis-de-tiquarucu\/#primaryimage"},"image":{"@id":"https:\/\/portalmf.com.br\/index.php\/2023\/01\/05\/confira-as-atracoes-da-festa-de-reis-de-tiquarucu\/#primaryimage"},"thumbnailUrl":"https:\/\/portalmf.com.br\/wp-content\/uploads\/2023\/01\/04012023171331.jpg","datePublished":"2023-01-05T20:47:03+00:00","dateModified":"2023-01-05T20:47:04+00:00","author":{"@id":"https:\/\/portalmf.com.br\/#\/schema\/person\/9ec101baf56233e53520c26de5d6f6f0"},"breadcrumb":{"@id":"https:\/\/portalmf.com.br\/index.php\/2023\/01\/05\/confira-as-atracoes-da-festa-de-reis-de-tiquarucu\/#breadcrumb"},"inLanguage":"pt-BR","potentialAction":[{"@type":"ReadAction","target":["https:\/\/portalmf.com.br\/index.php\/2023\/01\/05\/confira-as-atracoes-da-festa-de-reis-de-tiquarucu\/"]}]},{"@type":"ImageObject","inLanguage":"pt-BR","@id":"https:\/\/portalmf.com.br\/index.php\/2023\/01\/05\/confira-as-atracoes-da-festa-de-reis-de-tiquarucu\/#primaryimage","url":"https:\/\/portalmf.com.br\/wp-content\/uploads\/2023\/01\/04012023171331.jpg","contentUrl":"https:\/\/portalmf.com.br\/wp-content\/uploads\/2023\/01\/04012023171331.jpg","width":1306,"height":706},{"@type":"BreadcrumbList","@id":"https:\/\/portalmf.com.br\/index.php\/2023\/01\/05\/confira-as-atracoes-da-festa-de-reis-de-tiquarucu\/#breadcrumb","itemListElement":[{"@type":"ListItem","position":1,"name":"In\u00edcio","item":"https:\/\/portalmf.com.br\/"},{"@type":"ListItem","position":2,"name":"Confira as atra\u00e7\u00f5es da Festa de Reis de Tiquaru\u00e7u"}]},{"@type":"WebSite","@id":"https:\/\/portalmf.com.br\/#website","url":"https:\/\/portalmf.com.br\/","name":"Portal MF","description":"Voc\u00ea conectado com a informa\u00e7\u00e3o","potentialAction":[{"@type":"SearchAction","target":{"@type":"EntryPoint","urlTemplate":"https:\/\/portalmf.com.br\/?s={search_term_string}"},"query-input":"required name=search_term_string"}],"inLanguage":"pt-BR"},{"@type":"Person","@id":"https:\/\/portalmf.com.br\/#\/schema\/person\/9ec101baf56233e53520c26de5d6f6f0","name":"Reda\u00e7\u00e3o Portal MF","image":{"@type":"ImageObject","inLanguage":"pt-BR","@id":"https:\/\/portalmf.com.br\/#\/schema\/person\/image\/","url":"https:\/\/secure.gravatar.com\/avatar\/41b9aaeb2100835f7c64362330f74c7f?s=96&d=mm&r=g","contentUrl":"https:\/\/secure.gravatar.com\/avatar\/41b9aaeb2100835f7c64362330f74c7f?s=96&d=mm&r=g","caption":"Reda\u00e7\u00e3o Portal MF"},"description":"Sejam bem-vindos o portal de informa\u00e7\u00f5es de entretenimento de Feira de Santana, desde 2006 realiza coberturas dos principais eventos com entrevistas exclusivas com as principais personalidades mundiais. Fique conectado tamb\u00e9m nas redes sociais.","sameAs":["http:\/\/www.portalmf.com.br\/","https:\/\/www.facebook.com\/portalmfoficial","https:\/\/www.instagram.com\/portalmf\/","https:\/\/x.com\/https:\/\/x.com\/portalmfoficial","https:\/\/www.youtube.com\/@portalmfoficial"],"url":"https:\/\/portalmf.com.br\/index.php\/author\/junior\/"}]}},"_links":{"self":[{"href":"https:\/\/portalmf.com.br\/index.php\/wp-json\/wp\/v2\/posts\/7594"}],"collection":[{"href":"https:\/\/portalmf.com.br\/index.php\/wp-json\/wp\/v2\/posts"}],"about":[{"href":"https:\/\/portalmf.com.br\/index.php\/wp-json\/wp\/v2\/types\/post"}],"author":[{"embeddable":true,"href":"https:\/\/portalmf.com.br\/index.php\/wp-json\/wp\/v2\/users\/3"}],"replies":[{"embeddable":true,"href":"https:\/\/portalmf.com.br\/index.php\/wp-json\/wp\/v2\/comments?post=7594"}],"version-history":[{"count":1,"href":"https:\/\/portalmf.com.br\/index.php\/wp-json\/wp\/v2\/posts\/7594\/revisions"}],"predecessor-version":[{"id":7596,"href":"https:\/\/portalmf.com.br\/index.php\/wp-json\/wp\/v2\/posts\/7594\/revisions\/7596"}],"wp:featuredmedia":[{"embeddable":true,"href":"https:\/\/portalmf.com.br\/index.php\/wp-json\/wp\/v2\/media\/7595"}],"wp:attachment":[{"href":"https:\/\/portalmf.com.br\/index.php\/wp-json\/wp\/v2\/media?parent=7594"}],"wp:term":[{"taxonomy":"category","embeddable":true,"href":"https:\/\/portalmf.com.br\/index.php\/wp-json\/wp\/v2\/categories?post=7594"},{"taxonomy":"post_tag","embeddable":true,"href":"https:\/\/portalmf.com.br\/index.php\/wp-json\/wp\/v2\/tags?post=7594"}],"curies":[{"name":"wp","href":"https:\/\/api.w.org\/{rel}","templated":true}]}}